{"id":117464,"date":"2025-07-03T19:06:42","date_gmt":"2025-07-04T01:06:42","guid":{"rendered":"https:\/\/quehacerpolitico.mx\/?p=117464"},"modified":"2025-07-03T19:06:44","modified_gmt":"2025-07-04T01:06:44","slug":"seguire-buscando-a-mi-hermano-dice-delia-quiroa-jueza-de-distrito-electa-en-sinaloa","status":"publish","type":"post","link":"https:\/\/quehacerpolitico.mx\/?p=117464","title":{"rendered":"\u201cSeguir\u00e9 buscando a mi hermano\u201d, dice Delia Quiroa, jueza de distrito electa en Sinaloa"},"content":{"rendered":"\n<p>Por Redacci\u00f3n QP<\/p>\n\n\n\n<p>La exvocera del colectivo 10 de marzo de personas buscadoras consider\u00f3 que es incierto si los nuevos jueces y magistrados a partir del 1 de septiembre podr\u00e1n ejercer con absoluta libertad su funci\u00f3n<\/p>\n\n\n\n<p><strong>Delia Icela Quiroa Flores<\/strong>, exvocera&nbsp;<strong>del colectivo 10 de marzo de personas buscadoras<\/strong>, recibi\u00f3 hoy en el&nbsp;<strong>Instituto Nacional Electoral<\/strong>&nbsp;(<strong>INE<\/strong>) su constancia de mayor\u00eda como jueza de distrito electa&nbsp;en materia mixta en el estado de&nbsp;<strong>Sinaloa<\/strong>, cargo que asumir\u00e1 el 1 de septiembre. Indic\u00f3 que en sus ratos libres, seguir\u00e1 buscando a su hermano Roberto, desaparecido en 2014 en&nbsp;<strong>Tamaulipas<\/strong>.&nbsp;<\/p>\n\n\n\n<p>\u201cYo creo que ahorita tengo que enfocarme en este compromiso que adquir\u00ed, sacarlo adelante, capacitarme lo mejor que pueda y desempe\u00f1ar un buen papel; claro que yo quisiera seguir buscando y en mis momentos en que no interfiera en mi labor como jueza seguir\u00e9 buscando a mi hermano hasta encontrarlo\u201d, dijo.<\/p>\n\n\n\n<figure class=\"wp-block-embed is-type-rich is-provider-twitter wp-block-embed-twitter\"><div class=\"wp-block-embed__wrapper\">\n<blockquote class=\"twitter-tweet\" data-width=\"550\" data-dnt=\"true\"><p lang=\"es\" dir=\"ltr\">Delia Quiroa, integrante del colectivo 10 de Marzo que busca a personas desaparecidas, recibi\u00f3 la constancia de mayor\u00eda como jueza de distrito.  La activista ahora se convierte en funcionaria del Poder Judicial Federal.  Andrea Meraz v\u00eda<br><br>Andrea\u00a0Meraz v\u00eda <a href=\"https:\/\/twitter.com\/Radio_Formula?ref_src=twsrc%5Etfw\">@Radio_Formula<\/a> <a href=\"https:\/\/t.co\/cwjKM8Ns4Y\">pic.twitter.com\/cwjKM8Ns4Y<\/a><\/p>&mdash; Azucena Uresti (@azucenau) <a href=\"https:\/\/twitter.com\/azucenau\/status\/1940879518493036612?ref_src=twsrc%5Etfw\">July 3, 2025<\/a><\/blockquote><script async src=\"https:\/\/platform.twitter.com\/widgets.js\" charset=\"utf-8\"><\/script>\n<\/div><\/figure>\n\n\n\n<p>Tras recibir de consejeros del\u00a0<strong>INE<\/strong>\u00a0su constancia\u00a0<strong>como jueza electa, Delia Quiroa<\/strong>\u00a0lanz\u00f3 una consigna en el vest\u00edbulo del instituto. \u201c\u00a1Porque vivos se los llevaron, vivos los queremos, porque vivos se los llevaron, vivos los queremos! \u00a1D\u00f3nde est\u00e1n, nuestros hijos d\u00f3nde est\u00e1n!,\u00a0\u00a1D\u00f3nde est\u00e1n, nuestros hijos d\u00f3nde est\u00e1n!\u201d, dijo.<\/p>\n\n\n\n<p><strong>Quiroa Flores<\/strong>, abogada en derecho en juicios orales y maestra en amparo, consider\u00f3 que es incierto si los nuevos jueces y magistrados a partir del 1 de septiembre podr\u00e1n ejercer con absoluta libertad su funci\u00f3n.<\/p>\n\n\n\n<p>\u201cLo que deben entender es que esta fue una reforma impuesta, tanto los que se van como los que ganamos estamos en esta situaci\u00f3n, porque de alguna manera as\u00ed nos toc\u00f3, pero yo lo que quiero es marcar una diferencia\u201d, sostuvo.<\/p>\n\n\n\n<p>Cuestionada sobre la reciente reforma que aprob\u00f3 el&nbsp;<strong>Congreso de la Uni\u00f3n<\/strong>&nbsp;en materia de desaparici\u00f3n forzada y cometida por particulares, la tambi\u00e9n activista sostuvo \u201cle falta mucho, yo por ejemplo mand\u00e9 la propuesta de que como los jueces tienen facultad de buscar en materia de desaparici\u00f3n forzada, que se incluyera eso en la ley y no lo consideraron; tambi\u00e9n les ped\u00ed que hubiera una bodega de resguardo a nivel nacional para los restos \u00f3seos y tampoco la consideraron\u201d.<\/p>\n","protected":false},"excerpt":{"rendered":"<p>Por Redacci\u00f3n QP La exvocera del colectivo 10 de marzo de personas buscadoras consider\u00f3 que&#8230;<\/p>\n","protected":false},"author":2,"featured_media":117465,"comment_status":"open","ping_status":"open","sticky":false,"template":"","format":"standard","meta":{"_monsterinsights_skip_tracking":false,"_monsterinsights_sitenote_active":false,"_monsterinsights_sitenote_note":"","_monsterinsights_sitenote_category":0,"footnotes":""},"categories":[280,2],"tags":[],"class_list":["post-117464","post","type-post","status-publish","format-standard","has-post-thumbnail","hentry","category-nacionales","category-noticias"],"yoast_head":"<!-- This site is optimized with the Yoast SEO plugin v27.3 - https:\/\/yoast.com\/product\/yoast-seo-wordpress\/ -->\n<title>\u201cSeguir\u00e9 buscando a mi hermano\u201d, dice Delia Quiroa, jueza de distrito electa en Sinaloa -<\/title>\n<meta name=\"robots\" content=\"index, follow, max-snippet:-1, max-image-preview:large, max-video-preview:-1\" \/>\n<link rel=\"canonical\" href=\"https:\/\/quehacerpolitico.mx\/?p=117464\" \/>\n<meta property=\"og:locale\" content=\"es_MX\" \/>\n<meta property=\"og:type\" content=\"article\" \/>\n<meta property=\"og:title\" content=\"\u201cSeguir\u00e9 buscando a mi hermano\u201d, dice Delia Quiroa, jueza de distrito electa en Sinaloa -\" \/>\n<meta property=\"og:description\" content=\"Por Redacci\u00f3n QP La exvocera del colectivo 10 de marzo de personas buscadoras consider\u00f3 que...\" \/>\n<meta property=\"og:url\" content=\"https:\/\/quehacerpolitico.mx\/?p=117464\" \/>\n<meta property=\"article:published_time\" content=\"2025-07-04T01:06:42+00:00\" \/>\n<meta property=\"article:modified_time\" content=\"2025-07-04T01:06:44+00:00\" \/>\n<meta property=\"og:image\" content=\"https:\/\/quehacerpolitico.mx\/wp-content\/uploads\/2025\/07\/IMG_1441.webp\" \/>\n\t<meta property=\"og:image:width\" content=\"425\" \/>\n\t<meta property=\"og:image:height\" content=\"230\" \/>\n\t<meta property=\"og:image:type\" content=\"image\/webp\" \/>\n<meta name=\"author\" content=\"Redacci\u00f3n QP\" \/>\n<meta name=\"twitter:card\" content=\"summary_large_image\" \/>\n<meta name=\"twitter:label1\" content=\"Escrito por\" \/>\n\t<meta name=\"twitter:data1\" content=\"Redacci\u00f3n QP\" \/>\n\t<meta name=\"twitter:label2\" content=\"Tiempo de lectura\" \/>\n\t<meta name=\"twitter:data2\" content=\"2 minutos\" \/>\n<script type=\"application\/ld+json\" class=\"yoast-schema-graph\">{\"@context\":\"https:\\\/\\\/schema.org\",\"@graph\":[{\"@type\":\"Article\",\"@id\":\"https:\\\/\\\/quehacerpolitico.mx\\\/?p=117464#article\",\"isPartOf\":{\"@id\":\"https:\\\/\\\/quehacerpolitico.mx\\\/?p=117464\"},\"author\":{\"name\":\"Redacci\u00f3n QP\",\"@id\":\"https:\\\/\\\/quehacerpolitico.mx\\\/#\\\/schema\\\/person\\\/496d8ad2d1d3f8036101dca7ee39e585\"},\"headline\":\"\u201cSeguir\u00e9 buscando a mi hermano\u201d, dice Delia Quiroa, jueza de distrito electa en Sinaloa\",\"datePublished\":\"2025-07-04T01:06:42+00:00\",\"dateModified\":\"2025-07-04T01:06:44+00:00\",\"mainEntityOfPage\":{\"@id\":\"https:\\\/\\\/quehacerpolitico.mx\\\/?p=117464\"},\"wordCount\":399,\"commentCount\":0,\"image\":{\"@id\":\"https:\\\/\\\/quehacerpolitico.mx\\\/?p=117464#primaryimage\"},\"thumbnailUrl\":\"https:\\\/\\\/quehacerpolitico.mx\\\/wp-content\\\/uploads\\\/2025\\\/07\\\/IMG_1441.webp\",\"articleSection\":[\"Nacionales\",\"Noticias\"],\"inLanguage\":\"es\",\"potentialAction\":[{\"@type\":\"CommentAction\",\"name\":\"Comment\",\"target\":[\"https:\\\/\\\/quehacerpolitico.mx\\\/?p=117464#respond\"]}]},{\"@type\":\"WebPage\",\"@id\":\"https:\\\/\\\/quehacerpolitico.mx\\\/?p=117464\",\"url\":\"https:\\\/\\\/quehacerpolitico.mx\\\/?p=117464\",\"name\":\"\u201cSeguir\u00e9 buscando a mi hermano\u201d, dice Delia Quiroa, jueza de distrito electa en Sinaloa -\",\"isPartOf\":{\"@id\":\"https:\\\/\\\/quehacerpolitico.mx\\\/#website\"},\"primaryImageOfPage\":{\"@id\":\"https:\\\/\\\/quehacerpolitico.mx\\\/?p=117464#primaryimage\"},\"image\":{\"@id\":\"https:\\\/\\\/quehacerpolitico.mx\\\/?p=117464#primaryimage\"},\"thumbnailUrl\":\"https:\\\/\\\/quehacerpolitico.mx\\\/wp-content\\\/uploads\\\/2025\\\/07\\\/IMG_1441.webp\",\"datePublished\":\"2025-07-04T01:06:42+00:00\",\"dateModified\":\"2025-07-04T01:06:44+00:00\",\"author\":{\"@id\":\"https:\\\/\\\/quehacerpolitico.mx\\\/#\\\/schema\\\/person\\\/496d8ad2d1d3f8036101dca7ee39e585\"},\"breadcrumb\":{\"@id\":\"https:\\\/\\\/quehacerpolitico.mx\\\/?p=117464#breadcrumb\"},\"inLanguage\":\"es\",\"potentialAction\":[{\"@type\":\"ReadAction\",\"target\":[\"https:\\\/\\\/quehacerpolitico.mx\\\/?p=117464\"]}]},{\"@type\":\"ImageObject\",\"inLanguage\":\"es\",\"@id\":\"https:\\\/\\\/quehacerpolitico.mx\\\/?p=117464#primaryimage\",\"url\":\"https:\\\/\\\/quehacerpolitico.mx\\\/wp-content\\\/uploads\\\/2025\\\/07\\\/IMG_1441.webp\",\"contentUrl\":\"https:\\\/\\\/quehacerpolitico.mx\\\/wp-content\\\/uploads\\\/2025\\\/07\\\/IMG_1441.webp\",\"width\":425,\"height\":230},{\"@type\":\"BreadcrumbList\",\"@id\":\"https:\\\/\\\/quehacerpolitico.mx\\\/?p=117464#breadcrumb\",\"itemListElement\":[{\"@type\":\"ListItem\",\"position\":1,\"name\":\"Inicio\",\"item\":\"https:\\\/\\\/quehacerpolitico.mx\\\/\"},{\"@type\":\"ListItem\",\"position\":2,\"name\":\"\u201cSeguir\u00e9 buscando a mi hermano\u201d, dice Delia Quiroa, jueza de distrito electa en Sinaloa\"}]},{\"@type\":\"WebSite\",\"@id\":\"https:\\\/\\\/quehacerpolitico.mx\\\/#website\",\"url\":\"https:\\\/\\\/quehacerpolitico.mx\\\/\",\"name\":\"\",\"description\":\"\",\"potentialAction\":[{\"@type\":\"SearchAction\",\"target\":{\"@type\":\"EntryPoint\",\"urlTemplate\":\"https:\\\/\\\/quehacerpolitico.mx\\\/?s={search_term_string}\"},\"query-input\":{\"@type\":\"PropertyValueSpecification\",\"valueRequired\":true,\"valueName\":\"search_term_string\"}}],\"inLanguage\":\"es\"},{\"@type\":\"Person\",\"@id\":\"https:\\\/\\\/quehacerpolitico.mx\\\/#\\\/schema\\\/person\\\/496d8ad2d1d3f8036101dca7ee39e585\",\"name\":\"Redacci\u00f3n QP\",\"image\":{\"@type\":\"ImageObject\",\"inLanguage\":\"es\",\"@id\":\"https:\\\/\\\/secure.gravatar.com\\\/avatar\\\/c7164ed6fdec453195284ad24a5ae5b6e1eed2b848477fa2a4787ba9adf39a41?s=96&d=mm&r=g\",\"url\":\"https:\\\/\\\/secure.gravatar.com\\\/avatar\\\/c7164ed6fdec453195284ad24a5ae5b6e1eed2b848477fa2a4787ba9adf39a41?s=96&d=mm&r=g\",\"contentUrl\":\"https:\\\/\\\/secure.gravatar.com\\\/avatar\\\/c7164ed6fdec453195284ad24a5ae5b6e1eed2b848477fa2a4787ba9adf39a41?s=96&d=mm&r=g\",\"caption\":\"Redacci\u00f3n QP\"},\"url\":\"https:\\\/\\\/quehacerpolitico.mx\\\/?author=2\"}]}<\/script>\n<!-- \/ Yoast SEO plugin. -->","yoast_head_json":{"title":"\u201cSeguir\u00e9 buscando a mi hermano\u201d, dice Delia Quiroa, jueza de distrito electa en Sinaloa -","robots":{"index":"index","follow":"follow","max-snippet":"max-snippet:-1","max-image-preview":"max-image-preview:large","max-video-preview":"max-video-preview:-1"},"canonical":"https:\/\/quehacerpolitico.mx\/?p=117464","og_locale":"es_MX","og_type":"article","og_title":"\u201cSeguir\u00e9 buscando a mi hermano\u201d, dice Delia Quiroa, jueza de distrito electa en Sinaloa -","og_description":"Por Redacci\u00f3n QP La exvocera del colectivo 10 de marzo de personas buscadoras consider\u00f3 que...","og_url":"https:\/\/quehacerpolitico.mx\/?p=117464","article_published_time":"2025-07-04T01:06:42+00:00","article_modified_time":"2025-07-04T01:06:44+00:00","og_image":[{"width":425,"height":230,"url":"https:\/\/quehacerpolitico.mx\/wp-content\/uploads\/2025\/07\/IMG_1441.webp","type":"image\/webp"}],"author":"Redacci\u00f3n QP","twitter_card":"summary_large_image","twitter_misc":{"Escrito por":"Redacci\u00f3n QP","Tiempo de lectura":"2 minutos"},"schema":{"@context":"https:\/\/schema.org","@graph":[{"@type":"Article","@id":"https:\/\/quehacerpolitico.mx\/?p=117464#article","isPartOf":{"@id":"https:\/\/quehacerpolitico.mx\/?p=117464"},"author":{"name":"Redacci\u00f3n QP","@id":"https:\/\/quehacerpolitico.mx\/#\/schema\/person\/496d8ad2d1d3f8036101dca7ee39e585"},"headline":"\u201cSeguir\u00e9 buscando a mi hermano\u201d, dice Delia Quiroa, jueza de distrito electa en Sinaloa","datePublished":"2025-07-04T01:06:42+00:00","dateModified":"2025-07-04T01:06:44+00:00","mainEntityOfPage":{"@id":"https:\/\/quehacerpolitico.mx\/?p=117464"},"wordCount":399,"commentCount":0,"image":{"@id":"https:\/\/quehacerpolitico.mx\/?p=117464#primaryimage"},"thumbnailUrl":"https:\/\/quehacerpolitico.mx\/wp-content\/uploads\/2025\/07\/IMG_1441.webp","articleSection":["Nacionales","Noticias"],"inLanguage":"es","potentialAction":[{"@type":"CommentAction","name":"Comment","target":["https:\/\/quehacerpolitico.mx\/?p=117464#respond"]}]},{"@type":"WebPage","@id":"https:\/\/quehacerpolitico.mx\/?p=117464","url":"https:\/\/quehacerpolitico.mx\/?p=117464","name":"\u201cSeguir\u00e9 buscando a mi hermano\u201d, dice Delia Quiroa, jueza de distrito electa en Sinaloa -","isPartOf":{"@id":"https:\/\/quehacerpolitico.mx\/#website"},"primaryImageOfPage":{"@id":"https:\/\/quehacerpolitico.mx\/?p=117464#primaryimage"},"image":{"@id":"https:\/\/quehacerpolitico.mx\/?p=117464#primaryimage"},"thumbnailUrl":"https:\/\/quehacerpolitico.mx\/wp-content\/uploads\/2025\/07\/IMG_1441.webp","datePublished":"2025-07-04T01:06:42+00:00","dateModified":"2025-07-04T01:06:44+00:00","author":{"@id":"https:\/\/quehacerpolitico.mx\/#\/schema\/person\/496d8ad2d1d3f8036101dca7ee39e585"},"breadcrumb":{"@id":"https:\/\/quehacerpolitico.mx\/?p=117464#breadcrumb"},"inLanguage":"es","potentialAction":[{"@type":"ReadAction","target":["https:\/\/quehacerpolitico.mx\/?p=117464"]}]},{"@type":"ImageObject","inLanguage":"es","@id":"https:\/\/quehacerpolitico.mx\/?p=117464#primaryimage","url":"https:\/\/quehacerpolitico.mx\/wp-content\/uploads\/2025\/07\/IMG_1441.webp","contentUrl":"https:\/\/quehacerpolitico.mx\/wp-content\/uploads\/2025\/07\/IMG_1441.webp","width":425,"height":230},{"@type":"BreadcrumbList","@id":"https:\/\/quehacerpolitico.mx\/?p=117464#breadcrumb","itemListElement":[{"@type":"ListItem","position":1,"name":"Inicio","item":"https:\/\/quehacerpolitico.mx\/"},{"@type":"ListItem","position":2,"name":"\u201cSeguir\u00e9 buscando a mi hermano\u201d, dice Delia Quiroa, jueza de distrito electa en Sinaloa"}]},{"@type":"WebSite","@id":"https:\/\/quehacerpolitico.mx\/#website","url":"https:\/\/quehacerpolitico.mx\/","name":"","description":"","potentialAction":[{"@type":"SearchAction","target":{"@type":"EntryPoint","urlTemplate":"https:\/\/quehacerpolitico.mx\/?s={search_term_string}"},"query-input":{"@type":"PropertyValueSpecification","valueRequired":true,"valueName":"search_term_string"}}],"inLanguage":"es"},{"@type":"Person","@id":"https:\/\/quehacerpolitico.mx\/#\/schema\/person\/496d8ad2d1d3f8036101dca7ee39e585","name":"Redacci\u00f3n QP","image":{"@type":"ImageObject","inLanguage":"es","@id":"https:\/\/secure.gravatar.com\/avatar\/c7164ed6fdec453195284ad24a5ae5b6e1eed2b848477fa2a4787ba9adf39a41?s=96&d=mm&r=g","url":"https:\/\/secure.gravatar.com\/avatar\/c7164ed6fdec453195284ad24a5ae5b6e1eed2b848477fa2a4787ba9adf39a41?s=96&d=mm&r=g","contentUrl":"https:\/\/secure.gravatar.com\/avatar\/c7164ed6fdec453195284ad24a5ae5b6e1eed2b848477fa2a4787ba9adf39a41?s=96&d=mm&r=g","caption":"Redacci\u00f3n QP"},"url":"https:\/\/quehacerpolitico.mx\/?author=2"}]}},"featured_image_urls":{"full":["https:\/\/quehacerpolitico.mx\/wp-content\/uploads\/2025\/07\/IMG_1441.webp",425,230,false],"thumbnail":["https:\/\/quehacerpolitico.mx\/wp-content\/uploads\/2025\/07\/IMG_1441-150x150.webp",150,150,true],"medium":["https:\/\/quehacerpolitico.mx\/wp-content\/uploads\/2025\/07\/IMG_1441-300x162.webp",300,162,true],"medium_large":["https:\/\/quehacerpolitico.mx\/wp-content\/uploads\/2025\/07\/IMG_1441.webp",425,230,false],"large":["https:\/\/quehacerpolitico.mx\/wp-content\/uploads\/2025\/07\/IMG_1441.webp",425,230,false],"1536x1536":["https:\/\/quehacerpolitico.mx\/wp-content\/uploads\/2025\/07\/IMG_1441.webp",425,230,false],"2048x2048":["https:\/\/quehacerpolitico.mx\/wp-content\/uploads\/2025\/07\/IMG_1441.webp",425,230,false],"covernews-featured":["https:\/\/quehacerpolitico.mx\/wp-content\/uploads\/2025\/07\/IMG_1441.webp",425,230,false],"covernews-medium":["https:\/\/quehacerpolitico.mx\/wp-content\/uploads\/2025\/07\/IMG_1441.webp",425,230,false]},"author_info":{"display_name":"Redacci\u00f3n QP","author_link":"https:\/\/quehacerpolitico.mx\/?author=2"},"category_info":"<a href=\"https:\/\/quehacerpolitico.mx\/?cat=280\" rel=\"category\">Nacionales<\/a> <a href=\"https:\/\/quehacerpolitico.mx\/?cat=2\" rel=\"category\">Noticias<\/a>","tag_info":"Noticias","comment_count":"0","_links":{"self":[{"href":"https:\/\/quehacerpolitico.mx\/index.php?rest_route=\/wp\/v2\/posts\/117464","targetHints":{"allow":["GET"]}}],"collection":[{"href":"https:\/\/quehacerpolitico.mx\/index.php?rest_route=\/wp\/v2\/posts"}],"about":[{"href":"https:\/\/quehacerpolitico.mx\/index.php?rest_route=\/wp\/v2\/types\/post"}],"author":[{"embeddable":true,"href":"https:\/\/quehacerpolitico.mx\/index.php?rest_route=\/wp\/v2\/users\/2"}],"replies":[{"embeddable":true,"href":"https:\/\/quehacerpolitico.mx\/index.php?rest_route=%2Fwp%2Fv2%2Fcomments&post=117464"}],"version-history":[{"count":1,"href":"https:\/\/quehacerpolitico.mx\/index.php?rest_route=\/wp\/v2\/posts\/117464\/revisions"}],"predecessor-version":[{"id":117466,"href":"https:\/\/quehacerpolitico.mx\/index.php?rest_route=\/wp\/v2\/posts\/117464\/revisions\/117466"}],"wp:featuredmedia":[{"embeddable":true,"href":"https:\/\/quehacerpolitico.mx\/index.php?rest_route=\/wp\/v2\/media\/117465"}],"wp:attachment":[{"href":"https:\/\/quehacerpolitico.mx\/index.php?rest_route=%2Fwp%2Fv2%2Fmedia&parent=117464"}],"wp:term":[{"taxonomy":"category","embeddable":true,"href":"https:\/\/quehacerpolitico.mx\/index.php?rest_route=%2Fwp%2Fv2%2Fcategories&post=117464"},{"taxonomy":"post_tag","embeddable":true,"href":"https:\/\/quehacerpolitico.mx\/index.php?rest_route=%2Fwp%2Fv2%2Ftags&post=117464"}],"curies":[{"name":"wp","href":"https:\/\/api.w.org\/{rel}","templated":true}]}}