{"id":117449,"date":"2025-07-03T12:52:39","date_gmt":"2025-07-03T18:52:39","guid":{"rendered":"https:\/\/quehacerpolitico.mx\/?p=117449"},"modified":"2025-07-03T12:52:42","modified_gmt":"2025-07-03T18:52:42","slug":"son-los-mismos-de-siempre-sheinbaum-desdena-opiniones-de-los-expertos-por-nombramiento-de-lopez-gatell-en-la-oms","status":"publish","type":"post","link":"https:\/\/quehacerpolitico.mx\/?p=117449","title":{"rendered":"\u201cSon los mismos de siempre\u201d: Sheinbaum desde\u00f1a opiniones de los expertos por nombramiento de L\u00f3pez-Gatell en la OMS"},"content":{"rendered":"\n<p>Por Redacci\u00f3n QP<\/p>\n\n\n\n<p>La mandataria tambi\u00e9n volvi\u00f3 a&nbsp;expresar&nbsp;su respaldo al exencargado de la pandemia: &#8220;yo lo reivindico como un gran profesionista&#8221;<\/p>\n\n\n\n<p>La presidenta&nbsp;<strong>Claudia Sheinbaum&nbsp;<\/strong>desestim\u00f3 este jueves las cr\u00edticas por el nombramiento de<strong>&nbsp;Hugo L\u00f3pez-Gatell&nbsp;<\/strong>como parte de la delegaci\u00f3n mexicana ante la Organizaci\u00f3n Mundial de la Salud (OMS).&nbsp;<\/p>\n\n\n\n<p>La mandataria minimiz\u00f3 el se\u00f1alamiento de la Comisi\u00f3n Independiente de Investigaci\u00f3n sobre la Pandemia de Covid-19, que\u00a0calific\u00f3 el nombramiento como \u201cinaudito\u201d por las\u00a0<strong>omisiones durante la gesti\u00f3n de la emergencia.<\/strong><\/p>\n\n\n\n<figure class=\"wp-block-embed is-type-rich is-provider-twitter wp-block-embed-twitter\"><div class=\"wp-block-embed__wrapper\">\n<blockquote class=\"twitter-tweet\" data-width=\"550\" data-dnt=\"true\"><p lang=\"es\" dir=\"ltr\"><a href=\"https:\/\/twitter.com\/hashtag\/EnLaMa%C3%B1anera?src=hash&amp;ref_src=twsrc%5Etfw\">#EnLaMa\u00f1anera<\/a> | La presidenta Claudia Sheinbaum se\u00f1ala que las criticas a Hugo L\u00f3pez-Gatell, respecto a su manejo de la pandemia de <a href=\"https:\/\/twitter.com\/hashtag\/COVID19?src=hash&amp;ref_src=twsrc%5Etfw\">#COVID19<\/a> que dej\u00f3 m\u00e1s de 650 mil muertos, se dan \u00fanicamente por aquellos que est\u00e1n en contra del gobierno: \u201cson los mismos de siempre\u201d <a href=\"https:\/\/t.co\/huzL8L4CU0\">pic.twitter.com\/huzL8L4CU0<\/a><\/p>&mdash; El Financiero (@ElFinanciero_Mx) <a href=\"https:\/\/twitter.com\/ElFinanciero_Mx\/status\/1940797269051109810?ref_src=twsrc%5Etfw\">July 3, 2025<\/a><\/blockquote><script async src=\"https:\/\/platform.twitter.com\/widgets.js\" charset=\"utf-8\"><\/script>\n<\/div><\/figure>\n\n\n\n<p>&#8220;<strong>Son los mismos de siempre<\/strong>\u00a0que han estado diciendo eso, desde hace a\u00f1os. Nada m\u00e1s que ahora tiene un nombre muy que suena muy\u00a0elegante&#8221;, dijo ante la pregunta de la prensa.<\/p>\n\n\n\n<p>La mandataria denost\u00f3 los posicionamientos de los expertos y afirm\u00f3 que estas cr\u00edticas provienen de&nbsp;&#8220;Julio Frenk (exsecretario de Salud) y todos ellos que desde el principio estuvieron en contra del gobierno por otras razones y tuvieron sus diferencias en la atenci\u00f3n a la pandemia&#8221;.&nbsp;<\/p>\n\n\n\n<p>Sheinbaum volvi\u00f3 a&nbsp;expresar&nbsp;<strong>su respaldo a L\u00f3pez-Gatell&nbsp;<\/strong>y acus\u00f3 que la cr\u00edtica contra el exencargado de la pandemia &#8220;tiene que ver con la pol\u00edtica&#8221;.&nbsp;<\/p>\n\n\n\n<p>&#8220;Yo&nbsp;<strong>reivindico a Hugo<\/strong>&nbsp;como un gran profesionista y que va a hacer&nbsp;un buen papel en la OMS&#8221;, coment\u00f3.&nbsp;<\/p>\n\n\n\n<p>Adem\u00e1s, explic\u00f3 que la designaci\u00f3n de L\u00f3pez-Gatell no es exactamente la representaci\u00f3n de M\u00e9xico ante la ONU, sino una de las representaciones de M\u00e9xico en Ginebra.&nbsp;<\/p>\n\n\n\n<p>La comisi\u00f3n public\u00f3 un comunicado este mi\u00e9rcoles en el que se\u00f1ala que&nbsp;\u201ccon este nombramiento, no s\u00f3lo se ignoran las lecciones de la pandemia:&nbsp;<strong>se env\u00eda una se\u00f1al alarmante&nbsp;<\/strong>sobre la falta de compromiso del Estado mexicano con los est\u00e1ndares internacionales de salud p\u00fablica\u201d.&nbsp;<\/p>\n","protected":false},"excerpt":{"rendered":"<p>Por Redacci\u00f3n QP La mandataria tambi\u00e9n volvi\u00f3 a&nbsp;expresar&nbsp;su respaldo al exencargado de la pandemia: &#8220;yo&#8230;<\/p>\n","protected":false},"author":2,"featured_media":117450,"comment_status":"open","ping_status":"open","sticky":false,"template":"","format":"standard","meta":{"_monsterinsights_skip_tracking":false,"_monsterinsights_sitenote_active":false,"_monsterinsights_sitenote_note":"","_monsterinsights_sitenote_category":0,"footnotes":""},"categories":[280,2],"tags":[],"class_list":["post-117449","post","type-post","status-publish","format-standard","has-post-thumbnail","hentry","category-nacionales","category-noticias"],"yoast_head":"<!-- This site is optimized with the Yoast SEO plugin v27.3 - https:\/\/yoast.com\/product\/yoast-seo-wordpress\/ -->\n<title>\u201cSon los mismos de siempre\u201d: Sheinbaum desde\u00f1a opiniones de los expertos por nombramiento de L\u00f3pez-Gatell en la OMS -<\/title>\n<meta name=\"robots\" content=\"index, follow, max-snippet:-1, max-image-preview:large, max-video-preview:-1\" \/>\n<link rel=\"canonical\" href=\"https:\/\/quehacerpolitico.mx\/?p=117449\" \/>\n<meta property=\"og:locale\" content=\"es_MX\" \/>\n<meta property=\"og:type\" content=\"article\" \/>\n<meta property=\"og:title\" content=\"\u201cSon los mismos de siempre\u201d: Sheinbaum desde\u00f1a opiniones de los expertos por nombramiento de L\u00f3pez-Gatell en la OMS -\" \/>\n<meta property=\"og:description\" content=\"Por Redacci\u00f3n QP La mandataria tambi\u00e9n volvi\u00f3 a&nbsp;expresar&nbsp;su respaldo al exencargado de la pandemia: &#8220;yo...\" \/>\n<meta property=\"og:url\" content=\"https:\/\/quehacerpolitico.mx\/?p=117449\" \/>\n<meta property=\"article:published_time\" content=\"2025-07-03T18:52:39+00:00\" \/>\n<meta property=\"article:modified_time\" content=\"2025-07-03T18:52:42+00:00\" \/>\n<meta property=\"og:image\" content=\"https:\/\/quehacerpolitico.mx\/wp-content\/uploads\/2025\/07\/IMG_1426.jpeg\" \/>\n\t<meta property=\"og:image:width\" content=\"1920\" \/>\n\t<meta property=\"og:image:height\" content=\"1287\" \/>\n\t<meta property=\"og:image:type\" content=\"image\/jpeg\" \/>\n<meta name=\"author\" content=\"Redacci\u00f3n QP\" \/>\n<meta name=\"twitter:card\" content=\"summary_large_image\" \/>\n<meta name=\"twitter:label1\" content=\"Escrito por\" \/>\n\t<meta name=\"twitter:data1\" content=\"Redacci\u00f3n QP\" \/>\n\t<meta name=\"twitter:label2\" content=\"Tiempo de lectura\" \/>\n\t<meta name=\"twitter:data2\" content=\"2 minutos\" \/>\n<script type=\"application\/ld+json\" class=\"yoast-schema-graph\">{\"@context\":\"https:\\\/\\\/schema.org\",\"@graph\":[{\"@type\":\"Article\",\"@id\":\"https:\\\/\\\/quehacerpolitico.mx\\\/?p=117449#article\",\"isPartOf\":{\"@id\":\"https:\\\/\\\/quehacerpolitico.mx\\\/?p=117449\"},\"author\":{\"name\":\"Redacci\u00f3n QP\",\"@id\":\"https:\\\/\\\/quehacerpolitico.mx\\\/#\\\/schema\\\/person\\\/496d8ad2d1d3f8036101dca7ee39e585\"},\"headline\":\"\u201cSon los mismos de siempre\u201d: Sheinbaum desde\u00f1a opiniones de los expertos por nombramiento de L\u00f3pez-Gatell en la OMS\",\"datePublished\":\"2025-07-03T18:52:39+00:00\",\"dateModified\":\"2025-07-03T18:52:42+00:00\",\"mainEntityOfPage\":{\"@id\":\"https:\\\/\\\/quehacerpolitico.mx\\\/?p=117449\"},\"wordCount\":355,\"commentCount\":0,\"image\":{\"@id\":\"https:\\\/\\\/quehacerpolitico.mx\\\/?p=117449#primaryimage\"},\"thumbnailUrl\":\"https:\\\/\\\/quehacerpolitico.mx\\\/wp-content\\\/uploads\\\/2025\\\/07\\\/IMG_1426.jpeg\",\"articleSection\":[\"Nacionales\",\"Noticias\"],\"inLanguage\":\"es\",\"potentialAction\":[{\"@type\":\"CommentAction\",\"name\":\"Comment\",\"target\":[\"https:\\\/\\\/quehacerpolitico.mx\\\/?p=117449#respond\"]}]},{\"@type\":\"WebPage\",\"@id\":\"https:\\\/\\\/quehacerpolitico.mx\\\/?p=117449\",\"url\":\"https:\\\/\\\/quehacerpolitico.mx\\\/?p=117449\",\"name\":\"\u201cSon los mismos de siempre\u201d: Sheinbaum desde\u00f1a opiniones de los expertos por nombramiento de L\u00f3pez-Gatell en la OMS -\",\"isPartOf\":{\"@id\":\"https:\\\/\\\/quehacerpolitico.mx\\\/#website\"},\"primaryImageOfPage\":{\"@id\":\"https:\\\/\\\/quehacerpolitico.mx\\\/?p=117449#primaryimage\"},\"image\":{\"@id\":\"https:\\\/\\\/quehacerpolitico.mx\\\/?p=117449#primaryimage\"},\"thumbnailUrl\":\"https:\\\/\\\/quehacerpolitico.mx\\\/wp-content\\\/uploads\\\/2025\\\/07\\\/IMG_1426.jpeg\",\"datePublished\":\"2025-07-03T18:52:39+00:00\",\"dateModified\":\"2025-07-03T18:52:42+00:00\",\"author\":{\"@id\":\"https:\\\/\\\/quehacerpolitico.mx\\\/#\\\/schema\\\/person\\\/496d8ad2d1d3f8036101dca7ee39e585\"},\"breadcrumb\":{\"@id\":\"https:\\\/\\\/quehacerpolitico.mx\\\/?p=117449#breadcrumb\"},\"inLanguage\":\"es\",\"potentialAction\":[{\"@type\":\"ReadAction\",\"target\":[\"https:\\\/\\\/quehacerpolitico.mx\\\/?p=117449\"]}]},{\"@type\":\"ImageObject\",\"inLanguage\":\"es\",\"@id\":\"https:\\\/\\\/quehacerpolitico.mx\\\/?p=117449#primaryimage\",\"url\":\"https:\\\/\\\/quehacerpolitico.mx\\\/wp-content\\\/uploads\\\/2025\\\/07\\\/IMG_1426.jpeg\",\"contentUrl\":\"https:\\\/\\\/quehacerpolitico.mx\\\/wp-content\\\/uploads\\\/2025\\\/07\\\/IMG_1426.jpeg\",\"width\":1920,\"height\":1287},{\"@type\":\"BreadcrumbList\",\"@id\":\"https:\\\/\\\/quehacerpolitico.mx\\\/?p=117449#breadcrumb\",\"itemListElement\":[{\"@type\":\"ListItem\",\"position\":1,\"name\":\"Inicio\",\"item\":\"https:\\\/\\\/quehacerpolitico.mx\\\/\"},{\"@type\":\"ListItem\",\"position\":2,\"name\":\"\u201cSon los mismos de siempre\u201d: Sheinbaum desde\u00f1a opiniones de los expertos por nombramiento de L\u00f3pez-Gatell en la OMS\"}]},{\"@type\":\"WebSite\",\"@id\":\"https:\\\/\\\/quehacerpolitico.mx\\\/#website\",\"url\":\"https:\\\/\\\/quehacerpolitico.mx\\\/\",\"name\":\"\",\"description\":\"\",\"potentialAction\":[{\"@type\":\"SearchAction\",\"target\":{\"@type\":\"EntryPoint\",\"urlTemplate\":\"https:\\\/\\\/quehacerpolitico.mx\\\/?s={search_term_string}\"},\"query-input\":{\"@type\":\"PropertyValueSpecification\",\"valueRequired\":true,\"valueName\":\"search_term_string\"}}],\"inLanguage\":\"es\"},{\"@type\":\"Person\",\"@id\":\"https:\\\/\\\/quehacerpolitico.mx\\\/#\\\/schema\\\/person\\\/496d8ad2d1d3f8036101dca7ee39e585\",\"name\":\"Redacci\u00f3n QP\",\"image\":{\"@type\":\"ImageObject\",\"inLanguage\":\"es\",\"@id\":\"https:\\\/\\\/secure.gravatar.com\\\/avatar\\\/c7164ed6fdec453195284ad24a5ae5b6e1eed2b848477fa2a4787ba9adf39a41?s=96&d=mm&r=g\",\"url\":\"https:\\\/\\\/secure.gravatar.com\\\/avatar\\\/c7164ed6fdec453195284ad24a5ae5b6e1eed2b848477fa2a4787ba9adf39a41?s=96&d=mm&r=g\",\"contentUrl\":\"https:\\\/\\\/secure.gravatar.com\\\/avatar\\\/c7164ed6fdec453195284ad24a5ae5b6e1eed2b848477fa2a4787ba9adf39a41?s=96&d=mm&r=g\",\"caption\":\"Redacci\u00f3n QP\"},\"url\":\"https:\\\/\\\/quehacerpolitico.mx\\\/?author=2\"}]}<\/script>\n<!-- \/ Yoast SEO plugin. -->","yoast_head_json":{"title":"\u201cSon los mismos de siempre\u201d: Sheinbaum desde\u00f1a opiniones de los expertos por nombramiento de L\u00f3pez-Gatell en la OMS -","robots":{"index":"index","follow":"follow","max-snippet":"max-snippet:-1","max-image-preview":"max-image-preview:large","max-video-preview":"max-video-preview:-1"},"canonical":"https:\/\/quehacerpolitico.mx\/?p=117449","og_locale":"es_MX","og_type":"article","og_title":"\u201cSon los mismos de siempre\u201d: Sheinbaum desde\u00f1a opiniones de los expertos por nombramiento de L\u00f3pez-Gatell en la OMS -","og_description":"Por Redacci\u00f3n QP La mandataria tambi\u00e9n volvi\u00f3 a&nbsp;expresar&nbsp;su respaldo al exencargado de la pandemia: &#8220;yo...","og_url":"https:\/\/quehacerpolitico.mx\/?p=117449","article_published_time":"2025-07-03T18:52:39+00:00","article_modified_time":"2025-07-03T18:52:42+00:00","og_image":[{"width":1920,"height":1287,"url":"https:\/\/quehacerpolitico.mx\/wp-content\/uploads\/2025\/07\/IMG_1426.jpeg","type":"image\/jpeg"}],"author":"Redacci\u00f3n QP","twitter_card":"summary_large_image","twitter_misc":{"Escrito por":"Redacci\u00f3n QP","Tiempo de lectura":"2 minutos"},"schema":{"@context":"https:\/\/schema.org","@graph":[{"@type":"Article","@id":"https:\/\/quehacerpolitico.mx\/?p=117449#article","isPartOf":{"@id":"https:\/\/quehacerpolitico.mx\/?p=117449"},"author":{"name":"Redacci\u00f3n QP","@id":"https:\/\/quehacerpolitico.mx\/#\/schema\/person\/496d8ad2d1d3f8036101dca7ee39e585"},"headline":"\u201cSon los mismos de siempre\u201d: Sheinbaum desde\u00f1a opiniones de los expertos por nombramiento de L\u00f3pez-Gatell en la OMS","datePublished":"2025-07-03T18:52:39+00:00","dateModified":"2025-07-03T18:52:42+00:00","mainEntityOfPage":{"@id":"https:\/\/quehacerpolitico.mx\/?p=117449"},"wordCount":355,"commentCount":0,"image":{"@id":"https:\/\/quehacerpolitico.mx\/?p=117449#primaryimage"},"thumbnailUrl":"https:\/\/quehacerpolitico.mx\/wp-content\/uploads\/2025\/07\/IMG_1426.jpeg","articleSection":["Nacionales","Noticias"],"inLanguage":"es","potentialAction":[{"@type":"CommentAction","name":"Comment","target":["https:\/\/quehacerpolitico.mx\/?p=117449#respond"]}]},{"@type":"WebPage","@id":"https:\/\/quehacerpolitico.mx\/?p=117449","url":"https:\/\/quehacerpolitico.mx\/?p=117449","name":"\u201cSon los mismos de siempre\u201d: Sheinbaum desde\u00f1a opiniones de los expertos por nombramiento de L\u00f3pez-Gatell en la OMS -","isPartOf":{"@id":"https:\/\/quehacerpolitico.mx\/#website"},"primaryImageOfPage":{"@id":"https:\/\/quehacerpolitico.mx\/?p=117449#primaryimage"},"image":{"@id":"https:\/\/quehacerpolitico.mx\/?p=117449#primaryimage"},"thumbnailUrl":"https:\/\/quehacerpolitico.mx\/wp-content\/uploads\/2025\/07\/IMG_1426.jpeg","datePublished":"2025-07-03T18:52:39+00:00","dateModified":"2025-07-03T18:52:42+00:00","author":{"@id":"https:\/\/quehacerpolitico.mx\/#\/schema\/person\/496d8ad2d1d3f8036101dca7ee39e585"},"breadcrumb":{"@id":"https:\/\/quehacerpolitico.mx\/?p=117449#breadcrumb"},"inLanguage":"es","potentialAction":[{"@type":"ReadAction","target":["https:\/\/quehacerpolitico.mx\/?p=117449"]}]},{"@type":"ImageObject","inLanguage":"es","@id":"https:\/\/quehacerpolitico.mx\/?p=117449#primaryimage","url":"https:\/\/quehacerpolitico.mx\/wp-content\/uploads\/2025\/07\/IMG_1426.jpeg","contentUrl":"https:\/\/quehacerpolitico.mx\/wp-content\/uploads\/2025\/07\/IMG_1426.jpeg","width":1920,"height":1287},{"@type":"BreadcrumbList","@id":"https:\/\/quehacerpolitico.mx\/?p=117449#breadcrumb","itemListElement":[{"@type":"ListItem","position":1,"name":"Inicio","item":"https:\/\/quehacerpolitico.mx\/"},{"@type":"ListItem","position":2,"name":"\u201cSon los mismos de siempre\u201d: Sheinbaum desde\u00f1a opiniones de los expertos por nombramiento de L\u00f3pez-Gatell en la OMS"}]},{"@type":"WebSite","@id":"https:\/\/quehacerpolitico.mx\/#website","url":"https:\/\/quehacerpolitico.mx\/","name":"","description":"","potentialAction":[{"@type":"SearchAction","target":{"@type":"EntryPoint","urlTemplate":"https:\/\/quehacerpolitico.mx\/?s={search_term_string}"},"query-input":{"@type":"PropertyValueSpecification","valueRequired":true,"valueName":"search_term_string"}}],"inLanguage":"es"},{"@type":"Person","@id":"https:\/\/quehacerpolitico.mx\/#\/schema\/person\/496d8ad2d1d3f8036101dca7ee39e585","name":"Redacci\u00f3n QP","image":{"@type":"ImageObject","inLanguage":"es","@id":"https:\/\/secure.gravatar.com\/avatar\/c7164ed6fdec453195284ad24a5ae5b6e1eed2b848477fa2a4787ba9adf39a41?s=96&d=mm&r=g","url":"https:\/\/secure.gravatar.com\/avatar\/c7164ed6fdec453195284ad24a5ae5b6e1eed2b848477fa2a4787ba9adf39a41?s=96&d=mm&r=g","contentUrl":"https:\/\/secure.gravatar.com\/avatar\/c7164ed6fdec453195284ad24a5ae5b6e1eed2b848477fa2a4787ba9adf39a41?s=96&d=mm&r=g","caption":"Redacci\u00f3n QP"},"url":"https:\/\/quehacerpolitico.mx\/?author=2"}]}},"featured_image_urls":{"full":["https:\/\/quehacerpolitico.mx\/wp-content\/uploads\/2025\/07\/IMG_1426.jpeg",1920,1287,false],"thumbnail":["https:\/\/quehacerpolitico.mx\/wp-content\/uploads\/2025\/07\/IMG_1426-150x150.jpeg",150,150,true],"medium":["https:\/\/quehacerpolitico.mx\/wp-content\/uploads\/2025\/07\/IMG_1426-300x201.jpeg",300,201,true],"medium_large":["https:\/\/quehacerpolitico.mx\/wp-content\/uploads\/2025\/07\/IMG_1426-768x515.jpeg",640,429,true],"large":["https:\/\/quehacerpolitico.mx\/wp-content\/uploads\/2025\/07\/IMG_1426-1024x686.jpeg",640,429,true],"1536x1536":["https:\/\/quehacerpolitico.mx\/wp-content\/uploads\/2025\/07\/IMG_1426-1536x1030.jpeg",1536,1030,true],"2048x2048":["https:\/\/quehacerpolitico.mx\/wp-content\/uploads\/2025\/07\/IMG_1426.jpeg",1920,1287,false],"covernews-featured":["https:\/\/quehacerpolitico.mx\/wp-content\/uploads\/2025\/07\/IMG_1426-1024x686.jpeg",1024,686,true],"covernews-medium":["https:\/\/quehacerpolitico.mx\/wp-content\/uploads\/2025\/07\/IMG_1426-540x340.jpeg",540,340,true]},"author_info":{"display_name":"Redacci\u00f3n QP","author_link":"https:\/\/quehacerpolitico.mx\/?author=2"},"category_info":"<a href=\"https:\/\/quehacerpolitico.mx\/?cat=280\" rel=\"category\">Nacionales<\/a> <a href=\"https:\/\/quehacerpolitico.mx\/?cat=2\" rel=\"category\">Noticias<\/a>","tag_info":"Noticias","comment_count":"0","_links":{"self":[{"href":"https:\/\/quehacerpolitico.mx\/index.php?rest_route=\/wp\/v2\/posts\/117449","targetHints":{"allow":["GET"]}}],"collection":[{"href":"https:\/\/quehacerpolitico.mx\/index.php?rest_route=\/wp\/v2\/posts"}],"about":[{"href":"https:\/\/quehacerpolitico.mx\/index.php?rest_route=\/wp\/v2\/types\/post"}],"author":[{"embeddable":true,"href":"https:\/\/quehacerpolitico.mx\/index.php?rest_route=\/wp\/v2\/users\/2"}],"replies":[{"embeddable":true,"href":"https:\/\/quehacerpolitico.mx\/index.php?rest_route=%2Fwp%2Fv2%2Fcomments&post=117449"}],"version-history":[{"count":1,"href":"https:\/\/quehacerpolitico.mx\/index.php?rest_route=\/wp\/v2\/posts\/117449\/revisions"}],"predecessor-version":[{"id":117451,"href":"https:\/\/quehacerpolitico.mx\/index.php?rest_route=\/wp\/v2\/posts\/117449\/revisions\/117451"}],"wp:featuredmedia":[{"embeddable":true,"href":"https:\/\/quehacerpolitico.mx\/index.php?rest_route=\/wp\/v2\/media\/117450"}],"wp:attachment":[{"href":"https:\/\/quehacerpolitico.mx\/index.php?rest_route=%2Fwp%2Fv2%2Fmedia&parent=117449"}],"wp:term":[{"taxonomy":"category","embeddable":true,"href":"https:\/\/quehacerpolitico.mx\/index.php?rest_route=%2Fwp%2Fv2%2Fcategories&post=117449"},{"taxonomy":"post_tag","embeddable":true,"href":"https:\/\/quehacerpolitico.mx\/index.php?rest_route=%2Fwp%2Fv2%2Ftags&post=117449"}],"curies":[{"name":"wp","href":"https:\/\/api.w.org\/{rel}","templated":true}]}}