{"id":117393,"date":"2025-07-02T14:03:52","date_gmt":"2025-07-02T20:03:52","guid":{"rendered":"https:\/\/quehacerpolitico.mx\/?p=117393"},"modified":"2025-07-02T14:03:55","modified_gmt":"2025-07-02T20:03:55","slug":"disfruta-de-las-vacaciones-de-verano-en-el-pabellon","status":"publish","type":"post","link":"https:\/\/quehacerpolitico.mx\/?p=117393","title":{"rendered":"DISFRUTA DE LAS VACACIONES DE VERANO EN EL PABELL\u00d3N"},"content":{"rendered":"\n<p>Por Redacci\u00f3n QP<\/p>\n\n\n\n<ul class=\"wp-block-list\">\n<li><strong>Vive un verano creativo en la Segunda Secci\u00f3n del Bosque de Chapultepec<\/strong><\/li>\n\n\n\n<li><strong>Arte, juego y comunidad para todas las edades<\/strong><\/li>\n<\/ul>\n\n\n\n<p>La Secretar\u00eda de Cultura del Gobierno de M\u00e9xico, a trav\u00e9s de la Direcci\u00f3n General de Vinculaci\u00f3n Cultural, te invita a disfrutar de \u201cVacaciones de verano en el Pabell\u00f3n\u201d, una programaci\u00f3n especial que se llevar\u00e1 a cabo todos los s\u00e1bados y domingos, del 5 al 26 de julio de 2025, en el Pabell\u00f3n de Cultura Comunitaria, ubicado en la Segunda Secci\u00f3n del Bosque de Chapultepec, en la Ciudad de M\u00e9xico.<\/p>\n\n\n\n<p>Durante cuatro fines de semana consecutivos, este espacio comunitario se llenar\u00e1 de actividades l\u00fadicas, creativas y participativas dirigidas a ni\u00f1as, ni\u00f1os, j\u00f3venes, personas adultas y familias enteras que quieran vivir un verano diferente, donde el arte y la cultura son los protagonistas.<\/p>\n\n\n\n<p>Cada jornada ofrecer\u00e1 experiencias dise\u00f1adas para estimular la imaginaci\u00f3n, el juego, la reflexi\u00f3n y la convivencia. Entre las actividades principales se encuentra el taller de cartoner\u00eda, que se realizar\u00e1 todos los s\u00e1bados de julio, as\u00ed como los domingos 6 y 13, de 12:00 a 15:00 horas, donde las y los participantes aprender\u00e1n a construir figuras y objetos mediante esta t\u00e9cnica tradicional mexicana.<\/p>\n\n\n\n<p>Durante julio, el Pabell\u00f3n tambi\u00e9n ser\u00e1 sede de encuentros para compartir memorias, saberes y experiencias. A trav\u00e9s del taller&nbsp;<em>Construir memorias comunitarias<\/em>, las y los participantes reflexionar\u00e1n sobre la historia oral y su preservaci\u00f3n digital. Adem\u00e1s, los Tiempos de Cosecha de los Semilleros Creativos de Artes Gr\u00e1ficas y Circo mostrar\u00e1n el talento colectivo y el proceso creativo de ni\u00f1as, ni\u00f1os y j\u00f3venes.<\/p>\n\n\n\n<p>La m\u00fasica y el movimiento ser\u00e1n parte esencial de estas vacaciones con actividades que celebran la expresi\u00f3n y la convivencia. La cantante Talia Loaria,&nbsp;<em>La Remambaramba<\/em>, encabezar\u00e1 una jornada de&nbsp;<em>karaoke<\/em>&nbsp;para cantar en comunidad, mientras que Mauricio Castillo, danzonero&nbsp;<em>queer<\/em>, ofrecer\u00e1 una clase especial de baile de sal\u00f3n con danz\u00f3n, chachach\u00e1 y mambo, donde el ritmo ser\u00e1 un lenguaje libre e inclusivo.<\/p>\n\n\n\n<p>Estas vacaciones tambi\u00e9n ser\u00e1n una oportunidad para descubrir y participar en las actividades permanentes del espacio, como: Semilleros Creativos, con talleres de ajedrez, artes gr\u00e1ficas, circo y teatro, donde ni\u00f1as, ni\u00f1os y j\u00f3venes exploran el arte como forma de expresi\u00f3n y transformaci\u00f3n social.<\/p>\n\n\n\n<p>Semillero de Oficios Culturales, un espacio de formaci\u00f3n comunitaria que ofrece actividades de dise\u00f1o gr\u00e1fico, escritura, trabajo en madera, serigraf\u00eda y creaci\u00f3n de vestuario.<\/p>\n\n\n\n<p>Convites Culturales, con sesiones de pintura, guitarra y artes pl\u00e1sticas para p\u00fablicos de todas las edades, as\u00ed como del Cine Sillita, que ofrece funciones todos los viernes, de 16:00 a 18:00 horas, con pel\u00edculas y cortos seleccionados.<\/p>\n\n\n\n<p>Todas las actividades son gratuitas y est\u00e1n pensadas para fortalecer el derecho a la cultura, el uso creativo del tiempo libre y el tejido social a trav\u00e9s de experiencias significativas, accesibles e inclusivas.<\/p>\n\n\n\n<p>El Pabell\u00f3n de Cultura Comunitaria est\u00e1 ubicado en&nbsp;<a href=\"https:\/\/www.google.com\/maps\/search\/Av.+Constituyentes+270?entry=gmail&amp;source=g\">Av. Constituyentes 270<\/a>, y abre sus puertas de martes a s\u00e1bado, de 11:00 a 18:00 horas, y los domingos, de 11:00 a 16:00 horas. Este recinto no cuenta con estacionamiento.<\/p>\n\n\n\n<p>Por reglamento oficial, no est\u00e1 permitido ingresar con mascotas. Para m\u00e1s informaci\u00f3n, puedes escribir a:&nbsp;<a href=\"mailto:contactopabellon@cultura.gob.mx\" target=\"_blank\" rel=\"noreferrer noopener\">contactopabellon@cultura.gob.<wbr>mx<\/a>.<\/p>\n\n\n\n<p>Consulta la cartelera completa en:&nbsp;<a href=\"http:\/\/culturacomunitaria.cultura.gob.mx\/\" target=\"_blank\" rel=\"noreferrer noopener\">culturacomunitaria.cultura.<wbr>gob.mx<\/a><\/p>\n","protected":false},"excerpt":{"rendered":"<p>Por Redacci\u00f3n QP La Secretar\u00eda de Cultura del Gobierno de M\u00e9xico, a trav\u00e9s de la&#8230;<\/p>\n","protected":false},"author":2,"featured_media":117394,"comment_status":"open","ping_status":"open","sticky":false,"template":"","format":"standard","meta":{"_monsterinsights_skip_tracking":false,"_monsterinsights_sitenote_active":false,"_monsterinsights_sitenote_note":"","_monsterinsights_sitenote_category":0,"footnotes":""},"categories":[55,58],"tags":[],"class_list":["post-117393","post","type-post","status-publish","format-standard","has-post-thumbnail","hentry","category-cdmx","category-cultura"],"yoast_head":"<!-- This site is optimized with the Yoast SEO plugin v27.3 - https:\/\/yoast.com\/product\/yoast-seo-wordpress\/ -->\n<title>DISFRUTA DE LAS VACACIONES DE VERANO EN EL PABELL\u00d3N -<\/title>\n<meta name=\"robots\" content=\"index, follow, max-snippet:-1, max-image-preview:large, max-video-preview:-1\" \/>\n<link rel=\"canonical\" href=\"https:\/\/quehacerpolitico.mx\/?p=117393\" \/>\n<meta property=\"og:locale\" content=\"es_MX\" \/>\n<meta property=\"og:type\" content=\"article\" \/>\n<meta property=\"og:title\" content=\"DISFRUTA DE LAS VACACIONES DE VERANO EN EL PABELL\u00d3N -\" \/>\n<meta property=\"og:description\" content=\"Por Redacci\u00f3n QP La Secretar\u00eda de Cultura del Gobierno de M\u00e9xico, a trav\u00e9s de la...\" \/>\n<meta property=\"og:url\" content=\"https:\/\/quehacerpolitico.mx\/?p=117393\" \/>\n<meta property=\"article:published_time\" content=\"2025-07-02T20:03:52+00:00\" \/>\n<meta property=\"article:modified_time\" content=\"2025-07-02T20:03:55+00:00\" \/>\n<meta property=\"og:image\" content=\"https:\/\/quehacerpolitico.mx\/wp-content\/uploads\/2025\/07\/IMG_1381.jpeg\" \/>\n\t<meta property=\"og:image:width\" content=\"739\" \/>\n\t<meta property=\"og:image:height\" content=\"415\" \/>\n\t<meta property=\"og:image:type\" content=\"image\/jpeg\" \/>\n<meta name=\"author\" content=\"Redacci\u00f3n QP\" \/>\n<meta name=\"twitter:card\" content=\"summary_large_image\" \/>\n<meta name=\"twitter:label1\" content=\"Escrito por\" \/>\n\t<meta name=\"twitter:data1\" content=\"Redacci\u00f3n QP\" \/>\n\t<meta name=\"twitter:label2\" content=\"Tiempo de lectura\" \/>\n\t<meta name=\"twitter:data2\" content=\"3 minutos\" \/>\n<script type=\"application\/ld+json\" class=\"yoast-schema-graph\">{\"@context\":\"https:\\\/\\\/schema.org\",\"@graph\":[{\"@type\":\"Article\",\"@id\":\"https:\\\/\\\/quehacerpolitico.mx\\\/?p=117393#article\",\"isPartOf\":{\"@id\":\"https:\\\/\\\/quehacerpolitico.mx\\\/?p=117393\"},\"author\":{\"name\":\"Redacci\u00f3n QP\",\"@id\":\"https:\\\/\\\/quehacerpolitico.mx\\\/#\\\/schema\\\/person\\\/496d8ad2d1d3f8036101dca7ee39e585\"},\"headline\":\"DISFRUTA DE LAS VACACIONES DE VERANO EN EL PABELL\u00d3N\",\"datePublished\":\"2025-07-02T20:03:52+00:00\",\"dateModified\":\"2025-07-02T20:03:55+00:00\",\"mainEntityOfPage\":{\"@id\":\"https:\\\/\\\/quehacerpolitico.mx\\\/?p=117393\"},\"wordCount\":590,\"commentCount\":0,\"image\":{\"@id\":\"https:\\\/\\\/quehacerpolitico.mx\\\/?p=117393#primaryimage\"},\"thumbnailUrl\":\"https:\\\/\\\/quehacerpolitico.mx\\\/wp-content\\\/uploads\\\/2025\\\/07\\\/IMG_1381.jpeg\",\"articleSection\":[\"CDMX\",\"Cultura y Entretenimiento\"],\"inLanguage\":\"es\",\"potentialAction\":[{\"@type\":\"CommentAction\",\"name\":\"Comment\",\"target\":[\"https:\\\/\\\/quehacerpolitico.mx\\\/?p=117393#respond\"]}]},{\"@type\":\"WebPage\",\"@id\":\"https:\\\/\\\/quehacerpolitico.mx\\\/?p=117393\",\"url\":\"https:\\\/\\\/quehacerpolitico.mx\\\/?p=117393\",\"name\":\"DISFRUTA DE LAS VACACIONES DE VERANO EN EL PABELL\u00d3N -\",\"isPartOf\":{\"@id\":\"https:\\\/\\\/quehacerpolitico.mx\\\/#website\"},\"primaryImageOfPage\":{\"@id\":\"https:\\\/\\\/quehacerpolitico.mx\\\/?p=117393#primaryimage\"},\"image\":{\"@id\":\"https:\\\/\\\/quehacerpolitico.mx\\\/?p=117393#primaryimage\"},\"thumbnailUrl\":\"https:\\\/\\\/quehacerpolitico.mx\\\/wp-content\\\/uploads\\\/2025\\\/07\\\/IMG_1381.jpeg\",\"datePublished\":\"2025-07-02T20:03:52+00:00\",\"dateModified\":\"2025-07-02T20:03:55+00:00\",\"author\":{\"@id\":\"https:\\\/\\\/quehacerpolitico.mx\\\/#\\\/schema\\\/person\\\/496d8ad2d1d3f8036101dca7ee39e585\"},\"breadcrumb\":{\"@id\":\"https:\\\/\\\/quehacerpolitico.mx\\\/?p=117393#breadcrumb\"},\"inLanguage\":\"es\",\"potentialAction\":[{\"@type\":\"ReadAction\",\"target\":[\"https:\\\/\\\/quehacerpolitico.mx\\\/?p=117393\"]}]},{\"@type\":\"ImageObject\",\"inLanguage\":\"es\",\"@id\":\"https:\\\/\\\/quehacerpolitico.mx\\\/?p=117393#primaryimage\",\"url\":\"https:\\\/\\\/quehacerpolitico.mx\\\/wp-content\\\/uploads\\\/2025\\\/07\\\/IMG_1381.jpeg\",\"contentUrl\":\"https:\\\/\\\/quehacerpolitico.mx\\\/wp-content\\\/uploads\\\/2025\\\/07\\\/IMG_1381.jpeg\",\"width\":739,\"height\":415},{\"@type\":\"BreadcrumbList\",\"@id\":\"https:\\\/\\\/quehacerpolitico.mx\\\/?p=117393#breadcrumb\",\"itemListElement\":[{\"@type\":\"ListItem\",\"position\":1,\"name\":\"Inicio\",\"item\":\"https:\\\/\\\/quehacerpolitico.mx\\\/\"},{\"@type\":\"ListItem\",\"position\":2,\"name\":\"DISFRUTA DE LAS VACACIONES DE VERANO EN EL PABELL\u00d3N\"}]},{\"@type\":\"WebSite\",\"@id\":\"https:\\\/\\\/quehacerpolitico.mx\\\/#website\",\"url\":\"https:\\\/\\\/quehacerpolitico.mx\\\/\",\"name\":\"\",\"description\":\"\",\"potentialAction\":[{\"@type\":\"SearchAction\",\"target\":{\"@type\":\"EntryPoint\",\"urlTemplate\":\"https:\\\/\\\/quehacerpolitico.mx\\\/?s={search_term_string}\"},\"query-input\":{\"@type\":\"PropertyValueSpecification\",\"valueRequired\":true,\"valueName\":\"search_term_string\"}}],\"inLanguage\":\"es\"},{\"@type\":\"Person\",\"@id\":\"https:\\\/\\\/quehacerpolitico.mx\\\/#\\\/schema\\\/person\\\/496d8ad2d1d3f8036101dca7ee39e585\",\"name\":\"Redacci\u00f3n QP\",\"image\":{\"@type\":\"ImageObject\",\"inLanguage\":\"es\",\"@id\":\"https:\\\/\\\/secure.gravatar.com\\\/avatar\\\/c7164ed6fdec453195284ad24a5ae5b6e1eed2b848477fa2a4787ba9adf39a41?s=96&d=mm&r=g\",\"url\":\"https:\\\/\\\/secure.gravatar.com\\\/avatar\\\/c7164ed6fdec453195284ad24a5ae5b6e1eed2b848477fa2a4787ba9adf39a41?s=96&d=mm&r=g\",\"contentUrl\":\"https:\\\/\\\/secure.gravatar.com\\\/avatar\\\/c7164ed6fdec453195284ad24a5ae5b6e1eed2b848477fa2a4787ba9adf39a41?s=96&d=mm&r=g\",\"caption\":\"Redacci\u00f3n QP\"},\"url\":\"https:\\\/\\\/quehacerpolitico.mx\\\/?author=2\"}]}<\/script>\n<!-- \/ Yoast SEO plugin. -->","yoast_head_json":{"title":"DISFRUTA DE LAS VACACIONES DE VERANO EN EL PABELL\u00d3N -","robots":{"index":"index","follow":"follow","max-snippet":"max-snippet:-1","max-image-preview":"max-image-preview:large","max-video-preview":"max-video-preview:-1"},"canonical":"https:\/\/quehacerpolitico.mx\/?p=117393","og_locale":"es_MX","og_type":"article","og_title":"DISFRUTA DE LAS VACACIONES DE VERANO EN EL PABELL\u00d3N -","og_description":"Por Redacci\u00f3n QP La Secretar\u00eda de Cultura del Gobierno de M\u00e9xico, a trav\u00e9s de la...","og_url":"https:\/\/quehacerpolitico.mx\/?p=117393","article_published_time":"2025-07-02T20:03:52+00:00","article_modified_time":"2025-07-02T20:03:55+00:00","og_image":[{"width":739,"height":415,"url":"https:\/\/quehacerpolitico.mx\/wp-content\/uploads\/2025\/07\/IMG_1381.jpeg","type":"image\/jpeg"}],"author":"Redacci\u00f3n QP","twitter_card":"summary_large_image","twitter_misc":{"Escrito por":"Redacci\u00f3n QP","Tiempo de lectura":"3 minutos"},"schema":{"@context":"https:\/\/schema.org","@graph":[{"@type":"Article","@id":"https:\/\/quehacerpolitico.mx\/?p=117393#article","isPartOf":{"@id":"https:\/\/quehacerpolitico.mx\/?p=117393"},"author":{"name":"Redacci\u00f3n QP","@id":"https:\/\/quehacerpolitico.mx\/#\/schema\/person\/496d8ad2d1d3f8036101dca7ee39e585"},"headline":"DISFRUTA DE LAS VACACIONES DE VERANO EN EL PABELL\u00d3N","datePublished":"2025-07-02T20:03:52+00:00","dateModified":"2025-07-02T20:03:55+00:00","mainEntityOfPage":{"@id":"https:\/\/quehacerpolitico.mx\/?p=117393"},"wordCount":590,"commentCount":0,"image":{"@id":"https:\/\/quehacerpolitico.mx\/?p=117393#primaryimage"},"thumbnailUrl":"https:\/\/quehacerpolitico.mx\/wp-content\/uploads\/2025\/07\/IMG_1381.jpeg","articleSection":["CDMX","Cultura y Entretenimiento"],"inLanguage":"es","potentialAction":[{"@type":"CommentAction","name":"Comment","target":["https:\/\/quehacerpolitico.mx\/?p=117393#respond"]}]},{"@type":"WebPage","@id":"https:\/\/quehacerpolitico.mx\/?p=117393","url":"https:\/\/quehacerpolitico.mx\/?p=117393","name":"DISFRUTA DE LAS VACACIONES DE VERANO EN EL PABELL\u00d3N -","isPartOf":{"@id":"https:\/\/quehacerpolitico.mx\/#website"},"primaryImageOfPage":{"@id":"https:\/\/quehacerpolitico.mx\/?p=117393#primaryimage"},"image":{"@id":"https:\/\/quehacerpolitico.mx\/?p=117393#primaryimage"},"thumbnailUrl":"https:\/\/quehacerpolitico.mx\/wp-content\/uploads\/2025\/07\/IMG_1381.jpeg","datePublished":"2025-07-02T20:03:52+00:00","dateModified":"2025-07-02T20:03:55+00:00","author":{"@id":"https:\/\/quehacerpolitico.mx\/#\/schema\/person\/496d8ad2d1d3f8036101dca7ee39e585"},"breadcrumb":{"@id":"https:\/\/quehacerpolitico.mx\/?p=117393#breadcrumb"},"inLanguage":"es","potentialAction":[{"@type":"ReadAction","target":["https:\/\/quehacerpolitico.mx\/?p=117393"]}]},{"@type":"ImageObject","inLanguage":"es","@id":"https:\/\/quehacerpolitico.mx\/?p=117393#primaryimage","url":"https:\/\/quehacerpolitico.mx\/wp-content\/uploads\/2025\/07\/IMG_1381.jpeg","contentUrl":"https:\/\/quehacerpolitico.mx\/wp-content\/uploads\/2025\/07\/IMG_1381.jpeg","width":739,"height":415},{"@type":"BreadcrumbList","@id":"https:\/\/quehacerpolitico.mx\/?p=117393#breadcrumb","itemListElement":[{"@type":"ListItem","position":1,"name":"Inicio","item":"https:\/\/quehacerpolitico.mx\/"},{"@type":"ListItem","position":2,"name":"DISFRUTA DE LAS VACACIONES DE VERANO EN EL PABELL\u00d3N"}]},{"@type":"WebSite","@id":"https:\/\/quehacerpolitico.mx\/#website","url":"https:\/\/quehacerpolitico.mx\/","name":"","description":"","potentialAction":[{"@type":"SearchAction","target":{"@type":"EntryPoint","urlTemplate":"https:\/\/quehacerpolitico.mx\/?s={search_term_string}"},"query-input":{"@type":"PropertyValueSpecification","valueRequired":true,"valueName":"search_term_string"}}],"inLanguage":"es"},{"@type":"Person","@id":"https:\/\/quehacerpolitico.mx\/#\/schema\/person\/496d8ad2d1d3f8036101dca7ee39e585","name":"Redacci\u00f3n QP","image":{"@type":"ImageObject","inLanguage":"es","@id":"https:\/\/secure.gravatar.com\/avatar\/c7164ed6fdec453195284ad24a5ae5b6e1eed2b848477fa2a4787ba9adf39a41?s=96&d=mm&r=g","url":"https:\/\/secure.gravatar.com\/avatar\/c7164ed6fdec453195284ad24a5ae5b6e1eed2b848477fa2a4787ba9adf39a41?s=96&d=mm&r=g","contentUrl":"https:\/\/secure.gravatar.com\/avatar\/c7164ed6fdec453195284ad24a5ae5b6e1eed2b848477fa2a4787ba9adf39a41?s=96&d=mm&r=g","caption":"Redacci\u00f3n QP"},"url":"https:\/\/quehacerpolitico.mx\/?author=2"}]}},"featured_image_urls":{"full":["https:\/\/quehacerpolitico.mx\/wp-content\/uploads\/2025\/07\/IMG_1381.jpeg",739,415,false],"thumbnail":["https:\/\/quehacerpolitico.mx\/wp-content\/uploads\/2025\/07\/IMG_1381-150x150.jpeg",150,150,true],"medium":["https:\/\/quehacerpolitico.mx\/wp-content\/uploads\/2025\/07\/IMG_1381-300x168.jpeg",300,168,true],"medium_large":["https:\/\/quehacerpolitico.mx\/wp-content\/uploads\/2025\/07\/IMG_1381.jpeg",640,359,false],"large":["https:\/\/quehacerpolitico.mx\/wp-content\/uploads\/2025\/07\/IMG_1381.jpeg",640,359,false],"1536x1536":["https:\/\/quehacerpolitico.mx\/wp-content\/uploads\/2025\/07\/IMG_1381.jpeg",739,415,false],"2048x2048":["https:\/\/quehacerpolitico.mx\/wp-content\/uploads\/2025\/07\/IMG_1381.jpeg",739,415,false],"covernews-featured":["https:\/\/quehacerpolitico.mx\/wp-content\/uploads\/2025\/07\/IMG_1381.jpeg",739,415,false],"covernews-medium":["https:\/\/quehacerpolitico.mx\/wp-content\/uploads\/2025\/07\/IMG_1381-540x340.jpeg",540,340,true]},"author_info":{"display_name":"Redacci\u00f3n QP","author_link":"https:\/\/quehacerpolitico.mx\/?author=2"},"category_info":"<a href=\"https:\/\/quehacerpolitico.mx\/?cat=55\" rel=\"category\">CDMX<\/a> <a href=\"https:\/\/quehacerpolitico.mx\/?cat=58\" rel=\"category\">Cultura y Entretenimiento<\/a>","tag_info":"Cultura y Entretenimiento","comment_count":"0","_links":{"self":[{"href":"https:\/\/quehacerpolitico.mx\/index.php?rest_route=\/wp\/v2\/posts\/117393","targetHints":{"allow":["GET"]}}],"collection":[{"href":"https:\/\/quehacerpolitico.mx\/index.php?rest_route=\/wp\/v2\/posts"}],"about":[{"href":"https:\/\/quehacerpolitico.mx\/index.php?rest_route=\/wp\/v2\/types\/post"}],"author":[{"embeddable":true,"href":"https:\/\/quehacerpolitico.mx\/index.php?rest_route=\/wp\/v2\/users\/2"}],"replies":[{"embeddable":true,"href":"https:\/\/quehacerpolitico.mx\/index.php?rest_route=%2Fwp%2Fv2%2Fcomments&post=117393"}],"version-history":[{"count":1,"href":"https:\/\/quehacerpolitico.mx\/index.php?rest_route=\/wp\/v2\/posts\/117393\/revisions"}],"predecessor-version":[{"id":117395,"href":"https:\/\/quehacerpolitico.mx\/index.php?rest_route=\/wp\/v2\/posts\/117393\/revisions\/117395"}],"wp:featuredmedia":[{"embeddable":true,"href":"https:\/\/quehacerpolitico.mx\/index.php?rest_route=\/wp\/v2\/media\/117394"}],"wp:attachment":[{"href":"https:\/\/quehacerpolitico.mx\/index.php?rest_route=%2Fwp%2Fv2%2Fmedia&parent=117393"}],"wp:term":[{"taxonomy":"category","embeddable":true,"href":"https:\/\/quehacerpolitico.mx\/index.php?rest_route=%2Fwp%2Fv2%2Fcategories&post=117393"},{"taxonomy":"post_tag","embeddable":true,"href":"https:\/\/quehacerpolitico.mx\/index.php?rest_route=%2Fwp%2Fv2%2Ftags&post=117393"}],"curies":[{"name":"wp","href":"https:\/\/api.w.org\/{rel}","templated":true}]}}