{"id":117390,"date":"2025-07-02T13:36:51","date_gmt":"2025-07-02T19:36:51","guid":{"rendered":"https:\/\/quehacerpolitico.mx\/?p=117390"},"modified":"2025-07-02T13:36:54","modified_gmt":"2025-07-02T19:36:54","slug":"quien-manda-en-palacio","status":"publish","type":"post","link":"https:\/\/quehacerpolitico.mx\/?p=117390","title":{"rendered":"Quien manda en Palacio?"},"content":{"rendered":"\n<p>Por Redacci\u00f3n QP<\/p>\n\n\n\n<p>El 28 de enero de 2020 -8 d\u00edas despu\u00e9s de iniciada oficialmente la pandemia del Covid 19- el doctor Hugo L\u00f3pez-Gatell, subsecretario de Salud,&nbsp; dijo: \u201cEl nuevo coronavirus se comporta como un virus de AGRESIVIDAD LEVE comparado con la influencia estacional\u2026 Si hoy ustedes se quedan con la sensaci\u00f3n que decimos \u201cno pasa nada\u201d, ES PORQUE LA EVIDENCIA LO MUESTRA\u201d. Tres a\u00f1os y cuatro meses despu\u00e9s -19 de mayo de 2023- cuando oficialmente la Organizaci\u00f3n Mundial de la Salud (OMS) dio por terminada la tragedia de salud, en M\u00e9xico hab\u00edan fallecido 830,243 personas a consecuencia del virus. Adem\u00e1s, nuestro pa\u00eds se hab\u00eda convertido en el cuarto en el mundo con m\u00e1s muertes, el segundo en letalidad por contagios y de los primeros en personal m\u00e9dico que falleci\u00f3 como secuela del contagio.<\/p>\n\n\n\n<p>Hoy, el doctor L\u00f3pez-Gatell -siempre amparado, protegido y defendido por L\u00f3pez Obrador-, quien minimiz\u00f3 la peligrosidad de la pandemia y el mismo que entr\u00f3 en controversia con los cient\u00edficos mexicanos e investigadores de la Universidad Nacional Aut\u00f3noma de M\u00e9xico (UNAM) sobre el uso de cubrebocas, al decir \u201cEs importante no sobredimensionar, no exagerar la preocupaci\u00f3n\u201d, al que se le capt\u00f3 en la etapa m\u00e1s \u00e1lgida de la pandemia disfrutando en una playa de Oaxaca, gan\u00e1ndose las cr\u00edticas de muchos sectores de la sociedad por la ligereza con que manej\u00f3 la pandemia y las letales consecuencias que tuvo, ha sido designado por la presidenta Claudia Sheinbaum como el representante de M\u00e9xico ante la Organizaci\u00f3n Mundial de la Salud.<\/p>\n\n\n\n<p>En el nombramiento de L\u00f3pez-Gatell brincan dos cuestionamientos; primero su p\u00e9simo desempe\u00f1o al frente de la subsecretar\u00eda y las tr\u00e1gicas consecuencias de sus \u201crecomendaciones\u201d m\u00e9dicas para enfrentar la pandemia y segundo, las diferencias que hubo entre \u00e9l y la entonces Jefa de Gobierno Claudia Sheinbaum. Sobre esto \u00faltimo fue \u201cla comidilla del d\u00eda\u201d en ese tiempo, que ante la necesidad de la ahora mandataria de prender el sem\u00e1foro rojo en la capital, L\u00f3pez-Gatell aleg\u00f3 airadamente -neg\u00e1ndose a esa disposici\u00f3n- en una reuni\u00f3n frente al entonces presidente L\u00f3pez Obrador. Y aparentemente no fueron las \u00fanicas diferencias que surgieron entre la Jefa de Gobierno y Subsecretario de Salud, seg\u00fan se desprende de personas que fueron testigos de las desaveniencias.<\/p>\n\n\n\n<p>Entonces, la pregunta es muy sencilla, \u00bfpor qu\u00e9&nbsp;quien fall\u00f3&nbsp;en su funci\u00f3n, incluso provocando la muerte de miles de personas con sus malas decisiones, y teniendo grandes diferencias de criterio con la presidenta, se le premia envi\u00e1ndolo a Ginebra, Suiza? Con esto se confirma que en Palacio Nacional hay una persona que despacha y otra es la que manda, aunque se encuentre a mucha distancia.<\/p>\n\n\n\n<p>As\u00ed el Quehacer Pol\u00edtico Desde 1980, 45 a\u00f1os inquiriendo en la pol\u00edtica de M\u00e9xico, cuestionando, exponiendo, revelando y razonando.Es cuanto.<\/p>\n","protected":false},"excerpt":{"rendered":"<p>Por Redacci\u00f3n QP El 28 de enero de 2020 -8 d\u00edas despu\u00e9s de iniciada oficialmente&#8230;<\/p>\n","protected":false},"author":2,"featured_media":117391,"comment_status":"open","ping_status":"open","sticky":false,"template":"","format":"standard","meta":{"_monsterinsights_skip_tracking":false,"_monsterinsights_sitenote_active":false,"_monsterinsights_sitenote_note":"","_monsterinsights_sitenote_category":0,"footnotes":""},"categories":[280,2],"tags":[],"class_list":["post-117390","post","type-post","status-publish","format-standard","has-post-thumbnail","hentry","category-nacionales","category-noticias"],"yoast_head":"<!-- This site is optimized with the Yoast SEO plugin v27.3 - https:\/\/yoast.com\/product\/yoast-seo-wordpress\/ -->\n<title>Quien manda en Palacio? -<\/title>\n<meta name=\"robots\" content=\"index, follow, max-snippet:-1, max-image-preview:large, max-video-preview:-1\" \/>\n<link rel=\"canonical\" href=\"https:\/\/quehacerpolitico.mx\/?p=117390\" \/>\n<meta property=\"og:locale\" content=\"es_MX\" \/>\n<meta property=\"og:type\" content=\"article\" \/>\n<meta property=\"og:title\" content=\"Quien manda en Palacio? -\" \/>\n<meta property=\"og:description\" content=\"Por Redacci\u00f3n QP El 28 de enero de 2020 -8 d\u00edas despu\u00e9s de iniciada oficialmente...\" \/>\n<meta property=\"og:url\" content=\"https:\/\/quehacerpolitico.mx\/?p=117390\" \/>\n<meta property=\"article:published_time\" content=\"2025-07-02T19:36:51+00:00\" \/>\n<meta property=\"article:modified_time\" content=\"2025-07-02T19:36:54+00:00\" \/>\n<meta property=\"og:image\" content=\"https:\/\/quehacerpolitico.mx\/wp-content\/uploads\/2025\/07\/fb07bd44-0f95-41a8-8353-f61c55b6d960-1.jpeg\" \/>\n\t<meta property=\"og:image:width\" content=\"963\" \/>\n\t<meta property=\"og:image:height\" content=\"493\" \/>\n\t<meta property=\"og:image:type\" content=\"image\/jpeg\" \/>\n<meta name=\"author\" content=\"Redacci\u00f3n QP\" \/>\n<meta name=\"twitter:card\" content=\"summary_large_image\" \/>\n<meta name=\"twitter:label1\" content=\"Escrito por\" \/>\n\t<meta name=\"twitter:data1\" content=\"Redacci\u00f3n QP\" \/>\n\t<meta name=\"twitter:label2\" content=\"Tiempo de lectura\" \/>\n\t<meta name=\"twitter:data2\" content=\"2 minutos\" \/>\n<script type=\"application\/ld+json\" class=\"yoast-schema-graph\">{\"@context\":\"https:\\\/\\\/schema.org\",\"@graph\":[{\"@type\":\"Article\",\"@id\":\"https:\\\/\\\/quehacerpolitico.mx\\\/?p=117390#article\",\"isPartOf\":{\"@id\":\"https:\\\/\\\/quehacerpolitico.mx\\\/?p=117390\"},\"author\":{\"name\":\"Redacci\u00f3n QP\",\"@id\":\"https:\\\/\\\/quehacerpolitico.mx\\\/#\\\/schema\\\/person\\\/496d8ad2d1d3f8036101dca7ee39e585\"},\"headline\":\"Quien manda en Palacio?\",\"datePublished\":\"2025-07-02T19:36:51+00:00\",\"dateModified\":\"2025-07-02T19:36:54+00:00\",\"mainEntityOfPage\":{\"@id\":\"https:\\\/\\\/quehacerpolitico.mx\\\/?p=117390\"},\"wordCount\":503,\"commentCount\":0,\"image\":{\"@id\":\"https:\\\/\\\/quehacerpolitico.mx\\\/?p=117390#primaryimage\"},\"thumbnailUrl\":\"https:\\\/\\\/quehacerpolitico.mx\\\/wp-content\\\/uploads\\\/2025\\\/07\\\/fb07bd44-0f95-41a8-8353-f61c55b6d960-1.jpeg\",\"articleSection\":[\"Nacionales\",\"Noticias\"],\"inLanguage\":\"es\",\"potentialAction\":[{\"@type\":\"CommentAction\",\"name\":\"Comment\",\"target\":[\"https:\\\/\\\/quehacerpolitico.mx\\\/?p=117390#respond\"]}]},{\"@type\":\"WebPage\",\"@id\":\"https:\\\/\\\/quehacerpolitico.mx\\\/?p=117390\",\"url\":\"https:\\\/\\\/quehacerpolitico.mx\\\/?p=117390\",\"name\":\"Quien manda en Palacio? -\",\"isPartOf\":{\"@id\":\"https:\\\/\\\/quehacerpolitico.mx\\\/#website\"},\"primaryImageOfPage\":{\"@id\":\"https:\\\/\\\/quehacerpolitico.mx\\\/?p=117390#primaryimage\"},\"image\":{\"@id\":\"https:\\\/\\\/quehacerpolitico.mx\\\/?p=117390#primaryimage\"},\"thumbnailUrl\":\"https:\\\/\\\/quehacerpolitico.mx\\\/wp-content\\\/uploads\\\/2025\\\/07\\\/fb07bd44-0f95-41a8-8353-f61c55b6d960-1.jpeg\",\"datePublished\":\"2025-07-02T19:36:51+00:00\",\"dateModified\":\"2025-07-02T19:36:54+00:00\",\"author\":{\"@id\":\"https:\\\/\\\/quehacerpolitico.mx\\\/#\\\/schema\\\/person\\\/496d8ad2d1d3f8036101dca7ee39e585\"},\"breadcrumb\":{\"@id\":\"https:\\\/\\\/quehacerpolitico.mx\\\/?p=117390#breadcrumb\"},\"inLanguage\":\"es\",\"potentialAction\":[{\"@type\":\"ReadAction\",\"target\":[\"https:\\\/\\\/quehacerpolitico.mx\\\/?p=117390\"]}]},{\"@type\":\"ImageObject\",\"inLanguage\":\"es\",\"@id\":\"https:\\\/\\\/quehacerpolitico.mx\\\/?p=117390#primaryimage\",\"url\":\"https:\\\/\\\/quehacerpolitico.mx\\\/wp-content\\\/uploads\\\/2025\\\/07\\\/fb07bd44-0f95-41a8-8353-f61c55b6d960-1.jpeg\",\"contentUrl\":\"https:\\\/\\\/quehacerpolitico.mx\\\/wp-content\\\/uploads\\\/2025\\\/07\\\/fb07bd44-0f95-41a8-8353-f61c55b6d960-1.jpeg\",\"width\":963,\"height\":493},{\"@type\":\"BreadcrumbList\",\"@id\":\"https:\\\/\\\/quehacerpolitico.mx\\\/?p=117390#breadcrumb\",\"itemListElement\":[{\"@type\":\"ListItem\",\"position\":1,\"name\":\"Inicio\",\"item\":\"https:\\\/\\\/quehacerpolitico.mx\\\/\"},{\"@type\":\"ListItem\",\"position\":2,\"name\":\"Quien manda en Palacio?\"}]},{\"@type\":\"WebSite\",\"@id\":\"https:\\\/\\\/quehacerpolitico.mx\\\/#website\",\"url\":\"https:\\\/\\\/quehacerpolitico.mx\\\/\",\"name\":\"\",\"description\":\"\",\"potentialAction\":[{\"@type\":\"SearchAction\",\"target\":{\"@type\":\"EntryPoint\",\"urlTemplate\":\"https:\\\/\\\/quehacerpolitico.mx\\\/?s={search_term_string}\"},\"query-input\":{\"@type\":\"PropertyValueSpecification\",\"valueRequired\":true,\"valueName\":\"search_term_string\"}}],\"inLanguage\":\"es\"},{\"@type\":\"Person\",\"@id\":\"https:\\\/\\\/quehacerpolitico.mx\\\/#\\\/schema\\\/person\\\/496d8ad2d1d3f8036101dca7ee39e585\",\"name\":\"Redacci\u00f3n QP\",\"image\":{\"@type\":\"ImageObject\",\"inLanguage\":\"es\",\"@id\":\"https:\\\/\\\/secure.gravatar.com\\\/avatar\\\/c7164ed6fdec453195284ad24a5ae5b6e1eed2b848477fa2a4787ba9adf39a41?s=96&d=mm&r=g\",\"url\":\"https:\\\/\\\/secure.gravatar.com\\\/avatar\\\/c7164ed6fdec453195284ad24a5ae5b6e1eed2b848477fa2a4787ba9adf39a41?s=96&d=mm&r=g\",\"contentUrl\":\"https:\\\/\\\/secure.gravatar.com\\\/avatar\\\/c7164ed6fdec453195284ad24a5ae5b6e1eed2b848477fa2a4787ba9adf39a41?s=96&d=mm&r=g\",\"caption\":\"Redacci\u00f3n QP\"},\"url\":\"https:\\\/\\\/quehacerpolitico.mx\\\/?author=2\"}]}<\/script>\n<!-- \/ Yoast SEO plugin. -->","yoast_head_json":{"title":"Quien manda en Palacio? -","robots":{"index":"index","follow":"follow","max-snippet":"max-snippet:-1","max-image-preview":"max-image-preview:large","max-video-preview":"max-video-preview:-1"},"canonical":"https:\/\/quehacerpolitico.mx\/?p=117390","og_locale":"es_MX","og_type":"article","og_title":"Quien manda en Palacio? -","og_description":"Por Redacci\u00f3n QP El 28 de enero de 2020 -8 d\u00edas despu\u00e9s de iniciada oficialmente...","og_url":"https:\/\/quehacerpolitico.mx\/?p=117390","article_published_time":"2025-07-02T19:36:51+00:00","article_modified_time":"2025-07-02T19:36:54+00:00","og_image":[{"width":963,"height":493,"url":"https:\/\/quehacerpolitico.mx\/wp-content\/uploads\/2025\/07\/fb07bd44-0f95-41a8-8353-f61c55b6d960-1.jpeg","type":"image\/jpeg"}],"author":"Redacci\u00f3n QP","twitter_card":"summary_large_image","twitter_misc":{"Escrito por":"Redacci\u00f3n QP","Tiempo de lectura":"2 minutos"},"schema":{"@context":"https:\/\/schema.org","@graph":[{"@type":"Article","@id":"https:\/\/quehacerpolitico.mx\/?p=117390#article","isPartOf":{"@id":"https:\/\/quehacerpolitico.mx\/?p=117390"},"author":{"name":"Redacci\u00f3n QP","@id":"https:\/\/quehacerpolitico.mx\/#\/schema\/person\/496d8ad2d1d3f8036101dca7ee39e585"},"headline":"Quien manda en Palacio?","datePublished":"2025-07-02T19:36:51+00:00","dateModified":"2025-07-02T19:36:54+00:00","mainEntityOfPage":{"@id":"https:\/\/quehacerpolitico.mx\/?p=117390"},"wordCount":503,"commentCount":0,"image":{"@id":"https:\/\/quehacerpolitico.mx\/?p=117390#primaryimage"},"thumbnailUrl":"https:\/\/quehacerpolitico.mx\/wp-content\/uploads\/2025\/07\/fb07bd44-0f95-41a8-8353-f61c55b6d960-1.jpeg","articleSection":["Nacionales","Noticias"],"inLanguage":"es","potentialAction":[{"@type":"CommentAction","name":"Comment","target":["https:\/\/quehacerpolitico.mx\/?p=117390#respond"]}]},{"@type":"WebPage","@id":"https:\/\/quehacerpolitico.mx\/?p=117390","url":"https:\/\/quehacerpolitico.mx\/?p=117390","name":"Quien manda en Palacio? -","isPartOf":{"@id":"https:\/\/quehacerpolitico.mx\/#website"},"primaryImageOfPage":{"@id":"https:\/\/quehacerpolitico.mx\/?p=117390#primaryimage"},"image":{"@id":"https:\/\/quehacerpolitico.mx\/?p=117390#primaryimage"},"thumbnailUrl":"https:\/\/quehacerpolitico.mx\/wp-content\/uploads\/2025\/07\/fb07bd44-0f95-41a8-8353-f61c55b6d960-1.jpeg","datePublished":"2025-07-02T19:36:51+00:00","dateModified":"2025-07-02T19:36:54+00:00","author":{"@id":"https:\/\/quehacerpolitico.mx\/#\/schema\/person\/496d8ad2d1d3f8036101dca7ee39e585"},"breadcrumb":{"@id":"https:\/\/quehacerpolitico.mx\/?p=117390#breadcrumb"},"inLanguage":"es","potentialAction":[{"@type":"ReadAction","target":["https:\/\/quehacerpolitico.mx\/?p=117390"]}]},{"@type":"ImageObject","inLanguage":"es","@id":"https:\/\/quehacerpolitico.mx\/?p=117390#primaryimage","url":"https:\/\/quehacerpolitico.mx\/wp-content\/uploads\/2025\/07\/fb07bd44-0f95-41a8-8353-f61c55b6d960-1.jpeg","contentUrl":"https:\/\/quehacerpolitico.mx\/wp-content\/uploads\/2025\/07\/fb07bd44-0f95-41a8-8353-f61c55b6d960-1.jpeg","width":963,"height":493},{"@type":"BreadcrumbList","@id":"https:\/\/quehacerpolitico.mx\/?p=117390#breadcrumb","itemListElement":[{"@type":"ListItem","position":1,"name":"Inicio","item":"https:\/\/quehacerpolitico.mx\/"},{"@type":"ListItem","position":2,"name":"Quien manda en Palacio?"}]},{"@type":"WebSite","@id":"https:\/\/quehacerpolitico.mx\/#website","url":"https:\/\/quehacerpolitico.mx\/","name":"","description":"","potentialAction":[{"@type":"SearchAction","target":{"@type":"EntryPoint","urlTemplate":"https:\/\/quehacerpolitico.mx\/?s={search_term_string}"},"query-input":{"@type":"PropertyValueSpecification","valueRequired":true,"valueName":"search_term_string"}}],"inLanguage":"es"},{"@type":"Person","@id":"https:\/\/quehacerpolitico.mx\/#\/schema\/person\/496d8ad2d1d3f8036101dca7ee39e585","name":"Redacci\u00f3n QP","image":{"@type":"ImageObject","inLanguage":"es","@id":"https:\/\/secure.gravatar.com\/avatar\/c7164ed6fdec453195284ad24a5ae5b6e1eed2b848477fa2a4787ba9adf39a41?s=96&d=mm&r=g","url":"https:\/\/secure.gravatar.com\/avatar\/c7164ed6fdec453195284ad24a5ae5b6e1eed2b848477fa2a4787ba9adf39a41?s=96&d=mm&r=g","contentUrl":"https:\/\/secure.gravatar.com\/avatar\/c7164ed6fdec453195284ad24a5ae5b6e1eed2b848477fa2a4787ba9adf39a41?s=96&d=mm&r=g","caption":"Redacci\u00f3n QP"},"url":"https:\/\/quehacerpolitico.mx\/?author=2"}]}},"featured_image_urls":{"full":["https:\/\/quehacerpolitico.mx\/wp-content\/uploads\/2025\/07\/fb07bd44-0f95-41a8-8353-f61c55b6d960-1.jpeg",963,493,false],"thumbnail":["https:\/\/quehacerpolitico.mx\/wp-content\/uploads\/2025\/07\/fb07bd44-0f95-41a8-8353-f61c55b6d960-1-150x150.jpeg",150,150,true],"medium":["https:\/\/quehacerpolitico.mx\/wp-content\/uploads\/2025\/07\/fb07bd44-0f95-41a8-8353-f61c55b6d960-1-300x154.jpeg",300,154,true],"medium_large":["https:\/\/quehacerpolitico.mx\/wp-content\/uploads\/2025\/07\/fb07bd44-0f95-41a8-8353-f61c55b6d960-1-768x393.jpeg",640,328,true],"large":["https:\/\/quehacerpolitico.mx\/wp-content\/uploads\/2025\/07\/fb07bd44-0f95-41a8-8353-f61c55b6d960-1.jpeg",640,328,false],"1536x1536":["https:\/\/quehacerpolitico.mx\/wp-content\/uploads\/2025\/07\/fb07bd44-0f95-41a8-8353-f61c55b6d960-1.jpeg",963,493,false],"2048x2048":["https:\/\/quehacerpolitico.mx\/wp-content\/uploads\/2025\/07\/fb07bd44-0f95-41a8-8353-f61c55b6d960-1.jpeg",963,493,false],"covernews-featured":["https:\/\/quehacerpolitico.mx\/wp-content\/uploads\/2025\/07\/fb07bd44-0f95-41a8-8353-f61c55b6d960-1.jpeg",963,493,false],"covernews-medium":["https:\/\/quehacerpolitico.mx\/wp-content\/uploads\/2025\/07\/fb07bd44-0f95-41a8-8353-f61c55b6d960-1-540x340.jpeg",540,340,true]},"author_info":{"display_name":"Redacci\u00f3n QP","author_link":"https:\/\/quehacerpolitico.mx\/?author=2"},"category_info":"<a href=\"https:\/\/quehacerpolitico.mx\/?cat=280\" rel=\"category\">Nacionales<\/a> <a href=\"https:\/\/quehacerpolitico.mx\/?cat=2\" rel=\"category\">Noticias<\/a>","tag_info":"Noticias","comment_count":"0","_links":{"self":[{"href":"https:\/\/quehacerpolitico.mx\/index.php?rest_route=\/wp\/v2\/posts\/117390","targetHints":{"allow":["GET"]}}],"collection":[{"href":"https:\/\/quehacerpolitico.mx\/index.php?rest_route=\/wp\/v2\/posts"}],"about":[{"href":"https:\/\/quehacerpolitico.mx\/index.php?rest_route=\/wp\/v2\/types\/post"}],"author":[{"embeddable":true,"href":"https:\/\/quehacerpolitico.mx\/index.php?rest_route=\/wp\/v2\/users\/2"}],"replies":[{"embeddable":true,"href":"https:\/\/quehacerpolitico.mx\/index.php?rest_route=%2Fwp%2Fv2%2Fcomments&post=117390"}],"version-history":[{"count":1,"href":"https:\/\/quehacerpolitico.mx\/index.php?rest_route=\/wp\/v2\/posts\/117390\/revisions"}],"predecessor-version":[{"id":117392,"href":"https:\/\/quehacerpolitico.mx\/index.php?rest_route=\/wp\/v2\/posts\/117390\/revisions\/117392"}],"wp:featuredmedia":[{"embeddable":true,"href":"https:\/\/quehacerpolitico.mx\/index.php?rest_route=\/wp\/v2\/media\/117391"}],"wp:attachment":[{"href":"https:\/\/quehacerpolitico.mx\/index.php?rest_route=%2Fwp%2Fv2%2Fmedia&parent=117390"}],"wp:term":[{"taxonomy":"category","embeddable":true,"href":"https:\/\/quehacerpolitico.mx\/index.php?rest_route=%2Fwp%2Fv2%2Fcategories&post=117390"},{"taxonomy":"post_tag","embeddable":true,"href":"https:\/\/quehacerpolitico.mx\/index.php?rest_route=%2Fwp%2Fv2%2Ftags&post=117390"}],"curies":[{"name":"wp","href":"https:\/\/api.w.org\/{rel}","templated":true}]}}