{"id":117387,"date":"2025-07-02T12:02:43","date_gmt":"2025-07-02T18:02:43","guid":{"rendered":"https:\/\/quehacerpolitico.mx\/?p=117387"},"modified":"2025-07-02T12:02:46","modified_gmt":"2025-07-02T18:02:46","slug":"el-quehacer-politico-y-de-todo-un-poco-a-traves-de-la-opinion-ing-abel-jimenez-hernandez-alerta-inminente-estamos-realmente-preparados-para-una-tragedia-masiva","status":"publish","type":"post","link":"https:\/\/quehacerpolitico.mx\/?p=117387","title":{"rendered":"El Quehacer Pol\u00edtico y de Todo un Poco a trav\u00e9s de la opini\u00f3n\/\/\/Ing Abel Jim\u00e9nez Hernandez\/\/\/Alerta Inminente: \u00bfEstamos Realmente Preparados para una Tragedia masiva?"},"content":{"rendered":"\n<p>Por Redacci\u00f3n QP<\/p>\n\n\n\n<p>M\u00e9xico es un pa\u00eds resiliente, de profundas ra\u00edces y tradiciones, pero tambi\u00e9n uno que convive diariamente con los embates de la naturaleza. Vivimos sobre un territorio<\/p>\n\n\n\n<p>s\u00edsmicamente activo, hemos visto comunidades enteras anegadas por lluvias torrenciales, incendios forestales que amenazan zonas urbanas, y recientemente fen\u00f3menos<\/p>\n\n\n\n<p>meteorol\u00f3gicos cada vez m\u00e1s intensos e impredecibles. En este contexto, la seguridad en espacios con alta afluencia de personas no solo se vuelve relevante, sino urgente.<\/p>\n\n\n\n<p>He tenido la oportunidad, como ingeniero y como profesional comprometido con la innovaci\u00f3n en sistemas de alerta, de recorrer diferentes estados de la Rep\u00fablica, dialogar con autoridades, especialistas y comunidades. Y una constante me ha quedado clara: los lugares con m\u00e1s de 25 personas \u2014ya sean oficinas, f\u00e1bricas, auditorios, escuelas,<\/p>\n\n\n\n<p>hospitales, centros comerciales o templos\u2014 comparten una vulnerabilidad cr\u00edtica si no cuentan con mecanismos de protecci\u00f3n y prevenci\u00f3n adecuados.<\/p>\n\n\n\n<p><strong>Una Cultura de Prevenci\u00f3n: El Punto de Partida<\/strong><\/p>\n\n\n\n<p>La cultura de la prevenci\u00f3n en nuestro pa\u00eds ha avanzado, pero a\u00fan enfrenta barreras estructurales. Muchas veces, las decisiones sobre seguridad se toman \u00fanicamente despu\u00e9s<\/p>\n\n\n\n<p>de una tragedia. Es fundamental romper ese paradigma y entender que la inversi\u00f3n en sistemas  de alerta, capacitaci\u00f3n del personal y se\u00f1alizaci\u00f3n no es un gasto: es una inversi\u00f3n en vidas humanas, en continuidad operativa, en confianza p\u00fablica.<\/p>\n\n\n\n<p>Contar con protocolos de evacuaci\u00f3n claros, simulacros peri\u00f3dicos y dispositivos que permitan actuar con segundos de ventaja puede marcar la diferencia entre una crisis manejada y una tragedia irremediable.<\/p>\n\n\n\n<p><strong>Riesgos Inminentes: Sismos, Incendios, Inundaciones y Eventos<\/strong><\/p>\n\n\n\n<p><strong>Meteorol\u00f3gicos<\/strong><\/p>\n\n\n\n<p>Cada tipo de riesgo requiere un enfoque distinto, pero todos deben ser considerados desde una  perspectiva integral. En el caso de los sismos, los avances en sistemas de detecci\u00f3n temprana  han sido notables. Hoy, es posible instalar dispositivos que reciben alertas en tiempo real, activan luces de evacuaci\u00f3n, sistemas de sonido personalizados por zona, y que incluso  cortan energ\u00eda el\u00e9ctrica para evitar incendios posteriores.<\/p>\n\n\n\n<p>Los incendios, por su parte, exigen sistemas de detecci\u00f3n de humo, sensores t\u00e9rmicos, extinguidores bien ubicados, y sobre todo, capacitaci\u00f3n al personal para actuar con rapidez y sin p\u00e1nico. Las inundaciones requieren an\u00e1lisis topogr\u00e1ficos, desazolve regular y sistemas de alerta hidr\u00e1ulica, que puedan anticipar un posible desbordamiento y prevenir p\u00e9rdidas humanas y materiales.Y no podemos olvidar los eventos meteorol\u00f3gicos extremos: granizadas, tormentas el\u00e9ctricas, huracanes. Contar con informaci\u00f3n meteorol\u00f3gica en tiempo real e integrar esta informaci\u00f3n a plataformas de seguridad es indispensable, m\u00e1s a\u00fan cuando estamos hablando de sitios con afluencia masiva.<\/p>\n\n\n\n<p><strong>Tecnolog\u00eda al Servicio de la Vida<\/strong><\/p>\n\n\n\n<p>Uno de los grandes desaf\u00edos que enfrentamos es c\u00f3mo integrar todas estas medidas de forma eficiente. Desde MexTI, hemos desarrollado soluciones completas que permite monitorear m\u00faltiples amenazas desde un solo dashboard. Imagina una pantalla que en tiempo real muestra alertas s\u00edsmicas, condiciones clim\u00e1ticas, ubicaci\u00f3n de las personas dentro del edificio, y que al mismo tiempo permite activar autom\u00e1ticamente protocolos de seguridad.<\/p>\n\n\n\n<p>Las terminales con geolocalizaci\u00f3n, los sistemas de sonido inteligentes, las sirenas con mensajes personalizados, y los mapas que indican el recorrido de una onda s\u00edsmica ya no son elementos de ciencia ficci\u00f3n. Son una realidad que estamos implementando en distintos sectores.<\/p>\n\n\n\n<p>Y lo m\u00e1s importante: estos sistemas no son inaccesibles. Con voluntad pol\u00edtica, normativas claras y un compromiso real por parte de los responsables de espacios p\u00fablicos y privados,<\/p>\n\n\n\n<p>es completamente posible establecer est\u00e1ndares obligatorios que protejan a millones de mexicanos.<\/p>\n\n\n\n<p><strong>El Rol de las Autoridades Locales y el Compromiso de las Instituciones<\/strong><\/p>\n\n\n\n<p>Las autoridades municipales y estatales tienen un rol decisivo. No basta con emitir recomendaciones generales, es necesario que los reglamentos municipales y estatales incorporen normas t\u00e9cnicas claras sobre sistemas de alerta. Esto incluye la obligatoriedad de instalar dispositivos de activaci\u00f3n autom\u00e1tica en sitios p\u00fablicos y privados de alta concurrencia, as\u00ed como la supervisi\u00f3n peri\u00f3dica de su correcto funcionamiento.<\/p>\n\n\n\n<p>En paralelo, las instituciones educativas, de salud y culturales deben reforzar sus pol\u00edticas de seguridad con programas permanentes de actualizaci\u00f3n. Un sistema puede ser moderno, pero si el personal no est\u00e1 capacitado o si la comunidad no sabe c\u00f3mo responder, el riesgo persiste.<\/p>\n\n\n\n<p><strong>Protocolos, Capacitaci\u00f3n y Evaluaci\u00f3n Constante<\/strong><\/p>\n\n\n\n<p>La tecnolog\u00eda sin personas preparadas es como un instrumento sin m\u00fasico. Por eso,<\/p>\n\n\n\n<p>propongo que en todos los lugares con m\u00e1s de 25 personas sea obligatorio contar con un protocolo de seguridad documentado, un responsable de seguridad capacitado, simulacros m\u00ednimos cada tres meses, y una evaluaci\u00f3n anual externa de los sistemas de prevenci\u00f3n.<\/p>\n\n\n\n<p>En particular, las escuelas y hospitales deber\u00edan estar a la vanguardia en estos temas. Los ni\u00f1os, ni\u00f1as y pacientes son sectores vulnerables que necesitan atenci\u00f3n especializada.Cada instituci\u00f3n debe contar con planes de emergencia visuales, auditivos y f\u00edsicos, adaptados a las capacidades de su poblaci\u00f3n.<\/p>\n\n\n\n<p>Los espacios religiosos, deportivos, de entretenimiento y transporte tambi\u00e9n deben actualizar sus sistemas y coordinarse con autoridades de protecci\u00f3n civil y cuerpos de emergencia.<\/p>\n\n\n\n<p><strong>Conciencia Social y Participaci\u00f3n Comunitaria<\/strong><\/p>\n\n\n\n<p>La seguridad no solo depende de la tecnolog\u00eda y de las autoridades. La ciudadan\u00eda tambi\u00e9n tiene una funci\u00f3n esencial. Necesitamos fomentar la participaci\u00f3n de la comunidad en la creaci\u00f3n de brigadas, en los simulacros, en la evaluaci\u00f3n de rutas de evacuaci\u00f3n, y sobre todo, en la exigencia a quienes operan edificios o eventos para que cumplan con los estandares necesarios.<\/p>\n\n\n\n<p>Un ciudadano informado y activo es tambi\u00e9n un agente de cambio y de protecci\u00f3n.<\/p>\n\n\n\n<p>Debemos ense\u00f1ar desde la infancia el valor de la autoprotecci\u00f3n, del cuidado colectivo y de la prevenci\u00f3n como acto de responsabilidad social.<\/p>\n\n\n\n<p><strong>MexLive: Innovaci\u00f3n Mexicana al Servicio de la Prevenci\u00f3n<\/strong><\/p>\n\n\n\n<p>En este camino, quiero destacar una de las herramientas m\u00e1s completas y eficaces que hemos  desarrollado: <strong>MexLive<\/strong>. Este sistema integral de alertamiento temprano re\u00fane m\u00faltiples funciones en un solo ecosistema operativo. Permite conectar terminales f\u00edsicas con centros de monitoreo, visualizar en tiempo real la intensidad y ubicaci\u00f3n de eventos s\u00edsmicos, activar autom\u00e1ticamente protocolos de evacuaci\u00f3n e incluso enviar alertas programadas con sonidos personalizados por cliente, regi\u00f3n u horario.<\/p>\n\n\n\n<p>MexLive tambi\u00e9n permite programar simulacros, hacer pruebas de sonido, coordinar simulacros guiados y conectar con amplificadores, pantallas y sensores de cada instituci\u00f3n.<\/p>\n\n\n\n<p>El sistema incluye monitoreo desde un dashboard centralizado, geolocalizaci\u00f3n de terminales activas, notificaci\u00f3n en caso de desconexi\u00f3n o fallo, y una interfaz f\u00e1cil de usar tanto para operadores como para responsables de protecci\u00f3n civil.<\/p>\n\n\n\n<p>Hoy m\u00e1s que nunca, podemos decir que la tecnolog\u00eda mexicana est\u00e1 a la altura de los retos globales. Y lo mejor de todo es que es accesible, adaptable y eficaz. MexLive es una muestra de lo que se puede lograr cuando se combina conocimiento t\u00e9cnico, sensibilidad humana y compromiso por salvar vidas.<\/p>\n\n\n\n<p><strong>Conclusi\u00f3n: No M\u00e1s Vidas a Cambio de Inacci\u00f3n<\/strong><\/p>\n\n\n\n<p>Lo hemos visto una y otra vez: cuando la prevenci\u00f3n se posterga, el costo es alto. Y cuando<\/p>\n\n\n\n<p>hay voluntad, las soluciones llegan.Hoy tenemos el conocimiento, la tecnolog\u00eda y la capacidad para actuar antes de que sea tarde.. No permitamos que otra tragedia nos recuerde lo que ya sabemos. Implementemos sistemas de seguridad integrales, formemos comit\u00e9s comunitarios, integremos la tecnolog\u00eda a nuestras vidas con responsabilidad. Porque si podemos ganar segundos, ganaremos la posibilidad de salvar miles de vidas.<\/p>\n\n\n\n<p>Desde MexTI y a trav\u00e9s de nuestra plataforma MexLive, estamos listos para ayudar a cualquier instituci\u00f3n, municipio, empresa o comunidad que desee implementar un sistema real de seguridad y alertamiento temprano. Nuestro equipo t\u00e9cnico puede acompa\u00f1arlos desde la planeaci\u00f3n hasta la operaci\u00f3n completa del sistema, con soluciones personalizadas y eficientes.<\/p>\n\n\n\n<p>La seguridad no es una reacci\u00f3n. Es una decisi\u00f3n<\/p>\n","protected":false},"excerpt":{"rendered":"<p>Por Redacci\u00f3n QP M\u00e9xico es un pa\u00eds resiliente, de profundas ra\u00edces y tradiciones, pero tambi\u00e9n&#8230;<\/p>\n","protected":false},"author":2,"featured_media":117388,"comment_status":"open","ping_status":"open","sticky":false,"template":"","format":"standard","meta":{"_monsterinsights_skip_tracking":false,"_monsterinsights_sitenote_active":false,"_monsterinsights_sitenote_note":"","_monsterinsights_sitenote_category":0,"footnotes":""},"categories":[280,2],"tags":[],"class_list":["post-117387","post","type-post","status-publish","format-standard","has-post-thumbnail","hentry","category-nacionales","category-noticias"],"yoast_head":"<!-- This site is optimized with the Yoast SEO plugin v27.3 - https:\/\/yoast.com\/product\/yoast-seo-wordpress\/ -->\n<title>El Quehacer Pol\u00edtico y de Todo un Poco a trav\u00e9s de la opini\u00f3n\/\/\/Ing Abel Jim\u00e9nez Hernandez\/\/\/Alerta Inminente: \u00bfEstamos Realmente Preparados para una Tragedia masiva? -<\/title>\n<meta name=\"robots\" content=\"index, follow, max-snippet:-1, max-image-preview:large, max-video-preview:-1\" \/>\n<link rel=\"canonical\" href=\"https:\/\/quehacerpolitico.mx\/?p=117387\" \/>\n<meta property=\"og:locale\" content=\"es_MX\" \/>\n<meta property=\"og:type\" content=\"article\" \/>\n<meta property=\"og:title\" content=\"El Quehacer Pol\u00edtico y de Todo un Poco a trav\u00e9s de la opini\u00f3n\/\/\/Ing Abel Jim\u00e9nez Hernandez\/\/\/Alerta Inminente: \u00bfEstamos Realmente Preparados para una Tragedia masiva? -\" \/>\n<meta property=\"og:description\" content=\"Por Redacci\u00f3n QP M\u00e9xico es un pa\u00eds resiliente, de profundas ra\u00edces y tradiciones, pero tambi\u00e9n...\" \/>\n<meta property=\"og:url\" content=\"https:\/\/quehacerpolitico.mx\/?p=117387\" \/>\n<meta property=\"article:published_time\" content=\"2025-07-02T18:02:43+00:00\" \/>\n<meta property=\"article:modified_time\" content=\"2025-07-02T18:02:46+00:00\" \/>\n<meta property=\"og:image\" content=\"https:\/\/quehacerpolitico.mx\/wp-content\/uploads\/2025\/07\/59409e2b-31e6-43bd-98ff-4eea4dc1431d.jpeg\" \/>\n\t<meta property=\"og:image:width\" content=\"963\" \/>\n\t<meta property=\"og:image:height\" content=\"493\" \/>\n\t<meta property=\"og:image:type\" content=\"image\/jpeg\" \/>\n<meta name=\"author\" content=\"Redacci\u00f3n QP\" \/>\n<meta name=\"twitter:card\" content=\"summary_large_image\" \/>\n<meta name=\"twitter:label1\" content=\"Escrito por\" \/>\n\t<meta name=\"twitter:data1\" content=\"Redacci\u00f3n QP\" \/>\n\t<meta name=\"twitter:label2\" content=\"Tiempo de lectura\" \/>\n\t<meta name=\"twitter:data2\" content=\"7 minutos\" \/>\n<script type=\"application\/ld+json\" class=\"yoast-schema-graph\">{\"@context\":\"https:\\\/\\\/schema.org\",\"@graph\":[{\"@type\":\"Article\",\"@id\":\"https:\\\/\\\/quehacerpolitico.mx\\\/?p=117387#article\",\"isPartOf\":{\"@id\":\"https:\\\/\\\/quehacerpolitico.mx\\\/?p=117387\"},\"author\":{\"name\":\"Redacci\u00f3n QP\",\"@id\":\"https:\\\/\\\/quehacerpolitico.mx\\\/#\\\/schema\\\/person\\\/496d8ad2d1d3f8036101dca7ee39e585\"},\"headline\":\"El Quehacer Pol\u00edtico y de Todo un Poco a trav\u00e9s de la opini\u00f3n\\\/\\\/\\\/Ing Abel Jim\u00e9nez Hernandez\\\/\\\/\\\/Alerta Inminente: \u00bfEstamos Realmente Preparados para una Tragedia masiva?\",\"datePublished\":\"2025-07-02T18:02:43+00:00\",\"dateModified\":\"2025-07-02T18:02:46+00:00\",\"mainEntityOfPage\":{\"@id\":\"https:\\\/\\\/quehacerpolitico.mx\\\/?p=117387\"},\"wordCount\":1394,\"commentCount\":0,\"image\":{\"@id\":\"https:\\\/\\\/quehacerpolitico.mx\\\/?p=117387#primaryimage\"},\"thumbnailUrl\":\"https:\\\/\\\/quehacerpolitico.mx\\\/wp-content\\\/uploads\\\/2025\\\/07\\\/59409e2b-31e6-43bd-98ff-4eea4dc1431d.jpeg\",\"articleSection\":[\"Nacionales\",\"Noticias\"],\"inLanguage\":\"es\",\"potentialAction\":[{\"@type\":\"CommentAction\",\"name\":\"Comment\",\"target\":[\"https:\\\/\\\/quehacerpolitico.mx\\\/?p=117387#respond\"]}]},{\"@type\":\"WebPage\",\"@id\":\"https:\\\/\\\/quehacerpolitico.mx\\\/?p=117387\",\"url\":\"https:\\\/\\\/quehacerpolitico.mx\\\/?p=117387\",\"name\":\"El Quehacer Pol\u00edtico y de Todo un Poco a trav\u00e9s de la opini\u00f3n\\\/\\\/\\\/Ing Abel Jim\u00e9nez Hernandez\\\/\\\/\\\/Alerta Inminente: \u00bfEstamos Realmente Preparados para una Tragedia masiva? -\",\"isPartOf\":{\"@id\":\"https:\\\/\\\/quehacerpolitico.mx\\\/#website\"},\"primaryImageOfPage\":{\"@id\":\"https:\\\/\\\/quehacerpolitico.mx\\\/?p=117387#primaryimage\"},\"image\":{\"@id\":\"https:\\\/\\\/quehacerpolitico.mx\\\/?p=117387#primaryimage\"},\"thumbnailUrl\":\"https:\\\/\\\/quehacerpolitico.mx\\\/wp-content\\\/uploads\\\/2025\\\/07\\\/59409e2b-31e6-43bd-98ff-4eea4dc1431d.jpeg\",\"datePublished\":\"2025-07-02T18:02:43+00:00\",\"dateModified\":\"2025-07-02T18:02:46+00:00\",\"author\":{\"@id\":\"https:\\\/\\\/quehacerpolitico.mx\\\/#\\\/schema\\\/person\\\/496d8ad2d1d3f8036101dca7ee39e585\"},\"breadcrumb\":{\"@id\":\"https:\\\/\\\/quehacerpolitico.mx\\\/?p=117387#breadcrumb\"},\"inLanguage\":\"es\",\"potentialAction\":[{\"@type\":\"ReadAction\",\"target\":[\"https:\\\/\\\/quehacerpolitico.mx\\\/?p=117387\"]}]},{\"@type\":\"ImageObject\",\"inLanguage\":\"es\",\"@id\":\"https:\\\/\\\/quehacerpolitico.mx\\\/?p=117387#primaryimage\",\"url\":\"https:\\\/\\\/quehacerpolitico.mx\\\/wp-content\\\/uploads\\\/2025\\\/07\\\/59409e2b-31e6-43bd-98ff-4eea4dc1431d.jpeg\",\"contentUrl\":\"https:\\\/\\\/quehacerpolitico.mx\\\/wp-content\\\/uploads\\\/2025\\\/07\\\/59409e2b-31e6-43bd-98ff-4eea4dc1431d.jpeg\",\"width\":963,\"height\":493},{\"@type\":\"BreadcrumbList\",\"@id\":\"https:\\\/\\\/quehacerpolitico.mx\\\/?p=117387#breadcrumb\",\"itemListElement\":[{\"@type\":\"ListItem\",\"position\":1,\"name\":\"Inicio\",\"item\":\"https:\\\/\\\/quehacerpolitico.mx\\\/\"},{\"@type\":\"ListItem\",\"position\":2,\"name\":\"El Quehacer Pol\u00edtico y de Todo un Poco a trav\u00e9s de la opini\u00f3n\\\/\\\/\\\/Ing Abel Jim\u00e9nez Hernandez\\\/\\\/\\\/Alerta Inminente: \u00bfEstamos Realmente Preparados para una Tragedia masiva?\"}]},{\"@type\":\"WebSite\",\"@id\":\"https:\\\/\\\/quehacerpolitico.mx\\\/#website\",\"url\":\"https:\\\/\\\/quehacerpolitico.mx\\\/\",\"name\":\"\",\"description\":\"\",\"potentialAction\":[{\"@type\":\"SearchAction\",\"target\":{\"@type\":\"EntryPoint\",\"urlTemplate\":\"https:\\\/\\\/quehacerpolitico.mx\\\/?s={search_term_string}\"},\"query-input\":{\"@type\":\"PropertyValueSpecification\",\"valueRequired\":true,\"valueName\":\"search_term_string\"}}],\"inLanguage\":\"es\"},{\"@type\":\"Person\",\"@id\":\"https:\\\/\\\/quehacerpolitico.mx\\\/#\\\/schema\\\/person\\\/496d8ad2d1d3f8036101dca7ee39e585\",\"name\":\"Redacci\u00f3n QP\",\"image\":{\"@type\":\"ImageObject\",\"inLanguage\":\"es\",\"@id\":\"https:\\\/\\\/secure.gravatar.com\\\/avatar\\\/c7164ed6fdec453195284ad24a5ae5b6e1eed2b848477fa2a4787ba9adf39a41?s=96&d=mm&r=g\",\"url\":\"https:\\\/\\\/secure.gravatar.com\\\/avatar\\\/c7164ed6fdec453195284ad24a5ae5b6e1eed2b848477fa2a4787ba9adf39a41?s=96&d=mm&r=g\",\"contentUrl\":\"https:\\\/\\\/secure.gravatar.com\\\/avatar\\\/c7164ed6fdec453195284ad24a5ae5b6e1eed2b848477fa2a4787ba9adf39a41?s=96&d=mm&r=g\",\"caption\":\"Redacci\u00f3n QP\"},\"url\":\"https:\\\/\\\/quehacerpolitico.mx\\\/?author=2\"}]}<\/script>\n<!-- \/ Yoast SEO plugin. -->","yoast_head_json":{"title":"El Quehacer Pol\u00edtico y de Todo un Poco a trav\u00e9s de la opini\u00f3n\/\/\/Ing Abel Jim\u00e9nez Hernandez\/\/\/Alerta Inminente: \u00bfEstamos Realmente Preparados para una Tragedia masiva? -","robots":{"index":"index","follow":"follow","max-snippet":"max-snippet:-1","max-image-preview":"max-image-preview:large","max-video-preview":"max-video-preview:-1"},"canonical":"https:\/\/quehacerpolitico.mx\/?p=117387","og_locale":"es_MX","og_type":"article","og_title":"El Quehacer Pol\u00edtico y de Todo un Poco a trav\u00e9s de la opini\u00f3n\/\/\/Ing Abel Jim\u00e9nez Hernandez\/\/\/Alerta Inminente: \u00bfEstamos Realmente Preparados para una Tragedia masiva? -","og_description":"Por Redacci\u00f3n QP M\u00e9xico es un pa\u00eds resiliente, de profundas ra\u00edces y tradiciones, pero tambi\u00e9n...","og_url":"https:\/\/quehacerpolitico.mx\/?p=117387","article_published_time":"2025-07-02T18:02:43+00:00","article_modified_time":"2025-07-02T18:02:46+00:00","og_image":[{"width":963,"height":493,"url":"https:\/\/quehacerpolitico.mx\/wp-content\/uploads\/2025\/07\/59409e2b-31e6-43bd-98ff-4eea4dc1431d.jpeg","type":"image\/jpeg"}],"author":"Redacci\u00f3n QP","twitter_card":"summary_large_image","twitter_misc":{"Escrito por":"Redacci\u00f3n QP","Tiempo de lectura":"7 minutos"},"schema":{"@context":"https:\/\/schema.org","@graph":[{"@type":"Article","@id":"https:\/\/quehacerpolitico.mx\/?p=117387#article","isPartOf":{"@id":"https:\/\/quehacerpolitico.mx\/?p=117387"},"author":{"name":"Redacci\u00f3n QP","@id":"https:\/\/quehacerpolitico.mx\/#\/schema\/person\/496d8ad2d1d3f8036101dca7ee39e585"},"headline":"El Quehacer Pol\u00edtico y de Todo un Poco a trav\u00e9s de la opini\u00f3n\/\/\/Ing Abel Jim\u00e9nez Hernandez\/\/\/Alerta Inminente: \u00bfEstamos Realmente Preparados para una Tragedia masiva?","datePublished":"2025-07-02T18:02:43+00:00","dateModified":"2025-07-02T18:02:46+00:00","mainEntityOfPage":{"@id":"https:\/\/quehacerpolitico.mx\/?p=117387"},"wordCount":1394,"commentCount":0,"image":{"@id":"https:\/\/quehacerpolitico.mx\/?p=117387#primaryimage"},"thumbnailUrl":"https:\/\/quehacerpolitico.mx\/wp-content\/uploads\/2025\/07\/59409e2b-31e6-43bd-98ff-4eea4dc1431d.jpeg","articleSection":["Nacionales","Noticias"],"inLanguage":"es","potentialAction":[{"@type":"CommentAction","name":"Comment","target":["https:\/\/quehacerpolitico.mx\/?p=117387#respond"]}]},{"@type":"WebPage","@id":"https:\/\/quehacerpolitico.mx\/?p=117387","url":"https:\/\/quehacerpolitico.mx\/?p=117387","name":"El Quehacer Pol\u00edtico y de Todo un Poco a trav\u00e9s de la opini\u00f3n\/\/\/Ing Abel Jim\u00e9nez Hernandez\/\/\/Alerta Inminente: \u00bfEstamos Realmente Preparados para una Tragedia masiva? -","isPartOf":{"@id":"https:\/\/quehacerpolitico.mx\/#website"},"primaryImageOfPage":{"@id":"https:\/\/quehacerpolitico.mx\/?p=117387#primaryimage"},"image":{"@id":"https:\/\/quehacerpolitico.mx\/?p=117387#primaryimage"},"thumbnailUrl":"https:\/\/quehacerpolitico.mx\/wp-content\/uploads\/2025\/07\/59409e2b-31e6-43bd-98ff-4eea4dc1431d.jpeg","datePublished":"2025-07-02T18:02:43+00:00","dateModified":"2025-07-02T18:02:46+00:00","author":{"@id":"https:\/\/quehacerpolitico.mx\/#\/schema\/person\/496d8ad2d1d3f8036101dca7ee39e585"},"breadcrumb":{"@id":"https:\/\/quehacerpolitico.mx\/?p=117387#breadcrumb"},"inLanguage":"es","potentialAction":[{"@type":"ReadAction","target":["https:\/\/quehacerpolitico.mx\/?p=117387"]}]},{"@type":"ImageObject","inLanguage":"es","@id":"https:\/\/quehacerpolitico.mx\/?p=117387#primaryimage","url":"https:\/\/quehacerpolitico.mx\/wp-content\/uploads\/2025\/07\/59409e2b-31e6-43bd-98ff-4eea4dc1431d.jpeg","contentUrl":"https:\/\/quehacerpolitico.mx\/wp-content\/uploads\/2025\/07\/59409e2b-31e6-43bd-98ff-4eea4dc1431d.jpeg","width":963,"height":493},{"@type":"BreadcrumbList","@id":"https:\/\/quehacerpolitico.mx\/?p=117387#breadcrumb","itemListElement":[{"@type":"ListItem","position":1,"name":"Inicio","item":"https:\/\/quehacerpolitico.mx\/"},{"@type":"ListItem","position":2,"name":"El Quehacer Pol\u00edtico y de Todo un Poco a trav\u00e9s de la opini\u00f3n\/\/\/Ing Abel Jim\u00e9nez Hernandez\/\/\/Alerta Inminente: \u00bfEstamos Realmente Preparados para una Tragedia masiva?"}]},{"@type":"WebSite","@id":"https:\/\/quehacerpolitico.mx\/#website","url":"https:\/\/quehacerpolitico.mx\/","name":"","description":"","potentialAction":[{"@type":"SearchAction","target":{"@type":"EntryPoint","urlTemplate":"https:\/\/quehacerpolitico.mx\/?s={search_term_string}"},"query-input":{"@type":"PropertyValueSpecification","valueRequired":true,"valueName":"search_term_string"}}],"inLanguage":"es"},{"@type":"Person","@id":"https:\/\/quehacerpolitico.mx\/#\/schema\/person\/496d8ad2d1d3f8036101dca7ee39e585","name":"Redacci\u00f3n QP","image":{"@type":"ImageObject","inLanguage":"es","@id":"https:\/\/secure.gravatar.com\/avatar\/c7164ed6fdec453195284ad24a5ae5b6e1eed2b848477fa2a4787ba9adf39a41?s=96&d=mm&r=g","url":"https:\/\/secure.gravatar.com\/avatar\/c7164ed6fdec453195284ad24a5ae5b6e1eed2b848477fa2a4787ba9adf39a41?s=96&d=mm&r=g","contentUrl":"https:\/\/secure.gravatar.com\/avatar\/c7164ed6fdec453195284ad24a5ae5b6e1eed2b848477fa2a4787ba9adf39a41?s=96&d=mm&r=g","caption":"Redacci\u00f3n QP"},"url":"https:\/\/quehacerpolitico.mx\/?author=2"}]}},"featured_image_urls":{"full":["https:\/\/quehacerpolitico.mx\/wp-content\/uploads\/2025\/07\/59409e2b-31e6-43bd-98ff-4eea4dc1431d.jpeg",963,493,false],"thumbnail":["https:\/\/quehacerpolitico.mx\/wp-content\/uploads\/2025\/07\/59409e2b-31e6-43bd-98ff-4eea4dc1431d-150x150.jpeg",150,150,true],"medium":["https:\/\/quehacerpolitico.mx\/wp-content\/uploads\/2025\/07\/59409e2b-31e6-43bd-98ff-4eea4dc1431d-300x154.jpeg",300,154,true],"medium_large":["https:\/\/quehacerpolitico.mx\/wp-content\/uploads\/2025\/07\/59409e2b-31e6-43bd-98ff-4eea4dc1431d-768x393.jpeg",640,328,true],"large":["https:\/\/quehacerpolitico.mx\/wp-content\/uploads\/2025\/07\/59409e2b-31e6-43bd-98ff-4eea4dc1431d.jpeg",640,328,false],"1536x1536":["https:\/\/quehacerpolitico.mx\/wp-content\/uploads\/2025\/07\/59409e2b-31e6-43bd-98ff-4eea4dc1431d.jpeg",963,493,false],"2048x2048":["https:\/\/quehacerpolitico.mx\/wp-content\/uploads\/2025\/07\/59409e2b-31e6-43bd-98ff-4eea4dc1431d.jpeg",963,493,false],"covernews-featured":["https:\/\/quehacerpolitico.mx\/wp-content\/uploads\/2025\/07\/59409e2b-31e6-43bd-98ff-4eea4dc1431d.jpeg",963,493,false],"covernews-medium":["https:\/\/quehacerpolitico.mx\/wp-content\/uploads\/2025\/07\/59409e2b-31e6-43bd-98ff-4eea4dc1431d-540x340.jpeg",540,340,true]},"author_info":{"display_name":"Redacci\u00f3n QP","author_link":"https:\/\/quehacerpolitico.mx\/?author=2"},"category_info":"<a href=\"https:\/\/quehacerpolitico.mx\/?cat=280\" rel=\"category\">Nacionales<\/a> <a href=\"https:\/\/quehacerpolitico.mx\/?cat=2\" rel=\"category\">Noticias<\/a>","tag_info":"Noticias","comment_count":"0","_links":{"self":[{"href":"https:\/\/quehacerpolitico.mx\/index.php?rest_route=\/wp\/v2\/posts\/117387","targetHints":{"allow":["GET"]}}],"collection":[{"href":"https:\/\/quehacerpolitico.mx\/index.php?rest_route=\/wp\/v2\/posts"}],"about":[{"href":"https:\/\/quehacerpolitico.mx\/index.php?rest_route=\/wp\/v2\/types\/post"}],"author":[{"embeddable":true,"href":"https:\/\/quehacerpolitico.mx\/index.php?rest_route=\/wp\/v2\/users\/2"}],"replies":[{"embeddable":true,"href":"https:\/\/quehacerpolitico.mx\/index.php?rest_route=%2Fwp%2Fv2%2Fcomments&post=117387"}],"version-history":[{"count":1,"href":"https:\/\/quehacerpolitico.mx\/index.php?rest_route=\/wp\/v2\/posts\/117387\/revisions"}],"predecessor-version":[{"id":117389,"href":"https:\/\/quehacerpolitico.mx\/index.php?rest_route=\/wp\/v2\/posts\/117387\/revisions\/117389"}],"wp:featuredmedia":[{"embeddable":true,"href":"https:\/\/quehacerpolitico.mx\/index.php?rest_route=\/wp\/v2\/media\/117388"}],"wp:attachment":[{"href":"https:\/\/quehacerpolitico.mx\/index.php?rest_route=%2Fwp%2Fv2%2Fmedia&parent=117387"}],"wp:term":[{"taxonomy":"category","embeddable":true,"href":"https:\/\/quehacerpolitico.mx\/index.php?rest_route=%2Fwp%2Fv2%2Fcategories&post=117387"},{"taxonomy":"post_tag","embeddable":true,"href":"https:\/\/quehacerpolitico.mx\/index.php?rest_route=%2Fwp%2Fv2%2Ftags&post=117387"}],"curies":[{"name":"wp","href":"https:\/\/api.w.org\/{rel}","templated":true}]}}