{"id":117384,"date":"2025-07-02T11:01:52","date_gmt":"2025-07-02T17:01:52","guid":{"rendered":"https:\/\/quehacerpolitico.mx\/?p=117384"},"modified":"2025-07-02T11:01:55","modified_gmt":"2025-07-02T17:01:55","slug":"la-presidenta-claudia-sheinbaum-rechaza-que-con-las-reformas-aprobadas-a-la-ley-de-telecomunicaciones-se-vaya-a-espiar-a-los-ciudadanos-es-falso-es-mentira","status":"publish","type":"post","link":"https:\/\/quehacerpolitico.mx\/?p=117384","title":{"rendered":"La presidenta Claudia Sheinbaum rechaza que con las reformas aprobadas a la Ley de Telecomunicaciones se vaya a espiar a los ciudadanos: \u201cEs falso, es mentira\u201d"},"content":{"rendered":"\n<p>Por Redacci\u00f3n QP<\/p>\n\n\n\n<p>La mandataria indic\u00f3 que las intervenciones telef\u00f3nicas se podr\u00e1n realizar s\u00f3lo si un juez lo aprueba luego de las leyes aprobadas en el Congreso<\/p>\n\n\n\n<p>La presidenta&nbsp;<strong>Claudia Sheinbaum&nbsp;<\/strong>insisti\u00f3 este mi\u00e9rcoles que las reformas reci\u00e9n aprobadas en el Congreso de la Rep\u00fablica no ser\u00e1n para que su gobierno esp\u00ede a los ciudadanos.&nbsp;<\/p>\n\n\n\n<p>En la conferencia desde Palacio Nacional, la mandataria volvi\u00f3 a recordar que<strong>\u00a0ella fue espiada<\/strong>\u00a0cuando ocupaba cargos en la Ciudad de M\u00e9xico y neg\u00f3\u00a0que su administraci\u00f3n vaya a actuar de la misma manera.<\/p>\n\n\n\n<figure class=\"wp-block-embed is-type-rich is-provider-twitter wp-block-embed-twitter\"><div class=\"wp-block-embed__wrapper\">\n<blockquote class=\"twitter-tweet\" data-width=\"550\" data-dnt=\"true\"><p lang=\"es\" dir=\"ltr\"><a href=\"https:\/\/twitter.com\/hashtag\/Ma%C3%B1aneraDelPueblo?src=hash&amp;ref_src=twsrc%5Etfw\">#Ma\u00f1aneraDelPueblo<\/a> \ud83d\udcf0 | La presidenta Claudia Sheinbaum rechaza que con las reformas aprobadas a la Ley de Telecomunicaciones se vaya a espiar a los ciudadanos: \u201cEs falso, es mentira\u201d.<br><br>\u27a1\ufe0f Afirma que \u201cel gobierno no va a espiar a nadie\u201d, como ocurr\u00eda en gobiernos anteriores y\u2026 <a href=\"https:\/\/t.co\/sVXojQzcOL\">pic.twitter.com\/sVXojQzcOL<\/a><\/p>&mdash; Azucena Uresti (@azucenau) <a href=\"https:\/\/twitter.com\/azucenau\/status\/1940424599038021853?ref_src=twsrc%5Etfw\">July 2, 2025<\/a><\/blockquote><script async src=\"https:\/\/platform.twitter.com\/widgets.js\" charset=\"utf-8\"><\/script>\n<\/div><\/figure>\n\n\n\n<p>&#8220;Es mentira que las leyes aprobadas tengan que ver con que el Estado va a espiar, falso, se miente deliberadamente, el gobierno no va a espiar a nadie, como nos espiaron a nosotros, por cierto&#8221;, coment\u00f3.<\/p>\n\n\n\n<p>Sheinbaum indic\u00f3 que las&nbsp;<strong>intervenciones telef\u00f3nicas<\/strong>&nbsp;se podr\u00e1n realizar s\u00f3lo si un juez lo aprueba.&nbsp;<\/p>\n\n\n\n<p>&#8220;Todos los que estamos aqu\u00ed, todos, de una u otra manera, fuimos espiados, porque todos los compa\u00f1eros y compa\u00f1eras son militantes del movimiento desde hace much\u00edsimos a\u00f1os (&#8230;) en ning\u00fan momento se est\u00e1 espiando a nadie&#8221;, a\u00f1adi\u00f3.&nbsp;<\/p>\n\n\n\n<p>La mandataria defendi\u00f3 que el&nbsp;<strong>Sistema Nacional de Inteligencia e&nbsp;Investigaci\u00f3n<\/strong>para la Seguridad P\u00fablica ser\u00e1 una &#8220;plataforma \u00fanica de informaci\u00f3n&#8221;.&nbsp;<\/p>\n\n\n\n<p>&#8220;No hay nada en las leyes que se aprobaron que tenga que ver con espionaje a ciudadanos o que tenga que ver con censura&#8221;, reiter\u00f3.&nbsp;<\/p>\n","protected":false},"excerpt":{"rendered":"<p>Por Redacci\u00f3n QP La mandataria indic\u00f3 que las intervenciones telef\u00f3nicas se podr\u00e1n realizar s\u00f3lo si&#8230;<\/p>\n","protected":false},"author":2,"featured_media":117385,"comment_status":"open","ping_status":"open","sticky":false,"template":"","format":"standard","meta":{"_monsterinsights_skip_tracking":false,"_monsterinsights_sitenote_active":false,"_monsterinsights_sitenote_note":"","_monsterinsights_sitenote_category":0,"footnotes":""},"categories":[280,2],"tags":[],"class_list":["post-117384","post","type-post","status-publish","format-standard","has-post-thumbnail","hentry","category-nacionales","category-noticias"],"yoast_head":"<!-- This site is optimized with the Yoast SEO plugin v27.3 - https:\/\/yoast.com\/product\/yoast-seo-wordpress\/ -->\n<title>La presidenta Claudia Sheinbaum rechaza que con las reformas aprobadas a la Ley de Telecomunicaciones se vaya a espiar a los ciudadanos: \u201cEs falso, es mentira\u201d -<\/title>\n<meta name=\"robots\" content=\"index, follow, max-snippet:-1, max-image-preview:large, max-video-preview:-1\" \/>\n<link rel=\"canonical\" href=\"https:\/\/quehacerpolitico.mx\/?p=117384\" \/>\n<meta property=\"og:locale\" content=\"es_MX\" \/>\n<meta property=\"og:type\" content=\"article\" \/>\n<meta property=\"og:title\" content=\"La presidenta Claudia Sheinbaum rechaza que con las reformas aprobadas a la Ley de Telecomunicaciones se vaya a espiar a los ciudadanos: \u201cEs falso, es mentira\u201d -\" \/>\n<meta property=\"og:description\" content=\"Por Redacci\u00f3n QP La mandataria indic\u00f3 que las intervenciones telef\u00f3nicas se podr\u00e1n realizar s\u00f3lo si...\" \/>\n<meta property=\"og:url\" content=\"https:\/\/quehacerpolitico.mx\/?p=117384\" \/>\n<meta property=\"article:published_time\" content=\"2025-07-02T17:01:52+00:00\" \/>\n<meta property=\"article:modified_time\" content=\"2025-07-02T17:01:55+00:00\" \/>\n<meta property=\"og:image\" content=\"https:\/\/quehacerpolitico.mx\/wp-content\/uploads\/2025\/07\/IMG_1368.jpeg\" \/>\n\t<meta property=\"og:image:width\" content=\"906\" \/>\n\t<meta property=\"og:image:height\" content=\"657\" \/>\n\t<meta property=\"og:image:type\" content=\"image\/jpeg\" \/>\n<meta name=\"author\" content=\"Redacci\u00f3n QP\" \/>\n<meta name=\"twitter:card\" content=\"summary_large_image\" \/>\n<meta name=\"twitter:label1\" content=\"Escrito por\" \/>\n\t<meta name=\"twitter:data1\" content=\"Redacci\u00f3n QP\" \/>\n\t<meta name=\"twitter:label2\" content=\"Tiempo de lectura\" \/>\n\t<meta name=\"twitter:data2\" content=\"1 minuto\" \/>\n<script type=\"application\/ld+json\" class=\"yoast-schema-graph\">{\"@context\":\"https:\\\/\\\/schema.org\",\"@graph\":[{\"@type\":\"Article\",\"@id\":\"https:\\\/\\\/quehacerpolitico.mx\\\/?p=117384#article\",\"isPartOf\":{\"@id\":\"https:\\\/\\\/quehacerpolitico.mx\\\/?p=117384\"},\"author\":{\"name\":\"Redacci\u00f3n QP\",\"@id\":\"https:\\\/\\\/quehacerpolitico.mx\\\/#\\\/schema\\\/person\\\/496d8ad2d1d3f8036101dca7ee39e585\"},\"headline\":\"La presidenta Claudia Sheinbaum rechaza que con las reformas aprobadas a la Ley de Telecomunicaciones se vaya a espiar a los ciudadanos: \u201cEs falso, es mentira\u201d\",\"datePublished\":\"2025-07-02T17:01:52+00:00\",\"dateModified\":\"2025-07-02T17:01:55+00:00\",\"mainEntityOfPage\":{\"@id\":\"https:\\\/\\\/quehacerpolitico.mx\\\/?p=117384\"},\"wordCount\":288,\"commentCount\":0,\"image\":{\"@id\":\"https:\\\/\\\/quehacerpolitico.mx\\\/?p=117384#primaryimage\"},\"thumbnailUrl\":\"https:\\\/\\\/quehacerpolitico.mx\\\/wp-content\\\/uploads\\\/2025\\\/07\\\/IMG_1368.jpeg\",\"articleSection\":[\"Nacionales\",\"Noticias\"],\"inLanguage\":\"es\",\"potentialAction\":[{\"@type\":\"CommentAction\",\"name\":\"Comment\",\"target\":[\"https:\\\/\\\/quehacerpolitico.mx\\\/?p=117384#respond\"]}]},{\"@type\":\"WebPage\",\"@id\":\"https:\\\/\\\/quehacerpolitico.mx\\\/?p=117384\",\"url\":\"https:\\\/\\\/quehacerpolitico.mx\\\/?p=117384\",\"name\":\"La presidenta Claudia Sheinbaum rechaza que con las reformas aprobadas a la Ley de Telecomunicaciones se vaya a espiar a los ciudadanos: \u201cEs falso, es mentira\u201d -\",\"isPartOf\":{\"@id\":\"https:\\\/\\\/quehacerpolitico.mx\\\/#website\"},\"primaryImageOfPage\":{\"@id\":\"https:\\\/\\\/quehacerpolitico.mx\\\/?p=117384#primaryimage\"},\"image\":{\"@id\":\"https:\\\/\\\/quehacerpolitico.mx\\\/?p=117384#primaryimage\"},\"thumbnailUrl\":\"https:\\\/\\\/quehacerpolitico.mx\\\/wp-content\\\/uploads\\\/2025\\\/07\\\/IMG_1368.jpeg\",\"datePublished\":\"2025-07-02T17:01:52+00:00\",\"dateModified\":\"2025-07-02T17:01:55+00:00\",\"author\":{\"@id\":\"https:\\\/\\\/quehacerpolitico.mx\\\/#\\\/schema\\\/person\\\/496d8ad2d1d3f8036101dca7ee39e585\"},\"breadcrumb\":{\"@id\":\"https:\\\/\\\/quehacerpolitico.mx\\\/?p=117384#breadcrumb\"},\"inLanguage\":\"es\",\"potentialAction\":[{\"@type\":\"ReadAction\",\"target\":[\"https:\\\/\\\/quehacerpolitico.mx\\\/?p=117384\"]}]},{\"@type\":\"ImageObject\",\"inLanguage\":\"es\",\"@id\":\"https:\\\/\\\/quehacerpolitico.mx\\\/?p=117384#primaryimage\",\"url\":\"https:\\\/\\\/quehacerpolitico.mx\\\/wp-content\\\/uploads\\\/2025\\\/07\\\/IMG_1368.jpeg\",\"contentUrl\":\"https:\\\/\\\/quehacerpolitico.mx\\\/wp-content\\\/uploads\\\/2025\\\/07\\\/IMG_1368.jpeg\",\"width\":906,\"height\":657,\"caption\":\"Screenshot\"},{\"@type\":\"BreadcrumbList\",\"@id\":\"https:\\\/\\\/quehacerpolitico.mx\\\/?p=117384#breadcrumb\",\"itemListElement\":[{\"@type\":\"ListItem\",\"position\":1,\"name\":\"Inicio\",\"item\":\"https:\\\/\\\/quehacerpolitico.mx\\\/\"},{\"@type\":\"ListItem\",\"position\":2,\"name\":\"La presidenta Claudia Sheinbaum rechaza que con las reformas aprobadas a la Ley de Telecomunicaciones se vaya a espiar a los ciudadanos: \u201cEs falso, es mentira\u201d\"}]},{\"@type\":\"WebSite\",\"@id\":\"https:\\\/\\\/quehacerpolitico.mx\\\/#website\",\"url\":\"https:\\\/\\\/quehacerpolitico.mx\\\/\",\"name\":\"\",\"description\":\"\",\"potentialAction\":[{\"@type\":\"SearchAction\",\"target\":{\"@type\":\"EntryPoint\",\"urlTemplate\":\"https:\\\/\\\/quehacerpolitico.mx\\\/?s={search_term_string}\"},\"query-input\":{\"@type\":\"PropertyValueSpecification\",\"valueRequired\":true,\"valueName\":\"search_term_string\"}}],\"inLanguage\":\"es\"},{\"@type\":\"Person\",\"@id\":\"https:\\\/\\\/quehacerpolitico.mx\\\/#\\\/schema\\\/person\\\/496d8ad2d1d3f8036101dca7ee39e585\",\"name\":\"Redacci\u00f3n QP\",\"image\":{\"@type\":\"ImageObject\",\"inLanguage\":\"es\",\"@id\":\"https:\\\/\\\/secure.gravatar.com\\\/avatar\\\/c7164ed6fdec453195284ad24a5ae5b6e1eed2b848477fa2a4787ba9adf39a41?s=96&d=mm&r=g\",\"url\":\"https:\\\/\\\/secure.gravatar.com\\\/avatar\\\/c7164ed6fdec453195284ad24a5ae5b6e1eed2b848477fa2a4787ba9adf39a41?s=96&d=mm&r=g\",\"contentUrl\":\"https:\\\/\\\/secure.gravatar.com\\\/avatar\\\/c7164ed6fdec453195284ad24a5ae5b6e1eed2b848477fa2a4787ba9adf39a41?s=96&d=mm&r=g\",\"caption\":\"Redacci\u00f3n QP\"},\"url\":\"https:\\\/\\\/quehacerpolitico.mx\\\/?author=2\"}]}<\/script>\n<!-- \/ Yoast SEO plugin. -->","yoast_head_json":{"title":"La presidenta Claudia Sheinbaum rechaza que con las reformas aprobadas a la Ley de Telecomunicaciones se vaya a espiar a los ciudadanos: \u201cEs falso, es mentira\u201d -","robots":{"index":"index","follow":"follow","max-snippet":"max-snippet:-1","max-image-preview":"max-image-preview:large","max-video-preview":"max-video-preview:-1"},"canonical":"https:\/\/quehacerpolitico.mx\/?p=117384","og_locale":"es_MX","og_type":"article","og_title":"La presidenta Claudia Sheinbaum rechaza que con las reformas aprobadas a la Ley de Telecomunicaciones se vaya a espiar a los ciudadanos: \u201cEs falso, es mentira\u201d -","og_description":"Por Redacci\u00f3n QP La mandataria indic\u00f3 que las intervenciones telef\u00f3nicas se podr\u00e1n realizar s\u00f3lo si...","og_url":"https:\/\/quehacerpolitico.mx\/?p=117384","article_published_time":"2025-07-02T17:01:52+00:00","article_modified_time":"2025-07-02T17:01:55+00:00","og_image":[{"width":906,"height":657,"url":"https:\/\/quehacerpolitico.mx\/wp-content\/uploads\/2025\/07\/IMG_1368.jpeg","type":"image\/jpeg"}],"author":"Redacci\u00f3n QP","twitter_card":"summary_large_image","twitter_misc":{"Escrito por":"Redacci\u00f3n QP","Tiempo de lectura":"1 minuto"},"schema":{"@context":"https:\/\/schema.org","@graph":[{"@type":"Article","@id":"https:\/\/quehacerpolitico.mx\/?p=117384#article","isPartOf":{"@id":"https:\/\/quehacerpolitico.mx\/?p=117384"},"author":{"name":"Redacci\u00f3n QP","@id":"https:\/\/quehacerpolitico.mx\/#\/schema\/person\/496d8ad2d1d3f8036101dca7ee39e585"},"headline":"La presidenta Claudia Sheinbaum rechaza que con las reformas aprobadas a la Ley de Telecomunicaciones se vaya a espiar a los ciudadanos: \u201cEs falso, es mentira\u201d","datePublished":"2025-07-02T17:01:52+00:00","dateModified":"2025-07-02T17:01:55+00:00","mainEntityOfPage":{"@id":"https:\/\/quehacerpolitico.mx\/?p=117384"},"wordCount":288,"commentCount":0,"image":{"@id":"https:\/\/quehacerpolitico.mx\/?p=117384#primaryimage"},"thumbnailUrl":"https:\/\/quehacerpolitico.mx\/wp-content\/uploads\/2025\/07\/IMG_1368.jpeg","articleSection":["Nacionales","Noticias"],"inLanguage":"es","potentialAction":[{"@type":"CommentAction","name":"Comment","target":["https:\/\/quehacerpolitico.mx\/?p=117384#respond"]}]},{"@type":"WebPage","@id":"https:\/\/quehacerpolitico.mx\/?p=117384","url":"https:\/\/quehacerpolitico.mx\/?p=117384","name":"La presidenta Claudia Sheinbaum rechaza que con las reformas aprobadas a la Ley de Telecomunicaciones se vaya a espiar a los ciudadanos: \u201cEs falso, es mentira\u201d -","isPartOf":{"@id":"https:\/\/quehacerpolitico.mx\/#website"},"primaryImageOfPage":{"@id":"https:\/\/quehacerpolitico.mx\/?p=117384#primaryimage"},"image":{"@id":"https:\/\/quehacerpolitico.mx\/?p=117384#primaryimage"},"thumbnailUrl":"https:\/\/quehacerpolitico.mx\/wp-content\/uploads\/2025\/07\/IMG_1368.jpeg","datePublished":"2025-07-02T17:01:52+00:00","dateModified":"2025-07-02T17:01:55+00:00","author":{"@id":"https:\/\/quehacerpolitico.mx\/#\/schema\/person\/496d8ad2d1d3f8036101dca7ee39e585"},"breadcrumb":{"@id":"https:\/\/quehacerpolitico.mx\/?p=117384#breadcrumb"},"inLanguage":"es","potentialAction":[{"@type":"ReadAction","target":["https:\/\/quehacerpolitico.mx\/?p=117384"]}]},{"@type":"ImageObject","inLanguage":"es","@id":"https:\/\/quehacerpolitico.mx\/?p=117384#primaryimage","url":"https:\/\/quehacerpolitico.mx\/wp-content\/uploads\/2025\/07\/IMG_1368.jpeg","contentUrl":"https:\/\/quehacerpolitico.mx\/wp-content\/uploads\/2025\/07\/IMG_1368.jpeg","width":906,"height":657,"caption":"Screenshot"},{"@type":"BreadcrumbList","@id":"https:\/\/quehacerpolitico.mx\/?p=117384#breadcrumb","itemListElement":[{"@type":"ListItem","position":1,"name":"Inicio","item":"https:\/\/quehacerpolitico.mx\/"},{"@type":"ListItem","position":2,"name":"La presidenta Claudia Sheinbaum rechaza que con las reformas aprobadas a la Ley de Telecomunicaciones se vaya a espiar a los ciudadanos: \u201cEs falso, es mentira\u201d"}]},{"@type":"WebSite","@id":"https:\/\/quehacerpolitico.mx\/#website","url":"https:\/\/quehacerpolitico.mx\/","name":"","description":"","potentialAction":[{"@type":"SearchAction","target":{"@type":"EntryPoint","urlTemplate":"https:\/\/quehacerpolitico.mx\/?s={search_term_string}"},"query-input":{"@type":"PropertyValueSpecification","valueRequired":true,"valueName":"search_term_string"}}],"inLanguage":"es"},{"@type":"Person","@id":"https:\/\/quehacerpolitico.mx\/#\/schema\/person\/496d8ad2d1d3f8036101dca7ee39e585","name":"Redacci\u00f3n QP","image":{"@type":"ImageObject","inLanguage":"es","@id":"https:\/\/secure.gravatar.com\/avatar\/c7164ed6fdec453195284ad24a5ae5b6e1eed2b848477fa2a4787ba9adf39a41?s=96&d=mm&r=g","url":"https:\/\/secure.gravatar.com\/avatar\/c7164ed6fdec453195284ad24a5ae5b6e1eed2b848477fa2a4787ba9adf39a41?s=96&d=mm&r=g","contentUrl":"https:\/\/secure.gravatar.com\/avatar\/c7164ed6fdec453195284ad24a5ae5b6e1eed2b848477fa2a4787ba9adf39a41?s=96&d=mm&r=g","caption":"Redacci\u00f3n QP"},"url":"https:\/\/quehacerpolitico.mx\/?author=2"}]}},"featured_image_urls":{"full":["https:\/\/quehacerpolitico.mx\/wp-content\/uploads\/2025\/07\/IMG_1368.jpeg",906,657,false],"thumbnail":["https:\/\/quehacerpolitico.mx\/wp-content\/uploads\/2025\/07\/IMG_1368-150x150.jpeg",150,150,true],"medium":["https:\/\/quehacerpolitico.mx\/wp-content\/uploads\/2025\/07\/IMG_1368-300x218.jpeg",300,218,true],"medium_large":["https:\/\/quehacerpolitico.mx\/wp-content\/uploads\/2025\/07\/IMG_1368-768x557.jpeg",640,464,true],"large":["https:\/\/quehacerpolitico.mx\/wp-content\/uploads\/2025\/07\/IMG_1368.jpeg",640,464,false],"1536x1536":["https:\/\/quehacerpolitico.mx\/wp-content\/uploads\/2025\/07\/IMG_1368.jpeg",906,657,false],"2048x2048":["https:\/\/quehacerpolitico.mx\/wp-content\/uploads\/2025\/07\/IMG_1368.jpeg",906,657,false],"covernews-featured":["https:\/\/quehacerpolitico.mx\/wp-content\/uploads\/2025\/07\/IMG_1368.jpeg",906,657,false],"covernews-medium":["https:\/\/quehacerpolitico.mx\/wp-content\/uploads\/2025\/07\/IMG_1368-540x340.jpeg",540,340,true]},"author_info":{"display_name":"Redacci\u00f3n QP","author_link":"https:\/\/quehacerpolitico.mx\/?author=2"},"category_info":"<a href=\"https:\/\/quehacerpolitico.mx\/?cat=280\" rel=\"category\">Nacionales<\/a> <a href=\"https:\/\/quehacerpolitico.mx\/?cat=2\" rel=\"category\">Noticias<\/a>","tag_info":"Noticias","comment_count":"0","_links":{"self":[{"href":"https:\/\/quehacerpolitico.mx\/index.php?rest_route=\/wp\/v2\/posts\/117384","targetHints":{"allow":["GET"]}}],"collection":[{"href":"https:\/\/quehacerpolitico.mx\/index.php?rest_route=\/wp\/v2\/posts"}],"about":[{"href":"https:\/\/quehacerpolitico.mx\/index.php?rest_route=\/wp\/v2\/types\/post"}],"author":[{"embeddable":true,"href":"https:\/\/quehacerpolitico.mx\/index.php?rest_route=\/wp\/v2\/users\/2"}],"replies":[{"embeddable":true,"href":"https:\/\/quehacerpolitico.mx\/index.php?rest_route=%2Fwp%2Fv2%2Fcomments&post=117384"}],"version-history":[{"count":1,"href":"https:\/\/quehacerpolitico.mx\/index.php?rest_route=\/wp\/v2\/posts\/117384\/revisions"}],"predecessor-version":[{"id":117386,"href":"https:\/\/quehacerpolitico.mx\/index.php?rest_route=\/wp\/v2\/posts\/117384\/revisions\/117386"}],"wp:featuredmedia":[{"embeddable":true,"href":"https:\/\/quehacerpolitico.mx\/index.php?rest_route=\/wp\/v2\/media\/117385"}],"wp:attachment":[{"href":"https:\/\/quehacerpolitico.mx\/index.php?rest_route=%2Fwp%2Fv2%2Fmedia&parent=117384"}],"wp:term":[{"taxonomy":"category","embeddable":true,"href":"https:\/\/quehacerpolitico.mx\/index.php?rest_route=%2Fwp%2Fv2%2Fcategories&post=117384"},{"taxonomy":"post_tag","embeddable":true,"href":"https:\/\/quehacerpolitico.mx\/index.php?rest_route=%2Fwp%2Fv2%2Ftags&post=117384"}],"curies":[{"name":"wp","href":"https:\/\/api.w.org\/{rel}","templated":true}]}}