{"id":117333,"date":"2025-06-30T12:07:42","date_gmt":"2025-06-30T18:07:42","guid":{"rendered":"https:\/\/quehacerpolitico.mx\/?p=117333"},"modified":"2025-06-30T12:07:45","modified_gmt":"2025-06-30T18:07:45","slug":"detenidos-ellos-o-nosotros","status":"publish","type":"post","link":"https:\/\/quehacerpolitico.mx\/?p=117333","title":{"rendered":"Detenidos, \u00bfellos o nosotros?"},"content":{"rendered":"\n<p>Por Graciela Edith Coronel Barrios<\/p>\n\n\n\n<p>Presidenta de Comercio Alternativo para una Vida Digna A.C. (CAPUVD)<\/p>\n\n\n\n<p>Estimado lector, hoy quise hacer esta publicaci\u00f3n especial por todos nuestros conciudadanos, hermanos en Cristo, familiares o amigos que est\u00e1n detenidos en alguna prisi\u00f3n de nuestro pa\u00eds. Por cada persona que forma parte de la lista de recluidos en alguna de&nbsp;lasc\u00e1rceles, que hoy se encuentran en el olvido y sin recibir la atenci\u00f3n adecuada y oportuna para su estancia ah\u00ed y para la soluci\u00f3n de su caso.&nbsp;<\/p>\n\n\n\n<p>Nos dice la Palabra del Se\u00f1or:&nbsp;\u201cAcordaos de los presos, como si estuvierais presos juntamente con ellos; y de los maltratados, como que tambi\u00e9n vosotros mismos est\u00e1is en el cuerpo.\u201d&nbsp;Hebreos<\/p>\n\n\n\n<p>Con ello quiero hacer un llamado a ti, a no olvidarlos e ignorarlos, recordemos que m\u00e1s bienaventurado es dar que recibir; oro que el Se\u00f1or active en ti un coraz\u00f3n sensible a esto, misericordioso y que si est\u00e1 en tus manos, hacer algo por alg\u00fan recluso o por las c\u00e1rceles de nuestro pa\u00eds,&nbsp;desde la posici\u00f3n en donde te encuentras, lo hagas! M\u00ednimo que puedas extender una oraci\u00f3n hacia ellos, donde supliques al Se\u00f1or que:<\/p>\n\n\n\n<p>\u2022&nbsp;Su justicia venga sobre cada caso y saque tambi\u00e9n, la verdad a la luz en cada juicio.&nbsp;<\/p>\n\n\n\n<p>\u2022&nbsp;No sigan existiendo casos de injusticia sobre esas personas que no han cometido los actos que les imputan&nbsp;y que traiga pronta libertad a sus vidas.<\/p>\n\n\n\n<p>\u2022&nbsp;De igual manera,&nbsp;que no&nbsp;haya&nbsp;actos de&nbsp;impunidad en los juicios en M\u00e9xico.<\/p>\n\n\n\n<p>\u2022&nbsp;Cada autoridad sea usada conforme a la voluntad del Se\u00f1or en cada uno de los casos;&nbsp;que haya temor de Dios en cada polic\u00eda, en cada perito, en cada agente de ministerio p\u00fablico, en cada fiscal&nbsp;yen cada juez.&nbsp;<\/p>\n\n\n\n<p>\u2022&nbsp;La&nbsp;corrupci\u00f3n sea desarraigada de cada juicio, de cada ministerio p\u00fablico, de cada c\u00e1rcel, de cada abogado, de cada autoridad.<\/p>\n\n\n\n<p>\u2022&nbsp;Provea de todos los recursos necesarios: econ\u00f3micos, humanos, legales, etc.&nbsp;para que cada&nbsp;recluso&nbsp;pueda continuar con el desarrollo de su juicio.&nbsp;<\/p>\n\n\n\n<p>\u2022&nbsp;Supla todas&nbsp;las&nbsp;necesidades b\u00e1sicas dentro de las c\u00e1rceles de nuestro pa\u00eds, como son alimentos, asistencia m\u00e9dica, psicol\u00f3gica, continuidad&nbsp;con sus estudios, ense\u00f1anzas b\u00edblicas,&nbsp;preparaci\u00f3n laboral, etc.&nbsp;para que&nbsp;los reclusos&nbsp;tengan una&nbsp;buena calidad de vida.<\/p>\n\n\n\n<p>\u2022&nbsp;Las aportaciones o ayudas extraordinarias, como la que t\u00fa vas a hacer,&nbsp;lleguen a&nbsp;ellos&nbsp;y sean usados para los fines para los que fueron aportados.<\/p>\n\n\n\n<p>\u2022&nbsp;La estancia&nbsp;de los reclusos en las c\u00e1rceles&nbsp;sea en sana paz,&nbsp;respeto&nbsp;y dignidad,&nbsp;con&nbsp;una verdadera restauraci\u00f3n en sus vidas,&nbsp;prepar\u00e1ndolos para la reinserci\u00f3n a la sociedad.<\/p>\n\n\n\n<p>\u2022&nbsp;Se lleven a cabo todas las reestructuraciones necesarias en las leyes penales y en el sistema penitenciario para agilizar los procesos en los juicios y mejorar la calidad de vida de los reclusos.&nbsp;<\/p>\n\n\n\n<p>\u2022&nbsp;Ponga gracia en la persona que&nbsp;est\u00e9&nbsp;en esta situaci\u00f3n y en los abogados que est\u00e9n llevando el caso, ante las autoridades correspondientes.&nbsp;Y en quienes&nbsp;sea necesario, llevarlos a un arrepentimiento genuino de sus actos para no hacerlos nunca m\u00e1s.<\/p>\n\n\n\n<p>\u2022&nbsp;Guarde el coraz\u00f3n de los familiares ante dicha situaci\u00f3n&nbsp;y ponga en ellos paz y esperanza.<\/p>\n\n\n\n<p>\u2022&nbsp;Levante l\u00edderes cristianos para ense\u00f1ar la Palabra del Se\u00f1or ah\u00ed dentro y animar a los reclusos a vivir conforme a ella.&nbsp;Y que cada&nbsp;recluso&nbsp;pueda ver la luz a trav\u00e9s del encierro que est\u00e1 viviendo,pareciera imposible, pero es solo la luz de Jes\u00fas la que puede llegar ah\u00ed hasta lo mas profundo; y de estar en medio de tanta incertidumbre,&nbsp;viviendo entre paredes,&nbsp;pero con la certeza de saber el prop\u00f3sito de lo que est\u00e1 viviendo y saber que esa no es la vida final sino que hay una trascendencia mayor donde las rejas no estar\u00e1n presentes nunca m\u00e1s.<\/p>\n\n\n\n<p>\u2022&nbsp;Intervenga para que la paz, el amor y el gozo&nbsp;de \u00c9l,prevalezca en cada c\u00e1rcel y en el coraz\u00f3n de cada&nbsp;recluso y que Su Esp\u00edritu habite en medio de ellos.<\/p>\n\n\n\n<p>\u00bfTodos estos puntos te parece que sean imposibles de suceder?&nbsp;La situaci\u00f3n es que para Dios no son imposibles, porque lo que es imposible para nosotros para Dios no lo&nbsp;es, pero alguien tiene que intercederen oraci\u00f3n&nbsp;y actuar&nbsp;por ellos.<\/p>\n\n\n\n<p>Como puedes ver, hay un sin fin de razones por las cuales orar&nbsp;en relaci\u00f3n con&nbsp;las&nbsp;c\u00e1rceles&nbsp;de nuestro pa\u00eds, te animo a que&nbsp;no te detengas, y&nbsp;te sumes en oraci\u00f3n y en acci\u00f3n,&nbsp;para que cada necesidad sea atendida, sobrellevemos los unos las cargas de los otros como nos dice la Palabra.<\/p>\n\n\n\n<p>Nos dice el Se\u00f1or en este mismo libro de Hebreos: \u201cY de hacer bien y de la ayuda mutua no os olvid\u00e9is; porque de tales sacrificios se agrada Dios.\u201d Hebreos\u202c&nbsp;<\/p>\n\n\n\n<p>Amado&nbsp;Jes\u00fas, en este d\u00eda te doy&nbsp;gracias por tu bondad, por la libertad que hoy tengo&nbsp;gracias a tu&nbsp;Nombre, reconozco&nbsp;que no lo he valorado en su totalidad y que te he fallado, reconozco&nbsp;que he sido ego\u00edsta y he estado&nbsp;apartado de ti, pero en este d\u00eda quiero&nbsp;reconciliarme contigo, quiero pedirte que seas mi Se\u00f1or, haciendo&nbsp;Tu voluntad en mi vida, para ello te reconozco como&nbsp;mi&nbsp;Salvador,&nbsp;el&nbsp;que muri\u00f3&nbsp;por&nbsp;m\u00ed&nbsp;en esa cruz, pero&nbsp;que&nbsp;hoy&nbsp;est\u00e1s&nbsp;a la diestra del Padre,pongo en tus manos todas estas peticiones y&nbsp;te bendigo en el nombre de Jes\u00fas, am\u00e9n.<\/p>\n","protected":false},"excerpt":{"rendered":"<p>Por Graciela Edith Coronel Barrios Presidenta de Comercio Alternativo para una Vida Digna A.C. (CAPUVD)&#8230;<\/p>\n","protected":false},"author":2,"featured_media":116655,"comment_status":"open","ping_status":"open","sticky":false,"template":"","format":"standard","meta":{"_monsterinsights_skip_tracking":false,"_monsterinsights_sitenote_active":false,"_monsterinsights_sitenote_note":"","_monsterinsights_sitenote_category":0,"footnotes":""},"categories":[280,2],"tags":[],"class_list":["post-117333","post","type-post","status-publish","format-standard","has-post-thumbnail","hentry","category-nacionales","category-noticias"],"yoast_head":"<!-- This site is optimized with the Yoast SEO plugin v27.3 - https:\/\/yoast.com\/product\/yoast-seo-wordpress\/ -->\n<title>Detenidos, \u00bfellos o nosotros? -<\/title>\n<meta name=\"robots\" content=\"index, follow, max-snippet:-1, max-image-preview:large, max-video-preview:-1\" \/>\n<link rel=\"canonical\" href=\"https:\/\/quehacerpolitico.mx\/?p=117333\" \/>\n<meta property=\"og:locale\" content=\"es_MX\" \/>\n<meta property=\"og:type\" content=\"article\" \/>\n<meta property=\"og:title\" content=\"Detenidos, \u00bfellos o nosotros? -\" \/>\n<meta property=\"og:description\" content=\"Por Graciela Edith Coronel Barrios Presidenta de Comercio Alternativo para una Vida Digna A.C. (CAPUVD)...\" \/>\n<meta property=\"og:url\" content=\"https:\/\/quehacerpolitico.mx\/?p=117333\" \/>\n<meta property=\"article:published_time\" content=\"2025-06-30T18:07:42+00:00\" \/>\n<meta property=\"article:modified_time\" content=\"2025-06-30T18:07:45+00:00\" \/>\n<meta property=\"og:image\" content=\"https:\/\/quehacerpolitico.mx\/wp-content\/uploads\/2025\/06\/IMG_0529.jpeg\" \/>\n\t<meta property=\"og:image:width\" content=\"1170\" \/>\n\t<meta property=\"og:image:height\" content=\"565\" \/>\n\t<meta property=\"og:image:type\" content=\"image\/jpeg\" \/>\n<meta name=\"author\" content=\"Redacci\u00f3n QP\" \/>\n<meta name=\"twitter:card\" content=\"summary_large_image\" \/>\n<meta name=\"twitter:label1\" content=\"Escrito por\" \/>\n\t<meta name=\"twitter:data1\" content=\"Redacci\u00f3n QP\" \/>\n\t<meta name=\"twitter:label2\" content=\"Tiempo de lectura\" \/>\n\t<meta name=\"twitter:data2\" content=\"5 minutos\" \/>\n<script type=\"application\/ld+json\" class=\"yoast-schema-graph\">{\"@context\":\"https:\\\/\\\/schema.org\",\"@graph\":[{\"@type\":\"Article\",\"@id\":\"https:\\\/\\\/quehacerpolitico.mx\\\/?p=117333#article\",\"isPartOf\":{\"@id\":\"https:\\\/\\\/quehacerpolitico.mx\\\/?p=117333\"},\"author\":{\"name\":\"Redacci\u00f3n QP\",\"@id\":\"https:\\\/\\\/quehacerpolitico.mx\\\/#\\\/schema\\\/person\\\/496d8ad2d1d3f8036101dca7ee39e585\"},\"headline\":\"Detenidos, \u00bfellos o nosotros?\",\"datePublished\":\"2025-06-30T18:07:42+00:00\",\"dateModified\":\"2025-06-30T18:07:45+00:00\",\"mainEntityOfPage\":{\"@id\":\"https:\\\/\\\/quehacerpolitico.mx\\\/?p=117333\"},\"wordCount\":1049,\"commentCount\":0,\"image\":{\"@id\":\"https:\\\/\\\/quehacerpolitico.mx\\\/?p=117333#primaryimage\"},\"thumbnailUrl\":\"https:\\\/\\\/quehacerpolitico.mx\\\/wp-content\\\/uploads\\\/2025\\\/06\\\/IMG_0529.jpeg\",\"articleSection\":[\"Nacionales\",\"Noticias\"],\"inLanguage\":\"es\",\"potentialAction\":[{\"@type\":\"CommentAction\",\"name\":\"Comment\",\"target\":[\"https:\\\/\\\/quehacerpolitico.mx\\\/?p=117333#respond\"]}]},{\"@type\":\"WebPage\",\"@id\":\"https:\\\/\\\/quehacerpolitico.mx\\\/?p=117333\",\"url\":\"https:\\\/\\\/quehacerpolitico.mx\\\/?p=117333\",\"name\":\"Detenidos, \u00bfellos o nosotros? -\",\"isPartOf\":{\"@id\":\"https:\\\/\\\/quehacerpolitico.mx\\\/#website\"},\"primaryImageOfPage\":{\"@id\":\"https:\\\/\\\/quehacerpolitico.mx\\\/?p=117333#primaryimage\"},\"image\":{\"@id\":\"https:\\\/\\\/quehacerpolitico.mx\\\/?p=117333#primaryimage\"},\"thumbnailUrl\":\"https:\\\/\\\/quehacerpolitico.mx\\\/wp-content\\\/uploads\\\/2025\\\/06\\\/IMG_0529.jpeg\",\"datePublished\":\"2025-06-30T18:07:42+00:00\",\"dateModified\":\"2025-06-30T18:07:45+00:00\",\"author\":{\"@id\":\"https:\\\/\\\/quehacerpolitico.mx\\\/#\\\/schema\\\/person\\\/496d8ad2d1d3f8036101dca7ee39e585\"},\"breadcrumb\":{\"@id\":\"https:\\\/\\\/quehacerpolitico.mx\\\/?p=117333#breadcrumb\"},\"inLanguage\":\"es\",\"potentialAction\":[{\"@type\":\"ReadAction\",\"target\":[\"https:\\\/\\\/quehacerpolitico.mx\\\/?p=117333\"]}]},{\"@type\":\"ImageObject\",\"inLanguage\":\"es\",\"@id\":\"https:\\\/\\\/quehacerpolitico.mx\\\/?p=117333#primaryimage\",\"url\":\"https:\\\/\\\/quehacerpolitico.mx\\\/wp-content\\\/uploads\\\/2025\\\/06\\\/IMG_0529.jpeg\",\"contentUrl\":\"https:\\\/\\\/quehacerpolitico.mx\\\/wp-content\\\/uploads\\\/2025\\\/06\\\/IMG_0529.jpeg\",\"width\":1170,\"height\":565,\"caption\":\"Screenshot\"},{\"@type\":\"BreadcrumbList\",\"@id\":\"https:\\\/\\\/quehacerpolitico.mx\\\/?p=117333#breadcrumb\",\"itemListElement\":[{\"@type\":\"ListItem\",\"position\":1,\"name\":\"Inicio\",\"item\":\"https:\\\/\\\/quehacerpolitico.mx\\\/\"},{\"@type\":\"ListItem\",\"position\":2,\"name\":\"Detenidos, \u00bfellos o nosotros?\"}]},{\"@type\":\"WebSite\",\"@id\":\"https:\\\/\\\/quehacerpolitico.mx\\\/#website\",\"url\":\"https:\\\/\\\/quehacerpolitico.mx\\\/\",\"name\":\"\",\"description\":\"\",\"potentialAction\":[{\"@type\":\"SearchAction\",\"target\":{\"@type\":\"EntryPoint\",\"urlTemplate\":\"https:\\\/\\\/quehacerpolitico.mx\\\/?s={search_term_string}\"},\"query-input\":{\"@type\":\"PropertyValueSpecification\",\"valueRequired\":true,\"valueName\":\"search_term_string\"}}],\"inLanguage\":\"es\"},{\"@type\":\"Person\",\"@id\":\"https:\\\/\\\/quehacerpolitico.mx\\\/#\\\/schema\\\/person\\\/496d8ad2d1d3f8036101dca7ee39e585\",\"name\":\"Redacci\u00f3n QP\",\"image\":{\"@type\":\"ImageObject\",\"inLanguage\":\"es\",\"@id\":\"https:\\\/\\\/secure.gravatar.com\\\/avatar\\\/c7164ed6fdec453195284ad24a5ae5b6e1eed2b848477fa2a4787ba9adf39a41?s=96&d=mm&r=g\",\"url\":\"https:\\\/\\\/secure.gravatar.com\\\/avatar\\\/c7164ed6fdec453195284ad24a5ae5b6e1eed2b848477fa2a4787ba9adf39a41?s=96&d=mm&r=g\",\"contentUrl\":\"https:\\\/\\\/secure.gravatar.com\\\/avatar\\\/c7164ed6fdec453195284ad24a5ae5b6e1eed2b848477fa2a4787ba9adf39a41?s=96&d=mm&r=g\",\"caption\":\"Redacci\u00f3n QP\"},\"url\":\"https:\\\/\\\/quehacerpolitico.mx\\\/?author=2\"}]}<\/script>\n<!-- \/ Yoast SEO plugin. -->","yoast_head_json":{"title":"Detenidos, \u00bfellos o nosotros? -","robots":{"index":"index","follow":"follow","max-snippet":"max-snippet:-1","max-image-preview":"max-image-preview:large","max-video-preview":"max-video-preview:-1"},"canonical":"https:\/\/quehacerpolitico.mx\/?p=117333","og_locale":"es_MX","og_type":"article","og_title":"Detenidos, \u00bfellos o nosotros? -","og_description":"Por Graciela Edith Coronel Barrios Presidenta de Comercio Alternativo para una Vida Digna A.C. (CAPUVD)...","og_url":"https:\/\/quehacerpolitico.mx\/?p=117333","article_published_time":"2025-06-30T18:07:42+00:00","article_modified_time":"2025-06-30T18:07:45+00:00","og_image":[{"width":1170,"height":565,"url":"https:\/\/quehacerpolitico.mx\/wp-content\/uploads\/2025\/06\/IMG_0529.jpeg","type":"image\/jpeg"}],"author":"Redacci\u00f3n QP","twitter_card":"summary_large_image","twitter_misc":{"Escrito por":"Redacci\u00f3n QP","Tiempo de lectura":"5 minutos"},"schema":{"@context":"https:\/\/schema.org","@graph":[{"@type":"Article","@id":"https:\/\/quehacerpolitico.mx\/?p=117333#article","isPartOf":{"@id":"https:\/\/quehacerpolitico.mx\/?p=117333"},"author":{"name":"Redacci\u00f3n QP","@id":"https:\/\/quehacerpolitico.mx\/#\/schema\/person\/496d8ad2d1d3f8036101dca7ee39e585"},"headline":"Detenidos, \u00bfellos o nosotros?","datePublished":"2025-06-30T18:07:42+00:00","dateModified":"2025-06-30T18:07:45+00:00","mainEntityOfPage":{"@id":"https:\/\/quehacerpolitico.mx\/?p=117333"},"wordCount":1049,"commentCount":0,"image":{"@id":"https:\/\/quehacerpolitico.mx\/?p=117333#primaryimage"},"thumbnailUrl":"https:\/\/quehacerpolitico.mx\/wp-content\/uploads\/2025\/06\/IMG_0529.jpeg","articleSection":["Nacionales","Noticias"],"inLanguage":"es","potentialAction":[{"@type":"CommentAction","name":"Comment","target":["https:\/\/quehacerpolitico.mx\/?p=117333#respond"]}]},{"@type":"WebPage","@id":"https:\/\/quehacerpolitico.mx\/?p=117333","url":"https:\/\/quehacerpolitico.mx\/?p=117333","name":"Detenidos, \u00bfellos o nosotros? -","isPartOf":{"@id":"https:\/\/quehacerpolitico.mx\/#website"},"primaryImageOfPage":{"@id":"https:\/\/quehacerpolitico.mx\/?p=117333#primaryimage"},"image":{"@id":"https:\/\/quehacerpolitico.mx\/?p=117333#primaryimage"},"thumbnailUrl":"https:\/\/quehacerpolitico.mx\/wp-content\/uploads\/2025\/06\/IMG_0529.jpeg","datePublished":"2025-06-30T18:07:42+00:00","dateModified":"2025-06-30T18:07:45+00:00","author":{"@id":"https:\/\/quehacerpolitico.mx\/#\/schema\/person\/496d8ad2d1d3f8036101dca7ee39e585"},"breadcrumb":{"@id":"https:\/\/quehacerpolitico.mx\/?p=117333#breadcrumb"},"inLanguage":"es","potentialAction":[{"@type":"ReadAction","target":["https:\/\/quehacerpolitico.mx\/?p=117333"]}]},{"@type":"ImageObject","inLanguage":"es","@id":"https:\/\/quehacerpolitico.mx\/?p=117333#primaryimage","url":"https:\/\/quehacerpolitico.mx\/wp-content\/uploads\/2025\/06\/IMG_0529.jpeg","contentUrl":"https:\/\/quehacerpolitico.mx\/wp-content\/uploads\/2025\/06\/IMG_0529.jpeg","width":1170,"height":565,"caption":"Screenshot"},{"@type":"BreadcrumbList","@id":"https:\/\/quehacerpolitico.mx\/?p=117333#breadcrumb","itemListElement":[{"@type":"ListItem","position":1,"name":"Inicio","item":"https:\/\/quehacerpolitico.mx\/"},{"@type":"ListItem","position":2,"name":"Detenidos, \u00bfellos o nosotros?"}]},{"@type":"WebSite","@id":"https:\/\/quehacerpolitico.mx\/#website","url":"https:\/\/quehacerpolitico.mx\/","name":"","description":"","potentialAction":[{"@type":"SearchAction","target":{"@type":"EntryPoint","urlTemplate":"https:\/\/quehacerpolitico.mx\/?s={search_term_string}"},"query-input":{"@type":"PropertyValueSpecification","valueRequired":true,"valueName":"search_term_string"}}],"inLanguage":"es"},{"@type":"Person","@id":"https:\/\/quehacerpolitico.mx\/#\/schema\/person\/496d8ad2d1d3f8036101dca7ee39e585","name":"Redacci\u00f3n QP","image":{"@type":"ImageObject","inLanguage":"es","@id":"https:\/\/secure.gravatar.com\/avatar\/c7164ed6fdec453195284ad24a5ae5b6e1eed2b848477fa2a4787ba9adf39a41?s=96&d=mm&r=g","url":"https:\/\/secure.gravatar.com\/avatar\/c7164ed6fdec453195284ad24a5ae5b6e1eed2b848477fa2a4787ba9adf39a41?s=96&d=mm&r=g","contentUrl":"https:\/\/secure.gravatar.com\/avatar\/c7164ed6fdec453195284ad24a5ae5b6e1eed2b848477fa2a4787ba9adf39a41?s=96&d=mm&r=g","caption":"Redacci\u00f3n QP"},"url":"https:\/\/quehacerpolitico.mx\/?author=2"}]}},"featured_image_urls":{"full":["https:\/\/quehacerpolitico.mx\/wp-content\/uploads\/2025\/06\/IMG_0529.jpeg",1170,565,false],"thumbnail":["https:\/\/quehacerpolitico.mx\/wp-content\/uploads\/2025\/06\/IMG_0529-150x150.jpeg",150,150,true],"medium":["https:\/\/quehacerpolitico.mx\/wp-content\/uploads\/2025\/06\/IMG_0529-300x145.jpeg",300,145,true],"medium_large":["https:\/\/quehacerpolitico.mx\/wp-content\/uploads\/2025\/06\/IMG_0529-768x371.jpeg",640,309,true],"large":["https:\/\/quehacerpolitico.mx\/wp-content\/uploads\/2025\/06\/IMG_0529-1024x494.jpeg",640,309,true],"1536x1536":["https:\/\/quehacerpolitico.mx\/wp-content\/uploads\/2025\/06\/IMG_0529.jpeg",1170,565,false],"2048x2048":["https:\/\/quehacerpolitico.mx\/wp-content\/uploads\/2025\/06\/IMG_0529.jpeg",1170,565,false],"covernews-featured":["https:\/\/quehacerpolitico.mx\/wp-content\/uploads\/2025\/06\/IMG_0529-1024x494.jpeg",1024,494,true],"covernews-medium":["https:\/\/quehacerpolitico.mx\/wp-content\/uploads\/2025\/06\/IMG_0529-540x340.jpeg",540,340,true]},"author_info":{"display_name":"Redacci\u00f3n QP","author_link":"https:\/\/quehacerpolitico.mx\/?author=2"},"category_info":"<a href=\"https:\/\/quehacerpolitico.mx\/?cat=280\" rel=\"category\">Nacionales<\/a> <a href=\"https:\/\/quehacerpolitico.mx\/?cat=2\" rel=\"category\">Noticias<\/a>","tag_info":"Noticias","comment_count":"0","_links":{"self":[{"href":"https:\/\/quehacerpolitico.mx\/index.php?rest_route=\/wp\/v2\/posts\/117333","targetHints":{"allow":["GET"]}}],"collection":[{"href":"https:\/\/quehacerpolitico.mx\/index.php?rest_route=\/wp\/v2\/posts"}],"about":[{"href":"https:\/\/quehacerpolitico.mx\/index.php?rest_route=\/wp\/v2\/types\/post"}],"author":[{"embeddable":true,"href":"https:\/\/quehacerpolitico.mx\/index.php?rest_route=\/wp\/v2\/users\/2"}],"replies":[{"embeddable":true,"href":"https:\/\/quehacerpolitico.mx\/index.php?rest_route=%2Fwp%2Fv2%2Fcomments&post=117333"}],"version-history":[{"count":1,"href":"https:\/\/quehacerpolitico.mx\/index.php?rest_route=\/wp\/v2\/posts\/117333\/revisions"}],"predecessor-version":[{"id":117334,"href":"https:\/\/quehacerpolitico.mx\/index.php?rest_route=\/wp\/v2\/posts\/117333\/revisions\/117334"}],"wp:featuredmedia":[{"embeddable":true,"href":"https:\/\/quehacerpolitico.mx\/index.php?rest_route=\/wp\/v2\/media\/116655"}],"wp:attachment":[{"href":"https:\/\/quehacerpolitico.mx\/index.php?rest_route=%2Fwp%2Fv2%2Fmedia&parent=117333"}],"wp:term":[{"taxonomy":"category","embeddable":true,"href":"https:\/\/quehacerpolitico.mx\/index.php?rest_route=%2Fwp%2Fv2%2Fcategories&post=117333"},{"taxonomy":"post_tag","embeddable":true,"href":"https:\/\/quehacerpolitico.mx\/index.php?rest_route=%2Fwp%2Fv2%2Ftags&post=117333"}],"curies":[{"name":"wp","href":"https:\/\/api.w.org\/{rel}","templated":true}]}}