{"id":117323,"date":"2025-06-29T22:56:52","date_gmt":"2025-06-30T04:56:52","guid":{"rendered":"https:\/\/quehacerpolitico.mx\/?p=117323"},"modified":"2025-06-29T22:56:55","modified_gmt":"2025-06-30T04:56:55","slug":"luis-fernando-tena-dt-de-guatemala-llega-hasta-las-lagrimas-tras-el-pase-a-semifinales-en-la-copa-oro-y-cantar-el-himno-chapin","status":"publish","type":"post","link":"https:\/\/quehacerpolitico.mx\/?p=117323","title":{"rendered":"Luis Fernando Tena, DT de Guatemala, llega hasta las l\u00e1grimas tras el pase a Semifinales en la Copa Oro y cantar el himno chap\u00edn"},"content":{"rendered":"\n<p>Por Redacci\u00f3n QP<\/p>\n\n\n\n<p>El \u2018Flaco\u2019 se sabe a la perfecci\u00f3n las estrofas del l\u00e1baro patrio del pa\u00eds centroamericano y lo hace como agradecimiento al apoyo que ha recibido.<\/p>\n\n\n\n<p><strong>El mexicano Luis Fernando Tena, director t\u00e9cnico de la Selecci\u00f3n de Guatemala,&nbsp;<\/strong>se ha sabido ganar el cari\u00f1o de la afici\u00f3n chapina y eso qued\u00f3 de manifiesto en la victoria ante Canad\u00e1 en los Cuartos de Final de la Copa Oro 2025, toda vez que&nbsp;<strong>el \u2018Flaco\u2019 cant\u00f3 el himno chap\u00edn y despu\u00e9s lleg\u00f3 hasta las l\u00e1grimas&nbsp;<\/strong>cuando se consolid\u00f3 el dram\u00e1tico pase a Semifinales.<\/p>\n\n\n\n<p><strong>Esta no es la primera vez que el \u2018Flaco\u2019 cantaba el l\u00e1baro patrio de Guatemala:&nbsp;<\/strong>\u201cMe sali\u00f3 cantarlo hace dos a\u00f1os en la Copa Oro, me sent\u00ed muy bien, me dan ganas de cantarlo porque me lo s\u00e9 muy bien. En los estadios lo tocan, voy mucho a los estadios,&nbsp;<strong>me s\u00e9 todas las estrofas. Es un himno muy bonito, s\u00ed lo siento y alguna vez me saldr\u00e1 cantarlo porque uno se siente parte y agradecido\u201d,<\/strong>&nbsp;dijo hace unos d\u00edas a Claro Sports.<\/p>\n\n\n\n<figure class=\"wp-block-embed is-type-rich is-provider-twitter wp-block-embed-twitter\"><div class=\"wp-block-embed__wrapper\">\n<blockquote class=\"twitter-tweet\" data-width=\"550\" data-dnt=\"true\"><p lang=\"es\" dir=\"ltr\">\u00a1S\u00ed se pudo, chapines! \ud83d\udcaa <a href=\"https:\/\/t.co\/lWfggApEL6\">pic.twitter.com\/lWfggApEL6<\/a><\/p>&mdash; Gold Cup (@GoldCup) <a href=\"https:\/\/twitter.com\/GoldCup\/status\/1939456129328939068?ref_src=twsrc%5Etfw\">June 29, 2025<\/a><\/blockquote><script async src=\"https:\/\/platform.twitter.com\/widgets.js\" charset=\"utf-8\"><\/script>\n<\/div><\/figure>\n\n\n\n<p><strong>Y esa oportunidad lleg\u00f3 en este juego ante Canad\u00e1:\u00a0<\/strong>\u201cLa imagen del entrenador mexicano entonando con fuerza el himno nacional,\u00a0<strong>con la mano en el coraz\u00f3n y los ojos brillando de emoci\u00f3n,<\/strong>fue el primer indicio de una noche que quedar\u00e1 marcada en la historia del futbol guatemalteco\u201d, relat\u00f3 el peri\u00f3dico chap\u00edn La Prensa Libre.<\/p>\n\n\n\n<p>Fue un partido en el que los guatemaltecos debieron remar a contracorriente. Comenzaron perdiendo, igualaron el marcador, llegaron hasta los penaltis, despu\u00e9s a la muerte s\u00fabita y, tras la ejecuci\u00f3n correcta de Jos\u00e9 Morales que decretaba el triunfo,\u00a0<strong>el \u2018Flaco\u2019 se persign\u00f3 en la banda,<\/strong>\u00a0iban saludando a sus jugadores y cuerpo t\u00e9cnico muy efusivo, incluso<strong> lleg\u00f3 a las l\u00e1grimas tras la rueda que hizo con toda la plantilla en la cancha.<\/strong><\/p>\n\n\n\n<figure class=\"wp-block-embed is-type-rich is-provider-twitter wp-block-embed-twitter\"><div class=\"wp-block-embed__wrapper\">\n<blockquote class=\"twitter-tweet\" data-width=\"550\" data-dnt=\"true\"><p lang=\"es\" dir=\"ltr\">\u00a1La ilusi\u00f3n chapina no se detiene!<br><br>Presentado por <a href=\"https:\/\/twitter.com\/Valvoline?ref_src=twsrc%5Etfw\">@valvoline<\/a> <a href=\"https:\/\/t.co\/2qb9IJdmQP\">pic.twitter.com\/2qb9IJdmQP<\/a><\/p>&mdash; Gold Cup (@GoldCup) <a href=\"https:\/\/twitter.com\/GoldCup\/status\/1939478992240754804?ref_src=twsrc%5Etfw\">June 30, 2025<\/a><\/blockquote><script async src=\"https:\/\/platform.twitter.com\/widgets.js\" charset=\"utf-8\"><\/script>\n<\/div><\/figure>\n\n\n\n<p><strong>Luis Fernando Tena, el t\u00e9cnico mexicano que gan\u00f3 la medalla de oro con el Tri en los Juegos Ol\u00edmpicos de Londres 2012\u00a0<\/strong>y que despu\u00e9s no logr\u00f3 que le dieran tiempo y paciencia en un proyecto importante en la Liga MX,\u00a0<strong>ahora brilla en Guatemala,\u00a0<\/strong>regres\u00f3 al combinado nacional a unas Semifinales de la Copa Oro tras 29 a\u00f1os de ausencia.\u00a0<strong>Una m\u00e1s del \u2018Flaco de Oro\u2019.<\/strong><\/p>\n\n\n\n<figure class=\"wp-block-embed is-type-rich is-provider-twitter wp-block-embed-twitter\"><div class=\"wp-block-embed__wrapper\">\n<blockquote class=\"twitter-tweet\" data-width=\"550\" data-dnt=\"true\"><p lang=\"es\" dir=\"ltr\">El Himno m\u00e1s bello del mundo, entonado por el Dt. Tena \ud83c\uddec\ud83c\uddf9\u2665\ufe0f\ud83c\uddec\ud83c\uddf9\u2665\ufe0f\ud83c\uddec\ud83c\uddf9\u2665\ufe0f\u2708\ufe0f <a href=\"https:\/\/t.co\/pd74WXWee4\">pic.twitter.com\/pd74WXWee4<\/a><\/p>&mdash; \ud83c\uddfa\ud83c\uddf8\ud83c\uddec\ud83c\uddf9\u2708Gustavo L\u00f3pez\u2708\ud83c\uddec\ud83c\uddf9\ud83c\uddfa\ud83c\uddf8 (@GLopezfranco) <a href=\"https:\/\/twitter.com\/GLopezfranco\/status\/1939415143114326294?ref_src=twsrc%5Etfw\">June 29, 2025<\/a><\/blockquote><script async src=\"https:\/\/platform.twitter.com\/widgets.js\" charset=\"utf-8\"><\/script>\n<\/div><\/figure>\n","protected":false},"excerpt":{"rendered":"<p>Por Redacci\u00f3n QP El \u2018Flaco\u2019 se sabe a la perfecci\u00f3n las estrofas del l\u00e1baro patrio&#8230;<\/p>\n","protected":false},"author":2,"featured_media":117324,"comment_status":"open","ping_status":"open","sticky":false,"template":"","format":"standard","meta":{"_monsterinsights_skip_tracking":false,"_monsterinsights_sitenote_active":false,"_monsterinsights_sitenote_note":"","_monsterinsights_sitenote_category":0,"footnotes":""},"categories":[54],"tags":[],"class_list":["post-117323","post","type-post","status-publish","format-standard","has-post-thumbnail","hentry","category-deportes"],"yoast_head":"<!-- This site is optimized with the Yoast SEO plugin v27.3 - https:\/\/yoast.com\/product\/yoast-seo-wordpress\/ -->\n<title>Luis Fernando Tena, DT de Guatemala, llega hasta las l\u00e1grimas tras el pase a Semifinales en la Copa Oro y cantar el himno chap\u00edn -<\/title>\n<meta name=\"robots\" content=\"index, follow, max-snippet:-1, max-image-preview:large, max-video-preview:-1\" \/>\n<link rel=\"canonical\" href=\"https:\/\/quehacerpolitico.mx\/?p=117323\" \/>\n<meta property=\"og:locale\" content=\"es_MX\" \/>\n<meta property=\"og:type\" content=\"article\" \/>\n<meta property=\"og:title\" content=\"Luis Fernando Tena, DT de Guatemala, llega hasta las l\u00e1grimas tras el pase a Semifinales en la Copa Oro y cantar el himno chap\u00edn -\" \/>\n<meta property=\"og:description\" content=\"Por Redacci\u00f3n QP El \u2018Flaco\u2019 se sabe a la perfecci\u00f3n las estrofas del l\u00e1baro patrio...\" \/>\n<meta property=\"og:url\" content=\"https:\/\/quehacerpolitico.mx\/?p=117323\" \/>\n<meta property=\"article:published_time\" content=\"2025-06-30T04:56:52+00:00\" \/>\n<meta property=\"article:modified_time\" content=\"2025-06-30T04:56:55+00:00\" \/>\n<meta property=\"og:image\" content=\"https:\/\/quehacerpolitico.mx\/wp-content\/uploads\/2025\/06\/IMG_1255.jpeg\" \/>\n\t<meta property=\"og:image:width\" content=\"1170\" \/>\n\t<meta property=\"og:image:height\" content=\"1252\" \/>\n\t<meta property=\"og:image:type\" content=\"image\/jpeg\" \/>\n<meta name=\"author\" content=\"Redacci\u00f3n QP\" \/>\n<meta name=\"twitter:card\" content=\"summary_large_image\" \/>\n<meta name=\"twitter:label1\" content=\"Escrito por\" \/>\n\t<meta name=\"twitter:data1\" content=\"Redacci\u00f3n QP\" \/>\n\t<meta name=\"twitter:label2\" content=\"Tiempo de lectura\" \/>\n\t<meta name=\"twitter:data2\" content=\"2 minutos\" \/>\n<script type=\"application\/ld+json\" class=\"yoast-schema-graph\">{\"@context\":\"https:\\\/\\\/schema.org\",\"@graph\":[{\"@type\":\"Article\",\"@id\":\"https:\\\/\\\/quehacerpolitico.mx\\\/?p=117323#article\",\"isPartOf\":{\"@id\":\"https:\\\/\\\/quehacerpolitico.mx\\\/?p=117323\"},\"author\":{\"name\":\"Redacci\u00f3n QP\",\"@id\":\"https:\\\/\\\/quehacerpolitico.mx\\\/#\\\/schema\\\/person\\\/496d8ad2d1d3f8036101dca7ee39e585\"},\"headline\":\"Luis Fernando Tena, DT de Guatemala, llega hasta las l\u00e1grimas tras el pase a Semifinales en la Copa Oro y cantar el himno chap\u00edn\",\"datePublished\":\"2025-06-30T04:56:52+00:00\",\"dateModified\":\"2025-06-30T04:56:55+00:00\",\"mainEntityOfPage\":{\"@id\":\"https:\\\/\\\/quehacerpolitico.mx\\\/?p=117323\"},\"wordCount\":446,\"commentCount\":0,\"image\":{\"@id\":\"https:\\\/\\\/quehacerpolitico.mx\\\/?p=117323#primaryimage\"},\"thumbnailUrl\":\"https:\\\/\\\/quehacerpolitico.mx\\\/wp-content\\\/uploads\\\/2025\\\/06\\\/IMG_1255.jpeg\",\"articleSection\":[\"Deportes\"],\"inLanguage\":\"es\",\"potentialAction\":[{\"@type\":\"CommentAction\",\"name\":\"Comment\",\"target\":[\"https:\\\/\\\/quehacerpolitico.mx\\\/?p=117323#respond\"]}]},{\"@type\":\"WebPage\",\"@id\":\"https:\\\/\\\/quehacerpolitico.mx\\\/?p=117323\",\"url\":\"https:\\\/\\\/quehacerpolitico.mx\\\/?p=117323\",\"name\":\"Luis Fernando Tena, DT de Guatemala, llega hasta las l\u00e1grimas tras el pase a Semifinales en la Copa Oro y cantar el himno chap\u00edn -\",\"isPartOf\":{\"@id\":\"https:\\\/\\\/quehacerpolitico.mx\\\/#website\"},\"primaryImageOfPage\":{\"@id\":\"https:\\\/\\\/quehacerpolitico.mx\\\/?p=117323#primaryimage\"},\"image\":{\"@id\":\"https:\\\/\\\/quehacerpolitico.mx\\\/?p=117323#primaryimage\"},\"thumbnailUrl\":\"https:\\\/\\\/quehacerpolitico.mx\\\/wp-content\\\/uploads\\\/2025\\\/06\\\/IMG_1255.jpeg\",\"datePublished\":\"2025-06-30T04:56:52+00:00\",\"dateModified\":\"2025-06-30T04:56:55+00:00\",\"author\":{\"@id\":\"https:\\\/\\\/quehacerpolitico.mx\\\/#\\\/schema\\\/person\\\/496d8ad2d1d3f8036101dca7ee39e585\"},\"breadcrumb\":{\"@id\":\"https:\\\/\\\/quehacerpolitico.mx\\\/?p=117323#breadcrumb\"},\"inLanguage\":\"es\",\"potentialAction\":[{\"@type\":\"ReadAction\",\"target\":[\"https:\\\/\\\/quehacerpolitico.mx\\\/?p=117323\"]}]},{\"@type\":\"ImageObject\",\"inLanguage\":\"es\",\"@id\":\"https:\\\/\\\/quehacerpolitico.mx\\\/?p=117323#primaryimage\",\"url\":\"https:\\\/\\\/quehacerpolitico.mx\\\/wp-content\\\/uploads\\\/2025\\\/06\\\/IMG_1255.jpeg\",\"contentUrl\":\"https:\\\/\\\/quehacerpolitico.mx\\\/wp-content\\\/uploads\\\/2025\\\/06\\\/IMG_1255.jpeg\",\"width\":1170,\"height\":1252,\"caption\":\"Screenshot\"},{\"@type\":\"BreadcrumbList\",\"@id\":\"https:\\\/\\\/quehacerpolitico.mx\\\/?p=117323#breadcrumb\",\"itemListElement\":[{\"@type\":\"ListItem\",\"position\":1,\"name\":\"Inicio\",\"item\":\"https:\\\/\\\/quehacerpolitico.mx\\\/\"},{\"@type\":\"ListItem\",\"position\":2,\"name\":\"Luis Fernando Tena, DT de Guatemala, llega hasta las l\u00e1grimas tras el pase a Semifinales en la Copa Oro y cantar el himno chap\u00edn\"}]},{\"@type\":\"WebSite\",\"@id\":\"https:\\\/\\\/quehacerpolitico.mx\\\/#website\",\"url\":\"https:\\\/\\\/quehacerpolitico.mx\\\/\",\"name\":\"\",\"description\":\"\",\"potentialAction\":[{\"@type\":\"SearchAction\",\"target\":{\"@type\":\"EntryPoint\",\"urlTemplate\":\"https:\\\/\\\/quehacerpolitico.mx\\\/?s={search_term_string}\"},\"query-input\":{\"@type\":\"PropertyValueSpecification\",\"valueRequired\":true,\"valueName\":\"search_term_string\"}}],\"inLanguage\":\"es\"},{\"@type\":\"Person\",\"@id\":\"https:\\\/\\\/quehacerpolitico.mx\\\/#\\\/schema\\\/person\\\/496d8ad2d1d3f8036101dca7ee39e585\",\"name\":\"Redacci\u00f3n QP\",\"image\":{\"@type\":\"ImageObject\",\"inLanguage\":\"es\",\"@id\":\"https:\\\/\\\/secure.gravatar.com\\\/avatar\\\/c7164ed6fdec453195284ad24a5ae5b6e1eed2b848477fa2a4787ba9adf39a41?s=96&d=mm&r=g\",\"url\":\"https:\\\/\\\/secure.gravatar.com\\\/avatar\\\/c7164ed6fdec453195284ad24a5ae5b6e1eed2b848477fa2a4787ba9adf39a41?s=96&d=mm&r=g\",\"contentUrl\":\"https:\\\/\\\/secure.gravatar.com\\\/avatar\\\/c7164ed6fdec453195284ad24a5ae5b6e1eed2b848477fa2a4787ba9adf39a41?s=96&d=mm&r=g\",\"caption\":\"Redacci\u00f3n QP\"},\"url\":\"https:\\\/\\\/quehacerpolitico.mx\\\/?author=2\"}]}<\/script>\n<!-- \/ Yoast SEO plugin. -->","yoast_head_json":{"title":"Luis Fernando Tena, DT de Guatemala, llega hasta las l\u00e1grimas tras el pase a Semifinales en la Copa Oro y cantar el himno chap\u00edn -","robots":{"index":"index","follow":"follow","max-snippet":"max-snippet:-1","max-image-preview":"max-image-preview:large","max-video-preview":"max-video-preview:-1"},"canonical":"https:\/\/quehacerpolitico.mx\/?p=117323","og_locale":"es_MX","og_type":"article","og_title":"Luis Fernando Tena, DT de Guatemala, llega hasta las l\u00e1grimas tras el pase a Semifinales en la Copa Oro y cantar el himno chap\u00edn -","og_description":"Por Redacci\u00f3n QP El \u2018Flaco\u2019 se sabe a la perfecci\u00f3n las estrofas del l\u00e1baro patrio...","og_url":"https:\/\/quehacerpolitico.mx\/?p=117323","article_published_time":"2025-06-30T04:56:52+00:00","article_modified_time":"2025-06-30T04:56:55+00:00","og_image":[{"width":1170,"height":1252,"url":"https:\/\/quehacerpolitico.mx\/wp-content\/uploads\/2025\/06\/IMG_1255.jpeg","type":"image\/jpeg"}],"author":"Redacci\u00f3n QP","twitter_card":"summary_large_image","twitter_misc":{"Escrito por":"Redacci\u00f3n QP","Tiempo de lectura":"2 minutos"},"schema":{"@context":"https:\/\/schema.org","@graph":[{"@type":"Article","@id":"https:\/\/quehacerpolitico.mx\/?p=117323#article","isPartOf":{"@id":"https:\/\/quehacerpolitico.mx\/?p=117323"},"author":{"name":"Redacci\u00f3n QP","@id":"https:\/\/quehacerpolitico.mx\/#\/schema\/person\/496d8ad2d1d3f8036101dca7ee39e585"},"headline":"Luis Fernando Tena, DT de Guatemala, llega hasta las l\u00e1grimas tras el pase a Semifinales en la Copa Oro y cantar el himno chap\u00edn","datePublished":"2025-06-30T04:56:52+00:00","dateModified":"2025-06-30T04:56:55+00:00","mainEntityOfPage":{"@id":"https:\/\/quehacerpolitico.mx\/?p=117323"},"wordCount":446,"commentCount":0,"image":{"@id":"https:\/\/quehacerpolitico.mx\/?p=117323#primaryimage"},"thumbnailUrl":"https:\/\/quehacerpolitico.mx\/wp-content\/uploads\/2025\/06\/IMG_1255.jpeg","articleSection":["Deportes"],"inLanguage":"es","potentialAction":[{"@type":"CommentAction","name":"Comment","target":["https:\/\/quehacerpolitico.mx\/?p=117323#respond"]}]},{"@type":"WebPage","@id":"https:\/\/quehacerpolitico.mx\/?p=117323","url":"https:\/\/quehacerpolitico.mx\/?p=117323","name":"Luis Fernando Tena, DT de Guatemala, llega hasta las l\u00e1grimas tras el pase a Semifinales en la Copa Oro y cantar el himno chap\u00edn -","isPartOf":{"@id":"https:\/\/quehacerpolitico.mx\/#website"},"primaryImageOfPage":{"@id":"https:\/\/quehacerpolitico.mx\/?p=117323#primaryimage"},"image":{"@id":"https:\/\/quehacerpolitico.mx\/?p=117323#primaryimage"},"thumbnailUrl":"https:\/\/quehacerpolitico.mx\/wp-content\/uploads\/2025\/06\/IMG_1255.jpeg","datePublished":"2025-06-30T04:56:52+00:00","dateModified":"2025-06-30T04:56:55+00:00","author":{"@id":"https:\/\/quehacerpolitico.mx\/#\/schema\/person\/496d8ad2d1d3f8036101dca7ee39e585"},"breadcrumb":{"@id":"https:\/\/quehacerpolitico.mx\/?p=117323#breadcrumb"},"inLanguage":"es","potentialAction":[{"@type":"ReadAction","target":["https:\/\/quehacerpolitico.mx\/?p=117323"]}]},{"@type":"ImageObject","inLanguage":"es","@id":"https:\/\/quehacerpolitico.mx\/?p=117323#primaryimage","url":"https:\/\/quehacerpolitico.mx\/wp-content\/uploads\/2025\/06\/IMG_1255.jpeg","contentUrl":"https:\/\/quehacerpolitico.mx\/wp-content\/uploads\/2025\/06\/IMG_1255.jpeg","width":1170,"height":1252,"caption":"Screenshot"},{"@type":"BreadcrumbList","@id":"https:\/\/quehacerpolitico.mx\/?p=117323#breadcrumb","itemListElement":[{"@type":"ListItem","position":1,"name":"Inicio","item":"https:\/\/quehacerpolitico.mx\/"},{"@type":"ListItem","position":2,"name":"Luis Fernando Tena, DT de Guatemala, llega hasta las l\u00e1grimas tras el pase a Semifinales en la Copa Oro y cantar el himno chap\u00edn"}]},{"@type":"WebSite","@id":"https:\/\/quehacerpolitico.mx\/#website","url":"https:\/\/quehacerpolitico.mx\/","name":"","description":"","potentialAction":[{"@type":"SearchAction","target":{"@type":"EntryPoint","urlTemplate":"https:\/\/quehacerpolitico.mx\/?s={search_term_string}"},"query-input":{"@type":"PropertyValueSpecification","valueRequired":true,"valueName":"search_term_string"}}],"inLanguage":"es"},{"@type":"Person","@id":"https:\/\/quehacerpolitico.mx\/#\/schema\/person\/496d8ad2d1d3f8036101dca7ee39e585","name":"Redacci\u00f3n QP","image":{"@type":"ImageObject","inLanguage":"es","@id":"https:\/\/secure.gravatar.com\/avatar\/c7164ed6fdec453195284ad24a5ae5b6e1eed2b848477fa2a4787ba9adf39a41?s=96&d=mm&r=g","url":"https:\/\/secure.gravatar.com\/avatar\/c7164ed6fdec453195284ad24a5ae5b6e1eed2b848477fa2a4787ba9adf39a41?s=96&d=mm&r=g","contentUrl":"https:\/\/secure.gravatar.com\/avatar\/c7164ed6fdec453195284ad24a5ae5b6e1eed2b848477fa2a4787ba9adf39a41?s=96&d=mm&r=g","caption":"Redacci\u00f3n QP"},"url":"https:\/\/quehacerpolitico.mx\/?author=2"}]}},"featured_image_urls":{"full":["https:\/\/quehacerpolitico.mx\/wp-content\/uploads\/2025\/06\/IMG_1255.jpeg",1170,1252,false],"thumbnail":["https:\/\/quehacerpolitico.mx\/wp-content\/uploads\/2025\/06\/IMG_1255-150x150.jpeg",150,150,true],"medium":["https:\/\/quehacerpolitico.mx\/wp-content\/uploads\/2025\/06\/IMG_1255-280x300.jpeg",280,300,true],"medium_large":["https:\/\/quehacerpolitico.mx\/wp-content\/uploads\/2025\/06\/IMG_1255-768x822.jpeg",640,685,true],"large":["https:\/\/quehacerpolitico.mx\/wp-content\/uploads\/2025\/06\/IMG_1255-957x1024.jpeg",640,685,true],"1536x1536":["https:\/\/quehacerpolitico.mx\/wp-content\/uploads\/2025\/06\/IMG_1255.jpeg",1170,1252,false],"2048x2048":["https:\/\/quehacerpolitico.mx\/wp-content\/uploads\/2025\/06\/IMG_1255.jpeg",1170,1252,false],"covernews-featured":["https:\/\/quehacerpolitico.mx\/wp-content\/uploads\/2025\/06\/IMG_1255-1024x1096.jpeg",1024,1096,true],"covernews-medium":["https:\/\/quehacerpolitico.mx\/wp-content\/uploads\/2025\/06\/IMG_1255-540x340.jpeg",540,340,true]},"author_info":{"display_name":"Redacci\u00f3n QP","author_link":"https:\/\/quehacerpolitico.mx\/?author=2"},"category_info":"<a href=\"https:\/\/quehacerpolitico.mx\/?cat=54\" rel=\"category\">Deportes<\/a>","tag_info":"Deportes","comment_count":"0","_links":{"self":[{"href":"https:\/\/quehacerpolitico.mx\/index.php?rest_route=\/wp\/v2\/posts\/117323","targetHints":{"allow":["GET"]}}],"collection":[{"href":"https:\/\/quehacerpolitico.mx\/index.php?rest_route=\/wp\/v2\/posts"}],"about":[{"href":"https:\/\/quehacerpolitico.mx\/index.php?rest_route=\/wp\/v2\/types\/post"}],"author":[{"embeddable":true,"href":"https:\/\/quehacerpolitico.mx\/index.php?rest_route=\/wp\/v2\/users\/2"}],"replies":[{"embeddable":true,"href":"https:\/\/quehacerpolitico.mx\/index.php?rest_route=%2Fwp%2Fv2%2Fcomments&post=117323"}],"version-history":[{"count":1,"href":"https:\/\/quehacerpolitico.mx\/index.php?rest_route=\/wp\/v2\/posts\/117323\/revisions"}],"predecessor-version":[{"id":117325,"href":"https:\/\/quehacerpolitico.mx\/index.php?rest_route=\/wp\/v2\/posts\/117323\/revisions\/117325"}],"wp:featuredmedia":[{"embeddable":true,"href":"https:\/\/quehacerpolitico.mx\/index.php?rest_route=\/wp\/v2\/media\/117324"}],"wp:attachment":[{"href":"https:\/\/quehacerpolitico.mx\/index.php?rest_route=%2Fwp%2Fv2%2Fmedia&parent=117323"}],"wp:term":[{"taxonomy":"category","embeddable":true,"href":"https:\/\/quehacerpolitico.mx\/index.php?rest_route=%2Fwp%2Fv2%2Fcategories&post=117323"},{"taxonomy":"post_tag","embeddable":true,"href":"https:\/\/quehacerpolitico.mx\/index.php?rest_route=%2Fwp%2Fv2%2Ftags&post=117323"}],"curies":[{"name":"wp","href":"https:\/\/api.w.org\/{rel}","templated":true}]}}