{"id":117305,"date":"2025-06-28T20:59:08","date_gmt":"2025-06-29T02:59:08","guid":{"rendered":"https:\/\/quehacerpolitico.mx\/?p=117305"},"modified":"2025-06-28T20:59:11","modified_gmt":"2025-06-29T02:59:11","slug":"exhibicion-fotografica-revela-la-historia-de-frida-kahlo-a-traves-de-su-indumentaria","status":"publish","type":"post","link":"https:\/\/quehacerpolitico.mx\/?p=117305","title":{"rendered":"Exhibici\u00f3n fotogr\u00e1fica revela la historia de Frida Kahlo a trav\u00e9s de su indumentaria"},"content":{"rendered":"\n<p>Por Redacci\u00f3n QP<\/p>\n\n\n\n<p>Seg\u00fan Guillermo Kahlo, adem\u00e1s de ser una poderosa pintora, Frida fue una artista de la vida cotidiana<\/p>\n\n\n\n<p>La vestimenta que us\u00f3 Frida Kahlo en su periodo como artista, as\u00ed como en el d\u00eda a d\u00eda,&nbsp;<strong>es la esencia de la exhibici\u00f3n &#8220;Vestir la eternidad. Frida vista por Guillermo Kahlo&#8221;<\/strong>, en donde el sobrino nieto de la reconocida pintora re\u00fane una serie de fotograf\u00edas de prendas de vestir<mark><strong>&nbsp;que narran una historia poco contada de la artista.<\/strong><\/mark><\/p>\n\n\n\n<p>A trav\u00e9s de 13 fotograf\u00edas,&nbsp;<strong>Guillermo Kahlo se sumerge en la intimidad de la artista a trav\u00e9s de su indumentaria y objetos personales.&nbsp;<\/strong>La exposici\u00f3n ofrece un recorrido visual que busca trascender la figura comercial de Frida Kahlo, para adentrarse en la complejidad de su ser,&nbsp;<mark><strong>explorando las contradicciones y armon\u00edas que la definieron.<\/strong><\/mark><\/p>\n\n\n\n<figure class=\"wp-block-embed is-type-rich is-provider-twitter wp-block-embed-twitter\"><div class=\"wp-block-embed__wrapper\">\n<blockquote class=\"twitter-tweet\" data-width=\"550\" data-dnt=\"true\"><p lang=\"es\" dir=\"ltr\"><a href=\"https:\/\/twitter.com\/hashtag\/Bolet%C3%ADn%C3%81O?src=hash&amp;ref_src=twsrc%5Etfw\">#Bolet\u00edn\u00c1O<\/a>\ud83d\uddde\ufe0f| Inauguran exposici\u00f3n <a href=\"https:\/\/twitter.com\/hashtag\/VestirLaEternidad?src=hash&amp;ref_src=twsrc%5Etfw\">#VestirLaEternidad<\/a>: Frida vista por Guillermo <a href=\"https:\/\/twitter.com\/hashtag\/Kahlo?src=hash&amp;ref_src=twsrc%5Etfw\">#Kahlo<\/a>, en San \u00c1ngel. <a href=\"https:\/\/t.co\/DEp0mXL7Xn\">pic.twitter.com\/DEp0mXL7Xn<\/a><\/p>&mdash; Alcald\u00eda \u00c1lvaro Obreg\u00f3n (@AlcaldiaAO) <a href=\"https:\/\/twitter.com\/AlcaldiaAO\/status\/1938708651855999445?ref_src=twsrc%5Etfw\">June 27, 2025<\/a><\/blockquote><script async src=\"https:\/\/platform.twitter.com\/widgets.js\" charset=\"utf-8\"><\/script>\n<\/div><\/figure>\n\n\n\n<p>Las 13 fotograf\u00edas corresponden a&nbsp;<strong>prendas de vestir de Frida Kahlo que se encontraban en el ba\u00f1o de la Casa Azul,<\/strong>&nbsp;y fueron tomadas en 2006. Entre las prendas capturadas con el lente, se encuentran vestidos y objetos personales de la pintora, entre ellos huipiles, enaguas, blusas, cors\u00e9s y botas.<\/p>\n\n\n\n<p>Este jueves, durante la inauguraci\u00f3n de la muestra en el Centro Cultural San \u00c1ngel, en la alcald\u00eda \u00c1lvaro Obreg\u00f3n, Guillermo Kahlo habl\u00f3 sobre el legado de Frida Kahlo, y expres\u00f3 que&nbsp;<mark><strong>adem\u00e1s de ser una poderosa pintora, fue una artista de la vida cotidiana.<\/strong><\/mark><\/p>\n\n\n\n<p>&#8220;<strong>Me aproxim\u00e9 mucho a ella a trav\u00e9s de las historias de mi pap\u00e1<\/strong>, que convivi\u00f3 con Frida mucho en La Casa Azul; otro momento para m\u00ed fue cuando aparecieron todos estos ropajes y objetos; cuando me propusieron hacer estas fotograf\u00edas al principio ten\u00eda muchas dudas, incluso mi parentesco con ella, pero al ver las prendas me impresion\u00f3 tanto&#8221;, reflexion\u00f3 el fot\u00f3grafo.<\/p>\n\n\n\n<p>De acuerdo con Guillermo Kahlo,&nbsp;<mark><strong>el objetivo de la exposici\u00f3n es ir m\u00e1s all\u00e1 de la imagen preestablecida de Frida,<\/strong><\/mark>&nbsp;y es una invitaci\u00f3n a<strong>explorar las m\u00faltiples capas que conforman su ser:<\/strong>&nbsp;la artista, la activista y la persona.<\/p>\n\n\n\n<figure class=\"wp-block-image size-large\"><img loading=\"lazy\" decoding=\"async\" width=\"819\" height=\"1024\" src=\"https:\/\/quehacerpolitico.mx\/wp-content\/uploads\/2025\/06\/image-7-819x1024.jpeg\" alt=\"\" class=\"wp-image-117306\" srcset=\"https:\/\/quehacerpolitico.mx\/wp-content\/uploads\/2025\/06\/image-7-819x1024.jpeg 819w, https:\/\/quehacerpolitico.mx\/wp-content\/uploads\/2025\/06\/image-7-240x300.jpeg 240w, https:\/\/quehacerpolitico.mx\/wp-content\/uploads\/2025\/06\/image-7-768x960.jpeg 768w, https:\/\/quehacerpolitico.mx\/wp-content\/uploads\/2025\/06\/image-7.jpeg 1024w\" sizes=\"auto, (max-width: 819px) 100vw, 819px\" \/><\/figure>\n\n\n\n<p>Para el fot\u00f3grafo, las prendas de la artista han trascendido el tiempo y cuentan sus propias historias. &#8220;<strong>Quise mostrar esa idea que siempre tuvo Frida de la libertad,<\/strong>&nbsp;y quise retratar quien fue ella en dolor y en gusto, son esas dos Fridas las que ustedes podr\u00e1n ver en las fotograf\u00edas&#8221;, se\u00f1al\u00f3.<\/p>\n\n\n\n<p>El alcalde de \u00c1lvaro Obreg\u00f3n, Javier L\u00f3pez Casar\u00edn, apunt\u00f3 que&nbsp;<strong>la exposici\u00f3n es s\u00f3lo una muestra de que el arte y la cultura son relevantes para la demarcaci\u00f3n.<\/strong><\/p>\n\n\n\n<figure class=\"wp-block-image size-full\"><img loading=\"lazy\" decoding=\"async\" width=\"1024\" height=\"721\" src=\"https:\/\/quehacerpolitico.mx\/wp-content\/uploads\/2025\/06\/image-8.jpeg\" alt=\"\" class=\"wp-image-117307\" srcset=\"https:\/\/quehacerpolitico.mx\/wp-content\/uploads\/2025\/06\/image-8.jpeg 1024w, https:\/\/quehacerpolitico.mx\/wp-content\/uploads\/2025\/06\/image-8-300x211.jpeg 300w, https:\/\/quehacerpolitico.mx\/wp-content\/uploads\/2025\/06\/image-8-768x541.jpeg 768w\" sizes=\"auto, (max-width: 1024px) 100vw, 1024px\" \/><\/figure>\n\n\n\n<p>Sobre la exposici\u00f3n, el alcalde se\u00f1al\u00f3 que es un orgullo para la demarcaci\u00f3n albergar una muestra de personajes tan significativos para la cultura del pa\u00eds. &#8220;<mark><strong>Guillermo Kahlo tuvo el tiempo de contarnos la historia de una Frida que no conocemos<\/strong><\/mark>, o que muy pocos conocen, y que se d\u00e9 el espacio para que a trav\u00e9s de una Frida que se manifestaba como mujer, como voz y como s\u00edmbolo&nbsp;<strong>nos hace entender la relevancia de capturar su indumentaria con su lente<\/strong>&#8220;, apunt\u00f3.<\/p>\n\n\n\n<p>La exhibici\u00f3n est\u00e1 abierta desde este viernes al p\u00fablico en general, y&nbsp;<mark><strong>estar\u00e1 disponible hasta el 29 de septiembre<\/strong><\/mark>, en un horario de 10 a 18 horas, con entrada gratuita.<\/p>\n\n\n\n<p>Con informaci\u00f3n de SUN<\/p>\n","protected":false},"excerpt":{"rendered":"<p>Por Redacci\u00f3n QP Seg\u00fan Guillermo Kahlo, adem\u00e1s de ser una poderosa pintora, Frida fue una&#8230;<\/p>\n","protected":false},"author":2,"featured_media":117308,"comment_status":"open","ping_status":"open","sticky":false,"template":"","format":"standard","meta":{"_monsterinsights_skip_tracking":false,"_monsterinsights_sitenote_active":false,"_monsterinsights_sitenote_note":"","_monsterinsights_sitenote_category":0,"footnotes":""},"categories":[55,58],"tags":[],"class_list":["post-117305","post","type-post","status-publish","format-standard","has-post-thumbnail","hentry","category-cdmx","category-cultura"],"yoast_head":"<!-- This site is optimized with the Yoast SEO plugin v27.3 - https:\/\/yoast.com\/product\/yoast-seo-wordpress\/ -->\n<title>Exhibici\u00f3n fotogr\u00e1fica revela la historia de Frida Kahlo a trav\u00e9s de su indumentaria -<\/title>\n<meta name=\"robots\" content=\"index, follow, max-snippet:-1, max-image-preview:large, max-video-preview:-1\" \/>\n<link rel=\"canonical\" href=\"https:\/\/quehacerpolitico.mx\/?p=117305\" \/>\n<meta property=\"og:locale\" content=\"es_MX\" \/>\n<meta property=\"og:type\" content=\"article\" \/>\n<meta property=\"og:title\" content=\"Exhibici\u00f3n fotogr\u00e1fica revela la historia de Frida Kahlo a trav\u00e9s de su indumentaria -\" \/>\n<meta property=\"og:description\" content=\"Por Redacci\u00f3n QP Seg\u00fan Guillermo Kahlo, adem\u00e1s de ser una poderosa pintora, Frida fue una...\" \/>\n<meta property=\"og:url\" content=\"https:\/\/quehacerpolitico.mx\/?p=117305\" \/>\n<meta property=\"article:published_time\" content=\"2025-06-29T02:59:08+00:00\" \/>\n<meta property=\"article:modified_time\" content=\"2025-06-29T02:59:11+00:00\" \/>\n<meta property=\"og:image\" content=\"https:\/\/quehacerpolitico.mx\/wp-content\/uploads\/2025\/06\/IMG_1236.jpeg\" \/>\n\t<meta property=\"og:image:width\" content=\"2048\" \/>\n\t<meta property=\"og:image:height\" content=\"1466\" \/>\n\t<meta property=\"og:image:type\" content=\"image\/jpeg\" \/>\n<meta name=\"author\" content=\"Redacci\u00f3n QP\" \/>\n<meta name=\"twitter:card\" content=\"summary_large_image\" \/>\n<meta name=\"twitter:label1\" content=\"Escrito por\" \/>\n\t<meta name=\"twitter:data1\" content=\"Redacci\u00f3n QP\" \/>\n\t<meta name=\"twitter:label2\" content=\"Tiempo de lectura\" \/>\n\t<meta name=\"twitter:data2\" content=\"3 minutos\" \/>\n<script type=\"application\/ld+json\" class=\"yoast-schema-graph\">{\"@context\":\"https:\\\/\\\/schema.org\",\"@graph\":[{\"@type\":\"Article\",\"@id\":\"https:\\\/\\\/quehacerpolitico.mx\\\/?p=117305#article\",\"isPartOf\":{\"@id\":\"https:\\\/\\\/quehacerpolitico.mx\\\/?p=117305\"},\"author\":{\"name\":\"Redacci\u00f3n QP\",\"@id\":\"https:\\\/\\\/quehacerpolitico.mx\\\/#\\\/schema\\\/person\\\/496d8ad2d1d3f8036101dca7ee39e585\"},\"headline\":\"Exhibici\u00f3n fotogr\u00e1fica revela la historia de Frida Kahlo a trav\u00e9s de su indumentaria\",\"datePublished\":\"2025-06-29T02:59:08+00:00\",\"dateModified\":\"2025-06-29T02:59:11+00:00\",\"mainEntityOfPage\":{\"@id\":\"https:\\\/\\\/quehacerpolitico.mx\\\/?p=117305\"},\"wordCount\":600,\"commentCount\":0,\"image\":{\"@id\":\"https:\\\/\\\/quehacerpolitico.mx\\\/?p=117305#primaryimage\"},\"thumbnailUrl\":\"https:\\\/\\\/quehacerpolitico.mx\\\/wp-content\\\/uploads\\\/2025\\\/06\\\/IMG_1236.jpeg\",\"articleSection\":[\"CDMX\",\"Cultura y Entretenimiento\"],\"inLanguage\":\"es\",\"potentialAction\":[{\"@type\":\"CommentAction\",\"name\":\"Comment\",\"target\":[\"https:\\\/\\\/quehacerpolitico.mx\\\/?p=117305#respond\"]}]},{\"@type\":\"WebPage\",\"@id\":\"https:\\\/\\\/quehacerpolitico.mx\\\/?p=117305\",\"url\":\"https:\\\/\\\/quehacerpolitico.mx\\\/?p=117305\",\"name\":\"Exhibici\u00f3n fotogr\u00e1fica revela la historia de Frida Kahlo a trav\u00e9s de su indumentaria -\",\"isPartOf\":{\"@id\":\"https:\\\/\\\/quehacerpolitico.mx\\\/#website\"},\"primaryImageOfPage\":{\"@id\":\"https:\\\/\\\/quehacerpolitico.mx\\\/?p=117305#primaryimage\"},\"image\":{\"@id\":\"https:\\\/\\\/quehacerpolitico.mx\\\/?p=117305#primaryimage\"},\"thumbnailUrl\":\"https:\\\/\\\/quehacerpolitico.mx\\\/wp-content\\\/uploads\\\/2025\\\/06\\\/IMG_1236.jpeg\",\"datePublished\":\"2025-06-29T02:59:08+00:00\",\"dateModified\":\"2025-06-29T02:59:11+00:00\",\"author\":{\"@id\":\"https:\\\/\\\/quehacerpolitico.mx\\\/#\\\/schema\\\/person\\\/496d8ad2d1d3f8036101dca7ee39e585\"},\"breadcrumb\":{\"@id\":\"https:\\\/\\\/quehacerpolitico.mx\\\/?p=117305#breadcrumb\"},\"inLanguage\":\"es\",\"potentialAction\":[{\"@type\":\"ReadAction\",\"target\":[\"https:\\\/\\\/quehacerpolitico.mx\\\/?p=117305\"]}]},{\"@type\":\"ImageObject\",\"inLanguage\":\"es\",\"@id\":\"https:\\\/\\\/quehacerpolitico.mx\\\/?p=117305#primaryimage\",\"url\":\"https:\\\/\\\/quehacerpolitico.mx\\\/wp-content\\\/uploads\\\/2025\\\/06\\\/IMG_1236.jpeg\",\"contentUrl\":\"https:\\\/\\\/quehacerpolitico.mx\\\/wp-content\\\/uploads\\\/2025\\\/06\\\/IMG_1236.jpeg\",\"width\":2048,\"height\":1466},{\"@type\":\"BreadcrumbList\",\"@id\":\"https:\\\/\\\/quehacerpolitico.mx\\\/?p=117305#breadcrumb\",\"itemListElement\":[{\"@type\":\"ListItem\",\"position\":1,\"name\":\"Inicio\",\"item\":\"https:\\\/\\\/quehacerpolitico.mx\\\/\"},{\"@type\":\"ListItem\",\"position\":2,\"name\":\"Exhibici\u00f3n fotogr\u00e1fica revela la historia de Frida Kahlo a trav\u00e9s de su indumentaria\"}]},{\"@type\":\"WebSite\",\"@id\":\"https:\\\/\\\/quehacerpolitico.mx\\\/#website\",\"url\":\"https:\\\/\\\/quehacerpolitico.mx\\\/\",\"name\":\"\",\"description\":\"\",\"potentialAction\":[{\"@type\":\"SearchAction\",\"target\":{\"@type\":\"EntryPoint\",\"urlTemplate\":\"https:\\\/\\\/quehacerpolitico.mx\\\/?s={search_term_string}\"},\"query-input\":{\"@type\":\"PropertyValueSpecification\",\"valueRequired\":true,\"valueName\":\"search_term_string\"}}],\"inLanguage\":\"es\"},{\"@type\":\"Person\",\"@id\":\"https:\\\/\\\/quehacerpolitico.mx\\\/#\\\/schema\\\/person\\\/496d8ad2d1d3f8036101dca7ee39e585\",\"name\":\"Redacci\u00f3n QP\",\"image\":{\"@type\":\"ImageObject\",\"inLanguage\":\"es\",\"@id\":\"https:\\\/\\\/secure.gravatar.com\\\/avatar\\\/c7164ed6fdec453195284ad24a5ae5b6e1eed2b848477fa2a4787ba9adf39a41?s=96&d=mm&r=g\",\"url\":\"https:\\\/\\\/secure.gravatar.com\\\/avatar\\\/c7164ed6fdec453195284ad24a5ae5b6e1eed2b848477fa2a4787ba9adf39a41?s=96&d=mm&r=g\",\"contentUrl\":\"https:\\\/\\\/secure.gravatar.com\\\/avatar\\\/c7164ed6fdec453195284ad24a5ae5b6e1eed2b848477fa2a4787ba9adf39a41?s=96&d=mm&r=g\",\"caption\":\"Redacci\u00f3n QP\"},\"url\":\"https:\\\/\\\/quehacerpolitico.mx\\\/?author=2\"}]}<\/script>\n<!-- \/ Yoast SEO plugin. -->","yoast_head_json":{"title":"Exhibici\u00f3n fotogr\u00e1fica revela la historia de Frida Kahlo a trav\u00e9s de su indumentaria -","robots":{"index":"index","follow":"follow","max-snippet":"max-snippet:-1","max-image-preview":"max-image-preview:large","max-video-preview":"max-video-preview:-1"},"canonical":"https:\/\/quehacerpolitico.mx\/?p=117305","og_locale":"es_MX","og_type":"article","og_title":"Exhibici\u00f3n fotogr\u00e1fica revela la historia de Frida Kahlo a trav\u00e9s de su indumentaria -","og_description":"Por Redacci\u00f3n QP Seg\u00fan Guillermo Kahlo, adem\u00e1s de ser una poderosa pintora, Frida fue una...","og_url":"https:\/\/quehacerpolitico.mx\/?p=117305","article_published_time":"2025-06-29T02:59:08+00:00","article_modified_time":"2025-06-29T02:59:11+00:00","og_image":[{"width":2048,"height":1466,"url":"https:\/\/quehacerpolitico.mx\/wp-content\/uploads\/2025\/06\/IMG_1236.jpeg","type":"image\/jpeg"}],"author":"Redacci\u00f3n QP","twitter_card":"summary_large_image","twitter_misc":{"Escrito por":"Redacci\u00f3n QP","Tiempo de lectura":"3 minutos"},"schema":{"@context":"https:\/\/schema.org","@graph":[{"@type":"Article","@id":"https:\/\/quehacerpolitico.mx\/?p=117305#article","isPartOf":{"@id":"https:\/\/quehacerpolitico.mx\/?p=117305"},"author":{"name":"Redacci\u00f3n QP","@id":"https:\/\/quehacerpolitico.mx\/#\/schema\/person\/496d8ad2d1d3f8036101dca7ee39e585"},"headline":"Exhibici\u00f3n fotogr\u00e1fica revela la historia de Frida Kahlo a trav\u00e9s de su indumentaria","datePublished":"2025-06-29T02:59:08+00:00","dateModified":"2025-06-29T02:59:11+00:00","mainEntityOfPage":{"@id":"https:\/\/quehacerpolitico.mx\/?p=117305"},"wordCount":600,"commentCount":0,"image":{"@id":"https:\/\/quehacerpolitico.mx\/?p=117305#primaryimage"},"thumbnailUrl":"https:\/\/quehacerpolitico.mx\/wp-content\/uploads\/2025\/06\/IMG_1236.jpeg","articleSection":["CDMX","Cultura y Entretenimiento"],"inLanguage":"es","potentialAction":[{"@type":"CommentAction","name":"Comment","target":["https:\/\/quehacerpolitico.mx\/?p=117305#respond"]}]},{"@type":"WebPage","@id":"https:\/\/quehacerpolitico.mx\/?p=117305","url":"https:\/\/quehacerpolitico.mx\/?p=117305","name":"Exhibici\u00f3n fotogr\u00e1fica revela la historia de Frida Kahlo a trav\u00e9s de su indumentaria -","isPartOf":{"@id":"https:\/\/quehacerpolitico.mx\/#website"},"primaryImageOfPage":{"@id":"https:\/\/quehacerpolitico.mx\/?p=117305#primaryimage"},"image":{"@id":"https:\/\/quehacerpolitico.mx\/?p=117305#primaryimage"},"thumbnailUrl":"https:\/\/quehacerpolitico.mx\/wp-content\/uploads\/2025\/06\/IMG_1236.jpeg","datePublished":"2025-06-29T02:59:08+00:00","dateModified":"2025-06-29T02:59:11+00:00","author":{"@id":"https:\/\/quehacerpolitico.mx\/#\/schema\/person\/496d8ad2d1d3f8036101dca7ee39e585"},"breadcrumb":{"@id":"https:\/\/quehacerpolitico.mx\/?p=117305#breadcrumb"},"inLanguage":"es","potentialAction":[{"@type":"ReadAction","target":["https:\/\/quehacerpolitico.mx\/?p=117305"]}]},{"@type":"ImageObject","inLanguage":"es","@id":"https:\/\/quehacerpolitico.mx\/?p=117305#primaryimage","url":"https:\/\/quehacerpolitico.mx\/wp-content\/uploads\/2025\/06\/IMG_1236.jpeg","contentUrl":"https:\/\/quehacerpolitico.mx\/wp-content\/uploads\/2025\/06\/IMG_1236.jpeg","width":2048,"height":1466},{"@type":"BreadcrumbList","@id":"https:\/\/quehacerpolitico.mx\/?p=117305#breadcrumb","itemListElement":[{"@type":"ListItem","position":1,"name":"Inicio","item":"https:\/\/quehacerpolitico.mx\/"},{"@type":"ListItem","position":2,"name":"Exhibici\u00f3n fotogr\u00e1fica revela la historia de Frida Kahlo a trav\u00e9s de su indumentaria"}]},{"@type":"WebSite","@id":"https:\/\/quehacerpolitico.mx\/#website","url":"https:\/\/quehacerpolitico.mx\/","name":"","description":"","potentialAction":[{"@type":"SearchAction","target":{"@type":"EntryPoint","urlTemplate":"https:\/\/quehacerpolitico.mx\/?s={search_term_string}"},"query-input":{"@type":"PropertyValueSpecification","valueRequired":true,"valueName":"search_term_string"}}],"inLanguage":"es"},{"@type":"Person","@id":"https:\/\/quehacerpolitico.mx\/#\/schema\/person\/496d8ad2d1d3f8036101dca7ee39e585","name":"Redacci\u00f3n QP","image":{"@type":"ImageObject","inLanguage":"es","@id":"https:\/\/secure.gravatar.com\/avatar\/c7164ed6fdec453195284ad24a5ae5b6e1eed2b848477fa2a4787ba9adf39a41?s=96&d=mm&r=g","url":"https:\/\/secure.gravatar.com\/avatar\/c7164ed6fdec453195284ad24a5ae5b6e1eed2b848477fa2a4787ba9adf39a41?s=96&d=mm&r=g","contentUrl":"https:\/\/secure.gravatar.com\/avatar\/c7164ed6fdec453195284ad24a5ae5b6e1eed2b848477fa2a4787ba9adf39a41?s=96&d=mm&r=g","caption":"Redacci\u00f3n QP"},"url":"https:\/\/quehacerpolitico.mx\/?author=2"}]}},"featured_image_urls":{"full":["https:\/\/quehacerpolitico.mx\/wp-content\/uploads\/2025\/06\/IMG_1236.jpeg",2048,1466,false],"thumbnail":["https:\/\/quehacerpolitico.mx\/wp-content\/uploads\/2025\/06\/IMG_1236-150x150.jpeg",150,150,true],"medium":["https:\/\/quehacerpolitico.mx\/wp-content\/uploads\/2025\/06\/IMG_1236-300x215.jpeg",300,215,true],"medium_large":["https:\/\/quehacerpolitico.mx\/wp-content\/uploads\/2025\/06\/IMG_1236-768x550.jpeg",640,458,true],"large":["https:\/\/quehacerpolitico.mx\/wp-content\/uploads\/2025\/06\/IMG_1236-1024x733.jpeg",640,458,true],"1536x1536":["https:\/\/quehacerpolitico.mx\/wp-content\/uploads\/2025\/06\/IMG_1236-1536x1100.jpeg",1536,1100,true],"2048x2048":["https:\/\/quehacerpolitico.mx\/wp-content\/uploads\/2025\/06\/IMG_1236.jpeg",2048,1466,false],"covernews-featured":["https:\/\/quehacerpolitico.mx\/wp-content\/uploads\/2025\/06\/IMG_1236-1024x733.jpeg",1024,733,true],"covernews-medium":["https:\/\/quehacerpolitico.mx\/wp-content\/uploads\/2025\/06\/IMG_1236-540x340.jpeg",540,340,true]},"author_info":{"display_name":"Redacci\u00f3n QP","author_link":"https:\/\/quehacerpolitico.mx\/?author=2"},"category_info":"<a href=\"https:\/\/quehacerpolitico.mx\/?cat=55\" rel=\"category\">CDMX<\/a> <a href=\"https:\/\/quehacerpolitico.mx\/?cat=58\" rel=\"category\">Cultura y Entretenimiento<\/a>","tag_info":"Cultura y Entretenimiento","comment_count":"0","_links":{"self":[{"href":"https:\/\/quehacerpolitico.mx\/index.php?rest_route=\/wp\/v2\/posts\/117305","targetHints":{"allow":["GET"]}}],"collection":[{"href":"https:\/\/quehacerpolitico.mx\/index.php?rest_route=\/wp\/v2\/posts"}],"about":[{"href":"https:\/\/quehacerpolitico.mx\/index.php?rest_route=\/wp\/v2\/types\/post"}],"author":[{"embeddable":true,"href":"https:\/\/quehacerpolitico.mx\/index.php?rest_route=\/wp\/v2\/users\/2"}],"replies":[{"embeddable":true,"href":"https:\/\/quehacerpolitico.mx\/index.php?rest_route=%2Fwp%2Fv2%2Fcomments&post=117305"}],"version-history":[{"count":1,"href":"https:\/\/quehacerpolitico.mx\/index.php?rest_route=\/wp\/v2\/posts\/117305\/revisions"}],"predecessor-version":[{"id":117309,"href":"https:\/\/quehacerpolitico.mx\/index.php?rest_route=\/wp\/v2\/posts\/117305\/revisions\/117309"}],"wp:featuredmedia":[{"embeddable":true,"href":"https:\/\/quehacerpolitico.mx\/index.php?rest_route=\/wp\/v2\/media\/117308"}],"wp:attachment":[{"href":"https:\/\/quehacerpolitico.mx\/index.php?rest_route=%2Fwp%2Fv2%2Fmedia&parent=117305"}],"wp:term":[{"taxonomy":"category","embeddable":true,"href":"https:\/\/quehacerpolitico.mx\/index.php?rest_route=%2Fwp%2Fv2%2Fcategories&post=117305"},{"taxonomy":"post_tag","embeddable":true,"href":"https:\/\/quehacerpolitico.mx\/index.php?rest_route=%2Fwp%2Fv2%2Ftags&post=117305"}],"curies":[{"name":"wp","href":"https:\/\/api.w.org\/{rel}","templated":true}]}}