{"id":117302,"date":"2025-06-28T20:30:03","date_gmt":"2025-06-29T02:30:03","guid":{"rendered":"https:\/\/quehacerpolitico.mx\/?p=117302"},"modified":"2025-06-28T20:42:04","modified_gmt":"2025-06-29T02:42:04","slug":"presos-se-preparan-para-concurso-nacional-de-arte","status":"publish","type":"post","link":"https:\/\/quehacerpolitico.mx\/?p=117302","title":{"rendered":"Presos se preparan para concurso nacional de arte"},"content":{"rendered":"\n<p>Por Redacci\u00f3n QP<\/p>\n\n\n\n<p>Desde prisi\u00f3n, dos hombres y una mujer del Centro de Ejecuci\u00f3n de Sanciones se preparan para un concurso nacional de dibujo y cuento<\/p>\n\n\n\n<p>Dentro de las diversas instituciones que existen en nuestro pa\u00eds se encuentran las&nbsp;<strong>CEDES<\/strong>. Una&nbsp;<strong>CEDE<\/strong>&nbsp;se refiere al Centro de Ejecuci\u00f3n de Sanciones, la cual es una instituci\u00f3n que supervisa la prisi\u00f3n preventiva y la ejecuci\u00f3n de sanciones penales,&nbsp;<mark>as\u00ed como medidas de seguridad<\/mark>.&nbsp;<\/p>\n\n\n\n<p><strong>En M\u00e9xico<\/strong>, estos centros forman parte del sistema penitenciario y est\u00e1n bajo la responsabilidad del Ejecutivo Federal o Local, a trav\u00e9s de las autoridades penitenciarias. S<mark>u objetivo principal es garantizar que las penas se cumplan de acuerdo a la ley<\/mark>, respetando los derechos humanos de las personas privadas de la libertad.&nbsp;<\/p>\n\n\n\n<p>En atenci\u00f3n a las convocatorias del Instituto Nacional de Bellas Artes (INBA) tres personas privadas de la libertad (PPLs)\u00a0<strong>participar\u00e1n en los concursos de dibujo y cuento representando al Centro de Ejecuci\u00f3n de Sanciones (CEDES) de Ciudad Victoria<\/strong>.<\/p>\n\n\n\n<p>La encargada del Departamento de Educaci\u00f3n, Cultura y Deporte de este centro, Claudia Salinas Z\u00fa\u00f1iga, inform\u00f3 que hasta el momento, dos varones se han registrado para participar en la\u00a0<mark>29 edici\u00f3n del Concurso Nacional de Dibujo &#8220;David Alfaro Siqueiros<\/mark>&#8220;, en el cual, el representante del CEDES Victoria en el a\u00f1o 2019 obtuvo un segundo lugar.<\/p>\n\n\n\n<p>Este 2025 tambi\u00e9n\u00a0<strong>una mujer de este centro participar\u00e1<\/strong>\u00a0con cuatro escritos de su autor\u00eda en el Concurso Nacional de Cuento &#8220;Jos\u00e9 Revueltas&#8221;. Las obras recibidas ser\u00e1n calificadas por un jurado integrado por expertos en estas disciplinas, quienes seleccionar\u00e1n a los tres primeros lugares y ganadores de los premios econ\u00f3micos correspondientes que, de acuerdo con la convocatoria,\u00a0<mark>van desde los seis mil hasta los 10 mil pesos<\/mark>.<\/p>\n\n\n\n<p>Estas creaciones, explic\u00f3 la encargada de este departamento,&nbsp;<strong>son resultado del fomento a la cultura que existe al interior de este centro penitenciario&nbsp;<\/strong>como parte de la estrategia integral de reinserci\u00f3n social que implementa la Secretar\u00eda de Seguridad P\u00fablica de Tamaulipas (SSPT).&nbsp;<\/p>\n\n\n\n<p>D\u00eda a d\u00eda, la biblioteca de este centro abre sus puertas en el horario matutino a varones y en el vespertino a mujeres, para leer los ejemplares donados por la sociedad y participar en salas de lectura que dos veces a la semana son dirigidas por personal de la&nbsp;<mark>Biblioteca P\u00fablica Marte R. G\u00f3mez<\/mark>; sin embargo, para mejorar la accesibilidad a la lectura, se cuenta con un librero m\u00f3vil que recorre todos los m\u00f3dulos del centro, permitiendo a las personas con movilidad limitada o en recuperaci\u00f3n de alg\u00fan padecimiento, disfrutar de alg\u00fan libro.&nbsp;<\/p>\n\n\n\n<p>Salinas explic\u00f3 que la selecci\u00f3n de temas en la lectura var\u00eda, predominando la preferencia por la&nbsp;<strong>psicolog\u00eda, medicina y novelas<\/strong>; a la par, las PPLs disfrutan de las artes esc\u00e9nicas y han integrado grupos de m\u00fasica y teatro que frecuentemente realizan presentaciones ante la poblaci\u00f3n del centro y sus familias.<\/p>\n\n\n\n<p>Con informaci\u00f3n de SUN<\/p>\n","protected":false},"excerpt":{"rendered":"<p>Por Redacci\u00f3n QP Desde prisi\u00f3n, dos hombres y una mujer del Centro de Ejecuci\u00f3n de&#8230;<\/p>\n","protected":false},"author":2,"featured_media":117303,"comment_status":"open","ping_status":"open","sticky":false,"template":"","format":"standard","meta":{"_monsterinsights_skip_tracking":false,"_monsterinsights_sitenote_active":false,"_monsterinsights_sitenote_note":"","_monsterinsights_sitenote_category":0,"footnotes":""},"categories":[58],"tags":[],"class_list":["post-117302","post","type-post","status-publish","format-standard","has-post-thumbnail","hentry","category-cultura"],"yoast_head":"<!-- This site is optimized with the Yoast SEO plugin v27.3 - https:\/\/yoast.com\/product\/yoast-seo-wordpress\/ -->\n<title>Presos se preparan para concurso nacional de arte -<\/title>\n<meta name=\"robots\" content=\"index, follow, max-snippet:-1, max-image-preview:large, max-video-preview:-1\" \/>\n<link rel=\"canonical\" href=\"https:\/\/quehacerpolitico.mx\/?p=117302\" \/>\n<meta property=\"og:locale\" content=\"es_MX\" \/>\n<meta property=\"og:type\" content=\"article\" \/>\n<meta property=\"og:title\" content=\"Presos se preparan para concurso nacional de arte -\" \/>\n<meta property=\"og:description\" content=\"Por Redacci\u00f3n QP Desde prisi\u00f3n, dos hombres y una mujer del Centro de Ejecuci\u00f3n de...\" \/>\n<meta property=\"og:url\" content=\"https:\/\/quehacerpolitico.mx\/?p=117302\" \/>\n<meta property=\"article:published_time\" content=\"2025-06-29T02:30:03+00:00\" \/>\n<meta property=\"article:modified_time\" content=\"2025-06-29T02:42:04+00:00\" \/>\n<meta property=\"og:image\" content=\"https:\/\/quehacerpolitico.mx\/wp-content\/uploads\/2025\/06\/IMG_1233.jpeg\" \/>\n\t<meta property=\"og:image:width\" content=\"385\" \/>\n\t<meta property=\"og:image:height\" content=\"227\" \/>\n\t<meta property=\"og:image:type\" content=\"image\/jpeg\" \/>\n<meta name=\"author\" content=\"Redacci\u00f3n QP\" \/>\n<meta name=\"twitter:card\" content=\"summary_large_image\" \/>\n<meta name=\"twitter:label1\" content=\"Escrito por\" \/>\n\t<meta name=\"twitter:data1\" content=\"Redacci\u00f3n QP\" \/>\n\t<meta name=\"twitter:label2\" content=\"Tiempo de lectura\" \/>\n\t<meta name=\"twitter:data2\" content=\"3 minutos\" \/>\n<script type=\"application\/ld+json\" class=\"yoast-schema-graph\">{\"@context\":\"https:\\\/\\\/schema.org\",\"@graph\":[{\"@type\":\"Article\",\"@id\":\"https:\\\/\\\/quehacerpolitico.mx\\\/?p=117302#article\",\"isPartOf\":{\"@id\":\"https:\\\/\\\/quehacerpolitico.mx\\\/?p=117302\"},\"author\":{\"name\":\"Redacci\u00f3n QP\",\"@id\":\"https:\\\/\\\/quehacerpolitico.mx\\\/#\\\/schema\\\/person\\\/496d8ad2d1d3f8036101dca7ee39e585\"},\"headline\":\"Presos se preparan para concurso nacional de arte\",\"datePublished\":\"2025-06-29T02:30:03+00:00\",\"dateModified\":\"2025-06-29T02:42:04+00:00\",\"mainEntityOfPage\":{\"@id\":\"https:\\\/\\\/quehacerpolitico.mx\\\/?p=117302\"},\"wordCount\":529,\"commentCount\":0,\"image\":{\"@id\":\"https:\\\/\\\/quehacerpolitico.mx\\\/?p=117302#primaryimage\"},\"thumbnailUrl\":\"https:\\\/\\\/quehacerpolitico.mx\\\/wp-content\\\/uploads\\\/2025\\\/06\\\/IMG_1233.jpeg\",\"articleSection\":[\"Cultura y Entretenimiento\"],\"inLanguage\":\"es\",\"potentialAction\":[{\"@type\":\"CommentAction\",\"name\":\"Comment\",\"target\":[\"https:\\\/\\\/quehacerpolitico.mx\\\/?p=117302#respond\"]}]},{\"@type\":\"WebPage\",\"@id\":\"https:\\\/\\\/quehacerpolitico.mx\\\/?p=117302\",\"url\":\"https:\\\/\\\/quehacerpolitico.mx\\\/?p=117302\",\"name\":\"Presos se preparan para concurso nacional de arte -\",\"isPartOf\":{\"@id\":\"https:\\\/\\\/quehacerpolitico.mx\\\/#website\"},\"primaryImageOfPage\":{\"@id\":\"https:\\\/\\\/quehacerpolitico.mx\\\/?p=117302#primaryimage\"},\"image\":{\"@id\":\"https:\\\/\\\/quehacerpolitico.mx\\\/?p=117302#primaryimage\"},\"thumbnailUrl\":\"https:\\\/\\\/quehacerpolitico.mx\\\/wp-content\\\/uploads\\\/2025\\\/06\\\/IMG_1233.jpeg\",\"datePublished\":\"2025-06-29T02:30:03+00:00\",\"dateModified\":\"2025-06-29T02:42:04+00:00\",\"author\":{\"@id\":\"https:\\\/\\\/quehacerpolitico.mx\\\/#\\\/schema\\\/person\\\/496d8ad2d1d3f8036101dca7ee39e585\"},\"breadcrumb\":{\"@id\":\"https:\\\/\\\/quehacerpolitico.mx\\\/?p=117302#breadcrumb\"},\"inLanguage\":\"es\",\"potentialAction\":[{\"@type\":\"ReadAction\",\"target\":[\"https:\\\/\\\/quehacerpolitico.mx\\\/?p=117302\"]}]},{\"@type\":\"ImageObject\",\"inLanguage\":\"es\",\"@id\":\"https:\\\/\\\/quehacerpolitico.mx\\\/?p=117302#primaryimage\",\"url\":\"https:\\\/\\\/quehacerpolitico.mx\\\/wp-content\\\/uploads\\\/2025\\\/06\\\/IMG_1233.jpeg\",\"contentUrl\":\"https:\\\/\\\/quehacerpolitico.mx\\\/wp-content\\\/uploads\\\/2025\\\/06\\\/IMG_1233.jpeg\",\"width\":385,\"height\":227},{\"@type\":\"BreadcrumbList\",\"@id\":\"https:\\\/\\\/quehacerpolitico.mx\\\/?p=117302#breadcrumb\",\"itemListElement\":[{\"@type\":\"ListItem\",\"position\":1,\"name\":\"Inicio\",\"item\":\"https:\\\/\\\/quehacerpolitico.mx\\\/\"},{\"@type\":\"ListItem\",\"position\":2,\"name\":\"Presos se preparan para concurso nacional de arte\"}]},{\"@type\":\"WebSite\",\"@id\":\"https:\\\/\\\/quehacerpolitico.mx\\\/#website\",\"url\":\"https:\\\/\\\/quehacerpolitico.mx\\\/\",\"name\":\"\",\"description\":\"\",\"potentialAction\":[{\"@type\":\"SearchAction\",\"target\":{\"@type\":\"EntryPoint\",\"urlTemplate\":\"https:\\\/\\\/quehacerpolitico.mx\\\/?s={search_term_string}\"},\"query-input\":{\"@type\":\"PropertyValueSpecification\",\"valueRequired\":true,\"valueName\":\"search_term_string\"}}],\"inLanguage\":\"es\"},{\"@type\":\"Person\",\"@id\":\"https:\\\/\\\/quehacerpolitico.mx\\\/#\\\/schema\\\/person\\\/496d8ad2d1d3f8036101dca7ee39e585\",\"name\":\"Redacci\u00f3n QP\",\"image\":{\"@type\":\"ImageObject\",\"inLanguage\":\"es\",\"@id\":\"https:\\\/\\\/secure.gravatar.com\\\/avatar\\\/c7164ed6fdec453195284ad24a5ae5b6e1eed2b848477fa2a4787ba9adf39a41?s=96&d=mm&r=g\",\"url\":\"https:\\\/\\\/secure.gravatar.com\\\/avatar\\\/c7164ed6fdec453195284ad24a5ae5b6e1eed2b848477fa2a4787ba9adf39a41?s=96&d=mm&r=g\",\"contentUrl\":\"https:\\\/\\\/secure.gravatar.com\\\/avatar\\\/c7164ed6fdec453195284ad24a5ae5b6e1eed2b848477fa2a4787ba9adf39a41?s=96&d=mm&r=g\",\"caption\":\"Redacci\u00f3n QP\"},\"url\":\"https:\\\/\\\/quehacerpolitico.mx\\\/?author=2\"}]}<\/script>\n<!-- \/ Yoast SEO plugin. -->","yoast_head_json":{"title":"Presos se preparan para concurso nacional de arte -","robots":{"index":"index","follow":"follow","max-snippet":"max-snippet:-1","max-image-preview":"max-image-preview:large","max-video-preview":"max-video-preview:-1"},"canonical":"https:\/\/quehacerpolitico.mx\/?p=117302","og_locale":"es_MX","og_type":"article","og_title":"Presos se preparan para concurso nacional de arte -","og_description":"Por Redacci\u00f3n QP Desde prisi\u00f3n, dos hombres y una mujer del Centro de Ejecuci\u00f3n de...","og_url":"https:\/\/quehacerpolitico.mx\/?p=117302","article_published_time":"2025-06-29T02:30:03+00:00","article_modified_time":"2025-06-29T02:42:04+00:00","og_image":[{"width":385,"height":227,"url":"https:\/\/quehacerpolitico.mx\/wp-content\/uploads\/2025\/06\/IMG_1233.jpeg","type":"image\/jpeg"}],"author":"Redacci\u00f3n QP","twitter_card":"summary_large_image","twitter_misc":{"Escrito por":"Redacci\u00f3n QP","Tiempo de lectura":"3 minutos"},"schema":{"@context":"https:\/\/schema.org","@graph":[{"@type":"Article","@id":"https:\/\/quehacerpolitico.mx\/?p=117302#article","isPartOf":{"@id":"https:\/\/quehacerpolitico.mx\/?p=117302"},"author":{"name":"Redacci\u00f3n QP","@id":"https:\/\/quehacerpolitico.mx\/#\/schema\/person\/496d8ad2d1d3f8036101dca7ee39e585"},"headline":"Presos se preparan para concurso nacional de arte","datePublished":"2025-06-29T02:30:03+00:00","dateModified":"2025-06-29T02:42:04+00:00","mainEntityOfPage":{"@id":"https:\/\/quehacerpolitico.mx\/?p=117302"},"wordCount":529,"commentCount":0,"image":{"@id":"https:\/\/quehacerpolitico.mx\/?p=117302#primaryimage"},"thumbnailUrl":"https:\/\/quehacerpolitico.mx\/wp-content\/uploads\/2025\/06\/IMG_1233.jpeg","articleSection":["Cultura y Entretenimiento"],"inLanguage":"es","potentialAction":[{"@type":"CommentAction","name":"Comment","target":["https:\/\/quehacerpolitico.mx\/?p=117302#respond"]}]},{"@type":"WebPage","@id":"https:\/\/quehacerpolitico.mx\/?p=117302","url":"https:\/\/quehacerpolitico.mx\/?p=117302","name":"Presos se preparan para concurso nacional de arte -","isPartOf":{"@id":"https:\/\/quehacerpolitico.mx\/#website"},"primaryImageOfPage":{"@id":"https:\/\/quehacerpolitico.mx\/?p=117302#primaryimage"},"image":{"@id":"https:\/\/quehacerpolitico.mx\/?p=117302#primaryimage"},"thumbnailUrl":"https:\/\/quehacerpolitico.mx\/wp-content\/uploads\/2025\/06\/IMG_1233.jpeg","datePublished":"2025-06-29T02:30:03+00:00","dateModified":"2025-06-29T02:42:04+00:00","author":{"@id":"https:\/\/quehacerpolitico.mx\/#\/schema\/person\/496d8ad2d1d3f8036101dca7ee39e585"},"breadcrumb":{"@id":"https:\/\/quehacerpolitico.mx\/?p=117302#breadcrumb"},"inLanguage":"es","potentialAction":[{"@type":"ReadAction","target":["https:\/\/quehacerpolitico.mx\/?p=117302"]}]},{"@type":"ImageObject","inLanguage":"es","@id":"https:\/\/quehacerpolitico.mx\/?p=117302#primaryimage","url":"https:\/\/quehacerpolitico.mx\/wp-content\/uploads\/2025\/06\/IMG_1233.jpeg","contentUrl":"https:\/\/quehacerpolitico.mx\/wp-content\/uploads\/2025\/06\/IMG_1233.jpeg","width":385,"height":227},{"@type":"BreadcrumbList","@id":"https:\/\/quehacerpolitico.mx\/?p=117302#breadcrumb","itemListElement":[{"@type":"ListItem","position":1,"name":"Inicio","item":"https:\/\/quehacerpolitico.mx\/"},{"@type":"ListItem","position":2,"name":"Presos se preparan para concurso nacional de arte"}]},{"@type":"WebSite","@id":"https:\/\/quehacerpolitico.mx\/#website","url":"https:\/\/quehacerpolitico.mx\/","name":"","description":"","potentialAction":[{"@type":"SearchAction","target":{"@type":"EntryPoint","urlTemplate":"https:\/\/quehacerpolitico.mx\/?s={search_term_string}"},"query-input":{"@type":"PropertyValueSpecification","valueRequired":true,"valueName":"search_term_string"}}],"inLanguage":"es"},{"@type":"Person","@id":"https:\/\/quehacerpolitico.mx\/#\/schema\/person\/496d8ad2d1d3f8036101dca7ee39e585","name":"Redacci\u00f3n QP","image":{"@type":"ImageObject","inLanguage":"es","@id":"https:\/\/secure.gravatar.com\/avatar\/c7164ed6fdec453195284ad24a5ae5b6e1eed2b848477fa2a4787ba9adf39a41?s=96&d=mm&r=g","url":"https:\/\/secure.gravatar.com\/avatar\/c7164ed6fdec453195284ad24a5ae5b6e1eed2b848477fa2a4787ba9adf39a41?s=96&d=mm&r=g","contentUrl":"https:\/\/secure.gravatar.com\/avatar\/c7164ed6fdec453195284ad24a5ae5b6e1eed2b848477fa2a4787ba9adf39a41?s=96&d=mm&r=g","caption":"Redacci\u00f3n QP"},"url":"https:\/\/quehacerpolitico.mx\/?author=2"}]}},"featured_image_urls":{"full":["https:\/\/quehacerpolitico.mx\/wp-content\/uploads\/2025\/06\/IMG_1233.jpeg",385,227,false],"thumbnail":["https:\/\/quehacerpolitico.mx\/wp-content\/uploads\/2025\/06\/IMG_1233-150x150.jpeg",150,150,true],"medium":["https:\/\/quehacerpolitico.mx\/wp-content\/uploads\/2025\/06\/IMG_1233-300x177.jpeg",300,177,true],"medium_large":["https:\/\/quehacerpolitico.mx\/wp-content\/uploads\/2025\/06\/IMG_1233.jpeg",385,227,false],"large":["https:\/\/quehacerpolitico.mx\/wp-content\/uploads\/2025\/06\/IMG_1233.jpeg",385,227,false],"1536x1536":["https:\/\/quehacerpolitico.mx\/wp-content\/uploads\/2025\/06\/IMG_1233.jpeg",385,227,false],"2048x2048":["https:\/\/quehacerpolitico.mx\/wp-content\/uploads\/2025\/06\/IMG_1233.jpeg",385,227,false],"covernews-featured":["https:\/\/quehacerpolitico.mx\/wp-content\/uploads\/2025\/06\/IMG_1233.jpeg",385,227,false],"covernews-medium":["https:\/\/quehacerpolitico.mx\/wp-content\/uploads\/2025\/06\/IMG_1233.jpeg",385,227,false]},"author_info":{"display_name":"Redacci\u00f3n QP","author_link":"https:\/\/quehacerpolitico.mx\/?author=2"},"category_info":"<a href=\"https:\/\/quehacerpolitico.mx\/?cat=58\" rel=\"category\">Cultura y Entretenimiento<\/a>","tag_info":"Cultura y Entretenimiento","comment_count":"0","_links":{"self":[{"href":"https:\/\/quehacerpolitico.mx\/index.php?rest_route=\/wp\/v2\/posts\/117302","targetHints":{"allow":["GET"]}}],"collection":[{"href":"https:\/\/quehacerpolitico.mx\/index.php?rest_route=\/wp\/v2\/posts"}],"about":[{"href":"https:\/\/quehacerpolitico.mx\/index.php?rest_route=\/wp\/v2\/types\/post"}],"author":[{"embeddable":true,"href":"https:\/\/quehacerpolitico.mx\/index.php?rest_route=\/wp\/v2\/users\/2"}],"replies":[{"embeddable":true,"href":"https:\/\/quehacerpolitico.mx\/index.php?rest_route=%2Fwp%2Fv2%2Fcomments&post=117302"}],"version-history":[{"count":1,"href":"https:\/\/quehacerpolitico.mx\/index.php?rest_route=\/wp\/v2\/posts\/117302\/revisions"}],"predecessor-version":[{"id":117304,"href":"https:\/\/quehacerpolitico.mx\/index.php?rest_route=\/wp\/v2\/posts\/117302\/revisions\/117304"}],"wp:featuredmedia":[{"embeddable":true,"href":"https:\/\/quehacerpolitico.mx\/index.php?rest_route=\/wp\/v2\/media\/117303"}],"wp:attachment":[{"href":"https:\/\/quehacerpolitico.mx\/index.php?rest_route=%2Fwp%2Fv2%2Fmedia&parent=117302"}],"wp:term":[{"taxonomy":"category","embeddable":true,"href":"https:\/\/quehacerpolitico.mx\/index.php?rest_route=%2Fwp%2Fv2%2Fcategories&post=117302"},{"taxonomy":"post_tag","embeddable":true,"href":"https:\/\/quehacerpolitico.mx\/index.php?rest_route=%2Fwp%2Fv2%2Ftags&post=117302"}],"curies":[{"name":"wp","href":"https:\/\/api.w.org\/{rel}","templated":true}]}}