{"id":117293,"date":"2025-06-27T20:52:58","date_gmt":"2025-06-28T02:52:58","guid":{"rendered":"https:\/\/quehacerpolitico.mx\/?p=117293"},"modified":"2025-06-27T20:53:00","modified_gmt":"2025-06-28T02:53:00","slug":"verificacion-vehicular-en-cdmx-checa-el-color-de-tu-engomado-que-no-se-te-pase","status":"publish","type":"post","link":"https:\/\/quehacerpolitico.mx\/?p=117293","title":{"rendered":"Verificaci\u00f3n vehicular en CDMX checa el color de tu engomado que no se te pase"},"content":{"rendered":"\n<p>Por Redacci\u00f3n QP<\/p>\n\n\n\n<p>La verificaci\u00f3n vehicular sigue siendo un tr\u00e1mite obligatorio en la Ciudad de M\u00e9xico y busca mejorar la calidad del aire que respiramos<\/p>\n\n\n\n<p>La Secretar\u00eda de Medio Ambiente (SEDEMA) de la Ciudad de M\u00e9xico ya dio a conocer el calendario oficial de verificaci\u00f3n vehicular que corresponder\u00e1 al segundo semestre de 2025.&nbsp;<strong>La medida ser\u00e1 aplicada para todos los autom\u00f3viles de combusti\u00f3n interna con matr\u00edcula de la capital del pa\u00eds.<\/strong><\/p>\n\n\n\n<p>El costo del tr\u00e1mite ser\u00e1 de&nbsp;<strong>$738 pesos y ser\u00e1 obligatorio&nbsp;<\/strong>para la mayor\u00eda de los veh\u00edculos, excepto en ciertos casos en espec\u00edfico, como autos el\u00e9ctricos, h\u00edbridos, de matr\u00edcula antigua, de demostraci\u00f3n, tractores agr\u00edcolas, maquinaria industrial y motocicletas.<\/p>\n\n\n\n<p>La dependencia advirti\u00f3 que si eres propietario de de un auto con adeudo de tenencia, multas de tr\u00e1nsito o sanciones ambientales,&nbsp;<mark>ser\u00e1s excluido del tr\u00e1mite hasta que regularicen tu situaci\u00f3n con las autoridades correspondientes.<\/mark><\/p>\n\n\n\n<h2 class=\"wp-block-heading\">Fechas para la verificaci\u00f3n vehicular en CDMX por color de engomado<\/h2>\n\n\n\n<p>A trav\u00e9s de la Direcci\u00f3n General de Calidad del AIre (DGCA), la SEDEMA estableci\u00f3 que la verificaci\u00f3n se har\u00e1 de acuerdo al color de engomado y al \u00faltimo d\u00edgito de la placa de circulaci\u00f3n.&nbsp;<strong>Las fechas oficiales son las siguientes:<\/strong><\/p>\n\n\n\n<ul class=\"wp-block-list\">\n<li><strong>Engomado amarillo, terminaci\u00f3n 5 o 6:<\/strong>&nbsp;Del 1 de julio al 31 de agosto<\/li>\n\n\n\n<li><strong>Engomado rosa, terminaci\u00f3n 7 u 8:&nbsp;<\/strong>Del 1 de agosto al 30 de septiembre<\/li>\n\n\n\n<li><strong>Engomado rojo, terminaci\u00f3n 3 o 4:<\/strong>&nbsp;Del 1 de septiembre al 31 de octubre<\/li>\n\n\n\n<li><strong>Engomado verde, terminaci\u00f3n 1 o 2:<\/strong>&nbsp;Del 1 de octubre al 30 de noviembre<\/li>\n\n\n\n<li><strong>Engomado azul, terminaci\u00f3n 9 o 0:<\/strong>&nbsp;Del 1 de noviembre al 31 de diciembre<\/li>\n<\/ul>\n\n\n\n<h2 class=\"wp-block-heading\">\u00bfQu\u00e9 pasa si no verifico a tiempo?<\/h2>\n\n\n\n<p>Todos aquellos conductores que no verifiquen dentro del periodo asignado,&nbsp;<mark>deber\u00e1n pagar una multa por verificaci\u00f3n extempor\u00e1nea por la cantidad de $2,263 pesos,<\/mark>&nbsp;de acuerdo a lo informado por la Direcci\u00f3n General de Calidad del Aire.<\/p>\n\n\n\n<p>Si tu veh\u00edculo es rechazado dentro de los \u00faltimos siete d\u00edas del periodo correspondiente,&nbsp;<strong>te otorgar\u00e1n una pr\u00f3rroga de hasta &nbsp;15 d\u00edas naturales para que puedas volver a verificar tu veh\u00edculo.<\/strong>&nbsp;Toma en cuenta que la ampliaci\u00f3n de tiempo solo ser\u00e1 v\u00e1lida en el mismo verificentro.<\/p>\n\n\n\n<h2 class=\"wp-block-heading\">\u00bfC\u00f3mo agendar una cita para verificar?<\/h2>\n\n\n\n<p>La SEDEMA busca reducir los tiempos de espera y aglomeraciones, por lo que recomend\u00f3 a los ciudadanos a programar una cita previa por medio de<strong>&nbsp;<\/strong><a href=\"https:\/\/citasverificentros.cdmx.gob.mx\/\" target=\"_blank\" rel=\"noopener sponsored\" title=\"\"><strong>su portal oficial.<\/strong><\/a>&nbsp;<mark>La instituci\u00f3n tambi\u00e9n record\u00f3 que los certificados de verificaci\u00f3n \u201c00\u201d, \u201c0\u201d, \u201c1\u201d y \u201c2\u201d contin\u00faan con su vigencia normativa, de acuerdo con los lineamientos establecidos en el programa.<\/mark><\/p>\n\n\n\n<p>La verificaci\u00f3n vehicular sigue siendo un tr\u00e1mite obligatorio en la Ciudad de M\u00e9xico y busca mejorar la calidad del aire que respiramos. Las autoridades invitan a la ciudadan\u00eda a realizar este proceso dentro de los plazos establecidos,&nbsp;<strong>no solo para evitar multas, sino tambi\u00e9n para poner su granito de arena en el cuidado al medio ambiente.<\/strong><\/p>\n","protected":false},"excerpt":{"rendered":"<p>Por Redacci\u00f3n QP La verificaci\u00f3n vehicular sigue siendo un tr\u00e1mite obligatorio en la Ciudad de&#8230;<\/p>\n","protected":false},"author":2,"featured_media":117294,"comment_status":"open","ping_status":"open","sticky":false,"template":"","format":"standard","meta":{"_monsterinsights_skip_tracking":false,"_monsterinsights_sitenote_active":false,"_monsterinsights_sitenote_note":"","_monsterinsights_sitenote_category":0,"footnotes":""},"categories":[55],"tags":[],"class_list":["post-117293","post","type-post","status-publish","format-standard","has-post-thumbnail","hentry","category-cdmx"],"yoast_head":"<!-- This site is optimized with the Yoast SEO plugin v27.3 - https:\/\/yoast.com\/product\/yoast-seo-wordpress\/ -->\n<title>Verificaci\u00f3n vehicular en CDMX checa el color de tu engomado que no se te pase -<\/title>\n<meta name=\"robots\" content=\"index, follow, max-snippet:-1, max-image-preview:large, max-video-preview:-1\" \/>\n<link rel=\"canonical\" href=\"https:\/\/quehacerpolitico.mx\/?p=117293\" \/>\n<meta property=\"og:locale\" content=\"es_MX\" \/>\n<meta property=\"og:type\" content=\"article\" \/>\n<meta property=\"og:title\" content=\"Verificaci\u00f3n vehicular en CDMX checa el color de tu engomado que no se te pase -\" \/>\n<meta property=\"og:description\" content=\"Por Redacci\u00f3n QP La verificaci\u00f3n vehicular sigue siendo un tr\u00e1mite obligatorio en la Ciudad de...\" \/>\n<meta property=\"og:url\" content=\"https:\/\/quehacerpolitico.mx\/?p=117293\" \/>\n<meta property=\"article:published_time\" content=\"2025-06-28T02:52:58+00:00\" \/>\n<meta property=\"article:modified_time\" content=\"2025-06-28T02:53:00+00:00\" \/>\n<meta property=\"og:image\" content=\"https:\/\/quehacerpolitico.mx\/wp-content\/uploads\/2025\/06\/IMG_1218.jpeg\" \/>\n\t<meta property=\"og:image:width\" content=\"640\" \/>\n\t<meta property=\"og:image:height\" content=\"360\" \/>\n\t<meta property=\"og:image:type\" content=\"image\/jpeg\" \/>\n<meta name=\"author\" content=\"Redacci\u00f3n QP\" \/>\n<meta name=\"twitter:card\" content=\"summary_large_image\" \/>\n<meta name=\"twitter:label1\" content=\"Escrito por\" \/>\n\t<meta name=\"twitter:data1\" content=\"Redacci\u00f3n QP\" \/>\n\t<meta name=\"twitter:label2\" content=\"Tiempo de lectura\" \/>\n\t<meta name=\"twitter:data2\" content=\"3 minutos\" \/>\n<script type=\"application\/ld+json\" class=\"yoast-schema-graph\">{\"@context\":\"https:\\\/\\\/schema.org\",\"@graph\":[{\"@type\":\"Article\",\"@id\":\"https:\\\/\\\/quehacerpolitico.mx\\\/?p=117293#article\",\"isPartOf\":{\"@id\":\"https:\\\/\\\/quehacerpolitico.mx\\\/?p=117293\"},\"author\":{\"name\":\"Redacci\u00f3n QP\",\"@id\":\"https:\\\/\\\/quehacerpolitico.mx\\\/#\\\/schema\\\/person\\\/496d8ad2d1d3f8036101dca7ee39e585\"},\"headline\":\"Verificaci\u00f3n vehicular en CDMX checa el color de tu engomado que no se te pase\",\"datePublished\":\"2025-06-28T02:52:58+00:00\",\"dateModified\":\"2025-06-28T02:53:00+00:00\",\"mainEntityOfPage\":{\"@id\":\"https:\\\/\\\/quehacerpolitico.mx\\\/?p=117293\"},\"wordCount\":534,\"commentCount\":0,\"image\":{\"@id\":\"https:\\\/\\\/quehacerpolitico.mx\\\/?p=117293#primaryimage\"},\"thumbnailUrl\":\"https:\\\/\\\/quehacerpolitico.mx\\\/wp-content\\\/uploads\\\/2025\\\/06\\\/IMG_1218.jpeg\",\"articleSection\":[\"CDMX\"],\"inLanguage\":\"es\",\"potentialAction\":[{\"@type\":\"CommentAction\",\"name\":\"Comment\",\"target\":[\"https:\\\/\\\/quehacerpolitico.mx\\\/?p=117293#respond\"]}]},{\"@type\":\"WebPage\",\"@id\":\"https:\\\/\\\/quehacerpolitico.mx\\\/?p=117293\",\"url\":\"https:\\\/\\\/quehacerpolitico.mx\\\/?p=117293\",\"name\":\"Verificaci\u00f3n vehicular en CDMX checa el color de tu engomado que no se te pase -\",\"isPartOf\":{\"@id\":\"https:\\\/\\\/quehacerpolitico.mx\\\/#website\"},\"primaryImageOfPage\":{\"@id\":\"https:\\\/\\\/quehacerpolitico.mx\\\/?p=117293#primaryimage\"},\"image\":{\"@id\":\"https:\\\/\\\/quehacerpolitico.mx\\\/?p=117293#primaryimage\"},\"thumbnailUrl\":\"https:\\\/\\\/quehacerpolitico.mx\\\/wp-content\\\/uploads\\\/2025\\\/06\\\/IMG_1218.jpeg\",\"datePublished\":\"2025-06-28T02:52:58+00:00\",\"dateModified\":\"2025-06-28T02:53:00+00:00\",\"author\":{\"@id\":\"https:\\\/\\\/quehacerpolitico.mx\\\/#\\\/schema\\\/person\\\/496d8ad2d1d3f8036101dca7ee39e585\"},\"breadcrumb\":{\"@id\":\"https:\\\/\\\/quehacerpolitico.mx\\\/?p=117293#breadcrumb\"},\"inLanguage\":\"es\",\"potentialAction\":[{\"@type\":\"ReadAction\",\"target\":[\"https:\\\/\\\/quehacerpolitico.mx\\\/?p=117293\"]}]},{\"@type\":\"ImageObject\",\"inLanguage\":\"es\",\"@id\":\"https:\\\/\\\/quehacerpolitico.mx\\\/?p=117293#primaryimage\",\"url\":\"https:\\\/\\\/quehacerpolitico.mx\\\/wp-content\\\/uploads\\\/2025\\\/06\\\/IMG_1218.jpeg\",\"contentUrl\":\"https:\\\/\\\/quehacerpolitico.mx\\\/wp-content\\\/uploads\\\/2025\\\/06\\\/IMG_1218.jpeg\",\"width\":640,\"height\":360},{\"@type\":\"BreadcrumbList\",\"@id\":\"https:\\\/\\\/quehacerpolitico.mx\\\/?p=117293#breadcrumb\",\"itemListElement\":[{\"@type\":\"ListItem\",\"position\":1,\"name\":\"Inicio\",\"item\":\"https:\\\/\\\/quehacerpolitico.mx\\\/\"},{\"@type\":\"ListItem\",\"position\":2,\"name\":\"Verificaci\u00f3n vehicular en CDMX checa el color de tu engomado que no se te pase\"}]},{\"@type\":\"WebSite\",\"@id\":\"https:\\\/\\\/quehacerpolitico.mx\\\/#website\",\"url\":\"https:\\\/\\\/quehacerpolitico.mx\\\/\",\"name\":\"\",\"description\":\"\",\"potentialAction\":[{\"@type\":\"SearchAction\",\"target\":{\"@type\":\"EntryPoint\",\"urlTemplate\":\"https:\\\/\\\/quehacerpolitico.mx\\\/?s={search_term_string}\"},\"query-input\":{\"@type\":\"PropertyValueSpecification\",\"valueRequired\":true,\"valueName\":\"search_term_string\"}}],\"inLanguage\":\"es\"},{\"@type\":\"Person\",\"@id\":\"https:\\\/\\\/quehacerpolitico.mx\\\/#\\\/schema\\\/person\\\/496d8ad2d1d3f8036101dca7ee39e585\",\"name\":\"Redacci\u00f3n QP\",\"image\":{\"@type\":\"ImageObject\",\"inLanguage\":\"es\",\"@id\":\"https:\\\/\\\/secure.gravatar.com\\\/avatar\\\/c7164ed6fdec453195284ad24a5ae5b6e1eed2b848477fa2a4787ba9adf39a41?s=96&d=mm&r=g\",\"url\":\"https:\\\/\\\/secure.gravatar.com\\\/avatar\\\/c7164ed6fdec453195284ad24a5ae5b6e1eed2b848477fa2a4787ba9adf39a41?s=96&d=mm&r=g\",\"contentUrl\":\"https:\\\/\\\/secure.gravatar.com\\\/avatar\\\/c7164ed6fdec453195284ad24a5ae5b6e1eed2b848477fa2a4787ba9adf39a41?s=96&d=mm&r=g\",\"caption\":\"Redacci\u00f3n QP\"},\"url\":\"https:\\\/\\\/quehacerpolitico.mx\\\/?author=2\"}]}<\/script>\n<!-- \/ Yoast SEO plugin. -->","yoast_head_json":{"title":"Verificaci\u00f3n vehicular en CDMX checa el color de tu engomado que no se te pase -","robots":{"index":"index","follow":"follow","max-snippet":"max-snippet:-1","max-image-preview":"max-image-preview:large","max-video-preview":"max-video-preview:-1"},"canonical":"https:\/\/quehacerpolitico.mx\/?p=117293","og_locale":"es_MX","og_type":"article","og_title":"Verificaci\u00f3n vehicular en CDMX checa el color de tu engomado que no se te pase -","og_description":"Por Redacci\u00f3n QP La verificaci\u00f3n vehicular sigue siendo un tr\u00e1mite obligatorio en la Ciudad de...","og_url":"https:\/\/quehacerpolitico.mx\/?p=117293","article_published_time":"2025-06-28T02:52:58+00:00","article_modified_time":"2025-06-28T02:53:00+00:00","og_image":[{"width":640,"height":360,"url":"https:\/\/quehacerpolitico.mx\/wp-content\/uploads\/2025\/06\/IMG_1218.jpeg","type":"image\/jpeg"}],"author":"Redacci\u00f3n QP","twitter_card":"summary_large_image","twitter_misc":{"Escrito por":"Redacci\u00f3n QP","Tiempo de lectura":"3 minutos"},"schema":{"@context":"https:\/\/schema.org","@graph":[{"@type":"Article","@id":"https:\/\/quehacerpolitico.mx\/?p=117293#article","isPartOf":{"@id":"https:\/\/quehacerpolitico.mx\/?p=117293"},"author":{"name":"Redacci\u00f3n QP","@id":"https:\/\/quehacerpolitico.mx\/#\/schema\/person\/496d8ad2d1d3f8036101dca7ee39e585"},"headline":"Verificaci\u00f3n vehicular en CDMX checa el color de tu engomado que no se te pase","datePublished":"2025-06-28T02:52:58+00:00","dateModified":"2025-06-28T02:53:00+00:00","mainEntityOfPage":{"@id":"https:\/\/quehacerpolitico.mx\/?p=117293"},"wordCount":534,"commentCount":0,"image":{"@id":"https:\/\/quehacerpolitico.mx\/?p=117293#primaryimage"},"thumbnailUrl":"https:\/\/quehacerpolitico.mx\/wp-content\/uploads\/2025\/06\/IMG_1218.jpeg","articleSection":["CDMX"],"inLanguage":"es","potentialAction":[{"@type":"CommentAction","name":"Comment","target":["https:\/\/quehacerpolitico.mx\/?p=117293#respond"]}]},{"@type":"WebPage","@id":"https:\/\/quehacerpolitico.mx\/?p=117293","url":"https:\/\/quehacerpolitico.mx\/?p=117293","name":"Verificaci\u00f3n vehicular en CDMX checa el color de tu engomado que no se te pase -","isPartOf":{"@id":"https:\/\/quehacerpolitico.mx\/#website"},"primaryImageOfPage":{"@id":"https:\/\/quehacerpolitico.mx\/?p=117293#primaryimage"},"image":{"@id":"https:\/\/quehacerpolitico.mx\/?p=117293#primaryimage"},"thumbnailUrl":"https:\/\/quehacerpolitico.mx\/wp-content\/uploads\/2025\/06\/IMG_1218.jpeg","datePublished":"2025-06-28T02:52:58+00:00","dateModified":"2025-06-28T02:53:00+00:00","author":{"@id":"https:\/\/quehacerpolitico.mx\/#\/schema\/person\/496d8ad2d1d3f8036101dca7ee39e585"},"breadcrumb":{"@id":"https:\/\/quehacerpolitico.mx\/?p=117293#breadcrumb"},"inLanguage":"es","potentialAction":[{"@type":"ReadAction","target":["https:\/\/quehacerpolitico.mx\/?p=117293"]}]},{"@type":"ImageObject","inLanguage":"es","@id":"https:\/\/quehacerpolitico.mx\/?p=117293#primaryimage","url":"https:\/\/quehacerpolitico.mx\/wp-content\/uploads\/2025\/06\/IMG_1218.jpeg","contentUrl":"https:\/\/quehacerpolitico.mx\/wp-content\/uploads\/2025\/06\/IMG_1218.jpeg","width":640,"height":360},{"@type":"BreadcrumbList","@id":"https:\/\/quehacerpolitico.mx\/?p=117293#breadcrumb","itemListElement":[{"@type":"ListItem","position":1,"name":"Inicio","item":"https:\/\/quehacerpolitico.mx\/"},{"@type":"ListItem","position":2,"name":"Verificaci\u00f3n vehicular en CDMX checa el color de tu engomado que no se te pase"}]},{"@type":"WebSite","@id":"https:\/\/quehacerpolitico.mx\/#website","url":"https:\/\/quehacerpolitico.mx\/","name":"","description":"","potentialAction":[{"@type":"SearchAction","target":{"@type":"EntryPoint","urlTemplate":"https:\/\/quehacerpolitico.mx\/?s={search_term_string}"},"query-input":{"@type":"PropertyValueSpecification","valueRequired":true,"valueName":"search_term_string"}}],"inLanguage":"es"},{"@type":"Person","@id":"https:\/\/quehacerpolitico.mx\/#\/schema\/person\/496d8ad2d1d3f8036101dca7ee39e585","name":"Redacci\u00f3n QP","image":{"@type":"ImageObject","inLanguage":"es","@id":"https:\/\/secure.gravatar.com\/avatar\/c7164ed6fdec453195284ad24a5ae5b6e1eed2b848477fa2a4787ba9adf39a41?s=96&d=mm&r=g","url":"https:\/\/secure.gravatar.com\/avatar\/c7164ed6fdec453195284ad24a5ae5b6e1eed2b848477fa2a4787ba9adf39a41?s=96&d=mm&r=g","contentUrl":"https:\/\/secure.gravatar.com\/avatar\/c7164ed6fdec453195284ad24a5ae5b6e1eed2b848477fa2a4787ba9adf39a41?s=96&d=mm&r=g","caption":"Redacci\u00f3n QP"},"url":"https:\/\/quehacerpolitico.mx\/?author=2"}]}},"featured_image_urls":{"full":["https:\/\/quehacerpolitico.mx\/wp-content\/uploads\/2025\/06\/IMG_1218.jpeg",640,360,false],"thumbnail":["https:\/\/quehacerpolitico.mx\/wp-content\/uploads\/2025\/06\/IMG_1218-150x150.jpeg",150,150,true],"medium":["https:\/\/quehacerpolitico.mx\/wp-content\/uploads\/2025\/06\/IMG_1218-300x169.jpeg",300,169,true],"medium_large":["https:\/\/quehacerpolitico.mx\/wp-content\/uploads\/2025\/06\/IMG_1218.jpeg",640,360,false],"large":["https:\/\/quehacerpolitico.mx\/wp-content\/uploads\/2025\/06\/IMG_1218.jpeg",640,360,false],"1536x1536":["https:\/\/quehacerpolitico.mx\/wp-content\/uploads\/2025\/06\/IMG_1218.jpeg",640,360,false],"2048x2048":["https:\/\/quehacerpolitico.mx\/wp-content\/uploads\/2025\/06\/IMG_1218.jpeg",640,360,false],"covernews-featured":["https:\/\/quehacerpolitico.mx\/wp-content\/uploads\/2025\/06\/IMG_1218.jpeg",640,360,false],"covernews-medium":["https:\/\/quehacerpolitico.mx\/wp-content\/uploads\/2025\/06\/IMG_1218-540x340.jpeg",540,340,true]},"author_info":{"display_name":"Redacci\u00f3n QP","author_link":"https:\/\/quehacerpolitico.mx\/?author=2"},"category_info":"<a href=\"https:\/\/quehacerpolitico.mx\/?cat=55\" rel=\"category\">CDMX<\/a>","tag_info":"CDMX","comment_count":"0","_links":{"self":[{"href":"https:\/\/quehacerpolitico.mx\/index.php?rest_route=\/wp\/v2\/posts\/117293","targetHints":{"allow":["GET"]}}],"collection":[{"href":"https:\/\/quehacerpolitico.mx\/index.php?rest_route=\/wp\/v2\/posts"}],"about":[{"href":"https:\/\/quehacerpolitico.mx\/index.php?rest_route=\/wp\/v2\/types\/post"}],"author":[{"embeddable":true,"href":"https:\/\/quehacerpolitico.mx\/index.php?rest_route=\/wp\/v2\/users\/2"}],"replies":[{"embeddable":true,"href":"https:\/\/quehacerpolitico.mx\/index.php?rest_route=%2Fwp%2Fv2%2Fcomments&post=117293"}],"version-history":[{"count":1,"href":"https:\/\/quehacerpolitico.mx\/index.php?rest_route=\/wp\/v2\/posts\/117293\/revisions"}],"predecessor-version":[{"id":117295,"href":"https:\/\/quehacerpolitico.mx\/index.php?rest_route=\/wp\/v2\/posts\/117293\/revisions\/117295"}],"wp:featuredmedia":[{"embeddable":true,"href":"https:\/\/quehacerpolitico.mx\/index.php?rest_route=\/wp\/v2\/media\/117294"}],"wp:attachment":[{"href":"https:\/\/quehacerpolitico.mx\/index.php?rest_route=%2Fwp%2Fv2%2Fmedia&parent=117293"}],"wp:term":[{"taxonomy":"category","embeddable":true,"href":"https:\/\/quehacerpolitico.mx\/index.php?rest_route=%2Fwp%2Fv2%2Fcategories&post=117293"},{"taxonomy":"post_tag","embeddable":true,"href":"https:\/\/quehacerpolitico.mx\/index.php?rest_route=%2Fwp%2Fv2%2Ftags&post=117293"}],"curies":[{"name":"wp","href":"https:\/\/api.w.org\/{rel}","templated":true}]}}