{"id":117269,"date":"2025-06-27T13:11:04","date_gmt":"2025-06-27T19:11:04","guid":{"rendered":"https:\/\/quehacerpolitico.mx\/?p=117269"},"modified":"2025-06-27T13:11:06","modified_gmt":"2025-06-27T19:11:06","slug":"la-presidenta-claudia-sheinbaum-afirmo-que-grupo-salinas-pagara-los-impuestos-que-debe-desde-hace-mas-de-16-anos","status":"publish","type":"post","link":"https:\/\/quehacerpolitico.mx\/?p=117269","title":{"rendered":"La presidenta\u00a0Claudia Sheinbaum\u00a0afirm\u00f3 que\u00a0Grupo\u00a0Salinas\u00a0pagar\u00e1 los impuestos que debe desde hace m\u00e1s de 16 a\u00f1os"},"content":{"rendered":"\n<p>Por Redacci\u00f3n QP<\/p>\n\n\n\n<p>La mandataria afirm\u00f3 que las&nbsp;cr\u00edticas de Ricardo Salinas Pliego hacia la reforma del Poder Judicial y su gobierno&nbsp;se deben a la negativa del empresario a pagar los adeudos que Hacienda le exige<\/p>\n\n\n\n<p>La presidenta<strong>\u00a0Claudia Sheinbaum\u00a0<\/strong>afirm\u00f3 que\u00a0<strong>Grupo<\/strong>\u00a0<strong>Salinas<\/strong>\u00a0pagar\u00e1 los impuestos que debe desde hace m\u00e1s de 16 a\u00f1os con la llegada de los nuevos ministros a la\u00a0<strong>Suprema Corte de Justicia de la Naci\u00f3n.<\/strong><\/p>\n\n\n\n<figure class=\"wp-block-embed is-type-video is-provider-youtube wp-block-embed-youtube wp-embed-aspect-16-9 wp-has-aspect-ratio\"><div class=\"wp-block-embed__wrapper\">\n<iframe loading=\"lazy\" title=\"Sheinbaum da golpe a la &#039;transa judicial&#039; antes de que entren nuevos ministros\" width=\"640\" height=\"360\" src=\"https:\/\/www.youtube.com\/embed\/WPptIn1I5Po?feature=oembed\" frameborder=\"0\" allow=\"accelerometer; autoplay; clipboard-write; encrypted-media; gyroscope; picture-in-picture; web-share\" referrerpolicy=\"strict-origin-when-cross-origin\" allowfullscreen><\/iframe>\n<\/div><\/figure>\n\n\n\n<p>En conferencia de prensa, la mandataria afirm\u00f3 que las&nbsp;cr\u00edticas de las empresas de&nbsp;<strong>Ricardo<\/strong>&nbsp;<strong>Salinas<\/strong>&nbsp;<strong>Pliego<\/strong>&nbsp;hacia la reforma del Poder Judicial y su gobierno&nbsp;se deben a la negativa del empresario por pagar los impuestos que Hacienda le ha exigido.&nbsp;<\/p>\n\n\n\n<p>&#8220;Van a pagar los impuestos, porque no creo que la&nbsp;<strong>Corte<\/strong>&nbsp;de los ministros que est\u00e1n ahora, pues se vayan a atrever a hacer algo en contra del pueblo de M\u00e9xico&#8221;, dijo Sheinbaum.<\/p>\n\n\n\n<p>La mandataria afirm\u00f3 que el empresario&nbsp;tiene&nbsp;nexos con algunos de los ministros que dejar\u00e1n su cargo este septiembre, lo que ha impedido que se efect\u00faen los pagos a la administraci\u00f3n p\u00fablica por medio de retrasos en los procesos legales.&nbsp;<\/p>\n\n\n\n<p>&#8220;Ten\u00edan&nbsp;v\u00ednculos con muchos ministros y ministras que permit\u00edan, pues este aletargamiento en la decisi\u00f3n o, una decisi\u00f3n que pudiera ser favorable para este grupo que ser\u00eda ahora s\u00ed que la injusticia llevada a la m\u00e1xima expresi\u00f3n&#8221;, dijo Sheinbaum.<\/p>\n\n\n\n<p>Durante la conferencia matutina,&nbsp;<strong>Grisel<\/strong> Galeano, procuradora fiscal, revel\u00f3 que las empresas de Salinas Pliego tienen una deuda con Hacienda que asciende a los 74 mil millones de pesos y actualmente en la Suprema Corte de Justicia de la Naci\u00f3n hay tres casos por un monto de 26 mil millones de pesos.<\/p>\n\n\n\n<figure class=\"wp-block-embed is-type-video is-provider-youtube wp-block-embed-youtube wp-embed-aspect-16-9 wp-has-aspect-ratio\"><div class=\"wp-block-embed__wrapper\">\n<iframe loading=\"lazy\" title=\"\u00bfAdi\u00f3s a los amparos? Gobierno de Sheinbaum hace otra afrenta a la corrupci\u00f3n\" width=\"640\" height=\"360\" src=\"https:\/\/www.youtube.com\/embed\/U_gHz84dWxI?feature=oembed\" frameborder=\"0\" allow=\"accelerometer; autoplay; clipboard-write; encrypted-media; gyroscope; picture-in-picture; web-share\" referrerpolicy=\"strict-origin-when-cross-origin\" allowfullscreen><\/iframe>\n<\/div><\/figure>\n\n\n\n<p>Asimismo, se\u00f1al\u00f3 que hay asuntos est\u00e1n retrasados desde el 2008, 2010 y 2013; la empresa ha usado hasta 29 recursos para evitar el fallo en su contra, declar\u00f3 la procuradora fiscal.&nbsp;<\/p>\n\n\n\n<p>Cabe recordar, que el pasado 19 de junio el&nbsp;<strong>D\u00e9cimo Tribunal Colegiado en Materia Administrativa&nbsp;<\/strong>le neg\u00f3&nbsp;el amparo a&nbsp;Grupo Elektra&nbsp;para evitar el pago de 2 mil millones de pesos por&nbsp;impuestos al Servicio de Administraci\u00f3n Tributaria.<\/p>\n","protected":false},"excerpt":{"rendered":"<p>Por Redacci\u00f3n QP La mandataria afirm\u00f3 que las&nbsp;cr\u00edticas de Ricardo Salinas Pliego hacia la reforma&#8230;<\/p>\n","protected":false},"author":2,"featured_media":117270,"comment_status":"open","ping_status":"open","sticky":false,"template":"","format":"standard","meta":{"_monsterinsights_skip_tracking":false,"_monsterinsights_sitenote_active":false,"_monsterinsights_sitenote_note":"","_monsterinsights_sitenote_category":0,"footnotes":""},"categories":[280,2],"tags":[],"class_list":["post-117269","post","type-post","status-publish","format-standard","has-post-thumbnail","hentry","category-nacionales","category-noticias"],"yoast_head":"<!-- This site is optimized with the Yoast SEO plugin v27.3 - https:\/\/yoast.com\/product\/yoast-seo-wordpress\/ -->\n<title>La presidenta\u00a0Claudia Sheinbaum\u00a0afirm\u00f3 que\u00a0Grupo\u00a0Salinas\u00a0pagar\u00e1 los impuestos que debe desde hace m\u00e1s de 16 a\u00f1os -<\/title>\n<meta name=\"robots\" content=\"index, follow, max-snippet:-1, max-image-preview:large, max-video-preview:-1\" \/>\n<link rel=\"canonical\" href=\"https:\/\/quehacerpolitico.mx\/?p=117269\" \/>\n<meta property=\"og:locale\" content=\"es_MX\" \/>\n<meta property=\"og:type\" content=\"article\" \/>\n<meta property=\"og:title\" content=\"La presidenta\u00a0Claudia Sheinbaum\u00a0afirm\u00f3 que\u00a0Grupo\u00a0Salinas\u00a0pagar\u00e1 los impuestos que debe desde hace m\u00e1s de 16 a\u00f1os -\" \/>\n<meta property=\"og:description\" content=\"Por Redacci\u00f3n QP La mandataria afirm\u00f3 que las&nbsp;cr\u00edticas de Ricardo Salinas Pliego hacia la reforma...\" \/>\n<meta property=\"og:url\" content=\"https:\/\/quehacerpolitico.mx\/?p=117269\" \/>\n<meta property=\"article:published_time\" content=\"2025-06-27T19:11:04+00:00\" \/>\n<meta property=\"article:modified_time\" content=\"2025-06-27T19:11:06+00:00\" \/>\n<meta property=\"og:image\" content=\"https:\/\/quehacerpolitico.mx\/wp-content\/uploads\/2025\/06\/IMG_1198.jpeg\" \/>\n\t<meta property=\"og:image:width\" content=\"1170\" \/>\n\t<meta property=\"og:image:height\" content=\"627\" \/>\n\t<meta property=\"og:image:type\" content=\"image\/jpeg\" \/>\n<meta name=\"author\" content=\"Redacci\u00f3n QP\" \/>\n<meta name=\"twitter:card\" content=\"summary_large_image\" \/>\n<meta name=\"twitter:label1\" content=\"Escrito por\" \/>\n\t<meta name=\"twitter:data1\" content=\"Redacci\u00f3n QP\" \/>\n\t<meta name=\"twitter:label2\" content=\"Tiempo de lectura\" \/>\n\t<meta name=\"twitter:data2\" content=\"2 minutos\" \/>\n<script type=\"application\/ld+json\" class=\"yoast-schema-graph\">{\"@context\":\"https:\\\/\\\/schema.org\",\"@graph\":[{\"@type\":\"Article\",\"@id\":\"https:\\\/\\\/quehacerpolitico.mx\\\/?p=117269#article\",\"isPartOf\":{\"@id\":\"https:\\\/\\\/quehacerpolitico.mx\\\/?p=117269\"},\"author\":{\"name\":\"Redacci\u00f3n QP\",\"@id\":\"https:\\\/\\\/quehacerpolitico.mx\\\/#\\\/schema\\\/person\\\/496d8ad2d1d3f8036101dca7ee39e585\"},\"headline\":\"La presidenta\u00a0Claudia Sheinbaum\u00a0afirm\u00f3 que\u00a0Grupo\u00a0Salinas\u00a0pagar\u00e1 los impuestos que debe desde hace m\u00e1s de 16 a\u00f1os\",\"datePublished\":\"2025-06-27T19:11:04+00:00\",\"dateModified\":\"2025-06-27T19:11:06+00:00\",\"mainEntityOfPage\":{\"@id\":\"https:\\\/\\\/quehacerpolitico.mx\\\/?p=117269\"},\"wordCount\":426,\"commentCount\":0,\"image\":{\"@id\":\"https:\\\/\\\/quehacerpolitico.mx\\\/?p=117269#primaryimage\"},\"thumbnailUrl\":\"https:\\\/\\\/quehacerpolitico.mx\\\/wp-content\\\/uploads\\\/2025\\\/06\\\/IMG_1198.jpeg\",\"articleSection\":[\"Nacionales\",\"Noticias\"],\"inLanguage\":\"es\",\"potentialAction\":[{\"@type\":\"CommentAction\",\"name\":\"Comment\",\"target\":[\"https:\\\/\\\/quehacerpolitico.mx\\\/?p=117269#respond\"]}]},{\"@type\":\"WebPage\",\"@id\":\"https:\\\/\\\/quehacerpolitico.mx\\\/?p=117269\",\"url\":\"https:\\\/\\\/quehacerpolitico.mx\\\/?p=117269\",\"name\":\"La presidenta\u00a0Claudia Sheinbaum\u00a0afirm\u00f3 que\u00a0Grupo\u00a0Salinas\u00a0pagar\u00e1 los impuestos que debe desde hace m\u00e1s de 16 a\u00f1os -\",\"isPartOf\":{\"@id\":\"https:\\\/\\\/quehacerpolitico.mx\\\/#website\"},\"primaryImageOfPage\":{\"@id\":\"https:\\\/\\\/quehacerpolitico.mx\\\/?p=117269#primaryimage\"},\"image\":{\"@id\":\"https:\\\/\\\/quehacerpolitico.mx\\\/?p=117269#primaryimage\"},\"thumbnailUrl\":\"https:\\\/\\\/quehacerpolitico.mx\\\/wp-content\\\/uploads\\\/2025\\\/06\\\/IMG_1198.jpeg\",\"datePublished\":\"2025-06-27T19:11:04+00:00\",\"dateModified\":\"2025-06-27T19:11:06+00:00\",\"author\":{\"@id\":\"https:\\\/\\\/quehacerpolitico.mx\\\/#\\\/schema\\\/person\\\/496d8ad2d1d3f8036101dca7ee39e585\"},\"breadcrumb\":{\"@id\":\"https:\\\/\\\/quehacerpolitico.mx\\\/?p=117269#breadcrumb\"},\"inLanguage\":\"es\",\"potentialAction\":[{\"@type\":\"ReadAction\",\"target\":[\"https:\\\/\\\/quehacerpolitico.mx\\\/?p=117269\"]}]},{\"@type\":\"ImageObject\",\"inLanguage\":\"es\",\"@id\":\"https:\\\/\\\/quehacerpolitico.mx\\\/?p=117269#primaryimage\",\"url\":\"https:\\\/\\\/quehacerpolitico.mx\\\/wp-content\\\/uploads\\\/2025\\\/06\\\/IMG_1198.jpeg\",\"contentUrl\":\"https:\\\/\\\/quehacerpolitico.mx\\\/wp-content\\\/uploads\\\/2025\\\/06\\\/IMG_1198.jpeg\",\"width\":1170,\"height\":627,\"caption\":\"Screenshot\"},{\"@type\":\"BreadcrumbList\",\"@id\":\"https:\\\/\\\/quehacerpolitico.mx\\\/?p=117269#breadcrumb\",\"itemListElement\":[{\"@type\":\"ListItem\",\"position\":1,\"name\":\"Inicio\",\"item\":\"https:\\\/\\\/quehacerpolitico.mx\\\/\"},{\"@type\":\"ListItem\",\"position\":2,\"name\":\"La presidenta\u00a0Claudia Sheinbaum\u00a0afirm\u00f3 que\u00a0Grupo\u00a0Salinas\u00a0pagar\u00e1 los impuestos que debe desde hace m\u00e1s de 16 a\u00f1os\"}]},{\"@type\":\"WebSite\",\"@id\":\"https:\\\/\\\/quehacerpolitico.mx\\\/#website\",\"url\":\"https:\\\/\\\/quehacerpolitico.mx\\\/\",\"name\":\"\",\"description\":\"\",\"potentialAction\":[{\"@type\":\"SearchAction\",\"target\":{\"@type\":\"EntryPoint\",\"urlTemplate\":\"https:\\\/\\\/quehacerpolitico.mx\\\/?s={search_term_string}\"},\"query-input\":{\"@type\":\"PropertyValueSpecification\",\"valueRequired\":true,\"valueName\":\"search_term_string\"}}],\"inLanguage\":\"es\"},{\"@type\":\"Person\",\"@id\":\"https:\\\/\\\/quehacerpolitico.mx\\\/#\\\/schema\\\/person\\\/496d8ad2d1d3f8036101dca7ee39e585\",\"name\":\"Redacci\u00f3n QP\",\"image\":{\"@type\":\"ImageObject\",\"inLanguage\":\"es\",\"@id\":\"https:\\\/\\\/secure.gravatar.com\\\/avatar\\\/c7164ed6fdec453195284ad24a5ae5b6e1eed2b848477fa2a4787ba9adf39a41?s=96&d=mm&r=g\",\"url\":\"https:\\\/\\\/secure.gravatar.com\\\/avatar\\\/c7164ed6fdec453195284ad24a5ae5b6e1eed2b848477fa2a4787ba9adf39a41?s=96&d=mm&r=g\",\"contentUrl\":\"https:\\\/\\\/secure.gravatar.com\\\/avatar\\\/c7164ed6fdec453195284ad24a5ae5b6e1eed2b848477fa2a4787ba9adf39a41?s=96&d=mm&r=g\",\"caption\":\"Redacci\u00f3n QP\"},\"url\":\"https:\\\/\\\/quehacerpolitico.mx\\\/?author=2\"}]}<\/script>\n<!-- \/ Yoast SEO plugin. -->","yoast_head_json":{"title":"La presidenta\u00a0Claudia Sheinbaum\u00a0afirm\u00f3 que\u00a0Grupo\u00a0Salinas\u00a0pagar\u00e1 los impuestos que debe desde hace m\u00e1s de 16 a\u00f1os -","robots":{"index":"index","follow":"follow","max-snippet":"max-snippet:-1","max-image-preview":"max-image-preview:large","max-video-preview":"max-video-preview:-1"},"canonical":"https:\/\/quehacerpolitico.mx\/?p=117269","og_locale":"es_MX","og_type":"article","og_title":"La presidenta\u00a0Claudia Sheinbaum\u00a0afirm\u00f3 que\u00a0Grupo\u00a0Salinas\u00a0pagar\u00e1 los impuestos que debe desde hace m\u00e1s de 16 a\u00f1os -","og_description":"Por Redacci\u00f3n QP La mandataria afirm\u00f3 que las&nbsp;cr\u00edticas de Ricardo Salinas Pliego hacia la reforma...","og_url":"https:\/\/quehacerpolitico.mx\/?p=117269","article_published_time":"2025-06-27T19:11:04+00:00","article_modified_time":"2025-06-27T19:11:06+00:00","og_image":[{"width":1170,"height":627,"url":"https:\/\/quehacerpolitico.mx\/wp-content\/uploads\/2025\/06\/IMG_1198.jpeg","type":"image\/jpeg"}],"author":"Redacci\u00f3n QP","twitter_card":"summary_large_image","twitter_misc":{"Escrito por":"Redacci\u00f3n QP","Tiempo de lectura":"2 minutos"},"schema":{"@context":"https:\/\/schema.org","@graph":[{"@type":"Article","@id":"https:\/\/quehacerpolitico.mx\/?p=117269#article","isPartOf":{"@id":"https:\/\/quehacerpolitico.mx\/?p=117269"},"author":{"name":"Redacci\u00f3n QP","@id":"https:\/\/quehacerpolitico.mx\/#\/schema\/person\/496d8ad2d1d3f8036101dca7ee39e585"},"headline":"La presidenta\u00a0Claudia Sheinbaum\u00a0afirm\u00f3 que\u00a0Grupo\u00a0Salinas\u00a0pagar\u00e1 los impuestos que debe desde hace m\u00e1s de 16 a\u00f1os","datePublished":"2025-06-27T19:11:04+00:00","dateModified":"2025-06-27T19:11:06+00:00","mainEntityOfPage":{"@id":"https:\/\/quehacerpolitico.mx\/?p=117269"},"wordCount":426,"commentCount":0,"image":{"@id":"https:\/\/quehacerpolitico.mx\/?p=117269#primaryimage"},"thumbnailUrl":"https:\/\/quehacerpolitico.mx\/wp-content\/uploads\/2025\/06\/IMG_1198.jpeg","articleSection":["Nacionales","Noticias"],"inLanguage":"es","potentialAction":[{"@type":"CommentAction","name":"Comment","target":["https:\/\/quehacerpolitico.mx\/?p=117269#respond"]}]},{"@type":"WebPage","@id":"https:\/\/quehacerpolitico.mx\/?p=117269","url":"https:\/\/quehacerpolitico.mx\/?p=117269","name":"La presidenta\u00a0Claudia Sheinbaum\u00a0afirm\u00f3 que\u00a0Grupo\u00a0Salinas\u00a0pagar\u00e1 los impuestos que debe desde hace m\u00e1s de 16 a\u00f1os -","isPartOf":{"@id":"https:\/\/quehacerpolitico.mx\/#website"},"primaryImageOfPage":{"@id":"https:\/\/quehacerpolitico.mx\/?p=117269#primaryimage"},"image":{"@id":"https:\/\/quehacerpolitico.mx\/?p=117269#primaryimage"},"thumbnailUrl":"https:\/\/quehacerpolitico.mx\/wp-content\/uploads\/2025\/06\/IMG_1198.jpeg","datePublished":"2025-06-27T19:11:04+00:00","dateModified":"2025-06-27T19:11:06+00:00","author":{"@id":"https:\/\/quehacerpolitico.mx\/#\/schema\/person\/496d8ad2d1d3f8036101dca7ee39e585"},"breadcrumb":{"@id":"https:\/\/quehacerpolitico.mx\/?p=117269#breadcrumb"},"inLanguage":"es","potentialAction":[{"@type":"ReadAction","target":["https:\/\/quehacerpolitico.mx\/?p=117269"]}]},{"@type":"ImageObject","inLanguage":"es","@id":"https:\/\/quehacerpolitico.mx\/?p=117269#primaryimage","url":"https:\/\/quehacerpolitico.mx\/wp-content\/uploads\/2025\/06\/IMG_1198.jpeg","contentUrl":"https:\/\/quehacerpolitico.mx\/wp-content\/uploads\/2025\/06\/IMG_1198.jpeg","width":1170,"height":627,"caption":"Screenshot"},{"@type":"BreadcrumbList","@id":"https:\/\/quehacerpolitico.mx\/?p=117269#breadcrumb","itemListElement":[{"@type":"ListItem","position":1,"name":"Inicio","item":"https:\/\/quehacerpolitico.mx\/"},{"@type":"ListItem","position":2,"name":"La presidenta\u00a0Claudia Sheinbaum\u00a0afirm\u00f3 que\u00a0Grupo\u00a0Salinas\u00a0pagar\u00e1 los impuestos que debe desde hace m\u00e1s de 16 a\u00f1os"}]},{"@type":"WebSite","@id":"https:\/\/quehacerpolitico.mx\/#website","url":"https:\/\/quehacerpolitico.mx\/","name":"","description":"","potentialAction":[{"@type":"SearchAction","target":{"@type":"EntryPoint","urlTemplate":"https:\/\/quehacerpolitico.mx\/?s={search_term_string}"},"query-input":{"@type":"PropertyValueSpecification","valueRequired":true,"valueName":"search_term_string"}}],"inLanguage":"es"},{"@type":"Person","@id":"https:\/\/quehacerpolitico.mx\/#\/schema\/person\/496d8ad2d1d3f8036101dca7ee39e585","name":"Redacci\u00f3n QP","image":{"@type":"ImageObject","inLanguage":"es","@id":"https:\/\/secure.gravatar.com\/avatar\/c7164ed6fdec453195284ad24a5ae5b6e1eed2b848477fa2a4787ba9adf39a41?s=96&d=mm&r=g","url":"https:\/\/secure.gravatar.com\/avatar\/c7164ed6fdec453195284ad24a5ae5b6e1eed2b848477fa2a4787ba9adf39a41?s=96&d=mm&r=g","contentUrl":"https:\/\/secure.gravatar.com\/avatar\/c7164ed6fdec453195284ad24a5ae5b6e1eed2b848477fa2a4787ba9adf39a41?s=96&d=mm&r=g","caption":"Redacci\u00f3n QP"},"url":"https:\/\/quehacerpolitico.mx\/?author=2"}]}},"featured_image_urls":{"full":["https:\/\/quehacerpolitico.mx\/wp-content\/uploads\/2025\/06\/IMG_1198.jpeg",1170,627,false],"thumbnail":["https:\/\/quehacerpolitico.mx\/wp-content\/uploads\/2025\/06\/IMG_1198-150x150.jpeg",150,150,true],"medium":["https:\/\/quehacerpolitico.mx\/wp-content\/uploads\/2025\/06\/IMG_1198-300x161.jpeg",300,161,true],"medium_large":["https:\/\/quehacerpolitico.mx\/wp-content\/uploads\/2025\/06\/IMG_1198-768x412.jpeg",640,343,true],"large":["https:\/\/quehacerpolitico.mx\/wp-content\/uploads\/2025\/06\/IMG_1198-1024x549.jpeg",640,343,true],"1536x1536":["https:\/\/quehacerpolitico.mx\/wp-content\/uploads\/2025\/06\/IMG_1198.jpeg",1170,627,false],"2048x2048":["https:\/\/quehacerpolitico.mx\/wp-content\/uploads\/2025\/06\/IMG_1198.jpeg",1170,627,false],"covernews-featured":["https:\/\/quehacerpolitico.mx\/wp-content\/uploads\/2025\/06\/IMG_1198-1024x549.jpeg",1024,549,true],"covernews-medium":["https:\/\/quehacerpolitico.mx\/wp-content\/uploads\/2025\/06\/IMG_1198-540x340.jpeg",540,340,true]},"author_info":{"display_name":"Redacci\u00f3n QP","author_link":"https:\/\/quehacerpolitico.mx\/?author=2"},"category_info":"<a href=\"https:\/\/quehacerpolitico.mx\/?cat=280\" rel=\"category\">Nacionales<\/a> <a href=\"https:\/\/quehacerpolitico.mx\/?cat=2\" rel=\"category\">Noticias<\/a>","tag_info":"Noticias","comment_count":"0","_links":{"self":[{"href":"https:\/\/quehacerpolitico.mx\/index.php?rest_route=\/wp\/v2\/posts\/117269","targetHints":{"allow":["GET"]}}],"collection":[{"href":"https:\/\/quehacerpolitico.mx\/index.php?rest_route=\/wp\/v2\/posts"}],"about":[{"href":"https:\/\/quehacerpolitico.mx\/index.php?rest_route=\/wp\/v2\/types\/post"}],"author":[{"embeddable":true,"href":"https:\/\/quehacerpolitico.mx\/index.php?rest_route=\/wp\/v2\/users\/2"}],"replies":[{"embeddable":true,"href":"https:\/\/quehacerpolitico.mx\/index.php?rest_route=%2Fwp%2Fv2%2Fcomments&post=117269"}],"version-history":[{"count":1,"href":"https:\/\/quehacerpolitico.mx\/index.php?rest_route=\/wp\/v2\/posts\/117269\/revisions"}],"predecessor-version":[{"id":117271,"href":"https:\/\/quehacerpolitico.mx\/index.php?rest_route=\/wp\/v2\/posts\/117269\/revisions\/117271"}],"wp:featuredmedia":[{"embeddable":true,"href":"https:\/\/quehacerpolitico.mx\/index.php?rest_route=\/wp\/v2\/media\/117270"}],"wp:attachment":[{"href":"https:\/\/quehacerpolitico.mx\/index.php?rest_route=%2Fwp%2Fv2%2Fmedia&parent=117269"}],"wp:term":[{"taxonomy":"category","embeddable":true,"href":"https:\/\/quehacerpolitico.mx\/index.php?rest_route=%2Fwp%2Fv2%2Fcategories&post=117269"},{"taxonomy":"post_tag","embeddable":true,"href":"https:\/\/quehacerpolitico.mx\/index.php?rest_route=%2Fwp%2Fv2%2Ftags&post=117269"}],"curies":[{"name":"wp","href":"https:\/\/api.w.org\/{rel}","templated":true}]}}