{"id":117259,"date":"2025-06-27T12:00:27","date_gmt":"2025-06-27T18:00:27","guid":{"rendered":"https:\/\/quehacerpolitico.mx\/?p=117259"},"modified":"2025-06-27T12:00:30","modified_gmt":"2025-06-27T18:00:30","slug":"el-quehacer-politico-a-traves-jose-alberto-prado-angeles-claudia-y-hacienda-ponganse-de-acuerdo","status":"publish","type":"post","link":"https:\/\/quehacerpolitico.mx\/?p=117259","title":{"rendered":"El Quehacer Pol\u00edtico a trav\u00e9s\/\/\/Jose Alberto Prado Angeles\/\/\/Claudia y Hacienda p\u00f3nganse de acuerdo"},"content":{"rendered":"\n<p>Por Jos\u00e9 Alberto Prado Angeles<\/p>\n\n\n\n<p>Director General y Editor<\/p>\n\n\n\n<p>El mi\u00e9rcoles la Secretar\u00eda de Hacienda y Cr\u00e9dito P\u00fablico (SHCP) inform\u00f3 que \u201cno se recibi\u00f3 ning\u00fan dato probatorio\u201d de las acusaciones del Departamento del Tesoro de Estados Unidos sobre el supuesto involucramiento de las instituciones financieras CIBanco, Intercam Banco y Vector Casa de Bolsa en el lavado de dinero con los c\u00e1rteles del narcotr\u00e1fico de Sinaloa, Nueva Generaci\u00f3n y la organizaci\u00f3n de los Beltr\u00e1n Leyva. Incluso mencionaron en el comunicado oficial, que en la informaci\u00f3n proporcionada por las autoridades estadounidenses \u2014hace algunas semanas\u2014 se investigaron y que \u201carrojaron problemas administrativos que han sido sancionados\u201d, pero nada de gravedad.<\/p>\n\n\n\n<p>La acusaci\u00f3n del Bur\u00f3 de Control de Delitos Financieros del pa\u00eds vecino provoc\u00f3 la respuesta de la Presidenta Claudia Sheinbaum, quien ayer por la ma\u00f1ana dijo \u201c&#8230;no hay ninguna prueba, son dichos, pero no hay pruebas de en donde est\u00e1 el lavado de dinero\u2026 Pero si hay pruebas, pues no se puede actuar como en cualquier delito\u2026 Entonces, ni lo negamos ni lo aceptamos\u201d.<\/p>\n\n\n\n<p>Horas m\u00e1s tarde, la Secretar\u00eda de Hacienda y Cr\u00e9dito P\u00fablico a trav\u00e9s de la Comisi\u00f3n Nacional Bancaria y de Valores (CNBV) \u2014\u00f3rgano administrativo desconcentrado, lo que significa que aunque forma parte de la estructura de SHCP, regula, supervisa y sanciona a las entidades financieras en M\u00e9xico\u2014 decret\u00f3 la intervenci\u00f3n \u2014temporal\u2014 de CIBanco e Intercam Banco, no as\u00ed (?) de Vector Casa de Bolsa. La justificaci\u00f3n que dio la CNBV fue para \u201csalvaguardar los derechos de los ahorradores y clientes de esas instituciones\u201d.<\/p>\n\n\n\n<p>Sin embargo, si desde un d\u00eda antes la misma Secretar\u00eda de Hacienda y Cr\u00e9dito P\u00fablico hab\u00eda informado que las irregularidades administrativas encontradas en esas instituciones financieras hab\u00edan sido menores y solo se hab\u00edan aplicado las debidas sanciones, \u00bfpor qu\u00e9 un d\u00eda despu\u00e9s las interviene y de paso contradice lo que horas antes hab\u00eda mencionado la misma Presidenta de la Rep\u00fablica? A menos que en ese inter se hayan encontrado \u201clas pruebas\u201d y entonces se haya tenido que decidir a \u201cactuar como en cualquier delito\u201d.<\/p>\n\n\n\n<p>Ahora bien, las \u201cintervenci\u00f3n\u201d se aplic\u00f3 oficialmente a CIBanco y a Intercam Banco para \u201csalvaguardar los derechos de los ahorradores\u201d y no en la tercera instituci\u00f3n involucrada en las acusaciones \u2014hasta el momento de escribir esta reflexi\u00f3n\u2014. La pregunta ser\u00eda, \u00bfque no tienen los mismos derechos los clientes de Vector Casa Bolsa o hay una raz\u00f3n especial que pudiera ser que Alfonso Romo, quien fue la mano derecha de la presidencia de L\u00f3pez Obrador en sus primeros dos a\u00f1os de Gobierno, est\u00e9 involucrado en la instituci\u00f3n?<\/p>\n\n\n\n<p>As\u00ed el Quehacer Pol\u00edtico Desde 1980, 45 a\u00f1os inquiriendo en la pol\u00edtica de M\u00e9xico, cuestionando, exponiendo, revelando y razonando.Es cuanto.<\/p>\n","protected":false},"excerpt":{"rendered":"<p>Por Jos\u00e9 Alberto Prado Angeles Director General y Editor El mi\u00e9rcoles la Secretar\u00eda de Hacienda&#8230;<\/p>\n","protected":false},"author":2,"featured_media":117260,"comment_status":"open","ping_status":"open","sticky":false,"template":"","format":"standard","meta":{"_monsterinsights_skip_tracking":false,"_monsterinsights_sitenote_active":false,"_monsterinsights_sitenote_note":"","_monsterinsights_sitenote_category":0,"footnotes":""},"categories":[280,2],"tags":[],"class_list":["post-117259","post","type-post","status-publish","format-standard","has-post-thumbnail","hentry","category-nacionales","category-noticias"],"yoast_head":"<!-- This site is optimized with the Yoast SEO plugin v27.3 - https:\/\/yoast.com\/product\/yoast-seo-wordpress\/ -->\n<title>El Quehacer Pol\u00edtico a trav\u00e9s\/\/\/Jose Alberto Prado Angeles\/\/\/Claudia y Hacienda p\u00f3nganse de acuerdo -<\/title>\n<meta name=\"robots\" content=\"index, follow, max-snippet:-1, max-image-preview:large, max-video-preview:-1\" \/>\n<link rel=\"canonical\" href=\"https:\/\/quehacerpolitico.mx\/?p=117259\" \/>\n<meta property=\"og:locale\" content=\"es_MX\" \/>\n<meta property=\"og:type\" content=\"article\" \/>\n<meta property=\"og:title\" content=\"El Quehacer Pol\u00edtico a trav\u00e9s\/\/\/Jose Alberto Prado Angeles\/\/\/Claudia y Hacienda p\u00f3nganse de acuerdo -\" \/>\n<meta property=\"og:description\" content=\"Por Jos\u00e9 Alberto Prado Angeles Director General y Editor El mi\u00e9rcoles la Secretar\u00eda de Hacienda...\" \/>\n<meta property=\"og:url\" content=\"https:\/\/quehacerpolitico.mx\/?p=117259\" \/>\n<meta property=\"article:published_time\" content=\"2025-06-27T18:00:27+00:00\" \/>\n<meta property=\"article:modified_time\" content=\"2025-06-27T18:00:30+00:00\" \/>\n<meta property=\"og:image\" content=\"https:\/\/quehacerpolitico.mx\/wp-content\/uploads\/2025\/06\/fb07bd44-0f95-41a8-8353-f61c55b6d960-6.jpeg\" \/>\n\t<meta property=\"og:image:width\" content=\"963\" \/>\n\t<meta property=\"og:image:height\" content=\"493\" \/>\n\t<meta property=\"og:image:type\" content=\"image\/jpeg\" \/>\n<meta name=\"author\" content=\"Redacci\u00f3n QP\" \/>\n<meta name=\"twitter:card\" content=\"summary_large_image\" \/>\n<meta name=\"twitter:label1\" content=\"Escrito por\" \/>\n\t<meta name=\"twitter:data1\" content=\"Redacci\u00f3n QP\" \/>\n\t<meta name=\"twitter:label2\" content=\"Tiempo de lectura\" \/>\n\t<meta name=\"twitter:data2\" content=\"2 minutos\" \/>\n<script type=\"application\/ld+json\" class=\"yoast-schema-graph\">{\"@context\":\"https:\\\/\\\/schema.org\",\"@graph\":[{\"@type\":\"Article\",\"@id\":\"https:\\\/\\\/quehacerpolitico.mx\\\/?p=117259#article\",\"isPartOf\":{\"@id\":\"https:\\\/\\\/quehacerpolitico.mx\\\/?p=117259\"},\"author\":{\"name\":\"Redacci\u00f3n QP\",\"@id\":\"https:\\\/\\\/quehacerpolitico.mx\\\/#\\\/schema\\\/person\\\/496d8ad2d1d3f8036101dca7ee39e585\"},\"headline\":\"El Quehacer Pol\u00edtico a trav\u00e9s\\\/\\\/\\\/Jose Alberto Prado Angeles\\\/\\\/\\\/Claudia y Hacienda p\u00f3nganse de acuerdo\",\"datePublished\":\"2025-06-27T18:00:27+00:00\",\"dateModified\":\"2025-06-27T18:00:30+00:00\",\"mainEntityOfPage\":{\"@id\":\"https:\\\/\\\/quehacerpolitico.mx\\\/?p=117259\"},\"wordCount\":505,\"commentCount\":0,\"image\":{\"@id\":\"https:\\\/\\\/quehacerpolitico.mx\\\/?p=117259#primaryimage\"},\"thumbnailUrl\":\"https:\\\/\\\/quehacerpolitico.mx\\\/wp-content\\\/uploads\\\/2025\\\/06\\\/fb07bd44-0f95-41a8-8353-f61c55b6d960-6.jpeg\",\"articleSection\":[\"Nacionales\",\"Noticias\"],\"inLanguage\":\"es\",\"potentialAction\":[{\"@type\":\"CommentAction\",\"name\":\"Comment\",\"target\":[\"https:\\\/\\\/quehacerpolitico.mx\\\/?p=117259#respond\"]}]},{\"@type\":\"WebPage\",\"@id\":\"https:\\\/\\\/quehacerpolitico.mx\\\/?p=117259\",\"url\":\"https:\\\/\\\/quehacerpolitico.mx\\\/?p=117259\",\"name\":\"El Quehacer Pol\u00edtico a trav\u00e9s\\\/\\\/\\\/Jose Alberto Prado Angeles\\\/\\\/\\\/Claudia y Hacienda p\u00f3nganse de acuerdo -\",\"isPartOf\":{\"@id\":\"https:\\\/\\\/quehacerpolitico.mx\\\/#website\"},\"primaryImageOfPage\":{\"@id\":\"https:\\\/\\\/quehacerpolitico.mx\\\/?p=117259#primaryimage\"},\"image\":{\"@id\":\"https:\\\/\\\/quehacerpolitico.mx\\\/?p=117259#primaryimage\"},\"thumbnailUrl\":\"https:\\\/\\\/quehacerpolitico.mx\\\/wp-content\\\/uploads\\\/2025\\\/06\\\/fb07bd44-0f95-41a8-8353-f61c55b6d960-6.jpeg\",\"datePublished\":\"2025-06-27T18:00:27+00:00\",\"dateModified\":\"2025-06-27T18:00:30+00:00\",\"author\":{\"@id\":\"https:\\\/\\\/quehacerpolitico.mx\\\/#\\\/schema\\\/person\\\/496d8ad2d1d3f8036101dca7ee39e585\"},\"breadcrumb\":{\"@id\":\"https:\\\/\\\/quehacerpolitico.mx\\\/?p=117259#breadcrumb\"},\"inLanguage\":\"es\",\"potentialAction\":[{\"@type\":\"ReadAction\",\"target\":[\"https:\\\/\\\/quehacerpolitico.mx\\\/?p=117259\"]}]},{\"@type\":\"ImageObject\",\"inLanguage\":\"es\",\"@id\":\"https:\\\/\\\/quehacerpolitico.mx\\\/?p=117259#primaryimage\",\"url\":\"https:\\\/\\\/quehacerpolitico.mx\\\/wp-content\\\/uploads\\\/2025\\\/06\\\/fb07bd44-0f95-41a8-8353-f61c55b6d960-6.jpeg\",\"contentUrl\":\"https:\\\/\\\/quehacerpolitico.mx\\\/wp-content\\\/uploads\\\/2025\\\/06\\\/fb07bd44-0f95-41a8-8353-f61c55b6d960-6.jpeg\",\"width\":963,\"height\":493},{\"@type\":\"BreadcrumbList\",\"@id\":\"https:\\\/\\\/quehacerpolitico.mx\\\/?p=117259#breadcrumb\",\"itemListElement\":[{\"@type\":\"ListItem\",\"position\":1,\"name\":\"Inicio\",\"item\":\"https:\\\/\\\/quehacerpolitico.mx\\\/\"},{\"@type\":\"ListItem\",\"position\":2,\"name\":\"El Quehacer Pol\u00edtico a trav\u00e9s\\\/\\\/\\\/Jose Alberto Prado Angeles\\\/\\\/\\\/Claudia y Hacienda p\u00f3nganse de acuerdo\"}]},{\"@type\":\"WebSite\",\"@id\":\"https:\\\/\\\/quehacerpolitico.mx\\\/#website\",\"url\":\"https:\\\/\\\/quehacerpolitico.mx\\\/\",\"name\":\"\",\"description\":\"\",\"potentialAction\":[{\"@type\":\"SearchAction\",\"target\":{\"@type\":\"EntryPoint\",\"urlTemplate\":\"https:\\\/\\\/quehacerpolitico.mx\\\/?s={search_term_string}\"},\"query-input\":{\"@type\":\"PropertyValueSpecification\",\"valueRequired\":true,\"valueName\":\"search_term_string\"}}],\"inLanguage\":\"es\"},{\"@type\":\"Person\",\"@id\":\"https:\\\/\\\/quehacerpolitico.mx\\\/#\\\/schema\\\/person\\\/496d8ad2d1d3f8036101dca7ee39e585\",\"name\":\"Redacci\u00f3n QP\",\"image\":{\"@type\":\"ImageObject\",\"inLanguage\":\"es\",\"@id\":\"https:\\\/\\\/secure.gravatar.com\\\/avatar\\\/c7164ed6fdec453195284ad24a5ae5b6e1eed2b848477fa2a4787ba9adf39a41?s=96&d=mm&r=g\",\"url\":\"https:\\\/\\\/secure.gravatar.com\\\/avatar\\\/c7164ed6fdec453195284ad24a5ae5b6e1eed2b848477fa2a4787ba9adf39a41?s=96&d=mm&r=g\",\"contentUrl\":\"https:\\\/\\\/secure.gravatar.com\\\/avatar\\\/c7164ed6fdec453195284ad24a5ae5b6e1eed2b848477fa2a4787ba9adf39a41?s=96&d=mm&r=g\",\"caption\":\"Redacci\u00f3n QP\"},\"url\":\"https:\\\/\\\/quehacerpolitico.mx\\\/?author=2\"}]}<\/script>\n<!-- \/ Yoast SEO plugin. -->","yoast_head_json":{"title":"El Quehacer Pol\u00edtico a trav\u00e9s\/\/\/Jose Alberto Prado Angeles\/\/\/Claudia y Hacienda p\u00f3nganse de acuerdo -","robots":{"index":"index","follow":"follow","max-snippet":"max-snippet:-1","max-image-preview":"max-image-preview:large","max-video-preview":"max-video-preview:-1"},"canonical":"https:\/\/quehacerpolitico.mx\/?p=117259","og_locale":"es_MX","og_type":"article","og_title":"El Quehacer Pol\u00edtico a trav\u00e9s\/\/\/Jose Alberto Prado Angeles\/\/\/Claudia y Hacienda p\u00f3nganse de acuerdo -","og_description":"Por Jos\u00e9 Alberto Prado Angeles Director General y Editor El mi\u00e9rcoles la Secretar\u00eda de Hacienda...","og_url":"https:\/\/quehacerpolitico.mx\/?p=117259","article_published_time":"2025-06-27T18:00:27+00:00","article_modified_time":"2025-06-27T18:00:30+00:00","og_image":[{"width":963,"height":493,"url":"https:\/\/quehacerpolitico.mx\/wp-content\/uploads\/2025\/06\/fb07bd44-0f95-41a8-8353-f61c55b6d960-6.jpeg","type":"image\/jpeg"}],"author":"Redacci\u00f3n QP","twitter_card":"summary_large_image","twitter_misc":{"Escrito por":"Redacci\u00f3n QP","Tiempo de lectura":"2 minutos"},"schema":{"@context":"https:\/\/schema.org","@graph":[{"@type":"Article","@id":"https:\/\/quehacerpolitico.mx\/?p=117259#article","isPartOf":{"@id":"https:\/\/quehacerpolitico.mx\/?p=117259"},"author":{"name":"Redacci\u00f3n QP","@id":"https:\/\/quehacerpolitico.mx\/#\/schema\/person\/496d8ad2d1d3f8036101dca7ee39e585"},"headline":"El Quehacer Pol\u00edtico a trav\u00e9s\/\/\/Jose Alberto Prado Angeles\/\/\/Claudia y Hacienda p\u00f3nganse de acuerdo","datePublished":"2025-06-27T18:00:27+00:00","dateModified":"2025-06-27T18:00:30+00:00","mainEntityOfPage":{"@id":"https:\/\/quehacerpolitico.mx\/?p=117259"},"wordCount":505,"commentCount":0,"image":{"@id":"https:\/\/quehacerpolitico.mx\/?p=117259#primaryimage"},"thumbnailUrl":"https:\/\/quehacerpolitico.mx\/wp-content\/uploads\/2025\/06\/fb07bd44-0f95-41a8-8353-f61c55b6d960-6.jpeg","articleSection":["Nacionales","Noticias"],"inLanguage":"es","potentialAction":[{"@type":"CommentAction","name":"Comment","target":["https:\/\/quehacerpolitico.mx\/?p=117259#respond"]}]},{"@type":"WebPage","@id":"https:\/\/quehacerpolitico.mx\/?p=117259","url":"https:\/\/quehacerpolitico.mx\/?p=117259","name":"El Quehacer Pol\u00edtico a trav\u00e9s\/\/\/Jose Alberto Prado Angeles\/\/\/Claudia y Hacienda p\u00f3nganse de acuerdo -","isPartOf":{"@id":"https:\/\/quehacerpolitico.mx\/#website"},"primaryImageOfPage":{"@id":"https:\/\/quehacerpolitico.mx\/?p=117259#primaryimage"},"image":{"@id":"https:\/\/quehacerpolitico.mx\/?p=117259#primaryimage"},"thumbnailUrl":"https:\/\/quehacerpolitico.mx\/wp-content\/uploads\/2025\/06\/fb07bd44-0f95-41a8-8353-f61c55b6d960-6.jpeg","datePublished":"2025-06-27T18:00:27+00:00","dateModified":"2025-06-27T18:00:30+00:00","author":{"@id":"https:\/\/quehacerpolitico.mx\/#\/schema\/person\/496d8ad2d1d3f8036101dca7ee39e585"},"breadcrumb":{"@id":"https:\/\/quehacerpolitico.mx\/?p=117259#breadcrumb"},"inLanguage":"es","potentialAction":[{"@type":"ReadAction","target":["https:\/\/quehacerpolitico.mx\/?p=117259"]}]},{"@type":"ImageObject","inLanguage":"es","@id":"https:\/\/quehacerpolitico.mx\/?p=117259#primaryimage","url":"https:\/\/quehacerpolitico.mx\/wp-content\/uploads\/2025\/06\/fb07bd44-0f95-41a8-8353-f61c55b6d960-6.jpeg","contentUrl":"https:\/\/quehacerpolitico.mx\/wp-content\/uploads\/2025\/06\/fb07bd44-0f95-41a8-8353-f61c55b6d960-6.jpeg","width":963,"height":493},{"@type":"BreadcrumbList","@id":"https:\/\/quehacerpolitico.mx\/?p=117259#breadcrumb","itemListElement":[{"@type":"ListItem","position":1,"name":"Inicio","item":"https:\/\/quehacerpolitico.mx\/"},{"@type":"ListItem","position":2,"name":"El Quehacer Pol\u00edtico a trav\u00e9s\/\/\/Jose Alberto Prado Angeles\/\/\/Claudia y Hacienda p\u00f3nganse de acuerdo"}]},{"@type":"WebSite","@id":"https:\/\/quehacerpolitico.mx\/#website","url":"https:\/\/quehacerpolitico.mx\/","name":"","description":"","potentialAction":[{"@type":"SearchAction","target":{"@type":"EntryPoint","urlTemplate":"https:\/\/quehacerpolitico.mx\/?s={search_term_string}"},"query-input":{"@type":"PropertyValueSpecification","valueRequired":true,"valueName":"search_term_string"}}],"inLanguage":"es"},{"@type":"Person","@id":"https:\/\/quehacerpolitico.mx\/#\/schema\/person\/496d8ad2d1d3f8036101dca7ee39e585","name":"Redacci\u00f3n QP","image":{"@type":"ImageObject","inLanguage":"es","@id":"https:\/\/secure.gravatar.com\/avatar\/c7164ed6fdec453195284ad24a5ae5b6e1eed2b848477fa2a4787ba9adf39a41?s=96&d=mm&r=g","url":"https:\/\/secure.gravatar.com\/avatar\/c7164ed6fdec453195284ad24a5ae5b6e1eed2b848477fa2a4787ba9adf39a41?s=96&d=mm&r=g","contentUrl":"https:\/\/secure.gravatar.com\/avatar\/c7164ed6fdec453195284ad24a5ae5b6e1eed2b848477fa2a4787ba9adf39a41?s=96&d=mm&r=g","caption":"Redacci\u00f3n QP"},"url":"https:\/\/quehacerpolitico.mx\/?author=2"}]}},"featured_image_urls":{"full":["https:\/\/quehacerpolitico.mx\/wp-content\/uploads\/2025\/06\/fb07bd44-0f95-41a8-8353-f61c55b6d960-6.jpeg",963,493,false],"thumbnail":["https:\/\/quehacerpolitico.mx\/wp-content\/uploads\/2025\/06\/fb07bd44-0f95-41a8-8353-f61c55b6d960-6-150x150.jpeg",150,150,true],"medium":["https:\/\/quehacerpolitico.mx\/wp-content\/uploads\/2025\/06\/fb07bd44-0f95-41a8-8353-f61c55b6d960-6-300x154.jpeg",300,154,true],"medium_large":["https:\/\/quehacerpolitico.mx\/wp-content\/uploads\/2025\/06\/fb07bd44-0f95-41a8-8353-f61c55b6d960-6-768x393.jpeg",640,328,true],"large":["https:\/\/quehacerpolitico.mx\/wp-content\/uploads\/2025\/06\/fb07bd44-0f95-41a8-8353-f61c55b6d960-6.jpeg",640,328,false],"1536x1536":["https:\/\/quehacerpolitico.mx\/wp-content\/uploads\/2025\/06\/fb07bd44-0f95-41a8-8353-f61c55b6d960-6.jpeg",963,493,false],"2048x2048":["https:\/\/quehacerpolitico.mx\/wp-content\/uploads\/2025\/06\/fb07bd44-0f95-41a8-8353-f61c55b6d960-6.jpeg",963,493,false],"covernews-featured":["https:\/\/quehacerpolitico.mx\/wp-content\/uploads\/2025\/06\/fb07bd44-0f95-41a8-8353-f61c55b6d960-6.jpeg",963,493,false],"covernews-medium":["https:\/\/quehacerpolitico.mx\/wp-content\/uploads\/2025\/06\/fb07bd44-0f95-41a8-8353-f61c55b6d960-6-540x340.jpeg",540,340,true]},"author_info":{"display_name":"Redacci\u00f3n QP","author_link":"https:\/\/quehacerpolitico.mx\/?author=2"},"category_info":"<a href=\"https:\/\/quehacerpolitico.mx\/?cat=280\" rel=\"category\">Nacionales<\/a> <a href=\"https:\/\/quehacerpolitico.mx\/?cat=2\" rel=\"category\">Noticias<\/a>","tag_info":"Noticias","comment_count":"0","_links":{"self":[{"href":"https:\/\/quehacerpolitico.mx\/index.php?rest_route=\/wp\/v2\/posts\/117259","targetHints":{"allow":["GET"]}}],"collection":[{"href":"https:\/\/quehacerpolitico.mx\/index.php?rest_route=\/wp\/v2\/posts"}],"about":[{"href":"https:\/\/quehacerpolitico.mx\/index.php?rest_route=\/wp\/v2\/types\/post"}],"author":[{"embeddable":true,"href":"https:\/\/quehacerpolitico.mx\/index.php?rest_route=\/wp\/v2\/users\/2"}],"replies":[{"embeddable":true,"href":"https:\/\/quehacerpolitico.mx\/index.php?rest_route=%2Fwp%2Fv2%2Fcomments&post=117259"}],"version-history":[{"count":1,"href":"https:\/\/quehacerpolitico.mx\/index.php?rest_route=\/wp\/v2\/posts\/117259\/revisions"}],"predecessor-version":[{"id":117261,"href":"https:\/\/quehacerpolitico.mx\/index.php?rest_route=\/wp\/v2\/posts\/117259\/revisions\/117261"}],"wp:featuredmedia":[{"embeddable":true,"href":"https:\/\/quehacerpolitico.mx\/index.php?rest_route=\/wp\/v2\/media\/117260"}],"wp:attachment":[{"href":"https:\/\/quehacerpolitico.mx\/index.php?rest_route=%2Fwp%2Fv2%2Fmedia&parent=117259"}],"wp:term":[{"taxonomy":"category","embeddable":true,"href":"https:\/\/quehacerpolitico.mx\/index.php?rest_route=%2Fwp%2Fv2%2Fcategories&post=117259"},{"taxonomy":"post_tag","embeddable":true,"href":"https:\/\/quehacerpolitico.mx\/index.php?rest_route=%2Fwp%2Fv2%2Ftags&post=117259"}],"curies":[{"name":"wp","href":"https:\/\/api.w.org\/{rel}","templated":true}]}}