{"id":117244,"date":"2025-06-26T18:36:17","date_gmt":"2025-06-27T00:36:17","guid":{"rendered":"https:\/\/quehacerpolitico.mx\/?p=117244"},"modified":"2025-06-26T18:36:20","modified_gmt":"2025-06-27T00:36:20","slug":"erasmo-catarino-el-cantante-de-la-4ta-generacion-de-la-academia-rinde-protesta-como-senador-de-la-4ta-t-votara-leyes-contra-desaparicion-de-personas-y-telecomunicaciones","status":"publish","type":"post","link":"https:\/\/quehacerpolitico.mx\/?p=117244","title":{"rendered":"Erasmo Catarino el cantante de la 4ta generaci\u00f3n de la academia rinde protesta como senador de la 4ta T, votar\u00e1 leyes contra desaparici\u00f3n de personas y telecomunicaciones"},"content":{"rendered":"\n<p>Por Redacci\u00f3n QP<\/p>\n\n\n\n<p>El ganador de un programa de televisi\u00f3n asumi\u00f3 ante el pleno junto con los tambi\u00e9n legisladores suplentes Edna Geraldina Garc\u00eda Gordillo y Raymundo Bola\u00f1os<\/p>\n\n\n\n<p>El cantante de regional mexicano&nbsp;<strong>Erasmo Catarino Gonz\u00e1lez Delgado<\/strong>&nbsp;rindi\u00f3 protesta este jueves como senador de la Rep\u00fablica, como suplente del legislador del Partido Verde de Ecologista de M\u00e9xico (PVEM), Luis Armando Melgar, quien solicit\u00f3 licencia del 25 al 29 de junio.<\/p>\n\n\n\n<figure class=\"wp-block-embed is-type-rich is-provider-twitter wp-block-embed-twitter\"><div class=\"wp-block-embed__wrapper\">\n<blockquote class=\"twitter-tweet\" data-width=\"550\" data-dnt=\"true\"><p lang=\"es\" dir=\"ltr\">\ud83d\udea8Los senadores Mauricio Vila (PAN), Luis Armando Melgar y Manlio Fabio Beltrones solicitaron licencia. <br><br>En su lugar, rindieron protesta Erasmo Catarino \u2014ex concursante de La Academia\u2014 y Erik Iv\u00e1n Jaimes Archundia, entre otros.<br><br>\ud83d\udcf9<a href=\"https:\/\/twitter.com\/gallegoso?ref_src=twsrc%5Etfw\">@gallegoso<\/a> <a href=\"https:\/\/t.co\/bAOpgeF8Ke\">pic.twitter.com\/bAOpgeF8Ke<\/a><\/p>&mdash; Azucena Uresti (@azucenau) <a href=\"https:\/\/twitter.com\/azucenau\/status\/1938378365167075580?ref_src=twsrc%5Etfw\">June 26, 2025<\/a><\/blockquote><script async src=\"https:\/\/platform.twitter.com\/widgets.js\" charset=\"utf-8\"><\/script>\n<\/div><\/figure>\n\n\n\n<p>El ganador de la cuarta generaci\u00f3n del programa de televisi\u00f3n \u201cLa Academia\u201d, rindi\u00f3 protesta ante el pleno del\u00a0<strong>Senado<\/strong> junto con los tambi\u00e9n senadores suplentes Edna Geraldina Garc\u00eda Gordillo y Raymundo Bola\u00f1os.<\/p>\n\n\n\n<p>Erasmo Catarino Gonz\u00e1lez y los dos senadores suplentes m\u00e1s se integraron de inmediato a los trabajos del&nbsp;<strong>periodo extraordinario&nbsp;<\/strong>de sesiones en el&nbsp;<strong>Senado.<\/strong><\/p>\n\n\n\n<p>En los cuatro d\u00edas que ser\u00e1 senador, Erasmo Catarino Gonz\u00e1lez deber\u00e1 votar dict\u00e1menes trascendentales que se discuten, por ejemplo, este jueves, la transferencia de las facultades del Consejo Nacional de Evaluaci\u00f3n de la Pol\u00edtica de Desarrollo Social (Coneval) al&nbsp;<strong>INEGI<\/strong>.<\/p>\n\n\n\n<p>En la sesi\u00f3n del viernes 27 de junio, tambi\u00e9n deber\u00e1 votar las reformas para crear la Comisi\u00f3n Nacional Antimonopolio (CNA), en sustituci\u00f3n de la extinta Comisi\u00f3n Federal de Competencia Econ\u00f3mica (Cofece).<\/p>\n\n\n\n<p>Adem\u00e1s,&nbsp;<strong>Erasmo Catarino<\/strong>&nbsp;deber\u00e1 votar en la discusi\u00f3n de las reformas a la Ley General en Materia de Desaparici\u00f3n Forzada de Personas, Desaparici\u00f3n Cometida por Particulares y del Sistema Nacional de B\u00fasqueda de Personas.<\/p>\n\n\n\n<p>En la sesi\u00f3n del s\u00e1bado en el<strong>&nbsp;Senado<\/strong>&nbsp;se discutir\u00e1n las reformas a la Ley en Materia de Telecomunicaciones y Radiodifusi\u00f3n, y el domingo la nueva ley de la Guardia Nacional.<\/p>\n","protected":false},"excerpt":{"rendered":"<p>Por Redacci\u00f3n QP El ganador de un programa de televisi\u00f3n asumi\u00f3 ante el pleno junto&#8230;<\/p>\n","protected":false},"author":2,"featured_media":117245,"comment_status":"open","ping_status":"open","sticky":false,"template":"","format":"standard","meta":{"_monsterinsights_skip_tracking":false,"_monsterinsights_sitenote_active":false,"_monsterinsights_sitenote_note":"","_monsterinsights_sitenote_category":0,"footnotes":""},"categories":[280,2],"tags":[],"class_list":["post-117244","post","type-post","status-publish","format-standard","has-post-thumbnail","hentry","category-nacionales","category-noticias"],"yoast_head":"<!-- This site is optimized with the Yoast SEO plugin v27.3 - https:\/\/yoast.com\/product\/yoast-seo-wordpress\/ -->\n<title>Erasmo Catarino el cantante de la 4ta generaci\u00f3n de la academia rinde protesta como senador de la 4ta T, votar\u00e1 leyes contra desaparici\u00f3n de personas y telecomunicaciones -<\/title>\n<meta name=\"robots\" content=\"index, follow, max-snippet:-1, max-image-preview:large, max-video-preview:-1\" \/>\n<link rel=\"canonical\" href=\"https:\/\/quehacerpolitico.mx\/?p=117244\" \/>\n<meta property=\"og:locale\" content=\"es_MX\" \/>\n<meta property=\"og:type\" content=\"article\" \/>\n<meta property=\"og:title\" content=\"Erasmo Catarino el cantante de la 4ta generaci\u00f3n de la academia rinde protesta como senador de la 4ta T, votar\u00e1 leyes contra desaparici\u00f3n de personas y telecomunicaciones -\" \/>\n<meta property=\"og:description\" content=\"Por Redacci\u00f3n QP El ganador de un programa de televisi\u00f3n asumi\u00f3 ante el pleno junto...\" \/>\n<meta property=\"og:url\" content=\"https:\/\/quehacerpolitico.mx\/?p=117244\" \/>\n<meta property=\"article:published_time\" content=\"2025-06-27T00:36:17+00:00\" \/>\n<meta property=\"article:modified_time\" content=\"2025-06-27T00:36:20+00:00\" \/>\n<meta property=\"og:image\" content=\"https:\/\/quehacerpolitico.mx\/wp-content\/uploads\/2025\/06\/IMG_1164.jpeg\" \/>\n\t<meta property=\"og:image:width\" content=\"1070\" \/>\n\t<meta property=\"og:image:height\" content=\"648\" \/>\n\t<meta property=\"og:image:type\" content=\"image\/jpeg\" \/>\n<meta name=\"author\" content=\"Redacci\u00f3n QP\" \/>\n<meta name=\"twitter:card\" content=\"summary_large_image\" \/>\n<meta name=\"twitter:label1\" content=\"Escrito por\" \/>\n\t<meta name=\"twitter:data1\" content=\"Redacci\u00f3n QP\" \/>\n\t<meta name=\"twitter:label2\" content=\"Tiempo de lectura\" \/>\n\t<meta name=\"twitter:data2\" content=\"2 minutos\" \/>\n<script type=\"application\/ld+json\" class=\"yoast-schema-graph\">{\"@context\":\"https:\\\/\\\/schema.org\",\"@graph\":[{\"@type\":\"Article\",\"@id\":\"https:\\\/\\\/quehacerpolitico.mx\\\/?p=117244#article\",\"isPartOf\":{\"@id\":\"https:\\\/\\\/quehacerpolitico.mx\\\/?p=117244\"},\"author\":{\"name\":\"Redacci\u00f3n QP\",\"@id\":\"https:\\\/\\\/quehacerpolitico.mx\\\/#\\\/schema\\\/person\\\/496d8ad2d1d3f8036101dca7ee39e585\"},\"headline\":\"Erasmo Catarino el cantante de la 4ta generaci\u00f3n de la academia rinde protesta como senador de la 4ta T, votar\u00e1 leyes contra desaparici\u00f3n de personas y telecomunicaciones\",\"datePublished\":\"2025-06-27T00:36:17+00:00\",\"dateModified\":\"2025-06-27T00:36:20+00:00\",\"mainEntityOfPage\":{\"@id\":\"https:\\\/\\\/quehacerpolitico.mx\\\/?p=117244\"},\"wordCount\":338,\"commentCount\":0,\"image\":{\"@id\":\"https:\\\/\\\/quehacerpolitico.mx\\\/?p=117244#primaryimage\"},\"thumbnailUrl\":\"https:\\\/\\\/quehacerpolitico.mx\\\/wp-content\\\/uploads\\\/2025\\\/06\\\/IMG_1164.jpeg\",\"articleSection\":[\"Nacionales\",\"Noticias\"],\"inLanguage\":\"es\",\"potentialAction\":[{\"@type\":\"CommentAction\",\"name\":\"Comment\",\"target\":[\"https:\\\/\\\/quehacerpolitico.mx\\\/?p=117244#respond\"]}]},{\"@type\":\"WebPage\",\"@id\":\"https:\\\/\\\/quehacerpolitico.mx\\\/?p=117244\",\"url\":\"https:\\\/\\\/quehacerpolitico.mx\\\/?p=117244\",\"name\":\"Erasmo Catarino el cantante de la 4ta generaci\u00f3n de la academia rinde protesta como senador de la 4ta T, votar\u00e1 leyes contra desaparici\u00f3n de personas y telecomunicaciones -\",\"isPartOf\":{\"@id\":\"https:\\\/\\\/quehacerpolitico.mx\\\/#website\"},\"primaryImageOfPage\":{\"@id\":\"https:\\\/\\\/quehacerpolitico.mx\\\/?p=117244#primaryimage\"},\"image\":{\"@id\":\"https:\\\/\\\/quehacerpolitico.mx\\\/?p=117244#primaryimage\"},\"thumbnailUrl\":\"https:\\\/\\\/quehacerpolitico.mx\\\/wp-content\\\/uploads\\\/2025\\\/06\\\/IMG_1164.jpeg\",\"datePublished\":\"2025-06-27T00:36:17+00:00\",\"dateModified\":\"2025-06-27T00:36:20+00:00\",\"author\":{\"@id\":\"https:\\\/\\\/quehacerpolitico.mx\\\/#\\\/schema\\\/person\\\/496d8ad2d1d3f8036101dca7ee39e585\"},\"breadcrumb\":{\"@id\":\"https:\\\/\\\/quehacerpolitico.mx\\\/?p=117244#breadcrumb\"},\"inLanguage\":\"es\",\"potentialAction\":[{\"@type\":\"ReadAction\",\"target\":[\"https:\\\/\\\/quehacerpolitico.mx\\\/?p=117244\"]}]},{\"@type\":\"ImageObject\",\"inLanguage\":\"es\",\"@id\":\"https:\\\/\\\/quehacerpolitico.mx\\\/?p=117244#primaryimage\",\"url\":\"https:\\\/\\\/quehacerpolitico.mx\\\/wp-content\\\/uploads\\\/2025\\\/06\\\/IMG_1164.jpeg\",\"contentUrl\":\"https:\\\/\\\/quehacerpolitico.mx\\\/wp-content\\\/uploads\\\/2025\\\/06\\\/IMG_1164.jpeg\",\"width\":1070,\"height\":648},{\"@type\":\"BreadcrumbList\",\"@id\":\"https:\\\/\\\/quehacerpolitico.mx\\\/?p=117244#breadcrumb\",\"itemListElement\":[{\"@type\":\"ListItem\",\"position\":1,\"name\":\"Inicio\",\"item\":\"https:\\\/\\\/quehacerpolitico.mx\\\/\"},{\"@type\":\"ListItem\",\"position\":2,\"name\":\"Erasmo Catarino el cantante de la 4ta generaci\u00f3n de la academia rinde protesta como senador de la 4ta T, votar\u00e1 leyes contra desaparici\u00f3n de personas y telecomunicaciones\"}]},{\"@type\":\"WebSite\",\"@id\":\"https:\\\/\\\/quehacerpolitico.mx\\\/#website\",\"url\":\"https:\\\/\\\/quehacerpolitico.mx\\\/\",\"name\":\"\",\"description\":\"\",\"potentialAction\":[{\"@type\":\"SearchAction\",\"target\":{\"@type\":\"EntryPoint\",\"urlTemplate\":\"https:\\\/\\\/quehacerpolitico.mx\\\/?s={search_term_string}\"},\"query-input\":{\"@type\":\"PropertyValueSpecification\",\"valueRequired\":true,\"valueName\":\"search_term_string\"}}],\"inLanguage\":\"es\"},{\"@type\":\"Person\",\"@id\":\"https:\\\/\\\/quehacerpolitico.mx\\\/#\\\/schema\\\/person\\\/496d8ad2d1d3f8036101dca7ee39e585\",\"name\":\"Redacci\u00f3n QP\",\"image\":{\"@type\":\"ImageObject\",\"inLanguage\":\"es\",\"@id\":\"https:\\\/\\\/secure.gravatar.com\\\/avatar\\\/c7164ed6fdec453195284ad24a5ae5b6e1eed2b848477fa2a4787ba9adf39a41?s=96&d=mm&r=g\",\"url\":\"https:\\\/\\\/secure.gravatar.com\\\/avatar\\\/c7164ed6fdec453195284ad24a5ae5b6e1eed2b848477fa2a4787ba9adf39a41?s=96&d=mm&r=g\",\"contentUrl\":\"https:\\\/\\\/secure.gravatar.com\\\/avatar\\\/c7164ed6fdec453195284ad24a5ae5b6e1eed2b848477fa2a4787ba9adf39a41?s=96&d=mm&r=g\",\"caption\":\"Redacci\u00f3n QP\"},\"url\":\"https:\\\/\\\/quehacerpolitico.mx\\\/?author=2\"}]}<\/script>\n<!-- \/ Yoast SEO plugin. -->","yoast_head_json":{"title":"Erasmo Catarino el cantante de la 4ta generaci\u00f3n de la academia rinde protesta como senador de la 4ta T, votar\u00e1 leyes contra desaparici\u00f3n de personas y telecomunicaciones -","robots":{"index":"index","follow":"follow","max-snippet":"max-snippet:-1","max-image-preview":"max-image-preview:large","max-video-preview":"max-video-preview:-1"},"canonical":"https:\/\/quehacerpolitico.mx\/?p=117244","og_locale":"es_MX","og_type":"article","og_title":"Erasmo Catarino el cantante de la 4ta generaci\u00f3n de la academia rinde protesta como senador de la 4ta T, votar\u00e1 leyes contra desaparici\u00f3n de personas y telecomunicaciones -","og_description":"Por Redacci\u00f3n QP El ganador de un programa de televisi\u00f3n asumi\u00f3 ante el pleno junto...","og_url":"https:\/\/quehacerpolitico.mx\/?p=117244","article_published_time":"2025-06-27T00:36:17+00:00","article_modified_time":"2025-06-27T00:36:20+00:00","og_image":[{"width":1070,"height":648,"url":"https:\/\/quehacerpolitico.mx\/wp-content\/uploads\/2025\/06\/IMG_1164.jpeg","type":"image\/jpeg"}],"author":"Redacci\u00f3n QP","twitter_card":"summary_large_image","twitter_misc":{"Escrito por":"Redacci\u00f3n QP","Tiempo de lectura":"2 minutos"},"schema":{"@context":"https:\/\/schema.org","@graph":[{"@type":"Article","@id":"https:\/\/quehacerpolitico.mx\/?p=117244#article","isPartOf":{"@id":"https:\/\/quehacerpolitico.mx\/?p=117244"},"author":{"name":"Redacci\u00f3n QP","@id":"https:\/\/quehacerpolitico.mx\/#\/schema\/person\/496d8ad2d1d3f8036101dca7ee39e585"},"headline":"Erasmo Catarino el cantante de la 4ta generaci\u00f3n de la academia rinde protesta como senador de la 4ta T, votar\u00e1 leyes contra desaparici\u00f3n de personas y telecomunicaciones","datePublished":"2025-06-27T00:36:17+00:00","dateModified":"2025-06-27T00:36:20+00:00","mainEntityOfPage":{"@id":"https:\/\/quehacerpolitico.mx\/?p=117244"},"wordCount":338,"commentCount":0,"image":{"@id":"https:\/\/quehacerpolitico.mx\/?p=117244#primaryimage"},"thumbnailUrl":"https:\/\/quehacerpolitico.mx\/wp-content\/uploads\/2025\/06\/IMG_1164.jpeg","articleSection":["Nacionales","Noticias"],"inLanguage":"es","potentialAction":[{"@type":"CommentAction","name":"Comment","target":["https:\/\/quehacerpolitico.mx\/?p=117244#respond"]}]},{"@type":"WebPage","@id":"https:\/\/quehacerpolitico.mx\/?p=117244","url":"https:\/\/quehacerpolitico.mx\/?p=117244","name":"Erasmo Catarino el cantante de la 4ta generaci\u00f3n de la academia rinde protesta como senador de la 4ta T, votar\u00e1 leyes contra desaparici\u00f3n de personas y telecomunicaciones -","isPartOf":{"@id":"https:\/\/quehacerpolitico.mx\/#website"},"primaryImageOfPage":{"@id":"https:\/\/quehacerpolitico.mx\/?p=117244#primaryimage"},"image":{"@id":"https:\/\/quehacerpolitico.mx\/?p=117244#primaryimage"},"thumbnailUrl":"https:\/\/quehacerpolitico.mx\/wp-content\/uploads\/2025\/06\/IMG_1164.jpeg","datePublished":"2025-06-27T00:36:17+00:00","dateModified":"2025-06-27T00:36:20+00:00","author":{"@id":"https:\/\/quehacerpolitico.mx\/#\/schema\/person\/496d8ad2d1d3f8036101dca7ee39e585"},"breadcrumb":{"@id":"https:\/\/quehacerpolitico.mx\/?p=117244#breadcrumb"},"inLanguage":"es","potentialAction":[{"@type":"ReadAction","target":["https:\/\/quehacerpolitico.mx\/?p=117244"]}]},{"@type":"ImageObject","inLanguage":"es","@id":"https:\/\/quehacerpolitico.mx\/?p=117244#primaryimage","url":"https:\/\/quehacerpolitico.mx\/wp-content\/uploads\/2025\/06\/IMG_1164.jpeg","contentUrl":"https:\/\/quehacerpolitico.mx\/wp-content\/uploads\/2025\/06\/IMG_1164.jpeg","width":1070,"height":648},{"@type":"BreadcrumbList","@id":"https:\/\/quehacerpolitico.mx\/?p=117244#breadcrumb","itemListElement":[{"@type":"ListItem","position":1,"name":"Inicio","item":"https:\/\/quehacerpolitico.mx\/"},{"@type":"ListItem","position":2,"name":"Erasmo Catarino el cantante de la 4ta generaci\u00f3n de la academia rinde protesta como senador de la 4ta T, votar\u00e1 leyes contra desaparici\u00f3n de personas y telecomunicaciones"}]},{"@type":"WebSite","@id":"https:\/\/quehacerpolitico.mx\/#website","url":"https:\/\/quehacerpolitico.mx\/","name":"","description":"","potentialAction":[{"@type":"SearchAction","target":{"@type":"EntryPoint","urlTemplate":"https:\/\/quehacerpolitico.mx\/?s={search_term_string}"},"query-input":{"@type":"PropertyValueSpecification","valueRequired":true,"valueName":"search_term_string"}}],"inLanguage":"es"},{"@type":"Person","@id":"https:\/\/quehacerpolitico.mx\/#\/schema\/person\/496d8ad2d1d3f8036101dca7ee39e585","name":"Redacci\u00f3n QP","image":{"@type":"ImageObject","inLanguage":"es","@id":"https:\/\/secure.gravatar.com\/avatar\/c7164ed6fdec453195284ad24a5ae5b6e1eed2b848477fa2a4787ba9adf39a41?s=96&d=mm&r=g","url":"https:\/\/secure.gravatar.com\/avatar\/c7164ed6fdec453195284ad24a5ae5b6e1eed2b848477fa2a4787ba9adf39a41?s=96&d=mm&r=g","contentUrl":"https:\/\/secure.gravatar.com\/avatar\/c7164ed6fdec453195284ad24a5ae5b6e1eed2b848477fa2a4787ba9adf39a41?s=96&d=mm&r=g","caption":"Redacci\u00f3n QP"},"url":"https:\/\/quehacerpolitico.mx\/?author=2"}]}},"featured_image_urls":{"full":["https:\/\/quehacerpolitico.mx\/wp-content\/uploads\/2025\/06\/IMG_1164.jpeg",1070,648,false],"thumbnail":["https:\/\/quehacerpolitico.mx\/wp-content\/uploads\/2025\/06\/IMG_1164-150x150.jpeg",150,150,true],"medium":["https:\/\/quehacerpolitico.mx\/wp-content\/uploads\/2025\/06\/IMG_1164-300x182.jpeg",300,182,true],"medium_large":["https:\/\/quehacerpolitico.mx\/wp-content\/uploads\/2025\/06\/IMG_1164-768x465.jpeg",640,388,true],"large":["https:\/\/quehacerpolitico.mx\/wp-content\/uploads\/2025\/06\/IMG_1164-1024x620.jpeg",640,388,true],"1536x1536":["https:\/\/quehacerpolitico.mx\/wp-content\/uploads\/2025\/06\/IMG_1164.jpeg",1070,648,false],"2048x2048":["https:\/\/quehacerpolitico.mx\/wp-content\/uploads\/2025\/06\/IMG_1164.jpeg",1070,648,false],"covernews-featured":["https:\/\/quehacerpolitico.mx\/wp-content\/uploads\/2025\/06\/IMG_1164-1024x620.jpeg",1024,620,true],"covernews-medium":["https:\/\/quehacerpolitico.mx\/wp-content\/uploads\/2025\/06\/IMG_1164-540x340.jpeg",540,340,true]},"author_info":{"display_name":"Redacci\u00f3n QP","author_link":"https:\/\/quehacerpolitico.mx\/?author=2"},"category_info":"<a href=\"https:\/\/quehacerpolitico.mx\/?cat=280\" rel=\"category\">Nacionales<\/a> <a href=\"https:\/\/quehacerpolitico.mx\/?cat=2\" rel=\"category\">Noticias<\/a>","tag_info":"Noticias","comment_count":"0","_links":{"self":[{"href":"https:\/\/quehacerpolitico.mx\/index.php?rest_route=\/wp\/v2\/posts\/117244","targetHints":{"allow":["GET"]}}],"collection":[{"href":"https:\/\/quehacerpolitico.mx\/index.php?rest_route=\/wp\/v2\/posts"}],"about":[{"href":"https:\/\/quehacerpolitico.mx\/index.php?rest_route=\/wp\/v2\/types\/post"}],"author":[{"embeddable":true,"href":"https:\/\/quehacerpolitico.mx\/index.php?rest_route=\/wp\/v2\/users\/2"}],"replies":[{"embeddable":true,"href":"https:\/\/quehacerpolitico.mx\/index.php?rest_route=%2Fwp%2Fv2%2Fcomments&post=117244"}],"version-history":[{"count":1,"href":"https:\/\/quehacerpolitico.mx\/index.php?rest_route=\/wp\/v2\/posts\/117244\/revisions"}],"predecessor-version":[{"id":117246,"href":"https:\/\/quehacerpolitico.mx\/index.php?rest_route=\/wp\/v2\/posts\/117244\/revisions\/117246"}],"wp:featuredmedia":[{"embeddable":true,"href":"https:\/\/quehacerpolitico.mx\/index.php?rest_route=\/wp\/v2\/media\/117245"}],"wp:attachment":[{"href":"https:\/\/quehacerpolitico.mx\/index.php?rest_route=%2Fwp%2Fv2%2Fmedia&parent=117244"}],"wp:term":[{"taxonomy":"category","embeddable":true,"href":"https:\/\/quehacerpolitico.mx\/index.php?rest_route=%2Fwp%2Fv2%2Fcategories&post=117244"},{"taxonomy":"post_tag","embeddable":true,"href":"https:\/\/quehacerpolitico.mx\/index.php?rest_route=%2Fwp%2Fv2%2Ftags&post=117244"}],"curies":[{"name":"wp","href":"https:\/\/api.w.org\/{rel}","templated":true}]}}