{"id":117234,"date":"2025-06-26T12:26:26","date_gmt":"2025-06-26T18:26:26","guid":{"rendered":"https:\/\/quehacerpolitico.mx\/?p=117234"},"modified":"2025-06-26T12:26:29","modified_gmt":"2025-06-26T18:26:29","slug":"enterate-metro-cdmx-activa-marcha-de-seguridad-por-lluvias-estas-son-las-lineas-afectadas","status":"publish","type":"post","link":"https:\/\/quehacerpolitico.mx\/?p=117234","title":{"rendered":"Enterate Metro CDMX activa marcha de seguridad por lluvias, estas son las l\u00edneas afectadas"},"content":{"rendered":"\n<p>Por Redacci\u00f3n QP<\/p>\n\n\n\n<p>El Metro CDMX dio a conocer la informaci\u00f3n a trav\u00e9s de redes sociales<\/p>\n\n\n\n<p>Debido a las lluvias en distintas zonas de la Ciudad de M\u00e9xico, este jueves 26 de junio, el Sistema de Transporte Colectivo (STC) Metro, dio a conocer a trav\u00e9s de su cuenta oficial de X (antes Twitter), que&nbsp;<mark><strong>se activar\u00eda la marcha de seguridad en varias de las L\u00edneas.<\/strong><\/mark>&nbsp;Ent\u00e9rate cu\u00e1les son las rutas afectadas.<\/p>\n\n\n\n<h2 class=\"wp-block-heading\">L\u00edneas afectadas por marcha de seguridad<\/h2>\n\n\n\n<p>Alrededor de las 6:00 a.m., por medio de redes sociales, el Metro CDMX anunci\u00f3 que\u00a0<strong>se implementar\u00eda marcha de seguridad en las L\u00edneas 8, 9 y B<\/strong>, a causa de las lluvias en diferentes puntos de la capital del pa\u00eds.<\/p>\n\n\n\n<figure class=\"wp-block-embed is-type-rich is-provider-twitter wp-block-embed-twitter\"><div class=\"wp-block-embed__wrapper\">\n<blockquote class=\"twitter-tweet\" data-width=\"550\" data-dnt=\"true\"><p lang=\"es\" dir=\"ltr\"><a href=\"https:\/\/twitter.com\/hashtag\/AvisoMetro?src=hash&amp;ref_src=twsrc%5Etfw\">#AvisoMetro<\/a>: Debido a la presencia de lluvia en distintos puntos de la ciudad, se implementa marcha de seguridad en las L\u00edneas 8, 9 y B. Esta medida reduce la velocidad de los trenes para garantizar un trayecto seguro.  <br><br>Toma previsiones.<\/p>&mdash; MetroCDMX (@MetroCDMX) <a href=\"https:\/\/twitter.com\/MetroCDMX\/status\/1938201840962966002?ref_src=twsrc%5Etfw\">June 26, 2025<\/a><\/blockquote><script async src=\"https:\/\/platform.twitter.com\/widgets.js\" charset=\"utf-8\"><\/script>\n<\/div><\/figure>\n\n\n\n<p>Unas horas despu\u00e9s,<strong>\u00a0inform\u00f3 que a esta medida se suman las L\u00edneas 3 y 5<\/strong>, exhortando a los usuarios a tomar precauciones para no tener atrasos en sus actividades del d\u00eda.<\/p>\n\n\n\n<figure class=\"wp-block-embed is-type-rich is-provider-twitter wp-block-embed-twitter\"><div class=\"wp-block-embed__wrapper\">\n<blockquote class=\"twitter-tweet\" data-width=\"550\" data-dnt=\"true\"><p lang=\"es\" dir=\"ltr\"><a href=\"https:\/\/twitter.com\/hashtag\/AvisoMetro?src=hash&amp;ref_src=twsrc%5Etfw\">#AvisoMetro<\/a>: Debido a la presencia de lluvia en distintos puntos de la ciudad, se implementa marcha de seguridad en las L\u00edneas 3 y 5. Esta medida reduce la velocidad de los trenes para garantizar un trayecto seguro.  <br><br>Toma previsiones.<\/p>&mdash; MetroCDMX (@MetroCDMX) <a href=\"https:\/\/twitter.com\/MetroCDMX\/status\/1938236650569515081?ref_src=twsrc%5Etfw\">June 26, 2025<\/a><\/blockquote><script async src=\"https:\/\/platform.twitter.com\/widgets.js\" charset=\"utf-8\"><\/script>\n<\/div><\/figure>\n\n\n\n<p>\u00bfQu\u00e9 es la marcha de seguridad?<\/p>\n\n\n\n<p><mark><strong>La marcha de seguridad es una medida que reduce la velocidad de los trenes.<\/strong><\/mark>\u00a0Esto para garantizar el trayecto seguro en temporadas de lluvia.<\/p>\n\n\n\n<p>Seg\u00fan explica el Metro CDMX, \u201cEn situaciones de clima adverso, como la actual,\u00a0<strong>los trenes reducen su velocidad o hacen paradas moment\u00e1neas<\/strong>\u00a0para cuidar la seguridad de todas las personas usuarias.\u201d<\/p>\n\n\n\n<p>Es importante que los usuarios del Sistema de Transporte Colectivo\u00a0<strong>est\u00e9n atentos a las actualizaciones del Metro CDMX<\/strong>, para evitar retrasos en su itinerario personal y que no afecte en sus actividades diarias.<br><\/p>\n","protected":false},"excerpt":{"rendered":"<p>Por Redacci\u00f3n QP El Metro CDMX dio a conocer la informaci\u00f3n a trav\u00e9s de redes&#8230;<\/p>\n","protected":false},"author":2,"featured_media":117235,"comment_status":"open","ping_status":"open","sticky":false,"template":"","format":"standard","meta":{"_monsterinsights_skip_tracking":false,"_monsterinsights_sitenote_active":false,"_monsterinsights_sitenote_note":"","_monsterinsights_sitenote_category":0,"footnotes":""},"categories":[55],"tags":[],"class_list":["post-117234","post","type-post","status-publish","format-standard","has-post-thumbnail","hentry","category-cdmx"],"yoast_head":"<!-- This site is optimized with the Yoast SEO plugin v27.3 - https:\/\/yoast.com\/product\/yoast-seo-wordpress\/ -->\n<title>Enterate Metro CDMX activa marcha de seguridad por lluvias, estas son las l\u00edneas afectadas -<\/title>\n<meta name=\"robots\" content=\"index, follow, max-snippet:-1, max-image-preview:large, max-video-preview:-1\" \/>\n<link rel=\"canonical\" href=\"https:\/\/quehacerpolitico.mx\/?p=117234\" \/>\n<meta property=\"og:locale\" content=\"es_MX\" \/>\n<meta property=\"og:type\" content=\"article\" \/>\n<meta property=\"og:title\" content=\"Enterate Metro CDMX activa marcha de seguridad por lluvias, estas son las l\u00edneas afectadas -\" \/>\n<meta property=\"og:description\" content=\"Por Redacci\u00f3n QP El Metro CDMX dio a conocer la informaci\u00f3n a trav\u00e9s de redes...\" \/>\n<meta property=\"og:url\" content=\"https:\/\/quehacerpolitico.mx\/?p=117234\" \/>\n<meta property=\"article:published_time\" content=\"2025-06-26T18:26:26+00:00\" \/>\n<meta property=\"article:modified_time\" content=\"2025-06-26T18:26:29+00:00\" \/>\n<meta property=\"og:image\" content=\"https:\/\/quehacerpolitico.mx\/wp-content\/uploads\/2025\/06\/IMG_1154.jpeg\" \/>\n\t<meta property=\"og:image:width\" content=\"350\" \/>\n\t<meta property=\"og:image:height\" content=\"197\" \/>\n\t<meta property=\"og:image:type\" content=\"image\/jpeg\" \/>\n<meta name=\"author\" content=\"Redacci\u00f3n QP\" \/>\n<meta name=\"twitter:card\" content=\"summary_large_image\" \/>\n<meta name=\"twitter:label1\" content=\"Escrito por\" \/>\n\t<meta name=\"twitter:data1\" content=\"Redacci\u00f3n QP\" \/>\n\t<meta name=\"twitter:label2\" content=\"Tiempo de lectura\" \/>\n\t<meta name=\"twitter:data2\" content=\"1 minuto\" \/>\n<script type=\"application\/ld+json\" class=\"yoast-schema-graph\">{\"@context\":\"https:\\\/\\\/schema.org\",\"@graph\":[{\"@type\":\"Article\",\"@id\":\"https:\\\/\\\/quehacerpolitico.mx\\\/?p=117234#article\",\"isPartOf\":{\"@id\":\"https:\\\/\\\/quehacerpolitico.mx\\\/?p=117234\"},\"author\":{\"name\":\"Redacci\u00f3n QP\",\"@id\":\"https:\\\/\\\/quehacerpolitico.mx\\\/#\\\/schema\\\/person\\\/496d8ad2d1d3f8036101dca7ee39e585\"},\"headline\":\"Enterate Metro CDMX activa marcha de seguridad por lluvias, estas son las l\u00edneas afectadas\",\"datePublished\":\"2025-06-26T18:26:26+00:00\",\"dateModified\":\"2025-06-26T18:26:29+00:00\",\"mainEntityOfPage\":{\"@id\":\"https:\\\/\\\/quehacerpolitico.mx\\\/?p=117234\"},\"wordCount\":285,\"commentCount\":0,\"image\":{\"@id\":\"https:\\\/\\\/quehacerpolitico.mx\\\/?p=117234#primaryimage\"},\"thumbnailUrl\":\"https:\\\/\\\/quehacerpolitico.mx\\\/wp-content\\\/uploads\\\/2025\\\/06\\\/IMG_1154.jpeg\",\"articleSection\":[\"CDMX\"],\"inLanguage\":\"es\",\"potentialAction\":[{\"@type\":\"CommentAction\",\"name\":\"Comment\",\"target\":[\"https:\\\/\\\/quehacerpolitico.mx\\\/?p=117234#respond\"]}]},{\"@type\":\"WebPage\",\"@id\":\"https:\\\/\\\/quehacerpolitico.mx\\\/?p=117234\",\"url\":\"https:\\\/\\\/quehacerpolitico.mx\\\/?p=117234\",\"name\":\"Enterate Metro CDMX activa marcha de seguridad por lluvias, estas son las l\u00edneas afectadas -\",\"isPartOf\":{\"@id\":\"https:\\\/\\\/quehacerpolitico.mx\\\/#website\"},\"primaryImageOfPage\":{\"@id\":\"https:\\\/\\\/quehacerpolitico.mx\\\/?p=117234#primaryimage\"},\"image\":{\"@id\":\"https:\\\/\\\/quehacerpolitico.mx\\\/?p=117234#primaryimage\"},\"thumbnailUrl\":\"https:\\\/\\\/quehacerpolitico.mx\\\/wp-content\\\/uploads\\\/2025\\\/06\\\/IMG_1154.jpeg\",\"datePublished\":\"2025-06-26T18:26:26+00:00\",\"dateModified\":\"2025-06-26T18:26:29+00:00\",\"author\":{\"@id\":\"https:\\\/\\\/quehacerpolitico.mx\\\/#\\\/schema\\\/person\\\/496d8ad2d1d3f8036101dca7ee39e585\"},\"breadcrumb\":{\"@id\":\"https:\\\/\\\/quehacerpolitico.mx\\\/?p=117234#breadcrumb\"},\"inLanguage\":\"es\",\"potentialAction\":[{\"@type\":\"ReadAction\",\"target\":[\"https:\\\/\\\/quehacerpolitico.mx\\\/?p=117234\"]}]},{\"@type\":\"ImageObject\",\"inLanguage\":\"es\",\"@id\":\"https:\\\/\\\/quehacerpolitico.mx\\\/?p=117234#primaryimage\",\"url\":\"https:\\\/\\\/quehacerpolitico.mx\\\/wp-content\\\/uploads\\\/2025\\\/06\\\/IMG_1154.jpeg\",\"contentUrl\":\"https:\\\/\\\/quehacerpolitico.mx\\\/wp-content\\\/uploads\\\/2025\\\/06\\\/IMG_1154.jpeg\",\"width\":350,\"height\":197},{\"@type\":\"BreadcrumbList\",\"@id\":\"https:\\\/\\\/quehacerpolitico.mx\\\/?p=117234#breadcrumb\",\"itemListElement\":[{\"@type\":\"ListItem\",\"position\":1,\"name\":\"Inicio\",\"item\":\"https:\\\/\\\/quehacerpolitico.mx\\\/\"},{\"@type\":\"ListItem\",\"position\":2,\"name\":\"Enterate Metro CDMX activa marcha de seguridad por lluvias, estas son las l\u00edneas afectadas\"}]},{\"@type\":\"WebSite\",\"@id\":\"https:\\\/\\\/quehacerpolitico.mx\\\/#website\",\"url\":\"https:\\\/\\\/quehacerpolitico.mx\\\/\",\"name\":\"\",\"description\":\"\",\"potentialAction\":[{\"@type\":\"SearchAction\",\"target\":{\"@type\":\"EntryPoint\",\"urlTemplate\":\"https:\\\/\\\/quehacerpolitico.mx\\\/?s={search_term_string}\"},\"query-input\":{\"@type\":\"PropertyValueSpecification\",\"valueRequired\":true,\"valueName\":\"search_term_string\"}}],\"inLanguage\":\"es\"},{\"@type\":\"Person\",\"@id\":\"https:\\\/\\\/quehacerpolitico.mx\\\/#\\\/schema\\\/person\\\/496d8ad2d1d3f8036101dca7ee39e585\",\"name\":\"Redacci\u00f3n QP\",\"image\":{\"@type\":\"ImageObject\",\"inLanguage\":\"es\",\"@id\":\"https:\\\/\\\/secure.gravatar.com\\\/avatar\\\/c7164ed6fdec453195284ad24a5ae5b6e1eed2b848477fa2a4787ba9adf39a41?s=96&d=mm&r=g\",\"url\":\"https:\\\/\\\/secure.gravatar.com\\\/avatar\\\/c7164ed6fdec453195284ad24a5ae5b6e1eed2b848477fa2a4787ba9adf39a41?s=96&d=mm&r=g\",\"contentUrl\":\"https:\\\/\\\/secure.gravatar.com\\\/avatar\\\/c7164ed6fdec453195284ad24a5ae5b6e1eed2b848477fa2a4787ba9adf39a41?s=96&d=mm&r=g\",\"caption\":\"Redacci\u00f3n QP\"},\"url\":\"https:\\\/\\\/quehacerpolitico.mx\\\/?author=2\"}]}<\/script>\n<!-- \/ Yoast SEO plugin. -->","yoast_head_json":{"title":"Enterate Metro CDMX activa marcha de seguridad por lluvias, estas son las l\u00edneas afectadas -","robots":{"index":"index","follow":"follow","max-snippet":"max-snippet:-1","max-image-preview":"max-image-preview:large","max-video-preview":"max-video-preview:-1"},"canonical":"https:\/\/quehacerpolitico.mx\/?p=117234","og_locale":"es_MX","og_type":"article","og_title":"Enterate Metro CDMX activa marcha de seguridad por lluvias, estas son las l\u00edneas afectadas -","og_description":"Por Redacci\u00f3n QP El Metro CDMX dio a conocer la informaci\u00f3n a trav\u00e9s de redes...","og_url":"https:\/\/quehacerpolitico.mx\/?p=117234","article_published_time":"2025-06-26T18:26:26+00:00","article_modified_time":"2025-06-26T18:26:29+00:00","og_image":[{"width":350,"height":197,"url":"https:\/\/quehacerpolitico.mx\/wp-content\/uploads\/2025\/06\/IMG_1154.jpeg","type":"image\/jpeg"}],"author":"Redacci\u00f3n QP","twitter_card":"summary_large_image","twitter_misc":{"Escrito por":"Redacci\u00f3n QP","Tiempo de lectura":"1 minuto"},"schema":{"@context":"https:\/\/schema.org","@graph":[{"@type":"Article","@id":"https:\/\/quehacerpolitico.mx\/?p=117234#article","isPartOf":{"@id":"https:\/\/quehacerpolitico.mx\/?p=117234"},"author":{"name":"Redacci\u00f3n QP","@id":"https:\/\/quehacerpolitico.mx\/#\/schema\/person\/496d8ad2d1d3f8036101dca7ee39e585"},"headline":"Enterate Metro CDMX activa marcha de seguridad por lluvias, estas son las l\u00edneas afectadas","datePublished":"2025-06-26T18:26:26+00:00","dateModified":"2025-06-26T18:26:29+00:00","mainEntityOfPage":{"@id":"https:\/\/quehacerpolitico.mx\/?p=117234"},"wordCount":285,"commentCount":0,"image":{"@id":"https:\/\/quehacerpolitico.mx\/?p=117234#primaryimage"},"thumbnailUrl":"https:\/\/quehacerpolitico.mx\/wp-content\/uploads\/2025\/06\/IMG_1154.jpeg","articleSection":["CDMX"],"inLanguage":"es","potentialAction":[{"@type":"CommentAction","name":"Comment","target":["https:\/\/quehacerpolitico.mx\/?p=117234#respond"]}]},{"@type":"WebPage","@id":"https:\/\/quehacerpolitico.mx\/?p=117234","url":"https:\/\/quehacerpolitico.mx\/?p=117234","name":"Enterate Metro CDMX activa marcha de seguridad por lluvias, estas son las l\u00edneas afectadas -","isPartOf":{"@id":"https:\/\/quehacerpolitico.mx\/#website"},"primaryImageOfPage":{"@id":"https:\/\/quehacerpolitico.mx\/?p=117234#primaryimage"},"image":{"@id":"https:\/\/quehacerpolitico.mx\/?p=117234#primaryimage"},"thumbnailUrl":"https:\/\/quehacerpolitico.mx\/wp-content\/uploads\/2025\/06\/IMG_1154.jpeg","datePublished":"2025-06-26T18:26:26+00:00","dateModified":"2025-06-26T18:26:29+00:00","author":{"@id":"https:\/\/quehacerpolitico.mx\/#\/schema\/person\/496d8ad2d1d3f8036101dca7ee39e585"},"breadcrumb":{"@id":"https:\/\/quehacerpolitico.mx\/?p=117234#breadcrumb"},"inLanguage":"es","potentialAction":[{"@type":"ReadAction","target":["https:\/\/quehacerpolitico.mx\/?p=117234"]}]},{"@type":"ImageObject","inLanguage":"es","@id":"https:\/\/quehacerpolitico.mx\/?p=117234#primaryimage","url":"https:\/\/quehacerpolitico.mx\/wp-content\/uploads\/2025\/06\/IMG_1154.jpeg","contentUrl":"https:\/\/quehacerpolitico.mx\/wp-content\/uploads\/2025\/06\/IMG_1154.jpeg","width":350,"height":197},{"@type":"BreadcrumbList","@id":"https:\/\/quehacerpolitico.mx\/?p=117234#breadcrumb","itemListElement":[{"@type":"ListItem","position":1,"name":"Inicio","item":"https:\/\/quehacerpolitico.mx\/"},{"@type":"ListItem","position":2,"name":"Enterate Metro CDMX activa marcha de seguridad por lluvias, estas son las l\u00edneas afectadas"}]},{"@type":"WebSite","@id":"https:\/\/quehacerpolitico.mx\/#website","url":"https:\/\/quehacerpolitico.mx\/","name":"","description":"","potentialAction":[{"@type":"SearchAction","target":{"@type":"EntryPoint","urlTemplate":"https:\/\/quehacerpolitico.mx\/?s={search_term_string}"},"query-input":{"@type":"PropertyValueSpecification","valueRequired":true,"valueName":"search_term_string"}}],"inLanguage":"es"},{"@type":"Person","@id":"https:\/\/quehacerpolitico.mx\/#\/schema\/person\/496d8ad2d1d3f8036101dca7ee39e585","name":"Redacci\u00f3n QP","image":{"@type":"ImageObject","inLanguage":"es","@id":"https:\/\/secure.gravatar.com\/avatar\/c7164ed6fdec453195284ad24a5ae5b6e1eed2b848477fa2a4787ba9adf39a41?s=96&d=mm&r=g","url":"https:\/\/secure.gravatar.com\/avatar\/c7164ed6fdec453195284ad24a5ae5b6e1eed2b848477fa2a4787ba9adf39a41?s=96&d=mm&r=g","contentUrl":"https:\/\/secure.gravatar.com\/avatar\/c7164ed6fdec453195284ad24a5ae5b6e1eed2b848477fa2a4787ba9adf39a41?s=96&d=mm&r=g","caption":"Redacci\u00f3n QP"},"url":"https:\/\/quehacerpolitico.mx\/?author=2"}]}},"featured_image_urls":{"full":["https:\/\/quehacerpolitico.mx\/wp-content\/uploads\/2025\/06\/IMG_1154.jpeg",350,197,false],"thumbnail":["https:\/\/quehacerpolitico.mx\/wp-content\/uploads\/2025\/06\/IMG_1154-150x150.jpeg",150,150,true],"medium":["https:\/\/quehacerpolitico.mx\/wp-content\/uploads\/2025\/06\/IMG_1154-300x169.jpeg",300,169,true],"medium_large":["https:\/\/quehacerpolitico.mx\/wp-content\/uploads\/2025\/06\/IMG_1154.jpeg",350,197,false],"large":["https:\/\/quehacerpolitico.mx\/wp-content\/uploads\/2025\/06\/IMG_1154.jpeg",350,197,false],"1536x1536":["https:\/\/quehacerpolitico.mx\/wp-content\/uploads\/2025\/06\/IMG_1154.jpeg",350,197,false],"2048x2048":["https:\/\/quehacerpolitico.mx\/wp-content\/uploads\/2025\/06\/IMG_1154.jpeg",350,197,false],"covernews-featured":["https:\/\/quehacerpolitico.mx\/wp-content\/uploads\/2025\/06\/IMG_1154.jpeg",350,197,false],"covernews-medium":["https:\/\/quehacerpolitico.mx\/wp-content\/uploads\/2025\/06\/IMG_1154.jpeg",350,197,false]},"author_info":{"display_name":"Redacci\u00f3n QP","author_link":"https:\/\/quehacerpolitico.mx\/?author=2"},"category_info":"<a href=\"https:\/\/quehacerpolitico.mx\/?cat=55\" rel=\"category\">CDMX<\/a>","tag_info":"CDMX","comment_count":"0","_links":{"self":[{"href":"https:\/\/quehacerpolitico.mx\/index.php?rest_route=\/wp\/v2\/posts\/117234","targetHints":{"allow":["GET"]}}],"collection":[{"href":"https:\/\/quehacerpolitico.mx\/index.php?rest_route=\/wp\/v2\/posts"}],"about":[{"href":"https:\/\/quehacerpolitico.mx\/index.php?rest_route=\/wp\/v2\/types\/post"}],"author":[{"embeddable":true,"href":"https:\/\/quehacerpolitico.mx\/index.php?rest_route=\/wp\/v2\/users\/2"}],"replies":[{"embeddable":true,"href":"https:\/\/quehacerpolitico.mx\/index.php?rest_route=%2Fwp%2Fv2%2Fcomments&post=117234"}],"version-history":[{"count":1,"href":"https:\/\/quehacerpolitico.mx\/index.php?rest_route=\/wp\/v2\/posts\/117234\/revisions"}],"predecessor-version":[{"id":117236,"href":"https:\/\/quehacerpolitico.mx\/index.php?rest_route=\/wp\/v2\/posts\/117234\/revisions\/117236"}],"wp:featuredmedia":[{"embeddable":true,"href":"https:\/\/quehacerpolitico.mx\/index.php?rest_route=\/wp\/v2\/media\/117235"}],"wp:attachment":[{"href":"https:\/\/quehacerpolitico.mx\/index.php?rest_route=%2Fwp%2Fv2%2Fmedia&parent=117234"}],"wp:term":[{"taxonomy":"category","embeddable":true,"href":"https:\/\/quehacerpolitico.mx\/index.php?rest_route=%2Fwp%2Fv2%2Fcategories&post=117234"},{"taxonomy":"post_tag","embeddable":true,"href":"https:\/\/quehacerpolitico.mx\/index.php?rest_route=%2Fwp%2Fv2%2Ftags&post=117234"}],"curies":[{"name":"wp","href":"https:\/\/api.w.org\/{rel}","templated":true}]}}