{"id":117218,"date":"2025-06-25T14:45:11","date_gmt":"2025-06-25T20:45:11","guid":{"rendered":"https:\/\/quehacerpolitico.mx\/?p=117218"},"modified":"2025-06-25T14:45:14","modified_gmt":"2025-06-25T20:45:14","slug":"checo-perez-habla-de-su-paso-en-formula-1-y-lo-que-viene","status":"publish","type":"post","link":"https:\/\/quehacerpolitico.mx\/?p=117218","title":{"rendered":"Checo P\u00e9rez habla de su paso en F\u00f3rmula 1 y lo que viene"},"content":{"rendered":"\n<p>Por Redacci\u00f3n QP<\/p>\n\n\n\n<p>El piloto mexicano Sergio \u2018Checo\u2019 P\u00e9rez habl\u00f3 en un podcast en YouTube sobre su estancia en Red Bull Racing<\/p>\n\n\n\n<p>El piloto mexicano&nbsp;<strong>Sergio <em>Checo<\/em>&nbsp;P\u00e9rez<\/strong>&nbsp;asegur\u00f3 en tono de broma que le cobr\u00f3 a<strong><a href=\"https:\/\/lopezdoriga.com\/deportes\/sergio-perez-anuncia-no-seguira-red-bull\/\" target=\"_blank\" rel=\"noreferrer noopener\">&nbsp;<\/a><\/strong>Red Bull Racing, su antigua escuder\u00eda en&nbsp;<strong>F\u00f3rmula Uno<\/strong>, el sueldo de seis temporadas pese a que estuvo solamente durante cuatro.<\/p>\n\n\n\n<figure class=\"wp-block-embed is-type-video is-provider-youtube wp-block-embed-youtube wp-embed-aspect-16-9 wp-has-aspect-ratio\"><div class=\"wp-block-embed__wrapper\">\n<iframe loading=\"lazy\" title=\"Checo P\u00e9rez en Desde el Paddock, \u00bfEst\u00e1 listo para volver? - Desde el Paddock T2 - Cap\u00edtulo 19\" width=\"640\" height=\"360\" src=\"https:\/\/www.youtube.com\/embed\/hwFQYcEVggU?feature=oembed\" frameborder=\"0\" allow=\"accelerometer; autoplay; clipboard-write; encrypted-media; gyroscope; picture-in-picture; web-share\" referrerpolicy=\"strict-origin-when-cross-origin\" allowfullscreen><\/iframe>\n<\/div><\/figure>\n\n\n\n<p>Lo anterior fue detallado por P\u00e9rez en el podcast \u201cDesde el Paddock\u201d, donde fue entrevistado por el tambi\u00e9n expiloto&nbsp;Memo Rojas Jr, Alex Escalera y Munir Silveyra.<\/p>\n\n\n\n<p>En la conversaci\u00f3n, el piloto mexicano cont\u00f3 la forma en que&nbsp;<strong>Christian Horner<\/strong>, jefe de Red Bull, lo contact\u00f3.<\/p>\n\n\n\n<p>\u201cFue incre\u00edble. Cuando me junto con Christian (Horner) por primera vez en persona y platicando me dice:&nbsp;mira, somos un equipo que vamos con dos coches&nbsp;porque tenemos que ir con dos coches, podr\u00edamos ir felizmente s\u00f3lo con Max (Verstappen) y era cuando estaba Alex (Albon) que yo sab\u00eda que era un pilotazo, entonces le dije:&nbsp;ya podemos ir a correr con dos coches, contr\u00e1tame\u201d, se\u00f1al\u00f3.<\/p>\n\n\n\n<p>\u201cYo a partir de ese momento entend\u00ed mucho c\u00f3mo funcionaba el equipo y como que cach\u00f3 mi idea (Horner) y se acab\u00f3 dando, pero al final cuando llegu\u00e9 te ponen a competir&nbsp;contra uno de los mejores pilotos de la historia (Verstappen)&nbsp;que ya estaba muy acomodado\u201d, destac\u00f3.<\/p>\n\n\n\n<p><em>Checo<\/em>&nbsp;P\u00e9rez apunt\u00f3 que los ingenieros que ten\u00edan no contaban con experiencia experiencia pero eran muy capaces para poner el auto a punto.<\/p>\n\n\n\n<p>\u201cMis ingenieros eran totalmente nuevos, muy buenos, muy capaces, pero ten\u00edan cero experiencia, entonces yo en vez de quejarme de ellos digo, esto es lo que tengo, me enfoqu\u00e9 en ello, en la segunda carrera califico adelante de Max, en la quinta gano mi primera carrera y dije \u2018mira, aqu\u00ed tengo buen futuro\u2019, y me qued\u00e9 seis a\u00f1os\u201d, puntualiz\u00f3.<\/p>\n\n\n\n<p>\u201c\u00bfPero&nbsp;fueron cuatro, no?\u201d, cuestion\u00f3 Memo Rojas.<\/p>\n\n\n\n<p>Bueno, pero les cobr\u00e9 por seis\u201d, asever\u00f3 entre risas.<\/p>\n\n\n\n<p>P\u00e9rez detall\u00f3 que en Red Bull est\u00e1n muy arrepentidos de haber finalizado su contrato de forma anticipada al final de la temporada 2024.<\/p>\n\n\n\n<p>Se tomaron decisiones, hubo demasiada presi\u00f3n (\u2026) Muy en el fondo est\u00e1n muy arrepentidos (de haber cortado su contrato) y lo s\u00e9 de muy buena fuente\u201d, refiri\u00f3.<\/p>\n\n\n\n<p>\u201cSe tomaron decisiones, hubo demasiada presi\u00f3n\u201d, dijo&nbsp;<strong>P\u00e9rez&nbsp;<\/strong>a la pregunta de si&nbsp;<strong>Red Bull&nbsp;<\/strong>le deb\u00eda una disculpa. \u201cMuy en el fondo est\u00e1n muy arrepentidos (de haber cortado su contrato) y lo s\u00e9 de muy buena fuente\u201d.<\/p>\n\n\n\n<p>El piloto mexicano reconoci\u00f3 que negocia su regreso a la F\u00f3rmula, pero que en este momento no tiene prisa alguna y que tardar\u00e1 unas semanas m\u00e1s en dar a conocer su decisi\u00f3n final.<\/p>\n\n\n\n<p>\u201cVa bien, pero a\u00fan es temprano por la temporada, conforme vaya avanzando podr\u00e9 llegar a una decisi\u00f3n final\u201d, enfatiz\u00f3.<\/p>\n\n\n\n<p>\u201cNo tengo prisa, s\u00e9 que este a\u00f1o no voy a estar en F\u00f3rmula Uno y ya veremos qu\u00e9 pasa para el pr\u00f3ximo a\u00f1o\u201d, agreg\u00f3.<\/p>\n","protected":false},"excerpt":{"rendered":"<p>Por Redacci\u00f3n QP El piloto mexicano Sergio \u2018Checo\u2019 P\u00e9rez habl\u00f3 en un podcast en YouTube&#8230;<\/p>\n","protected":false},"author":2,"featured_media":117219,"comment_status":"open","ping_status":"open","sticky":false,"template":"","format":"standard","meta":{"_monsterinsights_skip_tracking":false,"_monsterinsights_sitenote_active":false,"_monsterinsights_sitenote_note":"","_monsterinsights_sitenote_category":0,"footnotes":""},"categories":[54],"tags":[],"class_list":["post-117218","post","type-post","status-publish","format-standard","has-post-thumbnail","hentry","category-deportes"],"yoast_head":"<!-- This site is optimized with the Yoast SEO plugin v27.3 - https:\/\/yoast.com\/product\/yoast-seo-wordpress\/ -->\n<title>Checo P\u00e9rez habla de su paso en F\u00f3rmula 1 y lo que viene -<\/title>\n<meta name=\"robots\" content=\"index, follow, max-snippet:-1, max-image-preview:large, max-video-preview:-1\" \/>\n<link rel=\"canonical\" href=\"https:\/\/quehacerpolitico.mx\/?p=117218\" \/>\n<meta property=\"og:locale\" content=\"es_MX\" \/>\n<meta property=\"og:type\" content=\"article\" \/>\n<meta property=\"og:title\" content=\"Checo P\u00e9rez habla de su paso en F\u00f3rmula 1 y lo que viene -\" \/>\n<meta property=\"og:description\" content=\"Por Redacci\u00f3n QP El piloto mexicano Sergio \u2018Checo\u2019 P\u00e9rez habl\u00f3 en un podcast en YouTube...\" \/>\n<meta property=\"og:url\" content=\"https:\/\/quehacerpolitico.mx\/?p=117218\" \/>\n<meta property=\"article:published_time\" content=\"2025-06-25T20:45:11+00:00\" \/>\n<meta property=\"article:modified_time\" content=\"2025-06-25T20:45:14+00:00\" \/>\n<meta property=\"og:image\" content=\"https:\/\/quehacerpolitico.mx\/wp-content\/uploads\/2025\/06\/IMG_1128.jpeg\" \/>\n\t<meta property=\"og:image:width\" content=\"739\" \/>\n\t<meta property=\"og:image:height\" content=\"415\" \/>\n\t<meta property=\"og:image:type\" content=\"image\/jpeg\" \/>\n<meta name=\"author\" content=\"Redacci\u00f3n QP\" \/>\n<meta name=\"twitter:card\" content=\"summary_large_image\" \/>\n<meta name=\"twitter:label1\" content=\"Escrito por\" \/>\n\t<meta name=\"twitter:data1\" content=\"Redacci\u00f3n QP\" \/>\n\t<meta name=\"twitter:label2\" content=\"Tiempo de lectura\" \/>\n\t<meta name=\"twitter:data2\" content=\"3 minutos\" \/>\n<script type=\"application\/ld+json\" class=\"yoast-schema-graph\">{\"@context\":\"https:\\\/\\\/schema.org\",\"@graph\":[{\"@type\":\"Article\",\"@id\":\"https:\\\/\\\/quehacerpolitico.mx\\\/?p=117218#article\",\"isPartOf\":{\"@id\":\"https:\\\/\\\/quehacerpolitico.mx\\\/?p=117218\"},\"author\":{\"name\":\"Redacci\u00f3n QP\",\"@id\":\"https:\\\/\\\/quehacerpolitico.mx\\\/#\\\/schema\\\/person\\\/496d8ad2d1d3f8036101dca7ee39e585\"},\"headline\":\"Checo P\u00e9rez habla de su paso en F\u00f3rmula 1 y lo que viene\",\"datePublished\":\"2025-06-25T20:45:11+00:00\",\"dateModified\":\"2025-06-25T20:45:14+00:00\",\"mainEntityOfPage\":{\"@id\":\"https:\\\/\\\/quehacerpolitico.mx\\\/?p=117218\"},\"wordCount\":553,\"commentCount\":0,\"image\":{\"@id\":\"https:\\\/\\\/quehacerpolitico.mx\\\/?p=117218#primaryimage\"},\"thumbnailUrl\":\"https:\\\/\\\/quehacerpolitico.mx\\\/wp-content\\\/uploads\\\/2025\\\/06\\\/IMG_1128.jpeg\",\"articleSection\":[\"Deportes\"],\"inLanguage\":\"es\",\"potentialAction\":[{\"@type\":\"CommentAction\",\"name\":\"Comment\",\"target\":[\"https:\\\/\\\/quehacerpolitico.mx\\\/?p=117218#respond\"]}]},{\"@type\":\"WebPage\",\"@id\":\"https:\\\/\\\/quehacerpolitico.mx\\\/?p=117218\",\"url\":\"https:\\\/\\\/quehacerpolitico.mx\\\/?p=117218\",\"name\":\"Checo P\u00e9rez habla de su paso en F\u00f3rmula 1 y lo que viene -\",\"isPartOf\":{\"@id\":\"https:\\\/\\\/quehacerpolitico.mx\\\/#website\"},\"primaryImageOfPage\":{\"@id\":\"https:\\\/\\\/quehacerpolitico.mx\\\/?p=117218#primaryimage\"},\"image\":{\"@id\":\"https:\\\/\\\/quehacerpolitico.mx\\\/?p=117218#primaryimage\"},\"thumbnailUrl\":\"https:\\\/\\\/quehacerpolitico.mx\\\/wp-content\\\/uploads\\\/2025\\\/06\\\/IMG_1128.jpeg\",\"datePublished\":\"2025-06-25T20:45:11+00:00\",\"dateModified\":\"2025-06-25T20:45:14+00:00\",\"author\":{\"@id\":\"https:\\\/\\\/quehacerpolitico.mx\\\/#\\\/schema\\\/person\\\/496d8ad2d1d3f8036101dca7ee39e585\"},\"breadcrumb\":{\"@id\":\"https:\\\/\\\/quehacerpolitico.mx\\\/?p=117218#breadcrumb\"},\"inLanguage\":\"es\",\"potentialAction\":[{\"@type\":\"ReadAction\",\"target\":[\"https:\\\/\\\/quehacerpolitico.mx\\\/?p=117218\"]}]},{\"@type\":\"ImageObject\",\"inLanguage\":\"es\",\"@id\":\"https:\\\/\\\/quehacerpolitico.mx\\\/?p=117218#primaryimage\",\"url\":\"https:\\\/\\\/quehacerpolitico.mx\\\/wp-content\\\/uploads\\\/2025\\\/06\\\/IMG_1128.jpeg\",\"contentUrl\":\"https:\\\/\\\/quehacerpolitico.mx\\\/wp-content\\\/uploads\\\/2025\\\/06\\\/IMG_1128.jpeg\",\"width\":739,\"height\":415},{\"@type\":\"BreadcrumbList\",\"@id\":\"https:\\\/\\\/quehacerpolitico.mx\\\/?p=117218#breadcrumb\",\"itemListElement\":[{\"@type\":\"ListItem\",\"position\":1,\"name\":\"Inicio\",\"item\":\"https:\\\/\\\/quehacerpolitico.mx\\\/\"},{\"@type\":\"ListItem\",\"position\":2,\"name\":\"Checo P\u00e9rez habla de su paso en F\u00f3rmula 1 y lo que viene\"}]},{\"@type\":\"WebSite\",\"@id\":\"https:\\\/\\\/quehacerpolitico.mx\\\/#website\",\"url\":\"https:\\\/\\\/quehacerpolitico.mx\\\/\",\"name\":\"\",\"description\":\"\",\"potentialAction\":[{\"@type\":\"SearchAction\",\"target\":{\"@type\":\"EntryPoint\",\"urlTemplate\":\"https:\\\/\\\/quehacerpolitico.mx\\\/?s={search_term_string}\"},\"query-input\":{\"@type\":\"PropertyValueSpecification\",\"valueRequired\":true,\"valueName\":\"search_term_string\"}}],\"inLanguage\":\"es\"},{\"@type\":\"Person\",\"@id\":\"https:\\\/\\\/quehacerpolitico.mx\\\/#\\\/schema\\\/person\\\/496d8ad2d1d3f8036101dca7ee39e585\",\"name\":\"Redacci\u00f3n QP\",\"image\":{\"@type\":\"ImageObject\",\"inLanguage\":\"es\",\"@id\":\"https:\\\/\\\/secure.gravatar.com\\\/avatar\\\/c7164ed6fdec453195284ad24a5ae5b6e1eed2b848477fa2a4787ba9adf39a41?s=96&d=mm&r=g\",\"url\":\"https:\\\/\\\/secure.gravatar.com\\\/avatar\\\/c7164ed6fdec453195284ad24a5ae5b6e1eed2b848477fa2a4787ba9adf39a41?s=96&d=mm&r=g\",\"contentUrl\":\"https:\\\/\\\/secure.gravatar.com\\\/avatar\\\/c7164ed6fdec453195284ad24a5ae5b6e1eed2b848477fa2a4787ba9adf39a41?s=96&d=mm&r=g\",\"caption\":\"Redacci\u00f3n QP\"},\"url\":\"https:\\\/\\\/quehacerpolitico.mx\\\/?author=2\"}]}<\/script>\n<!-- \/ Yoast SEO plugin. -->","yoast_head_json":{"title":"Checo P\u00e9rez habla de su paso en F\u00f3rmula 1 y lo que viene -","robots":{"index":"index","follow":"follow","max-snippet":"max-snippet:-1","max-image-preview":"max-image-preview:large","max-video-preview":"max-video-preview:-1"},"canonical":"https:\/\/quehacerpolitico.mx\/?p=117218","og_locale":"es_MX","og_type":"article","og_title":"Checo P\u00e9rez habla de su paso en F\u00f3rmula 1 y lo que viene -","og_description":"Por Redacci\u00f3n QP El piloto mexicano Sergio \u2018Checo\u2019 P\u00e9rez habl\u00f3 en un podcast en YouTube...","og_url":"https:\/\/quehacerpolitico.mx\/?p=117218","article_published_time":"2025-06-25T20:45:11+00:00","article_modified_time":"2025-06-25T20:45:14+00:00","og_image":[{"width":739,"height":415,"url":"https:\/\/quehacerpolitico.mx\/wp-content\/uploads\/2025\/06\/IMG_1128.jpeg","type":"image\/jpeg"}],"author":"Redacci\u00f3n QP","twitter_card":"summary_large_image","twitter_misc":{"Escrito por":"Redacci\u00f3n QP","Tiempo de lectura":"3 minutos"},"schema":{"@context":"https:\/\/schema.org","@graph":[{"@type":"Article","@id":"https:\/\/quehacerpolitico.mx\/?p=117218#article","isPartOf":{"@id":"https:\/\/quehacerpolitico.mx\/?p=117218"},"author":{"name":"Redacci\u00f3n QP","@id":"https:\/\/quehacerpolitico.mx\/#\/schema\/person\/496d8ad2d1d3f8036101dca7ee39e585"},"headline":"Checo P\u00e9rez habla de su paso en F\u00f3rmula 1 y lo que viene","datePublished":"2025-06-25T20:45:11+00:00","dateModified":"2025-06-25T20:45:14+00:00","mainEntityOfPage":{"@id":"https:\/\/quehacerpolitico.mx\/?p=117218"},"wordCount":553,"commentCount":0,"image":{"@id":"https:\/\/quehacerpolitico.mx\/?p=117218#primaryimage"},"thumbnailUrl":"https:\/\/quehacerpolitico.mx\/wp-content\/uploads\/2025\/06\/IMG_1128.jpeg","articleSection":["Deportes"],"inLanguage":"es","potentialAction":[{"@type":"CommentAction","name":"Comment","target":["https:\/\/quehacerpolitico.mx\/?p=117218#respond"]}]},{"@type":"WebPage","@id":"https:\/\/quehacerpolitico.mx\/?p=117218","url":"https:\/\/quehacerpolitico.mx\/?p=117218","name":"Checo P\u00e9rez habla de su paso en F\u00f3rmula 1 y lo que viene -","isPartOf":{"@id":"https:\/\/quehacerpolitico.mx\/#website"},"primaryImageOfPage":{"@id":"https:\/\/quehacerpolitico.mx\/?p=117218#primaryimage"},"image":{"@id":"https:\/\/quehacerpolitico.mx\/?p=117218#primaryimage"},"thumbnailUrl":"https:\/\/quehacerpolitico.mx\/wp-content\/uploads\/2025\/06\/IMG_1128.jpeg","datePublished":"2025-06-25T20:45:11+00:00","dateModified":"2025-06-25T20:45:14+00:00","author":{"@id":"https:\/\/quehacerpolitico.mx\/#\/schema\/person\/496d8ad2d1d3f8036101dca7ee39e585"},"breadcrumb":{"@id":"https:\/\/quehacerpolitico.mx\/?p=117218#breadcrumb"},"inLanguage":"es","potentialAction":[{"@type":"ReadAction","target":["https:\/\/quehacerpolitico.mx\/?p=117218"]}]},{"@type":"ImageObject","inLanguage":"es","@id":"https:\/\/quehacerpolitico.mx\/?p=117218#primaryimage","url":"https:\/\/quehacerpolitico.mx\/wp-content\/uploads\/2025\/06\/IMG_1128.jpeg","contentUrl":"https:\/\/quehacerpolitico.mx\/wp-content\/uploads\/2025\/06\/IMG_1128.jpeg","width":739,"height":415},{"@type":"BreadcrumbList","@id":"https:\/\/quehacerpolitico.mx\/?p=117218#breadcrumb","itemListElement":[{"@type":"ListItem","position":1,"name":"Inicio","item":"https:\/\/quehacerpolitico.mx\/"},{"@type":"ListItem","position":2,"name":"Checo P\u00e9rez habla de su paso en F\u00f3rmula 1 y lo que viene"}]},{"@type":"WebSite","@id":"https:\/\/quehacerpolitico.mx\/#website","url":"https:\/\/quehacerpolitico.mx\/","name":"","description":"","potentialAction":[{"@type":"SearchAction","target":{"@type":"EntryPoint","urlTemplate":"https:\/\/quehacerpolitico.mx\/?s={search_term_string}"},"query-input":{"@type":"PropertyValueSpecification","valueRequired":true,"valueName":"search_term_string"}}],"inLanguage":"es"},{"@type":"Person","@id":"https:\/\/quehacerpolitico.mx\/#\/schema\/person\/496d8ad2d1d3f8036101dca7ee39e585","name":"Redacci\u00f3n QP","image":{"@type":"ImageObject","inLanguage":"es","@id":"https:\/\/secure.gravatar.com\/avatar\/c7164ed6fdec453195284ad24a5ae5b6e1eed2b848477fa2a4787ba9adf39a41?s=96&d=mm&r=g","url":"https:\/\/secure.gravatar.com\/avatar\/c7164ed6fdec453195284ad24a5ae5b6e1eed2b848477fa2a4787ba9adf39a41?s=96&d=mm&r=g","contentUrl":"https:\/\/secure.gravatar.com\/avatar\/c7164ed6fdec453195284ad24a5ae5b6e1eed2b848477fa2a4787ba9adf39a41?s=96&d=mm&r=g","caption":"Redacci\u00f3n QP"},"url":"https:\/\/quehacerpolitico.mx\/?author=2"}]}},"featured_image_urls":{"full":["https:\/\/quehacerpolitico.mx\/wp-content\/uploads\/2025\/06\/IMG_1128.jpeg",739,415,false],"thumbnail":["https:\/\/quehacerpolitico.mx\/wp-content\/uploads\/2025\/06\/IMG_1128-150x150.jpeg",150,150,true],"medium":["https:\/\/quehacerpolitico.mx\/wp-content\/uploads\/2025\/06\/IMG_1128-300x168.jpeg",300,168,true],"medium_large":["https:\/\/quehacerpolitico.mx\/wp-content\/uploads\/2025\/06\/IMG_1128.jpeg",640,359,false],"large":["https:\/\/quehacerpolitico.mx\/wp-content\/uploads\/2025\/06\/IMG_1128.jpeg",640,359,false],"1536x1536":["https:\/\/quehacerpolitico.mx\/wp-content\/uploads\/2025\/06\/IMG_1128.jpeg",739,415,false],"2048x2048":["https:\/\/quehacerpolitico.mx\/wp-content\/uploads\/2025\/06\/IMG_1128.jpeg",739,415,false],"covernews-featured":["https:\/\/quehacerpolitico.mx\/wp-content\/uploads\/2025\/06\/IMG_1128.jpeg",739,415,false],"covernews-medium":["https:\/\/quehacerpolitico.mx\/wp-content\/uploads\/2025\/06\/IMG_1128-540x340.jpeg",540,340,true]},"author_info":{"display_name":"Redacci\u00f3n QP","author_link":"https:\/\/quehacerpolitico.mx\/?author=2"},"category_info":"<a href=\"https:\/\/quehacerpolitico.mx\/?cat=54\" rel=\"category\">Deportes<\/a>","tag_info":"Deportes","comment_count":"0","_links":{"self":[{"href":"https:\/\/quehacerpolitico.mx\/index.php?rest_route=\/wp\/v2\/posts\/117218","targetHints":{"allow":["GET"]}}],"collection":[{"href":"https:\/\/quehacerpolitico.mx\/index.php?rest_route=\/wp\/v2\/posts"}],"about":[{"href":"https:\/\/quehacerpolitico.mx\/index.php?rest_route=\/wp\/v2\/types\/post"}],"author":[{"embeddable":true,"href":"https:\/\/quehacerpolitico.mx\/index.php?rest_route=\/wp\/v2\/users\/2"}],"replies":[{"embeddable":true,"href":"https:\/\/quehacerpolitico.mx\/index.php?rest_route=%2Fwp%2Fv2%2Fcomments&post=117218"}],"version-history":[{"count":1,"href":"https:\/\/quehacerpolitico.mx\/index.php?rest_route=\/wp\/v2\/posts\/117218\/revisions"}],"predecessor-version":[{"id":117220,"href":"https:\/\/quehacerpolitico.mx\/index.php?rest_route=\/wp\/v2\/posts\/117218\/revisions\/117220"}],"wp:featuredmedia":[{"embeddable":true,"href":"https:\/\/quehacerpolitico.mx\/index.php?rest_route=\/wp\/v2\/media\/117219"}],"wp:attachment":[{"href":"https:\/\/quehacerpolitico.mx\/index.php?rest_route=%2Fwp%2Fv2%2Fmedia&parent=117218"}],"wp:term":[{"taxonomy":"category","embeddable":true,"href":"https:\/\/quehacerpolitico.mx\/index.php?rest_route=%2Fwp%2Fv2%2Fcategories&post=117218"},{"taxonomy":"post_tag","embeddable":true,"href":"https:\/\/quehacerpolitico.mx\/index.php?rest_route=%2Fwp%2Fv2%2Ftags&post=117218"}],"curies":[{"name":"wp","href":"https:\/\/api.w.org\/{rel}","templated":true}]}}