{"id":117183,"date":"2025-06-24T19:27:03","date_gmt":"2025-06-25T01:27:03","guid":{"rendered":"https:\/\/quehacerpolitico.mx\/?p=117183"},"modified":"2025-06-24T19:27:06","modified_gmt":"2025-06-25T01:27:06","slug":"adoptame-2025-asi-puedes-dar-hogar-a-un-perro-rescatado-del-metro-de-la-cdmx","status":"publish","type":"post","link":"https:\/\/quehacerpolitico.mx\/?p=117183","title":{"rendered":"Ad\u00f3ptame 2025: as\u00ed puedes dar hogar a un perro rescatado del Metro de la CDMX"},"content":{"rendered":"\n<p>Por Redacci\u00f3n QP<\/p>\n\n\n\n<p>El Sistema de Transporte Colectivo cre\u00f3 el Centro de Transferencia Canina (CTC), un espacio dedicado para cuidar a los perros y buscarles una familia<\/p>\n\n\n\n<p>En la capital de nuestro pa\u00eds existe uno de los programas m\u00e1s peculiares y admirables de los \u00faltimos tiempos, ideal para los amantes de los animales y para quienes buscan la compa\u00f1\u00eda de un amigo peludo.<\/p>\n\n\n\n<p>A trav\u00e9s del&nbsp;<strong>Centro de Transferencia Canina, el Metro de la Ciudad de M\u00e9xico&nbsp;<\/strong>ofrece&nbsp;<mark>un programa de adopci\u00f3n para perros extraviados o en situaci\u00f3n de calle que han sido encontrados en sus instalaciones.<\/mark><\/p>\n\n\n\n<figure class=\"wp-block-embed is-type-rich is-provider-twitter wp-block-embed-twitter\"><div class=\"wp-block-embed__wrapper\">\n<blockquote class=\"twitter-tweet\" data-width=\"550\" data-dnt=\"true\"><p lang=\"es\" dir=\"ltr\">&quot;Tlao&quot; est\u00e1 en busca de una familia, si deseas darle la oportunidad de ser adoptado comun\u00edcate con el <a href=\"https:\/\/twitter.com\/ctcdelmetro?ref_src=twsrc%5Etfw\">@ctcdelmetro<\/a>, v\u00eda e-mail a: ctc@metro.cdmx.gob.mx  <br>Consulta requisitos de adopci\u00f3n en \ud83d\udc49\ud83c\udffc <a href=\"https:\/\/t.co\/vy9M5dnTRh\">https:\/\/t.co\/vy9M5dnTRh<\/a> \ud83d\udc3e  <a href=\"https:\/\/twitter.com\/hashtag\/AdoptaNoCompres?src=hash&amp;ref_src=twsrc%5Etfw\">#AdoptaNoCompres<\/a> \ud83d\udc36\ud83c\udfe1 <a href=\"https:\/\/t.co\/KqtpuN2eLZ\">pic.twitter.com\/KqtpuN2eLZ<\/a><\/p>&mdash; MetroCDMX (@MetroCDMX) <a href=\"https:\/\/twitter.com\/MetroCDMX\/status\/1937654472572043372?ref_src=twsrc%5Etfw\">June 24, 2025<\/a><\/blockquote><script async src=\"https:\/\/platform.twitter.com\/widgets.js\" charset=\"utf-8\"><\/script>\n<\/div><\/figure>\n\n\n\n<p>As\u00ed que, si est\u00e1s pensando en integrar a un nuevo miembro a tu familia y quieres darle una oportunidad a uno de estos animalitos,<mark>aqu\u00ed te contamos c\u00f3mo hacerlo sin costo y con todos sus documentos en regla.<\/mark><\/p>\n\n\n\n<p>Cada d\u00eda, miles de personas utilizan el&nbsp;<strong>Metro de la CDMX<\/strong>, pero pocos saben que, entre andenes y t\u00faneles, tambi\u00e9n se han rescatado a decenas de perros que vagaban desorientados o en peligro. Para evitar que sufran accidentes o mueran electrocutados o arrollados,<mark>&nbsp;el Sistema de Transporte Colectivo cre\u00f3 el Centro de Transferencia Canina (CTC), un espacio dedicado a cuidarlos y buscarles un hogar.<\/mark><\/p>\n\n\n\n<p>Desde su apertura en 2017, el CTC ha brindado atenci\u00f3n m\u00e9dica, alimentaci\u00f3n y refugio a decenas de perritos que ahora tienen la oportunidad de ser adoptados por personas responsables.&nbsp;<mark>El proceso es transparente, accesible y gratuito.<\/mark><\/p>\n\n\n\n<figure class=\"wp-block-embed is-type-rich is-provider-twitter wp-block-embed-twitter\"><div class=\"wp-block-embed__wrapper\">\n<blockquote class=\"twitter-tweet\" data-width=\"550\" data-dnt=\"true\"><p lang=\"es\" dir=\"ltr\">\u00bfQuieres conocer a Pec? \ud83d\udc36<br> Es uno de los perritos que espera ser adoptado en el <a href=\"https:\/\/twitter.com\/hashtag\/CTCMetro?src=hash&amp;ref_src=twsrc%5Etfw\">#CTCMetro<\/a>. Es un macho muy cari\u00f1oso y tiene 3 a\u00f1os. Si deseas darle la oportunidad para que forme parte de tu familia consulta: <a href=\"https:\/\/t.co\/dZxEmnWRJ0\">https:\/\/t.co\/dZxEmnWRJ0<\/a> <a href=\"https:\/\/twitter.com\/hashtag\/AdoptaMetro?src=hash&amp;ref_src=twsrc%5Etfw\">#AdoptaMetro<\/a> <a href=\"https:\/\/twitter.com\/hashtag\/AUnMetroDeSuHogar?src=hash&amp;ref_src=twsrc%5Etfw\">#AUnMetroDeSuHogar<\/a> \ud83c\udfe1 \ud83d\udc3e <a href=\"https:\/\/t.co\/fginnC5ht9\">pic.twitter.com\/fginnC5ht9<\/a><\/p>&mdash; CTC del Metro (@ctcdelmetro) <a href=\"https:\/\/twitter.com\/ctcdelmetro\/status\/1937555067260776493?ref_src=twsrc%5Etfw\">June 24, 2025<\/a><\/blockquote><script async src=\"https:\/\/platform.twitter.com\/widgets.js\" charset=\"utf-8\"><\/script>\n<\/div><\/figure>\n\n\n\n<p>Para formar parte de esta red de apoyo animal y llevar a casa a uno de estos peluditos, sigue estos pasos:<\/p>\n\n\n\n<p>Descarga y llena el formato de adopci\u00f3n desde la p\u00e1gina oficial del Metro:&nbsp;<a href=\"https:\/\/metro.cdmx.gob.mx\/adoptame\" rel=\"noreferrer noopener\" target=\"_blank\">metro.cdmx.gob.mx\/adoptame<\/a>.<\/p>\n\n\n\n<p><mark>Acude al Centro de Transferencia Canina, ubicado en Avenida de las Culturas S\/N, colonia El Rosario, alcald\u00eda Azcapotzalco.&nbsp;<\/mark>Est\u00e1 frente a la estaci\u00f3n Colegio de Bachilleres 1 del Metrob\u00fas, abierto todos los d\u00edas de 10:00 a 17:00 horas.<\/p>\n\n\n\n<p>Lleva tu documentaci\u00f3n: copia de tu identificaci\u00f3n oficial (como tu INE) y un comprobante de domicilio reciente (no mayor a tres meses).<\/p>\n\n\n\n<p>Recibe una visita domiciliaria.&nbsp;<mark>El personal del CTC verificar\u00e1 que el lugar sea seguro y adecuado para el nuevo miembro de tu familia.<\/mark><\/p>\n\n\n\n<figure class=\"wp-block-embed is-type-rich is-provider-twitter wp-block-embed-twitter\"><div class=\"wp-block-embed__wrapper\">\n<blockquote class=\"twitter-tweet\" data-width=\"550\" data-dnt=\"true\"><p lang=\"es\" dir=\"ltr\">Sigue la cuenta oficial del <a href=\"https:\/\/twitter.com\/hashtag\/CTCMetro?src=hash&amp;ref_src=twsrc%5Etfw\">#CTCMetro<\/a>,<a href=\"https:\/\/twitter.com\/ctcdelmetro?ref_src=twsrc%5Etfw\">@ctcdelmetro<\/a>, para mantenerte informado de los perritos rescatados dentro de las instalaciones del Metro, los requisitos de adopci\u00f3n y los datos para realizar donaciones; nuestros peludos te lo agradecer\u00e1n mucho. <a href=\"https:\/\/twitter.com\/hashtag\/AdoptaNoCompres?src=hash&amp;ref_src=twsrc%5Etfw\">#AdoptaNoCompres<\/a>\u2026 <a href=\"https:\/\/t.co\/TCYQxz63Sa\">pic.twitter.com\/TCYQxz63Sa<\/a><\/p>&mdash; MetroCDMX (@MetroCDMX) <a href=\"https:\/\/twitter.com\/MetroCDMX\/status\/1937292083355619754?ref_src=twsrc%5Etfw\">June 23, 2025<\/a><\/blockquote><script async src=\"https:\/\/platform.twitter.com\/widgets.js\" charset=\"utf-8\"><\/script>\n<\/div><\/figure>\n\n\n\n<p>Agenda la entrega. Si todo est\u00e1 en orden, se fijar\u00e1 una fecha para que recojas al perrito.<\/p>\n\n\n\n<p>Los canes entregados est\u00e1n&nbsp;<mark>ba\u00f1ados, esterilizados y desparasitados<\/mark>, listos para comenzar una nueva etapa contigo. Actualmente, m\u00e1s de&nbsp;<strong>40 perros esperan ser adoptados<\/strong>.<\/p>\n\n\n\n<p>El CTC tambi\u00e9n necesita apoyo para seguir operando.&nbsp;<mark>Las personas interesadas pueden donar insumos como croquetas, platos met\u00e1licos, productos de limpieza, collares, cobijas, juguetes o medicamentos.<\/mark>&nbsp;Estas contribuciones son fundamentales para mejorar la calidad de vida de los perros en resguardo.<\/p>\n\n\n\n<p>Adem\u00e1s, visibilizar el programa y compartir su existencia es una forma de ayudar a que m\u00e1s personas se sumen, ya sea adoptando o promoviendo el bienestar animal.<\/p>\n\n\n\n<p>Con informaci\u00f3n de SUN<\/p>\n","protected":false},"excerpt":{"rendered":"<p>Por Redacci\u00f3n QP El Sistema de Transporte Colectivo cre\u00f3 el Centro de Transferencia Canina (CTC),&#8230;<\/p>\n","protected":false},"author":2,"featured_media":117186,"comment_status":"open","ping_status":"open","sticky":false,"template":"","format":"standard","meta":{"_monsterinsights_skip_tracking":false,"_monsterinsights_sitenote_active":false,"_monsterinsights_sitenote_note":"","_monsterinsights_sitenote_category":0,"footnotes":""},"categories":[55],"tags":[],"class_list":["post-117183","post","type-post","status-publish","format-standard","has-post-thumbnail","hentry","category-cdmx"],"yoast_head":"<!-- This site is optimized with the Yoast SEO plugin v27.3 - https:\/\/yoast.com\/product\/yoast-seo-wordpress\/ -->\n<title>Ad\u00f3ptame 2025: as\u00ed puedes dar hogar a un perro rescatado del Metro de la CDMX -<\/title>\n<meta name=\"robots\" content=\"index, follow, max-snippet:-1, max-image-preview:large, max-video-preview:-1\" \/>\n<link rel=\"canonical\" href=\"https:\/\/quehacerpolitico.mx\/?p=117183\" \/>\n<meta property=\"og:locale\" content=\"es_MX\" \/>\n<meta property=\"og:type\" content=\"article\" \/>\n<meta property=\"og:title\" content=\"Ad\u00f3ptame 2025: as\u00ed puedes dar hogar a un perro rescatado del Metro de la CDMX -\" \/>\n<meta property=\"og:description\" content=\"Por Redacci\u00f3n QP El Sistema de Transporte Colectivo cre\u00f3 el Centro de Transferencia Canina (CTC),...\" \/>\n<meta property=\"og:url\" content=\"https:\/\/quehacerpolitico.mx\/?p=117183\" \/>\n<meta property=\"article:published_time\" content=\"2025-06-25T01:27:03+00:00\" \/>\n<meta property=\"article:modified_time\" content=\"2025-06-25T01:27:06+00:00\" \/>\n<meta property=\"og:image\" content=\"https:\/\/quehacerpolitico.mx\/wp-content\/uploads\/2025\/06\/IMG_1091-1.jpeg\" \/>\n\t<meta property=\"og:image:width\" content=\"640\" \/>\n\t<meta property=\"og:image:height\" content=\"479\" \/>\n\t<meta property=\"og:image:type\" content=\"image\/jpeg\" \/>\n<meta name=\"author\" content=\"Redacci\u00f3n QP\" \/>\n<meta name=\"twitter:card\" content=\"summary_large_image\" \/>\n<meta name=\"twitter:label1\" content=\"Escrito por\" \/>\n\t<meta name=\"twitter:data1\" content=\"Redacci\u00f3n QP\" \/>\n\t<meta name=\"twitter:label2\" content=\"Tiempo de lectura\" \/>\n\t<meta name=\"twitter:data2\" content=\"3 minutos\" \/>\n<script type=\"application\/ld+json\" class=\"yoast-schema-graph\">{\"@context\":\"https:\\\/\\\/schema.org\",\"@graph\":[{\"@type\":\"Article\",\"@id\":\"https:\\\/\\\/quehacerpolitico.mx\\\/?p=117183#article\",\"isPartOf\":{\"@id\":\"https:\\\/\\\/quehacerpolitico.mx\\\/?p=117183\"},\"author\":{\"name\":\"Redacci\u00f3n QP\",\"@id\":\"https:\\\/\\\/quehacerpolitico.mx\\\/#\\\/schema\\\/person\\\/496d8ad2d1d3f8036101dca7ee39e585\"},\"headline\":\"Ad\u00f3ptame 2025: as\u00ed puedes dar hogar a un perro rescatado del Metro de la CDMX\",\"datePublished\":\"2025-06-25T01:27:03+00:00\",\"dateModified\":\"2025-06-25T01:27:06+00:00\",\"mainEntityOfPage\":{\"@id\":\"https:\\\/\\\/quehacerpolitico.mx\\\/?p=117183\"},\"wordCount\":543,\"commentCount\":0,\"image\":{\"@id\":\"https:\\\/\\\/quehacerpolitico.mx\\\/?p=117183#primaryimage\"},\"thumbnailUrl\":\"https:\\\/\\\/quehacerpolitico.mx\\\/wp-content\\\/uploads\\\/2025\\\/06\\\/IMG_1091-1.jpeg\",\"articleSection\":[\"CDMX\"],\"inLanguage\":\"es\",\"potentialAction\":[{\"@type\":\"CommentAction\",\"name\":\"Comment\",\"target\":[\"https:\\\/\\\/quehacerpolitico.mx\\\/?p=117183#respond\"]}]},{\"@type\":\"WebPage\",\"@id\":\"https:\\\/\\\/quehacerpolitico.mx\\\/?p=117183\",\"url\":\"https:\\\/\\\/quehacerpolitico.mx\\\/?p=117183\",\"name\":\"Ad\u00f3ptame 2025: as\u00ed puedes dar hogar a un perro rescatado del Metro de la CDMX -\",\"isPartOf\":{\"@id\":\"https:\\\/\\\/quehacerpolitico.mx\\\/#website\"},\"primaryImageOfPage\":{\"@id\":\"https:\\\/\\\/quehacerpolitico.mx\\\/?p=117183#primaryimage\"},\"image\":{\"@id\":\"https:\\\/\\\/quehacerpolitico.mx\\\/?p=117183#primaryimage\"},\"thumbnailUrl\":\"https:\\\/\\\/quehacerpolitico.mx\\\/wp-content\\\/uploads\\\/2025\\\/06\\\/IMG_1091-1.jpeg\",\"datePublished\":\"2025-06-25T01:27:03+00:00\",\"dateModified\":\"2025-06-25T01:27:06+00:00\",\"author\":{\"@id\":\"https:\\\/\\\/quehacerpolitico.mx\\\/#\\\/schema\\\/person\\\/496d8ad2d1d3f8036101dca7ee39e585\"},\"breadcrumb\":{\"@id\":\"https:\\\/\\\/quehacerpolitico.mx\\\/?p=117183#breadcrumb\"},\"inLanguage\":\"es\",\"potentialAction\":[{\"@type\":\"ReadAction\",\"target\":[\"https:\\\/\\\/quehacerpolitico.mx\\\/?p=117183\"]}]},{\"@type\":\"ImageObject\",\"inLanguage\":\"es\",\"@id\":\"https:\\\/\\\/quehacerpolitico.mx\\\/?p=117183#primaryimage\",\"url\":\"https:\\\/\\\/quehacerpolitico.mx\\\/wp-content\\\/uploads\\\/2025\\\/06\\\/IMG_1091-1.jpeg\",\"contentUrl\":\"https:\\\/\\\/quehacerpolitico.mx\\\/wp-content\\\/uploads\\\/2025\\\/06\\\/IMG_1091-1.jpeg\",\"width\":640,\"height\":479},{\"@type\":\"BreadcrumbList\",\"@id\":\"https:\\\/\\\/quehacerpolitico.mx\\\/?p=117183#breadcrumb\",\"itemListElement\":[{\"@type\":\"ListItem\",\"position\":1,\"name\":\"Inicio\",\"item\":\"https:\\\/\\\/quehacerpolitico.mx\\\/\"},{\"@type\":\"ListItem\",\"position\":2,\"name\":\"Ad\u00f3ptame 2025: as\u00ed puedes dar hogar a un perro rescatado del Metro de la CDMX\"}]},{\"@type\":\"WebSite\",\"@id\":\"https:\\\/\\\/quehacerpolitico.mx\\\/#website\",\"url\":\"https:\\\/\\\/quehacerpolitico.mx\\\/\",\"name\":\"\",\"description\":\"\",\"potentialAction\":[{\"@type\":\"SearchAction\",\"target\":{\"@type\":\"EntryPoint\",\"urlTemplate\":\"https:\\\/\\\/quehacerpolitico.mx\\\/?s={search_term_string}\"},\"query-input\":{\"@type\":\"PropertyValueSpecification\",\"valueRequired\":true,\"valueName\":\"search_term_string\"}}],\"inLanguage\":\"es\"},{\"@type\":\"Person\",\"@id\":\"https:\\\/\\\/quehacerpolitico.mx\\\/#\\\/schema\\\/person\\\/496d8ad2d1d3f8036101dca7ee39e585\",\"name\":\"Redacci\u00f3n QP\",\"image\":{\"@type\":\"ImageObject\",\"inLanguage\":\"es\",\"@id\":\"https:\\\/\\\/secure.gravatar.com\\\/avatar\\\/c7164ed6fdec453195284ad24a5ae5b6e1eed2b848477fa2a4787ba9adf39a41?s=96&d=mm&r=g\",\"url\":\"https:\\\/\\\/secure.gravatar.com\\\/avatar\\\/c7164ed6fdec453195284ad24a5ae5b6e1eed2b848477fa2a4787ba9adf39a41?s=96&d=mm&r=g\",\"contentUrl\":\"https:\\\/\\\/secure.gravatar.com\\\/avatar\\\/c7164ed6fdec453195284ad24a5ae5b6e1eed2b848477fa2a4787ba9adf39a41?s=96&d=mm&r=g\",\"caption\":\"Redacci\u00f3n QP\"},\"url\":\"https:\\\/\\\/quehacerpolitico.mx\\\/?author=2\"}]}<\/script>\n<!-- \/ Yoast SEO plugin. -->","yoast_head_json":{"title":"Ad\u00f3ptame 2025: as\u00ed puedes dar hogar a un perro rescatado del Metro de la CDMX -","robots":{"index":"index","follow":"follow","max-snippet":"max-snippet:-1","max-image-preview":"max-image-preview:large","max-video-preview":"max-video-preview:-1"},"canonical":"https:\/\/quehacerpolitico.mx\/?p=117183","og_locale":"es_MX","og_type":"article","og_title":"Ad\u00f3ptame 2025: as\u00ed puedes dar hogar a un perro rescatado del Metro de la CDMX -","og_description":"Por Redacci\u00f3n QP El Sistema de Transporte Colectivo cre\u00f3 el Centro de Transferencia Canina (CTC),...","og_url":"https:\/\/quehacerpolitico.mx\/?p=117183","article_published_time":"2025-06-25T01:27:03+00:00","article_modified_time":"2025-06-25T01:27:06+00:00","og_image":[{"width":640,"height":479,"url":"https:\/\/quehacerpolitico.mx\/wp-content\/uploads\/2025\/06\/IMG_1091-1.jpeg","type":"image\/jpeg"}],"author":"Redacci\u00f3n QP","twitter_card":"summary_large_image","twitter_misc":{"Escrito por":"Redacci\u00f3n QP","Tiempo de lectura":"3 minutos"},"schema":{"@context":"https:\/\/schema.org","@graph":[{"@type":"Article","@id":"https:\/\/quehacerpolitico.mx\/?p=117183#article","isPartOf":{"@id":"https:\/\/quehacerpolitico.mx\/?p=117183"},"author":{"name":"Redacci\u00f3n QP","@id":"https:\/\/quehacerpolitico.mx\/#\/schema\/person\/496d8ad2d1d3f8036101dca7ee39e585"},"headline":"Ad\u00f3ptame 2025: as\u00ed puedes dar hogar a un perro rescatado del Metro de la CDMX","datePublished":"2025-06-25T01:27:03+00:00","dateModified":"2025-06-25T01:27:06+00:00","mainEntityOfPage":{"@id":"https:\/\/quehacerpolitico.mx\/?p=117183"},"wordCount":543,"commentCount":0,"image":{"@id":"https:\/\/quehacerpolitico.mx\/?p=117183#primaryimage"},"thumbnailUrl":"https:\/\/quehacerpolitico.mx\/wp-content\/uploads\/2025\/06\/IMG_1091-1.jpeg","articleSection":["CDMX"],"inLanguage":"es","potentialAction":[{"@type":"CommentAction","name":"Comment","target":["https:\/\/quehacerpolitico.mx\/?p=117183#respond"]}]},{"@type":"WebPage","@id":"https:\/\/quehacerpolitico.mx\/?p=117183","url":"https:\/\/quehacerpolitico.mx\/?p=117183","name":"Ad\u00f3ptame 2025: as\u00ed puedes dar hogar a un perro rescatado del Metro de la CDMX -","isPartOf":{"@id":"https:\/\/quehacerpolitico.mx\/#website"},"primaryImageOfPage":{"@id":"https:\/\/quehacerpolitico.mx\/?p=117183#primaryimage"},"image":{"@id":"https:\/\/quehacerpolitico.mx\/?p=117183#primaryimage"},"thumbnailUrl":"https:\/\/quehacerpolitico.mx\/wp-content\/uploads\/2025\/06\/IMG_1091-1.jpeg","datePublished":"2025-06-25T01:27:03+00:00","dateModified":"2025-06-25T01:27:06+00:00","author":{"@id":"https:\/\/quehacerpolitico.mx\/#\/schema\/person\/496d8ad2d1d3f8036101dca7ee39e585"},"breadcrumb":{"@id":"https:\/\/quehacerpolitico.mx\/?p=117183#breadcrumb"},"inLanguage":"es","potentialAction":[{"@type":"ReadAction","target":["https:\/\/quehacerpolitico.mx\/?p=117183"]}]},{"@type":"ImageObject","inLanguage":"es","@id":"https:\/\/quehacerpolitico.mx\/?p=117183#primaryimage","url":"https:\/\/quehacerpolitico.mx\/wp-content\/uploads\/2025\/06\/IMG_1091-1.jpeg","contentUrl":"https:\/\/quehacerpolitico.mx\/wp-content\/uploads\/2025\/06\/IMG_1091-1.jpeg","width":640,"height":479},{"@type":"BreadcrumbList","@id":"https:\/\/quehacerpolitico.mx\/?p=117183#breadcrumb","itemListElement":[{"@type":"ListItem","position":1,"name":"Inicio","item":"https:\/\/quehacerpolitico.mx\/"},{"@type":"ListItem","position":2,"name":"Ad\u00f3ptame 2025: as\u00ed puedes dar hogar a un perro rescatado del Metro de la CDMX"}]},{"@type":"WebSite","@id":"https:\/\/quehacerpolitico.mx\/#website","url":"https:\/\/quehacerpolitico.mx\/","name":"","description":"","potentialAction":[{"@type":"SearchAction","target":{"@type":"EntryPoint","urlTemplate":"https:\/\/quehacerpolitico.mx\/?s={search_term_string}"},"query-input":{"@type":"PropertyValueSpecification","valueRequired":true,"valueName":"search_term_string"}}],"inLanguage":"es"},{"@type":"Person","@id":"https:\/\/quehacerpolitico.mx\/#\/schema\/person\/496d8ad2d1d3f8036101dca7ee39e585","name":"Redacci\u00f3n QP","image":{"@type":"ImageObject","inLanguage":"es","@id":"https:\/\/secure.gravatar.com\/avatar\/c7164ed6fdec453195284ad24a5ae5b6e1eed2b848477fa2a4787ba9adf39a41?s=96&d=mm&r=g","url":"https:\/\/secure.gravatar.com\/avatar\/c7164ed6fdec453195284ad24a5ae5b6e1eed2b848477fa2a4787ba9adf39a41?s=96&d=mm&r=g","contentUrl":"https:\/\/secure.gravatar.com\/avatar\/c7164ed6fdec453195284ad24a5ae5b6e1eed2b848477fa2a4787ba9adf39a41?s=96&d=mm&r=g","caption":"Redacci\u00f3n QP"},"url":"https:\/\/quehacerpolitico.mx\/?author=2"}]}},"featured_image_urls":{"full":["https:\/\/quehacerpolitico.mx\/wp-content\/uploads\/2025\/06\/IMG_1091-1.jpeg",640,479,false],"thumbnail":["https:\/\/quehacerpolitico.mx\/wp-content\/uploads\/2025\/06\/IMG_1091-1-150x150.jpeg",150,150,true],"medium":["https:\/\/quehacerpolitico.mx\/wp-content\/uploads\/2025\/06\/IMG_1091-1-300x225.jpeg",300,225,true],"medium_large":["https:\/\/quehacerpolitico.mx\/wp-content\/uploads\/2025\/06\/IMG_1091-1.jpeg",640,479,false],"large":["https:\/\/quehacerpolitico.mx\/wp-content\/uploads\/2025\/06\/IMG_1091-1.jpeg",640,479,false],"1536x1536":["https:\/\/quehacerpolitico.mx\/wp-content\/uploads\/2025\/06\/IMG_1091-1.jpeg",640,479,false],"2048x2048":["https:\/\/quehacerpolitico.mx\/wp-content\/uploads\/2025\/06\/IMG_1091-1.jpeg",640,479,false],"covernews-featured":["https:\/\/quehacerpolitico.mx\/wp-content\/uploads\/2025\/06\/IMG_1091-1.jpeg",640,479,false],"covernews-medium":["https:\/\/quehacerpolitico.mx\/wp-content\/uploads\/2025\/06\/IMG_1091-1-540x340.jpeg",540,340,true]},"author_info":{"display_name":"Redacci\u00f3n QP","author_link":"https:\/\/quehacerpolitico.mx\/?author=2"},"category_info":"<a href=\"https:\/\/quehacerpolitico.mx\/?cat=55\" rel=\"category\">CDMX<\/a>","tag_info":"CDMX","comment_count":"0","_links":{"self":[{"href":"https:\/\/quehacerpolitico.mx\/index.php?rest_route=\/wp\/v2\/posts\/117183","targetHints":{"allow":["GET"]}}],"collection":[{"href":"https:\/\/quehacerpolitico.mx\/index.php?rest_route=\/wp\/v2\/posts"}],"about":[{"href":"https:\/\/quehacerpolitico.mx\/index.php?rest_route=\/wp\/v2\/types\/post"}],"author":[{"embeddable":true,"href":"https:\/\/quehacerpolitico.mx\/index.php?rest_route=\/wp\/v2\/users\/2"}],"replies":[{"embeddable":true,"href":"https:\/\/quehacerpolitico.mx\/index.php?rest_route=%2Fwp%2Fv2%2Fcomments&post=117183"}],"version-history":[{"count":1,"href":"https:\/\/quehacerpolitico.mx\/index.php?rest_route=\/wp\/v2\/posts\/117183\/revisions"}],"predecessor-version":[{"id":117187,"href":"https:\/\/quehacerpolitico.mx\/index.php?rest_route=\/wp\/v2\/posts\/117183\/revisions\/117187"}],"wp:featuredmedia":[{"embeddable":true,"href":"https:\/\/quehacerpolitico.mx\/index.php?rest_route=\/wp\/v2\/media\/117186"}],"wp:attachment":[{"href":"https:\/\/quehacerpolitico.mx\/index.php?rest_route=%2Fwp%2Fv2%2Fmedia&parent=117183"}],"wp:term":[{"taxonomy":"category","embeddable":true,"href":"https:\/\/quehacerpolitico.mx\/index.php?rest_route=%2Fwp%2Fv2%2Fcategories&post=117183"},{"taxonomy":"post_tag","embeddable":true,"href":"https:\/\/quehacerpolitico.mx\/index.php?rest_route=%2Fwp%2Fv2%2Ftags&post=117183"}],"curies":[{"name":"wp","href":"https:\/\/api.w.org\/{rel}","templated":true}]}}