{"id":117178,"date":"2025-06-24T18:49:14","date_gmt":"2025-06-25T00:49:14","guid":{"rendered":"https:\/\/quehacerpolitico.mx\/?p=117178"},"modified":"2025-06-24T18:49:15","modified_gmt":"2025-06-25T00:49:15","slug":"clara-brugada-jefa-de-gobierno-de-la-cdmx-anuncio-el-desarrollo-de-16-primeras-utopias-de-100-proyectadas","status":"publish","type":"post","link":"https:\/\/quehacerpolitico.mx\/?p=117178","title":{"rendered":"Clara Brugada Jefa de Gobierno de la CDMX anunci\u00f3 el desarrollo de 16 primeras utop\u00edas de 100 proyectadas"},"content":{"rendered":"\n<p>Por Redacci\u00f3n QP<\/p>\n\n\n\n<p>Las primeras 16 Utop\u00edas de las 100 proyectadas en este sexenio para la CDMX, costar\u00e1n 3 mil millones de pesos (mdp).<\/p>\n\n\n\n<p>Las primeras 16 Unidades de Transformaci\u00f3n y Organizaci\u00f3n para la Inclusi\u00f3n y Armon\u00eda Social (<strong>Utop\u00edas<\/strong>) costar\u00e1n 3 mil millones de pesos, inform\u00f3 este martes en conferencia de prensa la&nbsp;<strong>jefa de Gobierno,&nbsp;Clara Brugada.<\/strong><\/p>\n\n\n\n<figure class=\"wp-block-gallery has-nested-images columns-default is-cropped wp-block-gallery-1 is-layout-flex wp-block-gallery-is-layout-flex\">\n<figure class=\"wp-block-image size-large\"><img loading=\"lazy\" decoding=\"async\" width=\"1024\" height=\"683\" data-id=\"117179\" src=\"https:\/\/quehacerpolitico.mx\/wp-content\/uploads\/2025\/06\/IMG_1088-1024x683.jpeg\" alt=\"\" class=\"wp-image-117179\" srcset=\"https:\/\/quehacerpolitico.mx\/wp-content\/uploads\/2025\/06\/IMG_1088-1024x683.jpeg 1024w, https:\/\/quehacerpolitico.mx\/wp-content\/uploads\/2025\/06\/IMG_1088-300x200.jpeg 300w, https:\/\/quehacerpolitico.mx\/wp-content\/uploads\/2025\/06\/IMG_1088-768x512.jpeg 768w, https:\/\/quehacerpolitico.mx\/wp-content\/uploads\/2025\/06\/IMG_1088-1536x1025.jpeg 1536w, https:\/\/quehacerpolitico.mx\/wp-content\/uploads\/2025\/06\/IMG_1088.jpeg 2048w\" sizes=\"auto, (max-width: 1024px) 100vw, 1024px\" \/><\/figure>\n\n\n\n<figure class=\"wp-block-image size-large\"><img loading=\"lazy\" decoding=\"async\" width=\"1024\" height=\"683\" data-id=\"117180\" src=\"https:\/\/quehacerpolitico.mx\/wp-content\/uploads\/2025\/06\/IMG_1089-1024x683.jpeg\" alt=\"\" class=\"wp-image-117180\" srcset=\"https:\/\/quehacerpolitico.mx\/wp-content\/uploads\/2025\/06\/IMG_1089-1024x683.jpeg 1024w, https:\/\/quehacerpolitico.mx\/wp-content\/uploads\/2025\/06\/IMG_1089-300x200.jpeg 300w, https:\/\/quehacerpolitico.mx\/wp-content\/uploads\/2025\/06\/IMG_1089-768x512.jpeg 768w, https:\/\/quehacerpolitico.mx\/wp-content\/uploads\/2025\/06\/IMG_1089-1536x1025.jpeg 1536w, https:\/\/quehacerpolitico.mx\/wp-content\/uploads\/2025\/06\/IMG_1089.jpeg 2048w\" sizes=\"auto, (max-width: 1024px) 100vw, 1024px\" \/><\/figure>\n<\/figure>\n\n\n\n<p>Para las primeras<strong>&nbsp;16&nbsp;<\/strong>Utop\u00edas, de las cien proyectadas en todo el sexenio, se prev\u00e9 la intervenci\u00f3n de&nbsp;<strong>760 mil metros cuadrados<\/strong>&nbsp;de espacio p\u00fablico.<\/p>\n\n\n\n<p>Actualmente, 13 de los proyectos est\u00e1n en marcha y las de&nbsp;<strong>\u00c1lvaro Obreg\u00f3n, Cuajimalpa y Xochimilco<\/strong>&nbsp;est\u00e1n en un proceso de negociaci\u00f3n con los residentes de la zona.<\/p>\n\n\n\n<p>Se trata, dijo la mandataria capitalina, de uno de los proyectos m\u00e1s importantes de intervenci\u00f3n del espacio p\u00fablico para el bienestar social en la historia de la Ciudad de M\u00e9xico.<\/p>\n\n\n\n<p><strong>Este proyecto de Utop\u00edas es una de las pol\u00edticas sociales m\u00e1s significativas y transformadoras de nuestra ciudad\u201d, dijo.<\/strong><\/p>\n\n\n\n<figure class=\"wp-block-embed is-type-rich is-provider-twitter wp-block-embed-twitter\"><div class=\"wp-block-embed__wrapper\">\n<blockquote class=\"twitter-tweet\" data-width=\"550\" data-dnt=\"true\"><p lang=\"es\" dir=\"ltr\">\u261d\ud83c\udffb <a href=\"https:\/\/twitter.com\/hashtag\/UTOP%C3%8DAS?src=hash&amp;ref_src=twsrc%5Etfw\">#UTOP\u00cdAS<\/a>, es una de las pol\u00edticas sociales m\u00e1s significativas y transformadoras de nuestra ciudad, surgen de la convicci\u00f3n de transformar el espacio p\u00fablico, para que sean punto de encuentro de la ciudadan\u00eda. \ud83d\udc68\u200d\ud83d\udc67\ud83d\udc69\u200d\ud83d\udc67<br><br>\ud83d\ude4cSe trata de generar espacios de paz en la\u2026 <a href=\"https:\/\/t.co\/04ArbYQu8X\">pic.twitter.com\/04ArbYQu8X<\/a><\/p>&mdash; Gobierno de la Ciudad de M\u00e9xico (@GobCDMX) <a href=\"https:\/\/twitter.com\/GobCDMX\/status\/1937605414331338795?ref_src=twsrc%5Etfw\">June 24, 2025<\/a><\/blockquote><script async src=\"https:\/\/platform.twitter.com\/widgets.js\" charset=\"utf-8\"><\/script>\n<\/div><\/figure>\n\n\n\n<figure class=\"wp-block-embed is-type-rich is-provider-twitter wp-block-embed-twitter\"><div class=\"wp-block-embed__wrapper\">\n<blockquote class=\"twitter-tweet\" data-width=\"550\" data-dnt=\"true\"><p lang=\"es\" dir=\"ltr\">\u2728 \ud83e\udd8b \u00a1Queremos que todos los actores pol\u00edticos, sociales, ambientalistas y culturales se sumen a las <a href=\"https:\/\/twitter.com\/hashtag\/UTOP%C3%8DAS?src=hash&amp;ref_src=twsrc%5Etfw\">#UTOP\u00cdAS<\/a>!<br><br>\ud83d\ude4c\ud83c\udffb \ud83c\udfe2  Las propuestas, metodolog\u00edas, ideas y causas ser\u00e1n bienvenidas para avanzar en la construcci\u00f3n de las <a href=\"https:\/\/twitter.com\/hashtag\/UTOP%C3%8DAS?src=hash&amp;ref_src=twsrc%5Etfw\">#UTOP\u00cdAS<\/a> como un proyecto de bienestar para la poblaci\u00f3n,\u2026 <a href=\"https:\/\/t.co\/LEJhGQ0Zou\">pic.twitter.com\/LEJhGQ0Zou<\/a><\/p>&mdash; Gobierno de la Ciudad de M\u00e9xico (@GobCDMX) <a href=\"https:\/\/twitter.com\/GobCDMX\/status\/1937614379144351812?ref_src=twsrc%5Etfw\">June 24, 2025<\/a><\/blockquote><script async src=\"https:\/\/platform.twitter.com\/widgets.js\" charset=\"utf-8\"><\/script>\n<\/div><\/figure>\n\n\n\n<p><strong>Nuevas Utop\u00edas en CDMX<\/strong><\/p>\n\n\n\n<p>En diciembre del 2024, Clara Brugada inform\u00f3 que, las nuevas Utop\u00edas que se construir\u00e1n en CDMX,<strong>&nbsp;tendr\u00e1n alg\u00fan atractivo principal&nbsp;<\/strong>como tirolesa, muros para escalar, jardines contemplativos o luminosos, trampolines, circo, cinema al aire libre, laberintos literarios, pistas de ciclismo extremo, juegos mec\u00e1nicos, entre otros.<\/p>\n\n\n\n<p>Cabe destacar que, las Utop\u00edas, son un&nbsp;<strong>proyecto que inici\u00f3 en&nbsp;Iztapalpa<\/strong>, por parte de Clara Brugada, cuando era alcaldesa de la demarcaci\u00f3n.<\/p>\n\n\n\n<p>Son una serie de parques, centros sociales, centros de&nbsp;<strong>aprendizaje<\/strong>, cultura, e instalaciones deportivas.<\/p>\n\n\n\n<p>El&nbsp;<strong>nombre &#8220;Utop\u00eda&#8221;&nbsp;<\/strong>significa Unidades de Transformaci\u00f3n y Organizaci\u00f3n para la Inclusi\u00f3n y la Armon\u00eda Social.<\/p>\n\n\n\n<p>Las utop\u00edas giran en torno al aprendizaje, el intercambio y la acci\u00f3n comunitarios. Abordan los problemas m\u00e1s acuciantes de los habitantes de la zona, como&nbsp;centros para mujeres&nbsp;y lugares para&nbsp;tratar la adicci\u00f3n y la recuperaci\u00f3n,&nbsp;pero tambi\u00e9n son maravillas arquitect\u00f3nicas y al aire libre.<\/p>\n\n\n\n<figure class=\"wp-block-embed is-type-rich is-provider-twitter wp-block-embed-twitter\"><div class=\"wp-block-embed__wrapper\">\n<blockquote class=\"twitter-tweet\" data-width=\"550\" data-dnt=\"true\"><p lang=\"es\" dir=\"ltr\"><a href=\"https:\/\/twitter.com\/hashtag\/EnVivo?src=hash&amp;ref_src=twsrc%5Etfw\">#EnVivo<\/a> \u25b6\ufe0f La <a href=\"https:\/\/twitter.com\/hashtag\/JefaDeGobierno?src=hash&amp;ref_src=twsrc%5Etfw\">#JefaDeGobierno<\/a>, <a href=\"https:\/\/twitter.com\/ClaraBrugadaM?ref_src=twsrc%5Etfw\">@ClaraBrugadaM<\/a>, encabeza conferencia de prensa. <a href=\"https:\/\/t.co\/7bRMXGPaVy\">https:\/\/t.co\/7bRMXGPaVy<\/a><\/p>&mdash; Gobierno de la Ciudad de M\u00e9xico (@GobCDMX) <a href=\"https:\/\/twitter.com\/GobCDMX\/status\/1937570680796774418?ref_src=twsrc%5Etfw\">June 24, 2025<\/a><\/blockquote><script async src=\"https:\/\/platform.twitter.com\/widgets.js\" charset=\"utf-8\"><\/script>\n<\/div><\/figure>\n","protected":false},"excerpt":{"rendered":"<p>Por Redacci\u00f3n QP Las primeras 16 Utop\u00edas de las 100 proyectadas en este sexenio para&#8230;<\/p>\n","protected":false},"author":2,"featured_media":117181,"comment_status":"open","ping_status":"open","sticky":false,"template":"","format":"standard","meta":{"_monsterinsights_skip_tracking":false,"_monsterinsights_sitenote_active":false,"_monsterinsights_sitenote_note":"","_monsterinsights_sitenote_category":0,"footnotes":""},"categories":[55],"tags":[],"class_list":["post-117178","post","type-post","status-publish","format-standard","has-post-thumbnail","hentry","category-cdmx"],"yoast_head":"<!-- This site is optimized with the Yoast SEO plugin v27.3 - https:\/\/yoast.com\/product\/yoast-seo-wordpress\/ -->\n<title>Clara Brugada Jefa de Gobierno de la CDMX anunci\u00f3 el desarrollo de 16 primeras utop\u00edas de 100 proyectadas -<\/title>\n<meta name=\"robots\" content=\"index, follow, max-snippet:-1, max-image-preview:large, max-video-preview:-1\" \/>\n<link rel=\"canonical\" href=\"https:\/\/quehacerpolitico.mx\/?p=117178\" \/>\n<meta property=\"og:locale\" content=\"es_MX\" \/>\n<meta property=\"og:type\" content=\"article\" \/>\n<meta property=\"og:title\" content=\"Clara Brugada Jefa de Gobierno de la CDMX anunci\u00f3 el desarrollo de 16 primeras utop\u00edas de 100 proyectadas -\" \/>\n<meta property=\"og:description\" content=\"Por Redacci\u00f3n QP Las primeras 16 Utop\u00edas de las 100 proyectadas en este sexenio para...\" \/>\n<meta property=\"og:url\" content=\"https:\/\/quehacerpolitico.mx\/?p=117178\" \/>\n<meta property=\"article:published_time\" content=\"2025-06-25T00:49:14+00:00\" \/>\n<meta property=\"article:modified_time\" content=\"2025-06-25T00:49:15+00:00\" \/>\n<meta property=\"og:image\" content=\"https:\/\/quehacerpolitico.mx\/wp-content\/uploads\/2025\/06\/IMG_1087.jpeg\" \/>\n\t<meta property=\"og:image:width\" content=\"2048\" \/>\n\t<meta property=\"og:image:height\" content=\"1365\" \/>\n\t<meta property=\"og:image:type\" content=\"image\/jpeg\" \/>\n<meta name=\"author\" content=\"Redacci\u00f3n QP\" \/>\n<meta name=\"twitter:card\" content=\"summary_large_image\" \/>\n<meta name=\"twitter:label1\" content=\"Escrito por\" \/>\n\t<meta name=\"twitter:data1\" content=\"Redacci\u00f3n QP\" \/>\n\t<meta name=\"twitter:label2\" content=\"Tiempo de lectura\" \/>\n\t<meta name=\"twitter:data2\" content=\"2 minutos\" \/>\n<script type=\"application\/ld+json\" class=\"yoast-schema-graph\">{\"@context\":\"https:\\\/\\\/schema.org\",\"@graph\":[{\"@type\":\"Article\",\"@id\":\"https:\\\/\\\/quehacerpolitico.mx\\\/?p=117178#article\",\"isPartOf\":{\"@id\":\"https:\\\/\\\/quehacerpolitico.mx\\\/?p=117178\"},\"author\":{\"name\":\"Redacci\u00f3n QP\",\"@id\":\"https:\\\/\\\/quehacerpolitico.mx\\\/#\\\/schema\\\/person\\\/496d8ad2d1d3f8036101dca7ee39e585\"},\"headline\":\"Clara Brugada Jefa de Gobierno de la CDMX anunci\u00f3 el desarrollo de 16 primeras utop\u00edas de 100 proyectadas\",\"datePublished\":\"2025-06-25T00:49:14+00:00\",\"dateModified\":\"2025-06-25T00:49:15+00:00\",\"mainEntityOfPage\":{\"@id\":\"https:\\\/\\\/quehacerpolitico.mx\\\/?p=117178\"},\"wordCount\":395,\"commentCount\":0,\"image\":{\"@id\":\"https:\\\/\\\/quehacerpolitico.mx\\\/?p=117178#primaryimage\"},\"thumbnailUrl\":\"https:\\\/\\\/quehacerpolitico.mx\\\/wp-content\\\/uploads\\\/2025\\\/06\\\/IMG_1087.jpeg\",\"articleSection\":[\"CDMX\"],\"inLanguage\":\"es\",\"potentialAction\":[{\"@type\":\"CommentAction\",\"name\":\"Comment\",\"target\":[\"https:\\\/\\\/quehacerpolitico.mx\\\/?p=117178#respond\"]}]},{\"@type\":\"WebPage\",\"@id\":\"https:\\\/\\\/quehacerpolitico.mx\\\/?p=117178\",\"url\":\"https:\\\/\\\/quehacerpolitico.mx\\\/?p=117178\",\"name\":\"Clara Brugada Jefa de Gobierno de la CDMX anunci\u00f3 el desarrollo de 16 primeras utop\u00edas de 100 proyectadas -\",\"isPartOf\":{\"@id\":\"https:\\\/\\\/quehacerpolitico.mx\\\/#website\"},\"primaryImageOfPage\":{\"@id\":\"https:\\\/\\\/quehacerpolitico.mx\\\/?p=117178#primaryimage\"},\"image\":{\"@id\":\"https:\\\/\\\/quehacerpolitico.mx\\\/?p=117178#primaryimage\"},\"thumbnailUrl\":\"https:\\\/\\\/quehacerpolitico.mx\\\/wp-content\\\/uploads\\\/2025\\\/06\\\/IMG_1087.jpeg\",\"datePublished\":\"2025-06-25T00:49:14+00:00\",\"dateModified\":\"2025-06-25T00:49:15+00:00\",\"author\":{\"@id\":\"https:\\\/\\\/quehacerpolitico.mx\\\/#\\\/schema\\\/person\\\/496d8ad2d1d3f8036101dca7ee39e585\"},\"breadcrumb\":{\"@id\":\"https:\\\/\\\/quehacerpolitico.mx\\\/?p=117178#breadcrumb\"},\"inLanguage\":\"es\",\"potentialAction\":[{\"@type\":\"ReadAction\",\"target\":[\"https:\\\/\\\/quehacerpolitico.mx\\\/?p=117178\"]}]},{\"@type\":\"ImageObject\",\"inLanguage\":\"es\",\"@id\":\"https:\\\/\\\/quehacerpolitico.mx\\\/?p=117178#primaryimage\",\"url\":\"https:\\\/\\\/quehacerpolitico.mx\\\/wp-content\\\/uploads\\\/2025\\\/06\\\/IMG_1087.jpeg\",\"contentUrl\":\"https:\\\/\\\/quehacerpolitico.mx\\\/wp-content\\\/uploads\\\/2025\\\/06\\\/IMG_1087.jpeg\",\"width\":2048,\"height\":1365},{\"@type\":\"BreadcrumbList\",\"@id\":\"https:\\\/\\\/quehacerpolitico.mx\\\/?p=117178#breadcrumb\",\"itemListElement\":[{\"@type\":\"ListItem\",\"position\":1,\"name\":\"Inicio\",\"item\":\"https:\\\/\\\/quehacerpolitico.mx\\\/\"},{\"@type\":\"ListItem\",\"position\":2,\"name\":\"Clara Brugada Jefa de Gobierno de la CDMX anunci\u00f3 el desarrollo de 16 primeras utop\u00edas de 100 proyectadas\"}]},{\"@type\":\"WebSite\",\"@id\":\"https:\\\/\\\/quehacerpolitico.mx\\\/#website\",\"url\":\"https:\\\/\\\/quehacerpolitico.mx\\\/\",\"name\":\"\",\"description\":\"\",\"potentialAction\":[{\"@type\":\"SearchAction\",\"target\":{\"@type\":\"EntryPoint\",\"urlTemplate\":\"https:\\\/\\\/quehacerpolitico.mx\\\/?s={search_term_string}\"},\"query-input\":{\"@type\":\"PropertyValueSpecification\",\"valueRequired\":true,\"valueName\":\"search_term_string\"}}],\"inLanguage\":\"es\"},{\"@type\":\"Person\",\"@id\":\"https:\\\/\\\/quehacerpolitico.mx\\\/#\\\/schema\\\/person\\\/496d8ad2d1d3f8036101dca7ee39e585\",\"name\":\"Redacci\u00f3n QP\",\"image\":{\"@type\":\"ImageObject\",\"inLanguage\":\"es\",\"@id\":\"https:\\\/\\\/secure.gravatar.com\\\/avatar\\\/c7164ed6fdec453195284ad24a5ae5b6e1eed2b848477fa2a4787ba9adf39a41?s=96&d=mm&r=g\",\"url\":\"https:\\\/\\\/secure.gravatar.com\\\/avatar\\\/c7164ed6fdec453195284ad24a5ae5b6e1eed2b848477fa2a4787ba9adf39a41?s=96&d=mm&r=g\",\"contentUrl\":\"https:\\\/\\\/secure.gravatar.com\\\/avatar\\\/c7164ed6fdec453195284ad24a5ae5b6e1eed2b848477fa2a4787ba9adf39a41?s=96&d=mm&r=g\",\"caption\":\"Redacci\u00f3n QP\"},\"url\":\"https:\\\/\\\/quehacerpolitico.mx\\\/?author=2\"}]}<\/script>\n<!-- \/ Yoast SEO plugin. -->","yoast_head_json":{"title":"Clara Brugada Jefa de Gobierno de la CDMX anunci\u00f3 el desarrollo de 16 primeras utop\u00edas de 100 proyectadas -","robots":{"index":"index","follow":"follow","max-snippet":"max-snippet:-1","max-image-preview":"max-image-preview:large","max-video-preview":"max-video-preview:-1"},"canonical":"https:\/\/quehacerpolitico.mx\/?p=117178","og_locale":"es_MX","og_type":"article","og_title":"Clara Brugada Jefa de Gobierno de la CDMX anunci\u00f3 el desarrollo de 16 primeras utop\u00edas de 100 proyectadas -","og_description":"Por Redacci\u00f3n QP Las primeras 16 Utop\u00edas de las 100 proyectadas en este sexenio para...","og_url":"https:\/\/quehacerpolitico.mx\/?p=117178","article_published_time":"2025-06-25T00:49:14+00:00","article_modified_time":"2025-06-25T00:49:15+00:00","og_image":[{"width":2048,"height":1365,"url":"https:\/\/quehacerpolitico.mx\/wp-content\/uploads\/2025\/06\/IMG_1087.jpeg","type":"image\/jpeg"}],"author":"Redacci\u00f3n QP","twitter_card":"summary_large_image","twitter_misc":{"Escrito por":"Redacci\u00f3n QP","Tiempo de lectura":"2 minutos"},"schema":{"@context":"https:\/\/schema.org","@graph":[{"@type":"Article","@id":"https:\/\/quehacerpolitico.mx\/?p=117178#article","isPartOf":{"@id":"https:\/\/quehacerpolitico.mx\/?p=117178"},"author":{"name":"Redacci\u00f3n QP","@id":"https:\/\/quehacerpolitico.mx\/#\/schema\/person\/496d8ad2d1d3f8036101dca7ee39e585"},"headline":"Clara Brugada Jefa de Gobierno de la CDMX anunci\u00f3 el desarrollo de 16 primeras utop\u00edas de 100 proyectadas","datePublished":"2025-06-25T00:49:14+00:00","dateModified":"2025-06-25T00:49:15+00:00","mainEntityOfPage":{"@id":"https:\/\/quehacerpolitico.mx\/?p=117178"},"wordCount":395,"commentCount":0,"image":{"@id":"https:\/\/quehacerpolitico.mx\/?p=117178#primaryimage"},"thumbnailUrl":"https:\/\/quehacerpolitico.mx\/wp-content\/uploads\/2025\/06\/IMG_1087.jpeg","articleSection":["CDMX"],"inLanguage":"es","potentialAction":[{"@type":"CommentAction","name":"Comment","target":["https:\/\/quehacerpolitico.mx\/?p=117178#respond"]}]},{"@type":"WebPage","@id":"https:\/\/quehacerpolitico.mx\/?p=117178","url":"https:\/\/quehacerpolitico.mx\/?p=117178","name":"Clara Brugada Jefa de Gobierno de la CDMX anunci\u00f3 el desarrollo de 16 primeras utop\u00edas de 100 proyectadas -","isPartOf":{"@id":"https:\/\/quehacerpolitico.mx\/#website"},"primaryImageOfPage":{"@id":"https:\/\/quehacerpolitico.mx\/?p=117178#primaryimage"},"image":{"@id":"https:\/\/quehacerpolitico.mx\/?p=117178#primaryimage"},"thumbnailUrl":"https:\/\/quehacerpolitico.mx\/wp-content\/uploads\/2025\/06\/IMG_1087.jpeg","datePublished":"2025-06-25T00:49:14+00:00","dateModified":"2025-06-25T00:49:15+00:00","author":{"@id":"https:\/\/quehacerpolitico.mx\/#\/schema\/person\/496d8ad2d1d3f8036101dca7ee39e585"},"breadcrumb":{"@id":"https:\/\/quehacerpolitico.mx\/?p=117178#breadcrumb"},"inLanguage":"es","potentialAction":[{"@type":"ReadAction","target":["https:\/\/quehacerpolitico.mx\/?p=117178"]}]},{"@type":"ImageObject","inLanguage":"es","@id":"https:\/\/quehacerpolitico.mx\/?p=117178#primaryimage","url":"https:\/\/quehacerpolitico.mx\/wp-content\/uploads\/2025\/06\/IMG_1087.jpeg","contentUrl":"https:\/\/quehacerpolitico.mx\/wp-content\/uploads\/2025\/06\/IMG_1087.jpeg","width":2048,"height":1365},{"@type":"BreadcrumbList","@id":"https:\/\/quehacerpolitico.mx\/?p=117178#breadcrumb","itemListElement":[{"@type":"ListItem","position":1,"name":"Inicio","item":"https:\/\/quehacerpolitico.mx\/"},{"@type":"ListItem","position":2,"name":"Clara Brugada Jefa de Gobierno de la CDMX anunci\u00f3 el desarrollo de 16 primeras utop\u00edas de 100 proyectadas"}]},{"@type":"WebSite","@id":"https:\/\/quehacerpolitico.mx\/#website","url":"https:\/\/quehacerpolitico.mx\/","name":"","description":"","potentialAction":[{"@type":"SearchAction","target":{"@type":"EntryPoint","urlTemplate":"https:\/\/quehacerpolitico.mx\/?s={search_term_string}"},"query-input":{"@type":"PropertyValueSpecification","valueRequired":true,"valueName":"search_term_string"}}],"inLanguage":"es"},{"@type":"Person","@id":"https:\/\/quehacerpolitico.mx\/#\/schema\/person\/496d8ad2d1d3f8036101dca7ee39e585","name":"Redacci\u00f3n QP","image":{"@type":"ImageObject","inLanguage":"es","@id":"https:\/\/secure.gravatar.com\/avatar\/c7164ed6fdec453195284ad24a5ae5b6e1eed2b848477fa2a4787ba9adf39a41?s=96&d=mm&r=g","url":"https:\/\/secure.gravatar.com\/avatar\/c7164ed6fdec453195284ad24a5ae5b6e1eed2b848477fa2a4787ba9adf39a41?s=96&d=mm&r=g","contentUrl":"https:\/\/secure.gravatar.com\/avatar\/c7164ed6fdec453195284ad24a5ae5b6e1eed2b848477fa2a4787ba9adf39a41?s=96&d=mm&r=g","caption":"Redacci\u00f3n QP"},"url":"https:\/\/quehacerpolitico.mx\/?author=2"}]}},"featured_image_urls":{"full":["https:\/\/quehacerpolitico.mx\/wp-content\/uploads\/2025\/06\/IMG_1087.jpeg",2048,1365,false],"thumbnail":["https:\/\/quehacerpolitico.mx\/wp-content\/uploads\/2025\/06\/IMG_1087-150x150.jpeg",150,150,true],"medium":["https:\/\/quehacerpolitico.mx\/wp-content\/uploads\/2025\/06\/IMG_1087-300x200.jpeg",300,200,true],"medium_large":["https:\/\/quehacerpolitico.mx\/wp-content\/uploads\/2025\/06\/IMG_1087-768x512.jpeg",640,427,true],"large":["https:\/\/quehacerpolitico.mx\/wp-content\/uploads\/2025\/06\/IMG_1087-1024x683.jpeg",640,427,true],"1536x1536":["https:\/\/quehacerpolitico.mx\/wp-content\/uploads\/2025\/06\/IMG_1087-1536x1024.jpeg",1536,1024,true],"2048x2048":["https:\/\/quehacerpolitico.mx\/wp-content\/uploads\/2025\/06\/IMG_1087.jpeg",2048,1365,false],"covernews-featured":["https:\/\/quehacerpolitico.mx\/wp-content\/uploads\/2025\/06\/IMG_1087-1024x683.jpeg",1024,683,true],"covernews-medium":["https:\/\/quehacerpolitico.mx\/wp-content\/uploads\/2025\/06\/IMG_1087-540x340.jpeg",540,340,true]},"author_info":{"display_name":"Redacci\u00f3n QP","author_link":"https:\/\/quehacerpolitico.mx\/?author=2"},"category_info":"<a href=\"https:\/\/quehacerpolitico.mx\/?cat=55\" rel=\"category\">CDMX<\/a>","tag_info":"CDMX","comment_count":"0","_links":{"self":[{"href":"https:\/\/quehacerpolitico.mx\/index.php?rest_route=\/wp\/v2\/posts\/117178","targetHints":{"allow":["GET"]}}],"collection":[{"href":"https:\/\/quehacerpolitico.mx\/index.php?rest_route=\/wp\/v2\/posts"}],"about":[{"href":"https:\/\/quehacerpolitico.mx\/index.php?rest_route=\/wp\/v2\/types\/post"}],"author":[{"embeddable":true,"href":"https:\/\/quehacerpolitico.mx\/index.php?rest_route=\/wp\/v2\/users\/2"}],"replies":[{"embeddable":true,"href":"https:\/\/quehacerpolitico.mx\/index.php?rest_route=%2Fwp%2Fv2%2Fcomments&post=117178"}],"version-history":[{"count":1,"href":"https:\/\/quehacerpolitico.mx\/index.php?rest_route=\/wp\/v2\/posts\/117178\/revisions"}],"predecessor-version":[{"id":117182,"href":"https:\/\/quehacerpolitico.mx\/index.php?rest_route=\/wp\/v2\/posts\/117178\/revisions\/117182"}],"wp:featuredmedia":[{"embeddable":true,"href":"https:\/\/quehacerpolitico.mx\/index.php?rest_route=\/wp\/v2\/media\/117181"}],"wp:attachment":[{"href":"https:\/\/quehacerpolitico.mx\/index.php?rest_route=%2Fwp%2Fv2%2Fmedia&parent=117178"}],"wp:term":[{"taxonomy":"category","embeddable":true,"href":"https:\/\/quehacerpolitico.mx\/index.php?rest_route=%2Fwp%2Fv2%2Fcategories&post=117178"},{"taxonomy":"post_tag","embeddable":true,"href":"https:\/\/quehacerpolitico.mx\/index.php?rest_route=%2Fwp%2Fv2%2Ftags&post=117178"}],"curies":[{"name":"wp","href":"https:\/\/api.w.org\/{rel}","templated":true}]}}