{"id":117159,"date":"2025-06-24T16:14:53","date_gmt":"2025-06-24T22:14:53","guid":{"rendered":"https:\/\/quehacerpolitico.mx\/?p=117159"},"modified":"2025-06-24T16:14:56","modified_gmt":"2025-06-24T22:14:56","slug":"participa-en-los-colores-del-pabellon-jornada-por-la-diversidad-sexo-generica","status":"publish","type":"post","link":"https:\/\/quehacerpolitico.mx\/?p=117159","title":{"rendered":"PARTICIPA EN \u201cLOS COLORES DEL PABELL\u00d3N. JORNADA POR LA DIVERSIDAD SEXO-GEN\u00c9RICA\u201d"},"content":{"rendered":"\n<p>Por Redacci\u00f3n QP<\/p>\n\n\n\n<ul class=\"wp-block-list\">\n<li><strong>S\u00e1bado 28 de junio: talleres, m\u00fasica y cine en defensa de la diversidad<\/strong><\/li>\n\n\n\n<li><strong>Un espacio de encuentro para reivindicar identidades y celebrar la libertad<\/strong><\/li>\n<\/ul>\n\n\n\n<p>Con el objetivo de erradicar la discriminaci\u00f3n y promover el respeto, la Secretar\u00eda de Cultura del Gobierno de M\u00e9xico, a trav\u00e9s de la Direcci\u00f3n General de Vinculaci\u00f3n Cultural, te invita a participar en \u201cLos colores del Pabell\u00f3n. Jornada por la diversidad sexo-gen\u00e9rica\u201d, un encuentro art\u00edstico y comunitario en el Pabell\u00f3n de Cultura Comunitaria, que se llevar\u00e1 a cabo el s\u00e1bado 28 de junio de 2025, de 11:00 a 18:00 horas.<\/p>\n\n\n\n<figure class=\"wp-block-gallery has-nested-images columns-default is-cropped wp-block-gallery-1 is-layout-flex wp-block-gallery-is-layout-flex\">\n<figure class=\"wp-block-image size-large\"><img loading=\"lazy\" decoding=\"async\" width=\"1024\" height=\"1024\" data-id=\"117165\" src=\"https:\/\/quehacerpolitico.mx\/wp-content\/uploads\/2025\/06\/IMG_1071-1-1024x1024.jpeg\" alt=\"\" class=\"wp-image-117165\" srcset=\"https:\/\/quehacerpolitico.mx\/wp-content\/uploads\/2025\/06\/IMG_1071-1-1024x1024.jpeg 1024w, https:\/\/quehacerpolitico.mx\/wp-content\/uploads\/2025\/06\/IMG_1071-1-300x300.jpeg 300w, https:\/\/quehacerpolitico.mx\/wp-content\/uploads\/2025\/06\/IMG_1071-1-150x150.jpeg 150w, https:\/\/quehacerpolitico.mx\/wp-content\/uploads\/2025\/06\/IMG_1071-1-768x768.jpeg 768w, https:\/\/quehacerpolitico.mx\/wp-content\/uploads\/2025\/06\/IMG_1071-1-1536x1536.jpeg 1536w, https:\/\/quehacerpolitico.mx\/wp-content\/uploads\/2025\/06\/IMG_1071-1-2048x2048.jpeg 2048w\" sizes=\"auto, (max-width: 1024px) 100vw, 1024px\" \/><\/figure>\n<\/figure>\n\n\n\n<p>Esta jornada celebra el orgullo de ser con una serie de actividades gratuitas que invitan a crear, convivir y compartir desde la expresi\u00f3n libre y diversa. A trav\u00e9s del arte, se abrir\u00e1n espacios para reflexionar y visibilizar distintas identidades, as\u00ed como para fortalecer v\u00ednculos comunitarios desde el reconocimiento mutuo.<\/p>\n\n\n\n<figure class=\"wp-block-gallery has-nested-images columns-default is-cropped wp-block-gallery-2 is-layout-flex wp-block-gallery-is-layout-flex\">\n<figure class=\"wp-block-image size-large\"><img loading=\"lazy\" decoding=\"async\" width=\"1024\" height=\"682\" data-id=\"117160\" src=\"https:\/\/quehacerpolitico.mx\/wp-content\/uploads\/2025\/06\/IMG_1072-1024x682.jpeg\" alt=\"\" class=\"wp-image-117160\" srcset=\"https:\/\/quehacerpolitico.mx\/wp-content\/uploads\/2025\/06\/IMG_1072-1024x682.jpeg 1024w, https:\/\/quehacerpolitico.mx\/wp-content\/uploads\/2025\/06\/IMG_1072-300x200.jpeg 300w, https:\/\/quehacerpolitico.mx\/wp-content\/uploads\/2025\/06\/IMG_1072-768x512.jpeg 768w, https:\/\/quehacerpolitico.mx\/wp-content\/uploads\/2025\/06\/IMG_1072.jpeg 1280w\" sizes=\"auto, (max-width: 1024px) 100vw, 1024px\" \/><\/figure>\n\n\n\n<figure class=\"wp-block-image size-large\"><img loading=\"lazy\" decoding=\"async\" width=\"1024\" height=\"682\" data-id=\"117161\" src=\"https:\/\/quehacerpolitico.mx\/wp-content\/uploads\/2025\/06\/IMG_1073-1024x682.jpeg\" alt=\"\" class=\"wp-image-117161\" srcset=\"https:\/\/quehacerpolitico.mx\/wp-content\/uploads\/2025\/06\/IMG_1073-1024x682.jpeg 1024w, https:\/\/quehacerpolitico.mx\/wp-content\/uploads\/2025\/06\/IMG_1073-300x200.jpeg 300w, https:\/\/quehacerpolitico.mx\/wp-content\/uploads\/2025\/06\/IMG_1073-768x512.jpeg 768w, https:\/\/quehacerpolitico.mx\/wp-content\/uploads\/2025\/06\/IMG_1073.jpeg 1280w\" sizes=\"auto, (max-width: 1024px) 100vw, 1024px\" \/><\/figure>\n<\/figure>\n\n\n\n<p><strong>Actividades del d\u00eda<\/strong><\/p>\n\n\n\n<p>Los Semilleros de Oficios Culturales impartir\u00e1n talleres libres de serigraf\u00eda, en los que se podr\u00e1n intervenir prendas propias, as\u00ed como actividades de dise\u00f1o gr\u00e1fico comunitario enfocados en representar la diversidad. En el \u00e1rea de escritura y narraci\u00f3n, se desarrollar\u00e1 un manifiesto colectivo en defensa de la libertad y el respeto.<\/p>\n\n\n\n<p>La jornada contar\u00e1 con la participaci\u00f3n de Abigail, primera sonidera trans y \u201creina rumba\u201d del colectivo Musas sonideras, as\u00ed como con narraciones l\u00fadicas a cargo de C\u00e9sar Rinc\u00f3n, que invitan a imaginar y dialogar desde m\u00faltiples voces. Adem\u00e1s, como parte del ciclo Cine Sillita, se proyectar\u00e1 la pel\u00edcula&nbsp;<em>Coraz\u00f3n borrado<\/em>&nbsp;(Joel Edgerton, EUA, 2018), que aborda la historia de un joven en b\u00fasqueda de reconciliar su identidad sexual con su entorno familiar y religioso.<\/p>\n\n\n\n<figure class=\"wp-block-gallery has-nested-images columns-default is-cropped wp-block-gallery-3 is-layout-flex wp-block-gallery-is-layout-flex\">\n<figure class=\"wp-block-image size-large\"><img loading=\"lazy\" decoding=\"async\" width=\"1024\" height=\"680\" data-id=\"117162\" src=\"https:\/\/quehacerpolitico.mx\/wp-content\/uploads\/2025\/06\/IMG_1075-1024x680.jpeg\" alt=\"\" class=\"wp-image-117162\" srcset=\"https:\/\/quehacerpolitico.mx\/wp-content\/uploads\/2025\/06\/IMG_1075-1024x680.jpeg 1024w, https:\/\/quehacerpolitico.mx\/wp-content\/uploads\/2025\/06\/IMG_1075-300x199.jpeg 300w, https:\/\/quehacerpolitico.mx\/wp-content\/uploads\/2025\/06\/IMG_1075-768x510.jpeg 768w, https:\/\/quehacerpolitico.mx\/wp-content\/uploads\/2025\/06\/IMG_1075-1536x1020.jpeg 1536w, https:\/\/quehacerpolitico.mx\/wp-content\/uploads\/2025\/06\/IMG_1075.jpeg 1600w\" sizes=\"auto, (max-width: 1024px) 100vw, 1024px\" \/><\/figure>\n\n\n\n<figure class=\"wp-block-image size-large\"><img loading=\"lazy\" decoding=\"async\" width=\"680\" height=\"1024\" data-id=\"117163\" src=\"https:\/\/quehacerpolitico.mx\/wp-content\/uploads\/2025\/06\/IMG_1074-680x1024.jpeg\" alt=\"\" class=\"wp-image-117163\" srcset=\"https:\/\/quehacerpolitico.mx\/wp-content\/uploads\/2025\/06\/IMG_1074-680x1024.jpeg 680w, https:\/\/quehacerpolitico.mx\/wp-content\/uploads\/2025\/06\/IMG_1074-199x300.jpeg 199w, https:\/\/quehacerpolitico.mx\/wp-content\/uploads\/2025\/06\/IMG_1074-768x1156.jpeg 768w, https:\/\/quehacerpolitico.mx\/wp-content\/uploads\/2025\/06\/IMG_1074-1020x1536.jpeg 1020w, https:\/\/quehacerpolitico.mx\/wp-content\/uploads\/2025\/06\/IMG_1074-1024x1541.jpeg 1024w, https:\/\/quehacerpolitico.mx\/wp-content\/uploads\/2025\/06\/IMG_1074.jpeg 1063w\" sizes=\"auto, (max-width: 680px) 100vw, 680px\" \/><\/figure>\n<\/figure>\n\n\n\n<p>Estas actividades buscan abrir espacios para la creaci\u00f3n colectiva, el encuentro y la expresi\u00f3n desde el arte. A trav\u00e9s de la palabra, la m\u00fasica y la imagen, el Pabell\u00f3n de Cultura Comunitaria se convierte en un lugar para compartir historias, resignificar vivencias y ejercer con libertad nuestros derechos culturales. Un espacio para ser, crear y convivir.<\/p>\n\n\n\n<p>El Pabell\u00f3n de Cultura Comunitaria est\u00e1 ubicado en&nbsp;<a href=\"https:\/\/www.google.com\/maps\/search\/Av.+Constituyentes+270?entry=gmail&amp;source=g\">Av. Constituyentes 270<\/a>, y abre sus puertas de martes a s\u00e1bado, de 11:00 a 18:00 h, y los domingos, de 11:00 a 16:00 h. Para m\u00e1s informaci\u00f3n, puedes escribir a:<a href=\"mailto:contactopabellon@cultura.gob.mx\" target=\"_blank\" rel=\"noreferrer noopener\">contactopabellon@cultura.gob.<wbr>mx<\/a>. Todas las actividades son gratuitas.<\/p>\n","protected":false},"excerpt":{"rendered":"<p>Por Redacci\u00f3n QP Con el objetivo de erradicar la discriminaci\u00f3n y promover el respeto, la&#8230;<\/p>\n","protected":false},"author":2,"featured_media":117166,"comment_status":"open","ping_status":"open","sticky":false,"template":"","format":"standard","meta":{"_monsterinsights_skip_tracking":false,"_monsterinsights_sitenote_active":false,"_monsterinsights_sitenote_note":"","_monsterinsights_sitenote_category":0,"footnotes":""},"categories":[55,58],"tags":[],"class_list":["post-117159","post","type-post","status-publish","format-standard","has-post-thumbnail","hentry","category-cdmx","category-cultura"],"yoast_head":"<!-- This site is optimized with the Yoast SEO plugin v27.3 - https:\/\/yoast.com\/product\/yoast-seo-wordpress\/ -->\n<title>PARTICIPA EN \u201cLOS COLORES DEL PABELL\u00d3N. JORNADA POR LA DIVERSIDAD SEXO-GEN\u00c9RICA\u201d -<\/title>\n<meta name=\"robots\" content=\"index, follow, max-snippet:-1, max-image-preview:large, max-video-preview:-1\" \/>\n<link rel=\"canonical\" href=\"https:\/\/quehacerpolitico.mx\/?p=117159\" \/>\n<meta property=\"og:locale\" content=\"es_MX\" \/>\n<meta property=\"og:type\" content=\"article\" \/>\n<meta property=\"og:title\" content=\"PARTICIPA EN \u201cLOS COLORES DEL PABELL\u00d3N. JORNADA POR LA DIVERSIDAD SEXO-GEN\u00c9RICA\u201d -\" \/>\n<meta property=\"og:description\" content=\"Por Redacci\u00f3n QP Con el objetivo de erradicar la discriminaci\u00f3n y promover el respeto, la...\" \/>\n<meta property=\"og:url\" content=\"https:\/\/quehacerpolitico.mx\/?p=117159\" \/>\n<meta property=\"article:published_time\" content=\"2025-06-24T22:14:53+00:00\" \/>\n<meta property=\"article:modified_time\" content=\"2025-06-24T22:14:56+00:00\" \/>\n<meta property=\"og:image\" content=\"https:\/\/quehacerpolitico.mx\/wp-content\/uploads\/2025\/06\/IMG_1071-2.jpeg\" \/>\n\t<meta property=\"og:image:width\" content=\"2362\" \/>\n\t<meta property=\"og:image:height\" content=\"2362\" \/>\n\t<meta property=\"og:image:type\" content=\"image\/jpeg\" \/>\n<meta name=\"author\" content=\"Redacci\u00f3n QP\" \/>\n<meta name=\"twitter:card\" content=\"summary_large_image\" \/>\n<meta name=\"twitter:label1\" content=\"Escrito por\" \/>\n\t<meta name=\"twitter:data1\" content=\"Redacci\u00f3n QP\" \/>\n\t<meta name=\"twitter:label2\" content=\"Tiempo de lectura\" \/>\n\t<meta name=\"twitter:data2\" content=\"2 minutos\" \/>\n<script type=\"application\/ld+json\" class=\"yoast-schema-graph\">{\"@context\":\"https:\\\/\\\/schema.org\",\"@graph\":[{\"@type\":\"Article\",\"@id\":\"https:\\\/\\\/quehacerpolitico.mx\\\/?p=117159#article\",\"isPartOf\":{\"@id\":\"https:\\\/\\\/quehacerpolitico.mx\\\/?p=117159\"},\"author\":{\"name\":\"Redacci\u00f3n QP\",\"@id\":\"https:\\\/\\\/quehacerpolitico.mx\\\/#\\\/schema\\\/person\\\/496d8ad2d1d3f8036101dca7ee39e585\"},\"headline\":\"PARTICIPA EN \u201cLOS COLORES DEL PABELL\u00d3N. JORNADA POR LA DIVERSIDAD SEXO-GEN\u00c9RICA\u201d\",\"datePublished\":\"2025-06-24T22:14:53+00:00\",\"dateModified\":\"2025-06-24T22:14:56+00:00\",\"mainEntityOfPage\":{\"@id\":\"https:\\\/\\\/quehacerpolitico.mx\\\/?p=117159\"},\"wordCount\":424,\"commentCount\":0,\"image\":{\"@id\":\"https:\\\/\\\/quehacerpolitico.mx\\\/?p=117159#primaryimage\"},\"thumbnailUrl\":\"https:\\\/\\\/quehacerpolitico.mx\\\/wp-content\\\/uploads\\\/2025\\\/06\\\/IMG_1071-2.jpeg\",\"articleSection\":[\"CDMX\",\"Cultura y Entretenimiento\"],\"inLanguage\":\"es\",\"potentialAction\":[{\"@type\":\"CommentAction\",\"name\":\"Comment\",\"target\":[\"https:\\\/\\\/quehacerpolitico.mx\\\/?p=117159#respond\"]}]},{\"@type\":\"WebPage\",\"@id\":\"https:\\\/\\\/quehacerpolitico.mx\\\/?p=117159\",\"url\":\"https:\\\/\\\/quehacerpolitico.mx\\\/?p=117159\",\"name\":\"PARTICIPA EN \u201cLOS COLORES DEL PABELL\u00d3N. JORNADA POR LA DIVERSIDAD SEXO-GEN\u00c9RICA\u201d -\",\"isPartOf\":{\"@id\":\"https:\\\/\\\/quehacerpolitico.mx\\\/#website\"},\"primaryImageOfPage\":{\"@id\":\"https:\\\/\\\/quehacerpolitico.mx\\\/?p=117159#primaryimage\"},\"image\":{\"@id\":\"https:\\\/\\\/quehacerpolitico.mx\\\/?p=117159#primaryimage\"},\"thumbnailUrl\":\"https:\\\/\\\/quehacerpolitico.mx\\\/wp-content\\\/uploads\\\/2025\\\/06\\\/IMG_1071-2.jpeg\",\"datePublished\":\"2025-06-24T22:14:53+00:00\",\"dateModified\":\"2025-06-24T22:14:56+00:00\",\"author\":{\"@id\":\"https:\\\/\\\/quehacerpolitico.mx\\\/#\\\/schema\\\/person\\\/496d8ad2d1d3f8036101dca7ee39e585\"},\"breadcrumb\":{\"@id\":\"https:\\\/\\\/quehacerpolitico.mx\\\/?p=117159#breadcrumb\"},\"inLanguage\":\"es\",\"potentialAction\":[{\"@type\":\"ReadAction\",\"target\":[\"https:\\\/\\\/quehacerpolitico.mx\\\/?p=117159\"]}]},{\"@type\":\"ImageObject\",\"inLanguage\":\"es\",\"@id\":\"https:\\\/\\\/quehacerpolitico.mx\\\/?p=117159#primaryimage\",\"url\":\"https:\\\/\\\/quehacerpolitico.mx\\\/wp-content\\\/uploads\\\/2025\\\/06\\\/IMG_1071-2.jpeg\",\"contentUrl\":\"https:\\\/\\\/quehacerpolitico.mx\\\/wp-content\\\/uploads\\\/2025\\\/06\\\/IMG_1071-2.jpeg\",\"width\":2362,\"height\":2362},{\"@type\":\"BreadcrumbList\",\"@id\":\"https:\\\/\\\/quehacerpolitico.mx\\\/?p=117159#breadcrumb\",\"itemListElement\":[{\"@type\":\"ListItem\",\"position\":1,\"name\":\"Inicio\",\"item\":\"https:\\\/\\\/quehacerpolitico.mx\\\/\"},{\"@type\":\"ListItem\",\"position\":2,\"name\":\"PARTICIPA EN \u201cLOS COLORES DEL PABELL\u00d3N. JORNADA POR LA DIVERSIDAD SEXO-GEN\u00c9RICA\u201d\"}]},{\"@type\":\"WebSite\",\"@id\":\"https:\\\/\\\/quehacerpolitico.mx\\\/#website\",\"url\":\"https:\\\/\\\/quehacerpolitico.mx\\\/\",\"name\":\"\",\"description\":\"\",\"potentialAction\":[{\"@type\":\"SearchAction\",\"target\":{\"@type\":\"EntryPoint\",\"urlTemplate\":\"https:\\\/\\\/quehacerpolitico.mx\\\/?s={search_term_string}\"},\"query-input\":{\"@type\":\"PropertyValueSpecification\",\"valueRequired\":true,\"valueName\":\"search_term_string\"}}],\"inLanguage\":\"es\"},{\"@type\":\"Person\",\"@id\":\"https:\\\/\\\/quehacerpolitico.mx\\\/#\\\/schema\\\/person\\\/496d8ad2d1d3f8036101dca7ee39e585\",\"name\":\"Redacci\u00f3n QP\",\"image\":{\"@type\":\"ImageObject\",\"inLanguage\":\"es\",\"@id\":\"https:\\\/\\\/secure.gravatar.com\\\/avatar\\\/c7164ed6fdec453195284ad24a5ae5b6e1eed2b848477fa2a4787ba9adf39a41?s=96&d=mm&r=g\",\"url\":\"https:\\\/\\\/secure.gravatar.com\\\/avatar\\\/c7164ed6fdec453195284ad24a5ae5b6e1eed2b848477fa2a4787ba9adf39a41?s=96&d=mm&r=g\",\"contentUrl\":\"https:\\\/\\\/secure.gravatar.com\\\/avatar\\\/c7164ed6fdec453195284ad24a5ae5b6e1eed2b848477fa2a4787ba9adf39a41?s=96&d=mm&r=g\",\"caption\":\"Redacci\u00f3n QP\"},\"url\":\"https:\\\/\\\/quehacerpolitico.mx\\\/?author=2\"}]}<\/script>\n<!-- \/ Yoast SEO plugin. -->","yoast_head_json":{"title":"PARTICIPA EN \u201cLOS COLORES DEL PABELL\u00d3N. JORNADA POR LA DIVERSIDAD SEXO-GEN\u00c9RICA\u201d -","robots":{"index":"index","follow":"follow","max-snippet":"max-snippet:-1","max-image-preview":"max-image-preview:large","max-video-preview":"max-video-preview:-1"},"canonical":"https:\/\/quehacerpolitico.mx\/?p=117159","og_locale":"es_MX","og_type":"article","og_title":"PARTICIPA EN \u201cLOS COLORES DEL PABELL\u00d3N. JORNADA POR LA DIVERSIDAD SEXO-GEN\u00c9RICA\u201d -","og_description":"Por Redacci\u00f3n QP Con el objetivo de erradicar la discriminaci\u00f3n y promover el respeto, la...","og_url":"https:\/\/quehacerpolitico.mx\/?p=117159","article_published_time":"2025-06-24T22:14:53+00:00","article_modified_time":"2025-06-24T22:14:56+00:00","og_image":[{"width":2362,"height":2362,"url":"https:\/\/quehacerpolitico.mx\/wp-content\/uploads\/2025\/06\/IMG_1071-2.jpeg","type":"image\/jpeg"}],"author":"Redacci\u00f3n QP","twitter_card":"summary_large_image","twitter_misc":{"Escrito por":"Redacci\u00f3n QP","Tiempo de lectura":"2 minutos"},"schema":{"@context":"https:\/\/schema.org","@graph":[{"@type":"Article","@id":"https:\/\/quehacerpolitico.mx\/?p=117159#article","isPartOf":{"@id":"https:\/\/quehacerpolitico.mx\/?p=117159"},"author":{"name":"Redacci\u00f3n QP","@id":"https:\/\/quehacerpolitico.mx\/#\/schema\/person\/496d8ad2d1d3f8036101dca7ee39e585"},"headline":"PARTICIPA EN \u201cLOS COLORES DEL PABELL\u00d3N. JORNADA POR LA DIVERSIDAD SEXO-GEN\u00c9RICA\u201d","datePublished":"2025-06-24T22:14:53+00:00","dateModified":"2025-06-24T22:14:56+00:00","mainEntityOfPage":{"@id":"https:\/\/quehacerpolitico.mx\/?p=117159"},"wordCount":424,"commentCount":0,"image":{"@id":"https:\/\/quehacerpolitico.mx\/?p=117159#primaryimage"},"thumbnailUrl":"https:\/\/quehacerpolitico.mx\/wp-content\/uploads\/2025\/06\/IMG_1071-2.jpeg","articleSection":["CDMX","Cultura y Entretenimiento"],"inLanguage":"es","potentialAction":[{"@type":"CommentAction","name":"Comment","target":["https:\/\/quehacerpolitico.mx\/?p=117159#respond"]}]},{"@type":"WebPage","@id":"https:\/\/quehacerpolitico.mx\/?p=117159","url":"https:\/\/quehacerpolitico.mx\/?p=117159","name":"PARTICIPA EN \u201cLOS COLORES DEL PABELL\u00d3N. JORNADA POR LA DIVERSIDAD SEXO-GEN\u00c9RICA\u201d -","isPartOf":{"@id":"https:\/\/quehacerpolitico.mx\/#website"},"primaryImageOfPage":{"@id":"https:\/\/quehacerpolitico.mx\/?p=117159#primaryimage"},"image":{"@id":"https:\/\/quehacerpolitico.mx\/?p=117159#primaryimage"},"thumbnailUrl":"https:\/\/quehacerpolitico.mx\/wp-content\/uploads\/2025\/06\/IMG_1071-2.jpeg","datePublished":"2025-06-24T22:14:53+00:00","dateModified":"2025-06-24T22:14:56+00:00","author":{"@id":"https:\/\/quehacerpolitico.mx\/#\/schema\/person\/496d8ad2d1d3f8036101dca7ee39e585"},"breadcrumb":{"@id":"https:\/\/quehacerpolitico.mx\/?p=117159#breadcrumb"},"inLanguage":"es","potentialAction":[{"@type":"ReadAction","target":["https:\/\/quehacerpolitico.mx\/?p=117159"]}]},{"@type":"ImageObject","inLanguage":"es","@id":"https:\/\/quehacerpolitico.mx\/?p=117159#primaryimage","url":"https:\/\/quehacerpolitico.mx\/wp-content\/uploads\/2025\/06\/IMG_1071-2.jpeg","contentUrl":"https:\/\/quehacerpolitico.mx\/wp-content\/uploads\/2025\/06\/IMG_1071-2.jpeg","width":2362,"height":2362},{"@type":"BreadcrumbList","@id":"https:\/\/quehacerpolitico.mx\/?p=117159#breadcrumb","itemListElement":[{"@type":"ListItem","position":1,"name":"Inicio","item":"https:\/\/quehacerpolitico.mx\/"},{"@type":"ListItem","position":2,"name":"PARTICIPA EN \u201cLOS COLORES DEL PABELL\u00d3N. JORNADA POR LA DIVERSIDAD SEXO-GEN\u00c9RICA\u201d"}]},{"@type":"WebSite","@id":"https:\/\/quehacerpolitico.mx\/#website","url":"https:\/\/quehacerpolitico.mx\/","name":"","description":"","potentialAction":[{"@type":"SearchAction","target":{"@type":"EntryPoint","urlTemplate":"https:\/\/quehacerpolitico.mx\/?s={search_term_string}"},"query-input":{"@type":"PropertyValueSpecification","valueRequired":true,"valueName":"search_term_string"}}],"inLanguage":"es"},{"@type":"Person","@id":"https:\/\/quehacerpolitico.mx\/#\/schema\/person\/496d8ad2d1d3f8036101dca7ee39e585","name":"Redacci\u00f3n QP","image":{"@type":"ImageObject","inLanguage":"es","@id":"https:\/\/secure.gravatar.com\/avatar\/c7164ed6fdec453195284ad24a5ae5b6e1eed2b848477fa2a4787ba9adf39a41?s=96&d=mm&r=g","url":"https:\/\/secure.gravatar.com\/avatar\/c7164ed6fdec453195284ad24a5ae5b6e1eed2b848477fa2a4787ba9adf39a41?s=96&d=mm&r=g","contentUrl":"https:\/\/secure.gravatar.com\/avatar\/c7164ed6fdec453195284ad24a5ae5b6e1eed2b848477fa2a4787ba9adf39a41?s=96&d=mm&r=g","caption":"Redacci\u00f3n QP"},"url":"https:\/\/quehacerpolitico.mx\/?author=2"}]}},"featured_image_urls":{"full":["https:\/\/quehacerpolitico.mx\/wp-content\/uploads\/2025\/06\/IMG_1071-2.jpeg",2362,2362,false],"thumbnail":["https:\/\/quehacerpolitico.mx\/wp-content\/uploads\/2025\/06\/IMG_1071-2-150x150.jpeg",150,150,true],"medium":["https:\/\/quehacerpolitico.mx\/wp-content\/uploads\/2025\/06\/IMG_1071-2-300x300.jpeg",300,300,true],"medium_large":["https:\/\/quehacerpolitico.mx\/wp-content\/uploads\/2025\/06\/IMG_1071-2-768x768.jpeg",640,640,true],"large":["https:\/\/quehacerpolitico.mx\/wp-content\/uploads\/2025\/06\/IMG_1071-2-1024x1024.jpeg",640,640,true],"1536x1536":["https:\/\/quehacerpolitico.mx\/wp-content\/uploads\/2025\/06\/IMG_1071-2-1536x1536.jpeg",1536,1536,true],"2048x2048":["https:\/\/quehacerpolitico.mx\/wp-content\/uploads\/2025\/06\/IMG_1071-2-2048x2048.jpeg",2048,2048,true],"covernews-featured":["https:\/\/quehacerpolitico.mx\/wp-content\/uploads\/2025\/06\/IMG_1071-2-1024x1024.jpeg",1024,1024,true],"covernews-medium":["https:\/\/quehacerpolitico.mx\/wp-content\/uploads\/2025\/06\/IMG_1071-2-540x340.jpeg",540,340,true]},"author_info":{"display_name":"Redacci\u00f3n QP","author_link":"https:\/\/quehacerpolitico.mx\/?author=2"},"category_info":"<a href=\"https:\/\/quehacerpolitico.mx\/?cat=55\" rel=\"category\">CDMX<\/a> <a href=\"https:\/\/quehacerpolitico.mx\/?cat=58\" rel=\"category\">Cultura y Entretenimiento<\/a>","tag_info":"Cultura y Entretenimiento","comment_count":"0","_links":{"self":[{"href":"https:\/\/quehacerpolitico.mx\/index.php?rest_route=\/wp\/v2\/posts\/117159","targetHints":{"allow":["GET"]}}],"collection":[{"href":"https:\/\/quehacerpolitico.mx\/index.php?rest_route=\/wp\/v2\/posts"}],"about":[{"href":"https:\/\/quehacerpolitico.mx\/index.php?rest_route=\/wp\/v2\/types\/post"}],"author":[{"embeddable":true,"href":"https:\/\/quehacerpolitico.mx\/index.php?rest_route=\/wp\/v2\/users\/2"}],"replies":[{"embeddable":true,"href":"https:\/\/quehacerpolitico.mx\/index.php?rest_route=%2Fwp%2Fv2%2Fcomments&post=117159"}],"version-history":[{"count":1,"href":"https:\/\/quehacerpolitico.mx\/index.php?rest_route=\/wp\/v2\/posts\/117159\/revisions"}],"predecessor-version":[{"id":117167,"href":"https:\/\/quehacerpolitico.mx\/index.php?rest_route=\/wp\/v2\/posts\/117159\/revisions\/117167"}],"wp:featuredmedia":[{"embeddable":true,"href":"https:\/\/quehacerpolitico.mx\/index.php?rest_route=\/wp\/v2\/media\/117166"}],"wp:attachment":[{"href":"https:\/\/quehacerpolitico.mx\/index.php?rest_route=%2Fwp%2Fv2%2Fmedia&parent=117159"}],"wp:term":[{"taxonomy":"category","embeddable":true,"href":"https:\/\/quehacerpolitico.mx\/index.php?rest_route=%2Fwp%2Fv2%2Fcategories&post=117159"},{"taxonomy":"post_tag","embeddable":true,"href":"https:\/\/quehacerpolitico.mx\/index.php?rest_route=%2Fwp%2Fv2%2Ftags&post=117159"}],"curies":[{"name":"wp","href":"https:\/\/api.w.org\/{rel}","templated":true}]}}