{"id":117137,"date":"2025-06-23T21:13:41","date_gmt":"2025-06-24T03:13:41","guid":{"rendered":"https:\/\/quehacerpolitico.mx\/?p=117137"},"modified":"2025-06-23T21:13:44","modified_gmt":"2025-06-24T03:13:44","slug":"la-cultura-necesita-el-apoyo-del-sector-privado-alondra-de-la-parra","status":"publish","type":"post","link":"https:\/\/quehacerpolitico.mx\/?p=117137","title":{"rendered":"\u201cLa cultura necesita el apoyo del sector privado\u201d: Alondra de la Parra"},"content":{"rendered":"\n<p>Por Redacci\u00f3n QP<\/p>\n\n\n\n<p>La directora de orquesta subraya que el arte requiere de respaldo activo para crecer, innovar y generar un impacto social duradero en las comunidades<\/p>\n\n\n\n<p>La cuarta edici\u00f3n del Festival PAAX GNP arranc\u00f3 el pasado mi\u00e9rcoles en el Hotel Xcaret Arte, en la Riviera Maya, con una clara vocaci\u00f3n multidisciplinaria y una cartelera que desaf\u00eda los l\u00edmites tradicionales de la m\u00fasica cl\u00e1sica. Bajo la direcci\u00f3n de la reconocida directora de orquesta Alondra de la Parra, el festival se consolida como uno de los encuentros culturales m\u00e1s ambiciosos del Caribe, y tambi\u00e9n como un ejemplo contundente de lo que puede lograrse cuando el sector privado invierte con visi\u00f3n en la cultura.<\/p>\n\n\n\n<p>\u201cEl festival no existir\u00eda sin el apoyo de GNP Seguros, y lo digo con total claridad y gratitud. Gracias a su respaldo, hemos podido hacer realidad ideas que muchas veces parecen imposibles. Por eso llamamos a nuestra orquesta La Orquesta Imposible\u201d, afirma De la Parra.<\/p>\n\n\n\n<p>Para la directora art\u00edstica, el respaldo privado no debe limitarse a lo financiero: debe implicar una comprensi\u00f3n real del valor transformador del arte, y una disposici\u00f3n a sostener proyectos incluso cuando estos suenan arriesgados o no convencionales.<\/p>\n\n\n\n<p>\u201cQuiero agradecer especialmente a Alejandro Baill\u00e8res, cuya confianza y entusiasmo han sido determinantes. Es muy raro encontrar un patrocinador que no s\u00f3lo apoye, sino que realmente entienda lo que el arte puede hacer por una comunidad\u201d, subraya.<\/p>\n\n\n\n<figure class=\"wp-block-embed is-type-video is-provider-youtube wp-block-embed-youtube wp-embed-aspect-16-9 wp-has-aspect-ratio\"><div class=\"wp-block-embed__wrapper\">\n<iframe loading=\"lazy\" title=\"\ud83c\udfb6 Alondra de la Parra presenta el Festival Paax GNP 2025 en la Riviera Maya\" width=\"640\" height=\"360\" src=\"https:\/\/www.youtube.com\/embed\/xGodT89cRMs?feature=oembed\" frameborder=\"0\" allow=\"accelerometer; autoplay; clipboard-write; encrypted-media; gyroscope; picture-in-picture; web-share\" referrerpolicy=\"strict-origin-when-cross-origin\" allowfullscreen><\/iframe>\n<\/div><\/figure>\n\n\n\n<h4 class=\"wp-block-heading\">Una apuesta por lo imposible<\/h4>\n\n\n\n<p>Desde su primera edici\u00f3n, el Festival PAAX GNP ha crecido no s\u00f3lo en duraci\u00f3n, sino tambi\u00e9n en profundidad art\u00edstica y en diversidad de formatos. \u201cCada a\u00f1o buscamos que PAAX sea un espacio donde converjan m\u00fasica sinf\u00f3nica, danza, creaci\u00f3n contempor\u00e1nea y nuevas propuestas esc\u00e9nicas. Queremos romper barreras entre g\u00e9neros, disciplinas y p\u00fablicos\u201d, explica De la Parra.<\/p>\n\n\n\n<p>Este a\u00f1o, el programa incluy\u00f3 artistas de primer nivel como el violinista Daniel Hope, el beatboxer australiano Thom Thum, la marimbista Vassilena Serafimova y la core\u00f3grafa Danielle Rowe. Tambi\u00e9n se incorporan espacios menos formales como los conciertos nocturnos Darkside, donde m\u00fasicos cl\u00e1sicos experimentan con otros g\u00e9neros en un ambiente m\u00e1s relajado.<\/p>\n\n\n\n<p>Adem\u00e1s, se comision\u00f3 una obra al compositor Thomas Enhco, cuya pieza integra un solista inusual: un bailar\u00edn de claqu\u00e9. \u201cEl movimiento genera sonido, y ese sonido es parte de la partitura\u201d, detalla De la Parra. \u201cEs una colaboraci\u00f3n entre m\u00fasica sinf\u00f3nica y danza que dif\u00edcilmente se habr\u00eda producido en otro contexto. PAAX es un laboratorio donde se expande lo posible\u201d.<\/p>\n\n\n\n<h4 class=\"wp-block-heading\">La cultura como inversi\u00f3n, no como lujo<\/h4>\n\n\n\n<p>Para De la Parra, el caso del festival es ilustrativo de una verdad m\u00e1s amplia: la cultura no se sostiene sola. La falta de presupuesto p\u00fablico ha dejado a muchos proyectos en pausa o sin posibilidad de realizarse, y ah\u00ed es donde el sector privado puede marcar una diferencia real y duradera.<\/p>\n\n\n\n<p>\u201cHay una enorme cantidad de talento, ideas y proyectos que podr\u00edan cambiar la vida de muchas personas, pero que no pueden realizarse por falta de recursos econ\u00f3micos. Y eso es devastador\u201d, afirma.<\/p>\n\n\n\n<p>La directora insiste en que apoyar la cultura no debe verse como un gasto, sino como una inversi\u00f3n social y humana. \u201cEl arte no s\u00f3lo embellece el mundo, tambi\u00e9n lo cuestiona, lo conecta, lo cura. Es un veh\u00edculo para la empat\u00eda, la reflexi\u00f3n y la transformaci\u00f3n\u201d.<\/p>\n\n\n\n<figure class=\"wp-block-embed is-type-video is-provider-youtube wp-block-embed-youtube wp-embed-aspect-16-9 wp-has-aspect-ratio\"><div class=\"wp-block-embed__wrapper\">\n<iframe loading=\"lazy\" title=\"FESTIVAL PAAX GNP 2025 | Una experiencia \u00fanica de m\u00fasica sinf\u00f3nica y danza en el Caribe mexicano\" width=\"640\" height=\"360\" src=\"https:\/\/www.youtube.com\/embed\/xocMU8xiJys?feature=oembed\" frameborder=\"0\" allow=\"accelerometer; autoplay; clipboard-write; encrypted-media; gyroscope; picture-in-picture; web-share\" referrerpolicy=\"strict-origin-when-cross-origin\" allowfullscreen><\/iframe>\n<\/div><\/figure>\n\n\n\n<h4 class=\"wp-block-heading\">Un llamado al compromiso empresarial<\/h4>\n\n\n\n<p>Aunque reconoce que GNP ha sido un aliado excepcional, De la Parra cree que a\u00fan falta mucho por hacer para que otras empresas se sumen a una causa cultural m\u00e1s amplia. \u201cQuiero animar a otras compa\u00f1\u00edas, en M\u00e9xico y en el mundo, a comprometerse con el arte de una manera genuina. No se trata solo de poner un logo en un cartel. Se trata de apoyar procesos creativos, de creer en los artistas, de darles espacio para experimentar y fallar, y volver a intentar\u201d.<\/p>\n\n\n\n<p>PAAX -culmina el 29 de junio- ha logrado, en cuatro ediciones, posicionarse como un referente de lo que puede suceder cuando la cultura cuenta con el respaldo adecuado: propuestas innovadoras, p\u00fablicos diversos, talento emergente y una comunidad art\u00edstica activa.<\/p>\n\n\n\n<p>\u201cLa cultura necesita ese respaldo. Y estoy convencida de que cuando el sector privado se involucra de verdad, el impacto puede ser profundo y duradero\u201d, concluye.<\/p>\n\n\n\n<p><em>Con informaci\u00f3n de El Universal&nbsp;<\/em><\/p>\n","protected":false},"excerpt":{"rendered":"<p>Por Redacci\u00f3n QP La directora de orquesta subraya que el arte requiere de respaldo activo&#8230;<\/p>\n","protected":false},"author":2,"featured_media":117138,"comment_status":"open","ping_status":"open","sticky":false,"template":"","format":"standard","meta":{"_monsterinsights_skip_tracking":false,"_monsterinsights_sitenote_active":false,"_monsterinsights_sitenote_note":"","_monsterinsights_sitenote_category":0,"footnotes":""},"categories":[58],"tags":[],"class_list":["post-117137","post","type-post","status-publish","format-standard","has-post-thumbnail","hentry","category-cultura"],"yoast_head":"<!-- This site is optimized with the Yoast SEO plugin v27.3 - https:\/\/yoast.com\/product\/yoast-seo-wordpress\/ -->\n<title>\u201cLa cultura necesita el apoyo del sector privado\u201d: Alondra de la Parra -<\/title>\n<meta name=\"robots\" content=\"index, follow, max-snippet:-1, max-image-preview:large, max-video-preview:-1\" \/>\n<link rel=\"canonical\" href=\"https:\/\/quehacerpolitico.mx\/?p=117137\" \/>\n<meta property=\"og:locale\" content=\"es_MX\" \/>\n<meta property=\"og:type\" content=\"article\" \/>\n<meta property=\"og:title\" content=\"\u201cLa cultura necesita el apoyo del sector privado\u201d: Alondra de la Parra -\" \/>\n<meta property=\"og:description\" content=\"Por Redacci\u00f3n QP La directora de orquesta subraya que el arte requiere de respaldo activo...\" \/>\n<meta property=\"og:url\" content=\"https:\/\/quehacerpolitico.mx\/?p=117137\" \/>\n<meta property=\"article:published_time\" content=\"2025-06-24T03:13:41+00:00\" \/>\n<meta property=\"article:modified_time\" content=\"2025-06-24T03:13:44+00:00\" \/>\n<meta property=\"og:image\" content=\"https:\/\/quehacerpolitico.mx\/wp-content\/uploads\/2025\/06\/IMG_1042.jpeg\" \/>\n\t<meta property=\"og:image:width\" content=\"678\" \/>\n\t<meta property=\"og:image:height\" content=\"452\" \/>\n\t<meta property=\"og:image:type\" content=\"image\/jpeg\" \/>\n<meta name=\"author\" content=\"Redacci\u00f3n QP\" \/>\n<meta name=\"twitter:card\" content=\"summary_large_image\" \/>\n<meta name=\"twitter:label1\" content=\"Escrito por\" \/>\n\t<meta name=\"twitter:data1\" content=\"Redacci\u00f3n QP\" \/>\n\t<meta name=\"twitter:label2\" content=\"Tiempo de lectura\" \/>\n\t<meta name=\"twitter:data2\" content=\"4 minutos\" \/>\n<script type=\"application\/ld+json\" class=\"yoast-schema-graph\">{\"@context\":\"https:\\\/\\\/schema.org\",\"@graph\":[{\"@type\":\"Article\",\"@id\":\"https:\\\/\\\/quehacerpolitico.mx\\\/?p=117137#article\",\"isPartOf\":{\"@id\":\"https:\\\/\\\/quehacerpolitico.mx\\\/?p=117137\"},\"author\":{\"name\":\"Redacci\u00f3n QP\",\"@id\":\"https:\\\/\\\/quehacerpolitico.mx\\\/#\\\/schema\\\/person\\\/496d8ad2d1d3f8036101dca7ee39e585\"},\"headline\":\"\u201cLa cultura necesita el apoyo del sector privado\u201d: Alondra de la Parra\",\"datePublished\":\"2025-06-24T03:13:41+00:00\",\"dateModified\":\"2025-06-24T03:13:44+00:00\",\"mainEntityOfPage\":{\"@id\":\"https:\\\/\\\/quehacerpolitico.mx\\\/?p=117137\"},\"wordCount\":792,\"commentCount\":0,\"image\":{\"@id\":\"https:\\\/\\\/quehacerpolitico.mx\\\/?p=117137#primaryimage\"},\"thumbnailUrl\":\"https:\\\/\\\/quehacerpolitico.mx\\\/wp-content\\\/uploads\\\/2025\\\/06\\\/IMG_1042.jpeg\",\"articleSection\":[\"Cultura y Entretenimiento\"],\"inLanguage\":\"es\",\"potentialAction\":[{\"@type\":\"CommentAction\",\"name\":\"Comment\",\"target\":[\"https:\\\/\\\/quehacerpolitico.mx\\\/?p=117137#respond\"]}]},{\"@type\":\"WebPage\",\"@id\":\"https:\\\/\\\/quehacerpolitico.mx\\\/?p=117137\",\"url\":\"https:\\\/\\\/quehacerpolitico.mx\\\/?p=117137\",\"name\":\"\u201cLa cultura necesita el apoyo del sector privado\u201d: Alondra de la Parra -\",\"isPartOf\":{\"@id\":\"https:\\\/\\\/quehacerpolitico.mx\\\/#website\"},\"primaryImageOfPage\":{\"@id\":\"https:\\\/\\\/quehacerpolitico.mx\\\/?p=117137#primaryimage\"},\"image\":{\"@id\":\"https:\\\/\\\/quehacerpolitico.mx\\\/?p=117137#primaryimage\"},\"thumbnailUrl\":\"https:\\\/\\\/quehacerpolitico.mx\\\/wp-content\\\/uploads\\\/2025\\\/06\\\/IMG_1042.jpeg\",\"datePublished\":\"2025-06-24T03:13:41+00:00\",\"dateModified\":\"2025-06-24T03:13:44+00:00\",\"author\":{\"@id\":\"https:\\\/\\\/quehacerpolitico.mx\\\/#\\\/schema\\\/person\\\/496d8ad2d1d3f8036101dca7ee39e585\"},\"breadcrumb\":{\"@id\":\"https:\\\/\\\/quehacerpolitico.mx\\\/?p=117137#breadcrumb\"},\"inLanguage\":\"es\",\"potentialAction\":[{\"@type\":\"ReadAction\",\"target\":[\"https:\\\/\\\/quehacerpolitico.mx\\\/?p=117137\"]}]},{\"@type\":\"ImageObject\",\"inLanguage\":\"es\",\"@id\":\"https:\\\/\\\/quehacerpolitico.mx\\\/?p=117137#primaryimage\",\"url\":\"https:\\\/\\\/quehacerpolitico.mx\\\/wp-content\\\/uploads\\\/2025\\\/06\\\/IMG_1042.jpeg\",\"contentUrl\":\"https:\\\/\\\/quehacerpolitico.mx\\\/wp-content\\\/uploads\\\/2025\\\/06\\\/IMG_1042.jpeg\",\"width\":678,\"height\":452},{\"@type\":\"BreadcrumbList\",\"@id\":\"https:\\\/\\\/quehacerpolitico.mx\\\/?p=117137#breadcrumb\",\"itemListElement\":[{\"@type\":\"ListItem\",\"position\":1,\"name\":\"Inicio\",\"item\":\"https:\\\/\\\/quehacerpolitico.mx\\\/\"},{\"@type\":\"ListItem\",\"position\":2,\"name\":\"\u201cLa cultura necesita el apoyo del sector privado\u201d: Alondra de la Parra\"}]},{\"@type\":\"WebSite\",\"@id\":\"https:\\\/\\\/quehacerpolitico.mx\\\/#website\",\"url\":\"https:\\\/\\\/quehacerpolitico.mx\\\/\",\"name\":\"\",\"description\":\"\",\"potentialAction\":[{\"@type\":\"SearchAction\",\"target\":{\"@type\":\"EntryPoint\",\"urlTemplate\":\"https:\\\/\\\/quehacerpolitico.mx\\\/?s={search_term_string}\"},\"query-input\":{\"@type\":\"PropertyValueSpecification\",\"valueRequired\":true,\"valueName\":\"search_term_string\"}}],\"inLanguage\":\"es\"},{\"@type\":\"Person\",\"@id\":\"https:\\\/\\\/quehacerpolitico.mx\\\/#\\\/schema\\\/person\\\/496d8ad2d1d3f8036101dca7ee39e585\",\"name\":\"Redacci\u00f3n QP\",\"image\":{\"@type\":\"ImageObject\",\"inLanguage\":\"es\",\"@id\":\"https:\\\/\\\/secure.gravatar.com\\\/avatar\\\/c7164ed6fdec453195284ad24a5ae5b6e1eed2b848477fa2a4787ba9adf39a41?s=96&d=mm&r=g\",\"url\":\"https:\\\/\\\/secure.gravatar.com\\\/avatar\\\/c7164ed6fdec453195284ad24a5ae5b6e1eed2b848477fa2a4787ba9adf39a41?s=96&d=mm&r=g\",\"contentUrl\":\"https:\\\/\\\/secure.gravatar.com\\\/avatar\\\/c7164ed6fdec453195284ad24a5ae5b6e1eed2b848477fa2a4787ba9adf39a41?s=96&d=mm&r=g\",\"caption\":\"Redacci\u00f3n QP\"},\"url\":\"https:\\\/\\\/quehacerpolitico.mx\\\/?author=2\"}]}<\/script>\n<!-- \/ Yoast SEO plugin. -->","yoast_head_json":{"title":"\u201cLa cultura necesita el apoyo del sector privado\u201d: Alondra de la Parra -","robots":{"index":"index","follow":"follow","max-snippet":"max-snippet:-1","max-image-preview":"max-image-preview:large","max-video-preview":"max-video-preview:-1"},"canonical":"https:\/\/quehacerpolitico.mx\/?p=117137","og_locale":"es_MX","og_type":"article","og_title":"\u201cLa cultura necesita el apoyo del sector privado\u201d: Alondra de la Parra -","og_description":"Por Redacci\u00f3n QP La directora de orquesta subraya que el arte requiere de respaldo activo...","og_url":"https:\/\/quehacerpolitico.mx\/?p=117137","article_published_time":"2025-06-24T03:13:41+00:00","article_modified_time":"2025-06-24T03:13:44+00:00","og_image":[{"width":678,"height":452,"url":"https:\/\/quehacerpolitico.mx\/wp-content\/uploads\/2025\/06\/IMG_1042.jpeg","type":"image\/jpeg"}],"author":"Redacci\u00f3n QP","twitter_card":"summary_large_image","twitter_misc":{"Escrito por":"Redacci\u00f3n QP","Tiempo de lectura":"4 minutos"},"schema":{"@context":"https:\/\/schema.org","@graph":[{"@type":"Article","@id":"https:\/\/quehacerpolitico.mx\/?p=117137#article","isPartOf":{"@id":"https:\/\/quehacerpolitico.mx\/?p=117137"},"author":{"name":"Redacci\u00f3n QP","@id":"https:\/\/quehacerpolitico.mx\/#\/schema\/person\/496d8ad2d1d3f8036101dca7ee39e585"},"headline":"\u201cLa cultura necesita el apoyo del sector privado\u201d: Alondra de la Parra","datePublished":"2025-06-24T03:13:41+00:00","dateModified":"2025-06-24T03:13:44+00:00","mainEntityOfPage":{"@id":"https:\/\/quehacerpolitico.mx\/?p=117137"},"wordCount":792,"commentCount":0,"image":{"@id":"https:\/\/quehacerpolitico.mx\/?p=117137#primaryimage"},"thumbnailUrl":"https:\/\/quehacerpolitico.mx\/wp-content\/uploads\/2025\/06\/IMG_1042.jpeg","articleSection":["Cultura y Entretenimiento"],"inLanguage":"es","potentialAction":[{"@type":"CommentAction","name":"Comment","target":["https:\/\/quehacerpolitico.mx\/?p=117137#respond"]}]},{"@type":"WebPage","@id":"https:\/\/quehacerpolitico.mx\/?p=117137","url":"https:\/\/quehacerpolitico.mx\/?p=117137","name":"\u201cLa cultura necesita el apoyo del sector privado\u201d: Alondra de la Parra -","isPartOf":{"@id":"https:\/\/quehacerpolitico.mx\/#website"},"primaryImageOfPage":{"@id":"https:\/\/quehacerpolitico.mx\/?p=117137#primaryimage"},"image":{"@id":"https:\/\/quehacerpolitico.mx\/?p=117137#primaryimage"},"thumbnailUrl":"https:\/\/quehacerpolitico.mx\/wp-content\/uploads\/2025\/06\/IMG_1042.jpeg","datePublished":"2025-06-24T03:13:41+00:00","dateModified":"2025-06-24T03:13:44+00:00","author":{"@id":"https:\/\/quehacerpolitico.mx\/#\/schema\/person\/496d8ad2d1d3f8036101dca7ee39e585"},"breadcrumb":{"@id":"https:\/\/quehacerpolitico.mx\/?p=117137#breadcrumb"},"inLanguage":"es","potentialAction":[{"@type":"ReadAction","target":["https:\/\/quehacerpolitico.mx\/?p=117137"]}]},{"@type":"ImageObject","inLanguage":"es","@id":"https:\/\/quehacerpolitico.mx\/?p=117137#primaryimage","url":"https:\/\/quehacerpolitico.mx\/wp-content\/uploads\/2025\/06\/IMG_1042.jpeg","contentUrl":"https:\/\/quehacerpolitico.mx\/wp-content\/uploads\/2025\/06\/IMG_1042.jpeg","width":678,"height":452},{"@type":"BreadcrumbList","@id":"https:\/\/quehacerpolitico.mx\/?p=117137#breadcrumb","itemListElement":[{"@type":"ListItem","position":1,"name":"Inicio","item":"https:\/\/quehacerpolitico.mx\/"},{"@type":"ListItem","position":2,"name":"\u201cLa cultura necesita el apoyo del sector privado\u201d: Alondra de la Parra"}]},{"@type":"WebSite","@id":"https:\/\/quehacerpolitico.mx\/#website","url":"https:\/\/quehacerpolitico.mx\/","name":"","description":"","potentialAction":[{"@type":"SearchAction","target":{"@type":"EntryPoint","urlTemplate":"https:\/\/quehacerpolitico.mx\/?s={search_term_string}"},"query-input":{"@type":"PropertyValueSpecification","valueRequired":true,"valueName":"search_term_string"}}],"inLanguage":"es"},{"@type":"Person","@id":"https:\/\/quehacerpolitico.mx\/#\/schema\/person\/496d8ad2d1d3f8036101dca7ee39e585","name":"Redacci\u00f3n QP","image":{"@type":"ImageObject","inLanguage":"es","@id":"https:\/\/secure.gravatar.com\/avatar\/c7164ed6fdec453195284ad24a5ae5b6e1eed2b848477fa2a4787ba9adf39a41?s=96&d=mm&r=g","url":"https:\/\/secure.gravatar.com\/avatar\/c7164ed6fdec453195284ad24a5ae5b6e1eed2b848477fa2a4787ba9adf39a41?s=96&d=mm&r=g","contentUrl":"https:\/\/secure.gravatar.com\/avatar\/c7164ed6fdec453195284ad24a5ae5b6e1eed2b848477fa2a4787ba9adf39a41?s=96&d=mm&r=g","caption":"Redacci\u00f3n QP"},"url":"https:\/\/quehacerpolitico.mx\/?author=2"}]}},"featured_image_urls":{"full":["https:\/\/quehacerpolitico.mx\/wp-content\/uploads\/2025\/06\/IMG_1042.jpeg",678,452,false],"thumbnail":["https:\/\/quehacerpolitico.mx\/wp-content\/uploads\/2025\/06\/IMG_1042-150x150.jpeg",150,150,true],"medium":["https:\/\/quehacerpolitico.mx\/wp-content\/uploads\/2025\/06\/IMG_1042-300x200.jpeg",300,200,true],"medium_large":["https:\/\/quehacerpolitico.mx\/wp-content\/uploads\/2025\/06\/IMG_1042.jpeg",640,427,false],"large":["https:\/\/quehacerpolitico.mx\/wp-content\/uploads\/2025\/06\/IMG_1042.jpeg",640,427,false],"1536x1536":["https:\/\/quehacerpolitico.mx\/wp-content\/uploads\/2025\/06\/IMG_1042.jpeg",678,452,false],"2048x2048":["https:\/\/quehacerpolitico.mx\/wp-content\/uploads\/2025\/06\/IMG_1042.jpeg",678,452,false],"covernews-featured":["https:\/\/quehacerpolitico.mx\/wp-content\/uploads\/2025\/06\/IMG_1042.jpeg",678,452,false],"covernews-medium":["https:\/\/quehacerpolitico.mx\/wp-content\/uploads\/2025\/06\/IMG_1042-540x340.jpeg",540,340,true]},"author_info":{"display_name":"Redacci\u00f3n QP","author_link":"https:\/\/quehacerpolitico.mx\/?author=2"},"category_info":"<a href=\"https:\/\/quehacerpolitico.mx\/?cat=58\" rel=\"category\">Cultura y Entretenimiento<\/a>","tag_info":"Cultura y Entretenimiento","comment_count":"0","_links":{"self":[{"href":"https:\/\/quehacerpolitico.mx\/index.php?rest_route=\/wp\/v2\/posts\/117137","targetHints":{"allow":["GET"]}}],"collection":[{"href":"https:\/\/quehacerpolitico.mx\/index.php?rest_route=\/wp\/v2\/posts"}],"about":[{"href":"https:\/\/quehacerpolitico.mx\/index.php?rest_route=\/wp\/v2\/types\/post"}],"author":[{"embeddable":true,"href":"https:\/\/quehacerpolitico.mx\/index.php?rest_route=\/wp\/v2\/users\/2"}],"replies":[{"embeddable":true,"href":"https:\/\/quehacerpolitico.mx\/index.php?rest_route=%2Fwp%2Fv2%2Fcomments&post=117137"}],"version-history":[{"count":1,"href":"https:\/\/quehacerpolitico.mx\/index.php?rest_route=\/wp\/v2\/posts\/117137\/revisions"}],"predecessor-version":[{"id":117139,"href":"https:\/\/quehacerpolitico.mx\/index.php?rest_route=\/wp\/v2\/posts\/117137\/revisions\/117139"}],"wp:featuredmedia":[{"embeddable":true,"href":"https:\/\/quehacerpolitico.mx\/index.php?rest_route=\/wp\/v2\/media\/117138"}],"wp:attachment":[{"href":"https:\/\/quehacerpolitico.mx\/index.php?rest_route=%2Fwp%2Fv2%2Fmedia&parent=117137"}],"wp:term":[{"taxonomy":"category","embeddable":true,"href":"https:\/\/quehacerpolitico.mx\/index.php?rest_route=%2Fwp%2Fv2%2Fcategories&post=117137"},{"taxonomy":"post_tag","embeddable":true,"href":"https:\/\/quehacerpolitico.mx\/index.php?rest_route=%2Fwp%2Fv2%2Ftags&post=117137"}],"curies":[{"name":"wp","href":"https:\/\/api.w.org\/{rel}","templated":true}]}}