{"id":117134,"date":"2025-06-23T20:22:32","date_gmt":"2025-06-24T02:22:32","guid":{"rendered":"https:\/\/quehacerpolitico.mx\/?p=117134"},"modified":"2025-06-23T20:22:35","modified_gmt":"2025-06-24T02:22:35","slug":"la-red-de-albergues-en-la-cdmx-reclama-la-falta-de-analisis-del-gobierno-de-la-cdmx-al-enviar-a-los-migrantes-a-zonas-de-alto-riesgo-como-tepito-o-la-merced","status":"publish","type":"post","link":"https:\/\/quehacerpolitico.mx\/?p=117134","title":{"rendered":"La red de albergues en la CDMX reclama la falta de an\u00e1lisis del gobierno de la CDMX al enviar a los migrantes a zonas de alto riesgo como Tepito o la Merced"},"content":{"rendered":"\n<p>Por Redacci\u00f3n QP<\/p>\n\n\n\n<p>La red de albergues en la capital del pa\u00eds reclama la falta de an\u00e1lisis del gobierno local al enviar a las personas en tr\u00e1nsito a lugares de alto \u00edndice delictivo, como Tepito o la colonia Morelos<\/p>\n\n\n\n<p>La red de albergues para migrantes en la Ciudad de M\u00e9xico lament\u00f3 la falta de respuestas positivas ante la crisis migratoria&nbsp;por parte del gobierno capitalino.<\/p>\n\n\n\n<p>Aseguraron que el establecer estos espacios en zonas de alto&nbsp;<strong>\u00edndice delictivo<\/strong>&nbsp;como Tepito o la colonia Morelos \u2014como lo han hecho las autoridades\u2014&nbsp;no favorece a los migrantes y se trata de&nbsp;<strong>una respuesta sin reflexi\u00f3n.<\/strong><\/p>\n\n\n\n<figure class=\"wp-block-embed is-type-video is-provider-youtube wp-block-embed-youtube wp-embed-aspect-16-9 wp-has-aspect-ratio\"><div class=\"wp-block-embed__wrapper\">\n<iframe loading=\"lazy\" title=\"Protestan contra instalaci\u00f3n de un albergue para migrantes en Ciudad de M\u00e9xico | Noticias Telemundo\" width=\"640\" height=\"360\" src=\"https:\/\/www.youtube.com\/embed\/hQOyD2bAky8?feature=oembed\" frameborder=\"0\" allow=\"accelerometer; autoplay; clipboard-write; encrypted-media; gyroscope; picture-in-picture; web-share\" referrerpolicy=\"strict-origin-when-cross-origin\" allowfullscreen><\/iframe>\n<\/div><\/figure>\n\n\n\n<p>&#8220;El gobierno de la Ciudad de M\u00e9xico, con el af\u00e1n de dar respuestas, toma decisiones sin sopesar, sin analizar (&#8230;) Cuando descontextualizamos las cosas y pensamos en dar respuesta desde nuestros criterios, incluso intereses. Era un tema en un<strong>&nbsp;momento electoral, pol\u00edtico, partidista&#8221;<\/strong>, se\u00f1al\u00f3 la hermana Magdalena, coordinadora del albergue &#8220;Cafemin&#8221;.<\/p>\n\n\n\n<p>Adem\u00e1s,&nbsp;se\u00f1al\u00f3 que al preguntar sobre el motivo por el que&nbsp;instalan a los migrantes en esa zona,&nbsp;pese a no tener espacios adecuados y el ambiente resulta ser conflictivo, obtuvo por respuesta un &#8220;es que solamente ah\u00ed los aceptan&#8221;; &#8220;mira qu\u00e9 causalidad&#8221;, coment\u00f3.&nbsp;<\/p>\n\n\n\n<p>La red de albergues&nbsp;tambi\u00e9n critic\u00f3&nbsp;la falta de disposici\u00f3n de la Coordinaci\u00f3n de Movilidad Humana de la Ciudad de M\u00e9xico, a cargo de Temist\u00f3cles Villanueva.<\/p>\n\n\n\n<p>En conferencia de prensa explicaron que una de las principales problem\u00e1ticas&nbsp;<strong>migrantes<\/strong>&nbsp;es la falta de atenci\u00f3n de las autoridades para resolver solicitudes sobre su&nbsp;regularizaci\u00f3n&nbsp;y que cuando se le solicita apoyo a la entidad a cargo del lugar antes mencionado, se limitan&nbsp;a responder que &#8220;esa no es su ventanilla&#8221;.<\/p>\n\n\n\n<p>&#8220;Cuando nosotros le mencionamos a &#8216;Temis&#8217; que urge poner este tema en la<strong>&nbsp;Comar,<\/strong>&nbsp;en Migraci\u00f3n, nos dice &#8216;es que eso no nos corresponde a nosotros, es un tema federal&#8217;, y le digo que claro que lo s\u00e9, pero ustedes son gobierno, y curiosamente son Morena, entonces hay que crear los lazos (&#8230;)&nbsp;<strong>la gente no puede vivir en la clandestinidad<\/strong>&#8220;, explico Gabriela Hern\u00e1ndez, directora del&nbsp;<strong>Albergue migrante &#8220;Casa Toch\u00e1n&#8221;<\/strong>.<\/p>\n\n\n\n<p>Ante esta situaci\u00f3n, al menos nueve&nbsp;<strong>albergues<\/strong>&nbsp;de la capital del pa\u00eds crearon la &#8220;<strong>red de albergues migrantes CDMX<\/strong>&#8221;&nbsp;para buscar una ruta conjunta que exija a las autoridades respuestas y soluciones.&nbsp;<\/p>\n\n\n\n<p>&#8220;En concreto, desde hace ocho&nbsp;a\u00f1os estamos trabajando con la alcald\u00eda Gustavo A. Madero, muy bien, ten\u00edamos nuestras mesas inter secretariales, pero ahorita por m\u00e1s que estoy insistiendo, no se ha podido retomar&#8221;, acusa Magdalena.&nbsp;<\/p>\n\n\n\n<p>Tambi\u00e9n aleg\u00f3 que ni con el nuevo gobierno han podido tener nuevas reuniones;&nbsp;se\u00f1al\u00f3 que no hay una organizaci\u00f3n&nbsp;pertinente que les permita \u2014adem\u00e1s de organizar\u2014\u00fanicamente acudir a la sesi\u00f3n&nbsp;y firmar alg\u00fan posible acuerdo.&nbsp;&nbsp;<\/p>\n\n\n\n<p>Esta red est\u00e1 integrada por los albergues: &#8220;<strong>Cafemin&#8221;<\/strong>,<strong>&nbsp;&#8220;Casa Frida&#8221;<\/strong>, &#8220;<strong>Caritas&#8221;<\/strong>, &#8220;<strong>Casa Fuente&#8221;<\/strong>, &#8220;<strong>Cecadro&#8221;<\/strong>, &#8220;<strong>Casa Toch\u00e1n&#8221;<\/strong>,<strong>&nbsp;&#8220;Casa Refugiados&#8221;<\/strong>&nbsp;y &#8220;<strong>Scalabrinianas&#8221;.&nbsp;<\/strong><\/p>\n\n\n\n<p>Actualmente,<strong>&nbsp;<\/strong>tienen una agenda de reuniones con la CNDH, el Consejo para Prevenir y Eliminar la Discriminaci\u00f3n (<strong>Copred<\/strong>) y la Sectei; aunque su objetivo es concretar una con la jefa de gobierno,<strong>Clara Brugada<\/strong>.&nbsp;<\/p>\n\n\n\n<p>&#8220;Est\u00e1 por programarse&nbsp;una reuni\u00f3n con gente del gobierno, le estamos apostando a que&nbsp;Brugada nos reciba&#8221;, abund\u00f3 Beatriz Fuente, directora del albergue &#8220;Casa Fuente&#8221;.&nbsp;<\/p>\n\n\n\n<p>De acuerdo con las diferentes casas, la jefa de Gobierno&nbsp;les garantiz\u00f3 la&nbsp;revisi\u00f3n de sus instalaciones, en&nbsp;particular de sus necesidades, y una&nbsp;reducci\u00f3n del&nbsp;predial.&nbsp;<\/p>\n\n\n\n<p>&#8220;Nos prometi\u00f3 que nos iba a apoyar, revis\u00f3 las propuestas que hicimos&nbsp;(&#8230;) Ese es el discurso y hasta ahorita no hay respuestas&#8221;, concluy\u00f3 la coordinadora del albergue &#8220;<strong>Cafemin&#8221;.&nbsp;<\/strong><\/p>\n","protected":false},"excerpt":{"rendered":"<p>Por Redacci\u00f3n QP La red de albergues en la capital del pa\u00eds reclama la falta&#8230;<\/p>\n","protected":false},"author":2,"featured_media":117135,"comment_status":"open","ping_status":"open","sticky":false,"template":"","format":"standard","meta":{"_monsterinsights_skip_tracking":false,"_monsterinsights_sitenote_active":false,"_monsterinsights_sitenote_note":"","_monsterinsights_sitenote_category":0,"footnotes":""},"categories":[55],"tags":[],"class_list":["post-117134","post","type-post","status-publish","format-standard","has-post-thumbnail","hentry","category-cdmx"],"yoast_head":"<!-- This site is optimized with the Yoast SEO plugin v27.3 - https:\/\/yoast.com\/product\/yoast-seo-wordpress\/ -->\n<title>La red de albergues en la CDMX reclama la falta de an\u00e1lisis del gobierno de la CDMX al enviar a los migrantes a zonas de alto riesgo como Tepito o la Merced -<\/title>\n<meta name=\"robots\" content=\"index, follow, max-snippet:-1, max-image-preview:large, max-video-preview:-1\" \/>\n<link rel=\"canonical\" href=\"https:\/\/quehacerpolitico.mx\/?p=117134\" \/>\n<meta property=\"og:locale\" content=\"es_MX\" \/>\n<meta property=\"og:type\" content=\"article\" \/>\n<meta property=\"og:title\" content=\"La red de albergues en la CDMX reclama la falta de an\u00e1lisis del gobierno de la CDMX al enviar a los migrantes a zonas de alto riesgo como Tepito o la Merced -\" \/>\n<meta property=\"og:description\" content=\"Por Redacci\u00f3n QP La red de albergues en la capital del pa\u00eds reclama la falta...\" \/>\n<meta property=\"og:url\" content=\"https:\/\/quehacerpolitico.mx\/?p=117134\" \/>\n<meta property=\"article:published_time\" content=\"2025-06-24T02:22:32+00:00\" \/>\n<meta property=\"article:modified_time\" content=\"2025-06-24T02:22:35+00:00\" \/>\n<meta property=\"og:image\" content=\"https:\/\/quehacerpolitico.mx\/wp-content\/uploads\/2025\/06\/IMG_1040.jpeg\" \/>\n\t<meta property=\"og:image:width\" content=\"640\" \/>\n\t<meta property=\"og:image:height\" content=\"480\" \/>\n\t<meta property=\"og:image:type\" content=\"image\/jpeg\" \/>\n<meta name=\"author\" content=\"Redacci\u00f3n QP\" \/>\n<meta name=\"twitter:card\" content=\"summary_large_image\" \/>\n<meta name=\"twitter:label1\" content=\"Escrito por\" \/>\n\t<meta name=\"twitter:data1\" content=\"Redacci\u00f3n QP\" \/>\n\t<meta name=\"twitter:label2\" content=\"Tiempo de lectura\" \/>\n\t<meta name=\"twitter:data2\" content=\"3 minutos\" \/>\n<script type=\"application\/ld+json\" class=\"yoast-schema-graph\">{\"@context\":\"https:\\\/\\\/schema.org\",\"@graph\":[{\"@type\":\"Article\",\"@id\":\"https:\\\/\\\/quehacerpolitico.mx\\\/?p=117134#article\",\"isPartOf\":{\"@id\":\"https:\\\/\\\/quehacerpolitico.mx\\\/?p=117134\"},\"author\":{\"name\":\"Redacci\u00f3n QP\",\"@id\":\"https:\\\/\\\/quehacerpolitico.mx\\\/#\\\/schema\\\/person\\\/496d8ad2d1d3f8036101dca7ee39e585\"},\"headline\":\"La red de albergues en la CDMX reclama la falta de an\u00e1lisis del gobierno de la CDMX al enviar a los migrantes a zonas de alto riesgo como Tepito o la Merced\",\"datePublished\":\"2025-06-24T02:22:32+00:00\",\"dateModified\":\"2025-06-24T02:22:35+00:00\",\"mainEntityOfPage\":{\"@id\":\"https:\\\/\\\/quehacerpolitico.mx\\\/?p=117134\"},\"wordCount\":711,\"commentCount\":0,\"image\":{\"@id\":\"https:\\\/\\\/quehacerpolitico.mx\\\/?p=117134#primaryimage\"},\"thumbnailUrl\":\"https:\\\/\\\/quehacerpolitico.mx\\\/wp-content\\\/uploads\\\/2025\\\/06\\\/IMG_1040.jpeg\",\"articleSection\":[\"CDMX\"],\"inLanguage\":\"es\",\"potentialAction\":[{\"@type\":\"CommentAction\",\"name\":\"Comment\",\"target\":[\"https:\\\/\\\/quehacerpolitico.mx\\\/?p=117134#respond\"]}]},{\"@type\":\"WebPage\",\"@id\":\"https:\\\/\\\/quehacerpolitico.mx\\\/?p=117134\",\"url\":\"https:\\\/\\\/quehacerpolitico.mx\\\/?p=117134\",\"name\":\"La red de albergues en la CDMX reclama la falta de an\u00e1lisis del gobierno de la CDMX al enviar a los migrantes a zonas de alto riesgo como Tepito o la Merced -\",\"isPartOf\":{\"@id\":\"https:\\\/\\\/quehacerpolitico.mx\\\/#website\"},\"primaryImageOfPage\":{\"@id\":\"https:\\\/\\\/quehacerpolitico.mx\\\/?p=117134#primaryimage\"},\"image\":{\"@id\":\"https:\\\/\\\/quehacerpolitico.mx\\\/?p=117134#primaryimage\"},\"thumbnailUrl\":\"https:\\\/\\\/quehacerpolitico.mx\\\/wp-content\\\/uploads\\\/2025\\\/06\\\/IMG_1040.jpeg\",\"datePublished\":\"2025-06-24T02:22:32+00:00\",\"dateModified\":\"2025-06-24T02:22:35+00:00\",\"author\":{\"@id\":\"https:\\\/\\\/quehacerpolitico.mx\\\/#\\\/schema\\\/person\\\/496d8ad2d1d3f8036101dca7ee39e585\"},\"breadcrumb\":{\"@id\":\"https:\\\/\\\/quehacerpolitico.mx\\\/?p=117134#breadcrumb\"},\"inLanguage\":\"es\",\"potentialAction\":[{\"@type\":\"ReadAction\",\"target\":[\"https:\\\/\\\/quehacerpolitico.mx\\\/?p=117134\"]}]},{\"@type\":\"ImageObject\",\"inLanguage\":\"es\",\"@id\":\"https:\\\/\\\/quehacerpolitico.mx\\\/?p=117134#primaryimage\",\"url\":\"https:\\\/\\\/quehacerpolitico.mx\\\/wp-content\\\/uploads\\\/2025\\\/06\\\/IMG_1040.jpeg\",\"contentUrl\":\"https:\\\/\\\/quehacerpolitico.mx\\\/wp-content\\\/uploads\\\/2025\\\/06\\\/IMG_1040.jpeg\",\"width\":640,\"height\":480},{\"@type\":\"BreadcrumbList\",\"@id\":\"https:\\\/\\\/quehacerpolitico.mx\\\/?p=117134#breadcrumb\",\"itemListElement\":[{\"@type\":\"ListItem\",\"position\":1,\"name\":\"Inicio\",\"item\":\"https:\\\/\\\/quehacerpolitico.mx\\\/\"},{\"@type\":\"ListItem\",\"position\":2,\"name\":\"La red de albergues en la CDMX reclama la falta de an\u00e1lisis del gobierno de la CDMX al enviar a los migrantes a zonas de alto riesgo como Tepito o la Merced\"}]},{\"@type\":\"WebSite\",\"@id\":\"https:\\\/\\\/quehacerpolitico.mx\\\/#website\",\"url\":\"https:\\\/\\\/quehacerpolitico.mx\\\/\",\"name\":\"\",\"description\":\"\",\"potentialAction\":[{\"@type\":\"SearchAction\",\"target\":{\"@type\":\"EntryPoint\",\"urlTemplate\":\"https:\\\/\\\/quehacerpolitico.mx\\\/?s={search_term_string}\"},\"query-input\":{\"@type\":\"PropertyValueSpecification\",\"valueRequired\":true,\"valueName\":\"search_term_string\"}}],\"inLanguage\":\"es\"},{\"@type\":\"Person\",\"@id\":\"https:\\\/\\\/quehacerpolitico.mx\\\/#\\\/schema\\\/person\\\/496d8ad2d1d3f8036101dca7ee39e585\",\"name\":\"Redacci\u00f3n QP\",\"image\":{\"@type\":\"ImageObject\",\"inLanguage\":\"es\",\"@id\":\"https:\\\/\\\/secure.gravatar.com\\\/avatar\\\/c7164ed6fdec453195284ad24a5ae5b6e1eed2b848477fa2a4787ba9adf39a41?s=96&d=mm&r=g\",\"url\":\"https:\\\/\\\/secure.gravatar.com\\\/avatar\\\/c7164ed6fdec453195284ad24a5ae5b6e1eed2b848477fa2a4787ba9adf39a41?s=96&d=mm&r=g\",\"contentUrl\":\"https:\\\/\\\/secure.gravatar.com\\\/avatar\\\/c7164ed6fdec453195284ad24a5ae5b6e1eed2b848477fa2a4787ba9adf39a41?s=96&d=mm&r=g\",\"caption\":\"Redacci\u00f3n QP\"},\"url\":\"https:\\\/\\\/quehacerpolitico.mx\\\/?author=2\"}]}<\/script>\n<!-- \/ Yoast SEO plugin. -->","yoast_head_json":{"title":"La red de albergues en la CDMX reclama la falta de an\u00e1lisis del gobierno de la CDMX al enviar a los migrantes a zonas de alto riesgo como Tepito o la Merced -","robots":{"index":"index","follow":"follow","max-snippet":"max-snippet:-1","max-image-preview":"max-image-preview:large","max-video-preview":"max-video-preview:-1"},"canonical":"https:\/\/quehacerpolitico.mx\/?p=117134","og_locale":"es_MX","og_type":"article","og_title":"La red de albergues en la CDMX reclama la falta de an\u00e1lisis del gobierno de la CDMX al enviar a los migrantes a zonas de alto riesgo como Tepito o la Merced -","og_description":"Por Redacci\u00f3n QP La red de albergues en la capital del pa\u00eds reclama la falta...","og_url":"https:\/\/quehacerpolitico.mx\/?p=117134","article_published_time":"2025-06-24T02:22:32+00:00","article_modified_time":"2025-06-24T02:22:35+00:00","og_image":[{"width":640,"height":480,"url":"https:\/\/quehacerpolitico.mx\/wp-content\/uploads\/2025\/06\/IMG_1040.jpeg","type":"image\/jpeg"}],"author":"Redacci\u00f3n QP","twitter_card":"summary_large_image","twitter_misc":{"Escrito por":"Redacci\u00f3n QP","Tiempo de lectura":"3 minutos"},"schema":{"@context":"https:\/\/schema.org","@graph":[{"@type":"Article","@id":"https:\/\/quehacerpolitico.mx\/?p=117134#article","isPartOf":{"@id":"https:\/\/quehacerpolitico.mx\/?p=117134"},"author":{"name":"Redacci\u00f3n QP","@id":"https:\/\/quehacerpolitico.mx\/#\/schema\/person\/496d8ad2d1d3f8036101dca7ee39e585"},"headline":"La red de albergues en la CDMX reclama la falta de an\u00e1lisis del gobierno de la CDMX al enviar a los migrantes a zonas de alto riesgo como Tepito o la Merced","datePublished":"2025-06-24T02:22:32+00:00","dateModified":"2025-06-24T02:22:35+00:00","mainEntityOfPage":{"@id":"https:\/\/quehacerpolitico.mx\/?p=117134"},"wordCount":711,"commentCount":0,"image":{"@id":"https:\/\/quehacerpolitico.mx\/?p=117134#primaryimage"},"thumbnailUrl":"https:\/\/quehacerpolitico.mx\/wp-content\/uploads\/2025\/06\/IMG_1040.jpeg","articleSection":["CDMX"],"inLanguage":"es","potentialAction":[{"@type":"CommentAction","name":"Comment","target":["https:\/\/quehacerpolitico.mx\/?p=117134#respond"]}]},{"@type":"WebPage","@id":"https:\/\/quehacerpolitico.mx\/?p=117134","url":"https:\/\/quehacerpolitico.mx\/?p=117134","name":"La red de albergues en la CDMX reclama la falta de an\u00e1lisis del gobierno de la CDMX al enviar a los migrantes a zonas de alto riesgo como Tepito o la Merced -","isPartOf":{"@id":"https:\/\/quehacerpolitico.mx\/#website"},"primaryImageOfPage":{"@id":"https:\/\/quehacerpolitico.mx\/?p=117134#primaryimage"},"image":{"@id":"https:\/\/quehacerpolitico.mx\/?p=117134#primaryimage"},"thumbnailUrl":"https:\/\/quehacerpolitico.mx\/wp-content\/uploads\/2025\/06\/IMG_1040.jpeg","datePublished":"2025-06-24T02:22:32+00:00","dateModified":"2025-06-24T02:22:35+00:00","author":{"@id":"https:\/\/quehacerpolitico.mx\/#\/schema\/person\/496d8ad2d1d3f8036101dca7ee39e585"},"breadcrumb":{"@id":"https:\/\/quehacerpolitico.mx\/?p=117134#breadcrumb"},"inLanguage":"es","potentialAction":[{"@type":"ReadAction","target":["https:\/\/quehacerpolitico.mx\/?p=117134"]}]},{"@type":"ImageObject","inLanguage":"es","@id":"https:\/\/quehacerpolitico.mx\/?p=117134#primaryimage","url":"https:\/\/quehacerpolitico.mx\/wp-content\/uploads\/2025\/06\/IMG_1040.jpeg","contentUrl":"https:\/\/quehacerpolitico.mx\/wp-content\/uploads\/2025\/06\/IMG_1040.jpeg","width":640,"height":480},{"@type":"BreadcrumbList","@id":"https:\/\/quehacerpolitico.mx\/?p=117134#breadcrumb","itemListElement":[{"@type":"ListItem","position":1,"name":"Inicio","item":"https:\/\/quehacerpolitico.mx\/"},{"@type":"ListItem","position":2,"name":"La red de albergues en la CDMX reclama la falta de an\u00e1lisis del gobierno de la CDMX al enviar a los migrantes a zonas de alto riesgo como Tepito o la Merced"}]},{"@type":"WebSite","@id":"https:\/\/quehacerpolitico.mx\/#website","url":"https:\/\/quehacerpolitico.mx\/","name":"","description":"","potentialAction":[{"@type":"SearchAction","target":{"@type":"EntryPoint","urlTemplate":"https:\/\/quehacerpolitico.mx\/?s={search_term_string}"},"query-input":{"@type":"PropertyValueSpecification","valueRequired":true,"valueName":"search_term_string"}}],"inLanguage":"es"},{"@type":"Person","@id":"https:\/\/quehacerpolitico.mx\/#\/schema\/person\/496d8ad2d1d3f8036101dca7ee39e585","name":"Redacci\u00f3n QP","image":{"@type":"ImageObject","inLanguage":"es","@id":"https:\/\/secure.gravatar.com\/avatar\/c7164ed6fdec453195284ad24a5ae5b6e1eed2b848477fa2a4787ba9adf39a41?s=96&d=mm&r=g","url":"https:\/\/secure.gravatar.com\/avatar\/c7164ed6fdec453195284ad24a5ae5b6e1eed2b848477fa2a4787ba9adf39a41?s=96&d=mm&r=g","contentUrl":"https:\/\/secure.gravatar.com\/avatar\/c7164ed6fdec453195284ad24a5ae5b6e1eed2b848477fa2a4787ba9adf39a41?s=96&d=mm&r=g","caption":"Redacci\u00f3n QP"},"url":"https:\/\/quehacerpolitico.mx\/?author=2"}]}},"featured_image_urls":{"full":["https:\/\/quehacerpolitico.mx\/wp-content\/uploads\/2025\/06\/IMG_1040.jpeg",640,480,false],"thumbnail":["https:\/\/quehacerpolitico.mx\/wp-content\/uploads\/2025\/06\/IMG_1040-150x150.jpeg",150,150,true],"medium":["https:\/\/quehacerpolitico.mx\/wp-content\/uploads\/2025\/06\/IMG_1040-300x225.jpeg",300,225,true],"medium_large":["https:\/\/quehacerpolitico.mx\/wp-content\/uploads\/2025\/06\/IMG_1040.jpeg",640,480,false],"large":["https:\/\/quehacerpolitico.mx\/wp-content\/uploads\/2025\/06\/IMG_1040.jpeg",640,480,false],"1536x1536":["https:\/\/quehacerpolitico.mx\/wp-content\/uploads\/2025\/06\/IMG_1040.jpeg",640,480,false],"2048x2048":["https:\/\/quehacerpolitico.mx\/wp-content\/uploads\/2025\/06\/IMG_1040.jpeg",640,480,false],"covernews-featured":["https:\/\/quehacerpolitico.mx\/wp-content\/uploads\/2025\/06\/IMG_1040.jpeg",640,480,false],"covernews-medium":["https:\/\/quehacerpolitico.mx\/wp-content\/uploads\/2025\/06\/IMG_1040-540x340.jpeg",540,340,true]},"author_info":{"display_name":"Redacci\u00f3n QP","author_link":"https:\/\/quehacerpolitico.mx\/?author=2"},"category_info":"<a href=\"https:\/\/quehacerpolitico.mx\/?cat=55\" rel=\"category\">CDMX<\/a>","tag_info":"CDMX","comment_count":"0","_links":{"self":[{"href":"https:\/\/quehacerpolitico.mx\/index.php?rest_route=\/wp\/v2\/posts\/117134","targetHints":{"allow":["GET"]}}],"collection":[{"href":"https:\/\/quehacerpolitico.mx\/index.php?rest_route=\/wp\/v2\/posts"}],"about":[{"href":"https:\/\/quehacerpolitico.mx\/index.php?rest_route=\/wp\/v2\/types\/post"}],"author":[{"embeddable":true,"href":"https:\/\/quehacerpolitico.mx\/index.php?rest_route=\/wp\/v2\/users\/2"}],"replies":[{"embeddable":true,"href":"https:\/\/quehacerpolitico.mx\/index.php?rest_route=%2Fwp%2Fv2%2Fcomments&post=117134"}],"version-history":[{"count":1,"href":"https:\/\/quehacerpolitico.mx\/index.php?rest_route=\/wp\/v2\/posts\/117134\/revisions"}],"predecessor-version":[{"id":117136,"href":"https:\/\/quehacerpolitico.mx\/index.php?rest_route=\/wp\/v2\/posts\/117134\/revisions\/117136"}],"wp:featuredmedia":[{"embeddable":true,"href":"https:\/\/quehacerpolitico.mx\/index.php?rest_route=\/wp\/v2\/media\/117135"}],"wp:attachment":[{"href":"https:\/\/quehacerpolitico.mx\/index.php?rest_route=%2Fwp%2Fv2%2Fmedia&parent=117134"}],"wp:term":[{"taxonomy":"category","embeddable":true,"href":"https:\/\/quehacerpolitico.mx\/index.php?rest_route=%2Fwp%2Fv2%2Fcategories&post=117134"},{"taxonomy":"post_tag","embeddable":true,"href":"https:\/\/quehacerpolitico.mx\/index.php?rest_route=%2Fwp%2Fv2%2Ftags&post=117134"}],"curies":[{"name":"wp","href":"https:\/\/api.w.org\/{rel}","templated":true}]}}