{"id":117129,"date":"2025-06-23T19:46:54","date_gmt":"2025-06-24T01:46:54","guid":{"rendered":"https:\/\/quehacerpolitico.mx\/?p=117129"},"modified":"2025-06-23T19:46:57","modified_gmt":"2025-06-24T01:46:57","slug":"brad-pitt-actor-de-la-pelicula-de-la-f1-elogia-al-piloto-mexicano-sergio-perez-amo-a-checo-no-me-gusto-como-termino-la-temporada-pasada-para-el","status":"publish","type":"post","link":"https:\/\/quehacerpolitico.mx\/?p=117129","title":{"rendered":"Brad Pitt, actor de la pel\u00edcula de la F1, elogia al piloto mexicano Sergio P\u00e9rez: \u201cAmo a Checo, no me gust\u00f3 c\u00f3mo termin\u00f3 la temporada pasada para \u00e9l\u201d"},"content":{"rendered":"\n<p>Por Redacci\u00f3n QP<\/p>\n\n\n\n<p>El histri\u00f3n estadounidense valor\u00f3 la labor del tapat\u00edo cuando estaba en Red Bull y espera su eventual regreso al m\u00e1ximo circuito.<\/p>\n\n\n\n<p>Durante el rodaje de la pel\u00edcula de la F\u00f3rmula 1 que se realiz\u00f3 en 2024,\u00a0<strong>el actor Brad Pitt convivi\u00f3 con todos los pilotos de las escuder\u00edas, entre los que se encontraba el mexicano Sergio P\u00e9rez,\u00a0<\/strong>quien es bien recordado y valorado por el histri\u00f3n estadounidense de cara al estreno del filme.<\/p>\n\n\n\n<figure class=\"wp-block-image size-large\"><img loading=\"lazy\" decoding=\"async\" width=\"631\" height=\"1024\" src=\"https:\/\/quehacerpolitico.mx\/wp-content\/uploads\/2025\/06\/image-5-631x1024.jpeg\" alt=\"\" class=\"wp-image-117130\" srcset=\"https:\/\/quehacerpolitico.mx\/wp-content\/uploads\/2025\/06\/image-5-631x1024.jpeg 631w, https:\/\/quehacerpolitico.mx\/wp-content\/uploads\/2025\/06\/image-5-185x300.jpeg 185w, https:\/\/quehacerpolitico.mx\/wp-content\/uploads\/2025\/06\/image-5-768x1246.jpeg 768w, https:\/\/quehacerpolitico.mx\/wp-content\/uploads\/2025\/06\/image-5-947x1536.jpeg 947w, https:\/\/quehacerpolitico.mx\/wp-content\/uploads\/2025\/06\/image-5-1024x1661.jpeg 1024w, https:\/\/quehacerpolitico.mx\/wp-content\/uploads\/2025\/06\/image-5.jpeg 1170w\" sizes=\"auto, (max-width: 631px) 100vw, 631px\" \/><figcaption class=\"wp-element-caption\">Screenshot<\/figcaption><\/figure>\n\n\n\n<p><strong>\u201c\u00bfEst\u00e1s bromeando? Amo a Checo. Aunque no me gust\u00f3 c\u00f3mo termin\u00f3 la temporada pasada para \u00e9l.&nbsp;<\/strong>Te involucras emocionalmente con ellos, son los mejores pilotos del mundo. Me parece que este deporte es mucho m\u00e1s cr\u00edtico del desempe\u00f1o de alguien que incluso en nuestra industria (cine), que yo pens\u00e9 era la m\u00e1s cr\u00edtica de todas.&nbsp;<strong>Los pilotos deben tener una piel m\u00e1s dura que nosotros los actores\u201d,<\/strong>&nbsp;extern\u00f3 al peri\u00f3dico Reforma.<\/p>\n\n\n\n<p>Ser\u00e1 el pr\u00f3ximo 27 de junio cuando la pel\u00edcula de la F1 se lance en las salas internacionales, por ello es que el grupo de actores, encabezados por Pitt, se encuentra en la etapa de promoci\u00f3n del filme; sin embargo,\u00a0<strong>el histri\u00f3n hollywoodense da un \u00faltimo gui\u00f1o a Checo P\u00e9rez para un eventual regreso al m\u00e1ximo circuito del automovilismo.<\/strong><\/p>\n\n\n\n<p>\u201cTan s\u00f3lo alcanzar ese lugar, ser uno de apenas 20 personas en la parrilla, eso ya es un gran logro por s\u00ed mismo y, adem\u00e1s, conducir uno de los mejores autos de la parrilla (cuando estaba en Red Bull) te pone en otro nivel.\u00a0<strong>Y s\u00ed, me da curiosidad saber qu\u00e9 ser\u00e1 de Checo P\u00e9rez pr\u00f3ximamente\u201d,\u00a0<\/strong>sentenci\u00f3 el actor.<\/p>\n\n\n\n<figure class=\"wp-block-image size-large\"><img loading=\"lazy\" decoding=\"async\" width=\"631\" height=\"1024\" src=\"https:\/\/quehacerpolitico.mx\/wp-content\/uploads\/2025\/06\/image-6-631x1024.jpeg\" alt=\"\" class=\"wp-image-117131\" srcset=\"https:\/\/quehacerpolitico.mx\/wp-content\/uploads\/2025\/06\/image-6-631x1024.jpeg 631w, https:\/\/quehacerpolitico.mx\/wp-content\/uploads\/2025\/06\/image-6-185x300.jpeg 185w, https:\/\/quehacerpolitico.mx\/wp-content\/uploads\/2025\/06\/image-6-768x1246.jpeg 768w, https:\/\/quehacerpolitico.mx\/wp-content\/uploads\/2025\/06\/image-6-947x1536.jpeg 947w, https:\/\/quehacerpolitico.mx\/wp-content\/uploads\/2025\/06\/image-6-1024x1661.jpeg 1024w, https:\/\/quehacerpolitico.mx\/wp-content\/uploads\/2025\/06\/image-6.jpeg 1170w\" sizes=\"auto, (max-width: 631px) 100vw, 631px\" \/><figcaption class=\"wp-element-caption\">Screenshot<\/figcaption><\/figure>\n","protected":false},"excerpt":{"rendered":"<p>Por Redacci\u00f3n QP El histri\u00f3n estadounidense valor\u00f3 la labor del tapat\u00edo cuando estaba en Red&#8230;<\/p>\n","protected":false},"author":2,"featured_media":117132,"comment_status":"open","ping_status":"open","sticky":false,"template":"","format":"standard","meta":{"_monsterinsights_skip_tracking":false,"_monsterinsights_sitenote_active":false,"_monsterinsights_sitenote_note":"","_monsterinsights_sitenote_category":0,"footnotes":""},"categories":[54],"tags":[],"class_list":["post-117129","post","type-post","status-publish","format-standard","has-post-thumbnail","hentry","category-deportes"],"yoast_head":"<!-- This site is optimized with the Yoast SEO plugin v27.3 - https:\/\/yoast.com\/product\/yoast-seo-wordpress\/ -->\n<title>Brad Pitt, actor de la pel\u00edcula de la F1, elogia al piloto mexicano Sergio P\u00e9rez: \u201cAmo a Checo, no me gust\u00f3 c\u00f3mo termin\u00f3 la temporada pasada para \u00e9l\u201d -<\/title>\n<meta name=\"robots\" content=\"index, follow, max-snippet:-1, max-image-preview:large, max-video-preview:-1\" \/>\n<link rel=\"canonical\" href=\"https:\/\/quehacerpolitico.mx\/?p=117129\" \/>\n<meta property=\"og:locale\" content=\"es_MX\" \/>\n<meta property=\"og:type\" content=\"article\" \/>\n<meta property=\"og:title\" content=\"Brad Pitt, actor de la pel\u00edcula de la F1, elogia al piloto mexicano Sergio P\u00e9rez: \u201cAmo a Checo, no me gust\u00f3 c\u00f3mo termin\u00f3 la temporada pasada para \u00e9l\u201d -\" \/>\n<meta property=\"og:description\" content=\"Por Redacci\u00f3n QP El histri\u00f3n estadounidense valor\u00f3 la labor del tapat\u00edo cuando estaba en Red...\" \/>\n<meta property=\"og:url\" content=\"https:\/\/quehacerpolitico.mx\/?p=117129\" \/>\n<meta property=\"article:published_time\" content=\"2025-06-24T01:46:54+00:00\" \/>\n<meta property=\"article:modified_time\" content=\"2025-06-24T01:46:57+00:00\" \/>\n<meta property=\"og:image\" content=\"https:\/\/quehacerpolitico.mx\/wp-content\/uploads\/2025\/06\/IMG_1038.jpeg\" \/>\n\t<meta property=\"og:image:width\" content=\"739\" \/>\n\t<meta property=\"og:image:height\" content=\"415\" \/>\n\t<meta property=\"og:image:type\" content=\"image\/jpeg\" \/>\n<meta name=\"author\" content=\"Redacci\u00f3n QP\" \/>\n<meta name=\"twitter:card\" content=\"summary_large_image\" \/>\n<meta name=\"twitter:label1\" content=\"Escrito por\" \/>\n\t<meta name=\"twitter:data1\" content=\"Redacci\u00f3n QP\" \/>\n\t<meta name=\"twitter:label2\" content=\"Tiempo de lectura\" \/>\n\t<meta name=\"twitter:data2\" content=\"1 minuto\" \/>\n<script type=\"application\/ld+json\" class=\"yoast-schema-graph\">{\"@context\":\"https:\\\/\\\/schema.org\",\"@graph\":[{\"@type\":\"Article\",\"@id\":\"https:\\\/\\\/quehacerpolitico.mx\\\/?p=117129#article\",\"isPartOf\":{\"@id\":\"https:\\\/\\\/quehacerpolitico.mx\\\/?p=117129\"},\"author\":{\"name\":\"Redacci\u00f3n QP\",\"@id\":\"https:\\\/\\\/quehacerpolitico.mx\\\/#\\\/schema\\\/person\\\/496d8ad2d1d3f8036101dca7ee39e585\"},\"headline\":\"Brad Pitt, actor de la pel\u00edcula de la F1, elogia al piloto mexicano Sergio P\u00e9rez: \u201cAmo a Checo, no me gust\u00f3 c\u00f3mo termin\u00f3 la temporada pasada para \u00e9l\u201d\",\"datePublished\":\"2025-06-24T01:46:54+00:00\",\"dateModified\":\"2025-06-24T01:46:57+00:00\",\"mainEntityOfPage\":{\"@id\":\"https:\\\/\\\/quehacerpolitico.mx\\\/?p=117129\"},\"wordCount\":326,\"commentCount\":0,\"image\":{\"@id\":\"https:\\\/\\\/quehacerpolitico.mx\\\/?p=117129#primaryimage\"},\"thumbnailUrl\":\"https:\\\/\\\/quehacerpolitico.mx\\\/wp-content\\\/uploads\\\/2025\\\/06\\\/IMG_1038.jpeg\",\"articleSection\":[\"Deportes\"],\"inLanguage\":\"es\",\"potentialAction\":[{\"@type\":\"CommentAction\",\"name\":\"Comment\",\"target\":[\"https:\\\/\\\/quehacerpolitico.mx\\\/?p=117129#respond\"]}]},{\"@type\":\"WebPage\",\"@id\":\"https:\\\/\\\/quehacerpolitico.mx\\\/?p=117129\",\"url\":\"https:\\\/\\\/quehacerpolitico.mx\\\/?p=117129\",\"name\":\"Brad Pitt, actor de la pel\u00edcula de la F1, elogia al piloto mexicano Sergio P\u00e9rez: \u201cAmo a Checo, no me gust\u00f3 c\u00f3mo termin\u00f3 la temporada pasada para \u00e9l\u201d -\",\"isPartOf\":{\"@id\":\"https:\\\/\\\/quehacerpolitico.mx\\\/#website\"},\"primaryImageOfPage\":{\"@id\":\"https:\\\/\\\/quehacerpolitico.mx\\\/?p=117129#primaryimage\"},\"image\":{\"@id\":\"https:\\\/\\\/quehacerpolitico.mx\\\/?p=117129#primaryimage\"},\"thumbnailUrl\":\"https:\\\/\\\/quehacerpolitico.mx\\\/wp-content\\\/uploads\\\/2025\\\/06\\\/IMG_1038.jpeg\",\"datePublished\":\"2025-06-24T01:46:54+00:00\",\"dateModified\":\"2025-06-24T01:46:57+00:00\",\"author\":{\"@id\":\"https:\\\/\\\/quehacerpolitico.mx\\\/#\\\/schema\\\/person\\\/496d8ad2d1d3f8036101dca7ee39e585\"},\"breadcrumb\":{\"@id\":\"https:\\\/\\\/quehacerpolitico.mx\\\/?p=117129#breadcrumb\"},\"inLanguage\":\"es\",\"potentialAction\":[{\"@type\":\"ReadAction\",\"target\":[\"https:\\\/\\\/quehacerpolitico.mx\\\/?p=117129\"]}]},{\"@type\":\"ImageObject\",\"inLanguage\":\"es\",\"@id\":\"https:\\\/\\\/quehacerpolitico.mx\\\/?p=117129#primaryimage\",\"url\":\"https:\\\/\\\/quehacerpolitico.mx\\\/wp-content\\\/uploads\\\/2025\\\/06\\\/IMG_1038.jpeg\",\"contentUrl\":\"https:\\\/\\\/quehacerpolitico.mx\\\/wp-content\\\/uploads\\\/2025\\\/06\\\/IMG_1038.jpeg\",\"width\":739,\"height\":415},{\"@type\":\"BreadcrumbList\",\"@id\":\"https:\\\/\\\/quehacerpolitico.mx\\\/?p=117129#breadcrumb\",\"itemListElement\":[{\"@type\":\"ListItem\",\"position\":1,\"name\":\"Inicio\",\"item\":\"https:\\\/\\\/quehacerpolitico.mx\\\/\"},{\"@type\":\"ListItem\",\"position\":2,\"name\":\"Brad Pitt, actor de la pel\u00edcula de la F1, elogia al piloto mexicano Sergio P\u00e9rez: \u201cAmo a Checo, no me gust\u00f3 c\u00f3mo termin\u00f3 la temporada pasada para \u00e9l\u201d\"}]},{\"@type\":\"WebSite\",\"@id\":\"https:\\\/\\\/quehacerpolitico.mx\\\/#website\",\"url\":\"https:\\\/\\\/quehacerpolitico.mx\\\/\",\"name\":\"\",\"description\":\"\",\"potentialAction\":[{\"@type\":\"SearchAction\",\"target\":{\"@type\":\"EntryPoint\",\"urlTemplate\":\"https:\\\/\\\/quehacerpolitico.mx\\\/?s={search_term_string}\"},\"query-input\":{\"@type\":\"PropertyValueSpecification\",\"valueRequired\":true,\"valueName\":\"search_term_string\"}}],\"inLanguage\":\"es\"},{\"@type\":\"Person\",\"@id\":\"https:\\\/\\\/quehacerpolitico.mx\\\/#\\\/schema\\\/person\\\/496d8ad2d1d3f8036101dca7ee39e585\",\"name\":\"Redacci\u00f3n QP\",\"image\":{\"@type\":\"ImageObject\",\"inLanguage\":\"es\",\"@id\":\"https:\\\/\\\/secure.gravatar.com\\\/avatar\\\/c7164ed6fdec453195284ad24a5ae5b6e1eed2b848477fa2a4787ba9adf39a41?s=96&d=mm&r=g\",\"url\":\"https:\\\/\\\/secure.gravatar.com\\\/avatar\\\/c7164ed6fdec453195284ad24a5ae5b6e1eed2b848477fa2a4787ba9adf39a41?s=96&d=mm&r=g\",\"contentUrl\":\"https:\\\/\\\/secure.gravatar.com\\\/avatar\\\/c7164ed6fdec453195284ad24a5ae5b6e1eed2b848477fa2a4787ba9adf39a41?s=96&d=mm&r=g\",\"caption\":\"Redacci\u00f3n QP\"},\"url\":\"https:\\\/\\\/quehacerpolitico.mx\\\/?author=2\"}]}<\/script>\n<!-- \/ Yoast SEO plugin. -->","yoast_head_json":{"title":"Brad Pitt, actor de la pel\u00edcula de la F1, elogia al piloto mexicano Sergio P\u00e9rez: \u201cAmo a Checo, no me gust\u00f3 c\u00f3mo termin\u00f3 la temporada pasada para \u00e9l\u201d -","robots":{"index":"index","follow":"follow","max-snippet":"max-snippet:-1","max-image-preview":"max-image-preview:large","max-video-preview":"max-video-preview:-1"},"canonical":"https:\/\/quehacerpolitico.mx\/?p=117129","og_locale":"es_MX","og_type":"article","og_title":"Brad Pitt, actor de la pel\u00edcula de la F1, elogia al piloto mexicano Sergio P\u00e9rez: \u201cAmo a Checo, no me gust\u00f3 c\u00f3mo termin\u00f3 la temporada pasada para \u00e9l\u201d -","og_description":"Por Redacci\u00f3n QP El histri\u00f3n estadounidense valor\u00f3 la labor del tapat\u00edo cuando estaba en Red...","og_url":"https:\/\/quehacerpolitico.mx\/?p=117129","article_published_time":"2025-06-24T01:46:54+00:00","article_modified_time":"2025-06-24T01:46:57+00:00","og_image":[{"width":739,"height":415,"url":"https:\/\/quehacerpolitico.mx\/wp-content\/uploads\/2025\/06\/IMG_1038.jpeg","type":"image\/jpeg"}],"author":"Redacci\u00f3n QP","twitter_card":"summary_large_image","twitter_misc":{"Escrito por":"Redacci\u00f3n QP","Tiempo de lectura":"1 minuto"},"schema":{"@context":"https:\/\/schema.org","@graph":[{"@type":"Article","@id":"https:\/\/quehacerpolitico.mx\/?p=117129#article","isPartOf":{"@id":"https:\/\/quehacerpolitico.mx\/?p=117129"},"author":{"name":"Redacci\u00f3n QP","@id":"https:\/\/quehacerpolitico.mx\/#\/schema\/person\/496d8ad2d1d3f8036101dca7ee39e585"},"headline":"Brad Pitt, actor de la pel\u00edcula de la F1, elogia al piloto mexicano Sergio P\u00e9rez: \u201cAmo a Checo, no me gust\u00f3 c\u00f3mo termin\u00f3 la temporada pasada para \u00e9l\u201d","datePublished":"2025-06-24T01:46:54+00:00","dateModified":"2025-06-24T01:46:57+00:00","mainEntityOfPage":{"@id":"https:\/\/quehacerpolitico.mx\/?p=117129"},"wordCount":326,"commentCount":0,"image":{"@id":"https:\/\/quehacerpolitico.mx\/?p=117129#primaryimage"},"thumbnailUrl":"https:\/\/quehacerpolitico.mx\/wp-content\/uploads\/2025\/06\/IMG_1038.jpeg","articleSection":["Deportes"],"inLanguage":"es","potentialAction":[{"@type":"CommentAction","name":"Comment","target":["https:\/\/quehacerpolitico.mx\/?p=117129#respond"]}]},{"@type":"WebPage","@id":"https:\/\/quehacerpolitico.mx\/?p=117129","url":"https:\/\/quehacerpolitico.mx\/?p=117129","name":"Brad Pitt, actor de la pel\u00edcula de la F1, elogia al piloto mexicano Sergio P\u00e9rez: \u201cAmo a Checo, no me gust\u00f3 c\u00f3mo termin\u00f3 la temporada pasada para \u00e9l\u201d -","isPartOf":{"@id":"https:\/\/quehacerpolitico.mx\/#website"},"primaryImageOfPage":{"@id":"https:\/\/quehacerpolitico.mx\/?p=117129#primaryimage"},"image":{"@id":"https:\/\/quehacerpolitico.mx\/?p=117129#primaryimage"},"thumbnailUrl":"https:\/\/quehacerpolitico.mx\/wp-content\/uploads\/2025\/06\/IMG_1038.jpeg","datePublished":"2025-06-24T01:46:54+00:00","dateModified":"2025-06-24T01:46:57+00:00","author":{"@id":"https:\/\/quehacerpolitico.mx\/#\/schema\/person\/496d8ad2d1d3f8036101dca7ee39e585"},"breadcrumb":{"@id":"https:\/\/quehacerpolitico.mx\/?p=117129#breadcrumb"},"inLanguage":"es","potentialAction":[{"@type":"ReadAction","target":["https:\/\/quehacerpolitico.mx\/?p=117129"]}]},{"@type":"ImageObject","inLanguage":"es","@id":"https:\/\/quehacerpolitico.mx\/?p=117129#primaryimage","url":"https:\/\/quehacerpolitico.mx\/wp-content\/uploads\/2025\/06\/IMG_1038.jpeg","contentUrl":"https:\/\/quehacerpolitico.mx\/wp-content\/uploads\/2025\/06\/IMG_1038.jpeg","width":739,"height":415},{"@type":"BreadcrumbList","@id":"https:\/\/quehacerpolitico.mx\/?p=117129#breadcrumb","itemListElement":[{"@type":"ListItem","position":1,"name":"Inicio","item":"https:\/\/quehacerpolitico.mx\/"},{"@type":"ListItem","position":2,"name":"Brad Pitt, actor de la pel\u00edcula de la F1, elogia al piloto mexicano Sergio P\u00e9rez: \u201cAmo a Checo, no me gust\u00f3 c\u00f3mo termin\u00f3 la temporada pasada para \u00e9l\u201d"}]},{"@type":"WebSite","@id":"https:\/\/quehacerpolitico.mx\/#website","url":"https:\/\/quehacerpolitico.mx\/","name":"","description":"","potentialAction":[{"@type":"SearchAction","target":{"@type":"EntryPoint","urlTemplate":"https:\/\/quehacerpolitico.mx\/?s={search_term_string}"},"query-input":{"@type":"PropertyValueSpecification","valueRequired":true,"valueName":"search_term_string"}}],"inLanguage":"es"},{"@type":"Person","@id":"https:\/\/quehacerpolitico.mx\/#\/schema\/person\/496d8ad2d1d3f8036101dca7ee39e585","name":"Redacci\u00f3n QP","image":{"@type":"ImageObject","inLanguage":"es","@id":"https:\/\/secure.gravatar.com\/avatar\/c7164ed6fdec453195284ad24a5ae5b6e1eed2b848477fa2a4787ba9adf39a41?s=96&d=mm&r=g","url":"https:\/\/secure.gravatar.com\/avatar\/c7164ed6fdec453195284ad24a5ae5b6e1eed2b848477fa2a4787ba9adf39a41?s=96&d=mm&r=g","contentUrl":"https:\/\/secure.gravatar.com\/avatar\/c7164ed6fdec453195284ad24a5ae5b6e1eed2b848477fa2a4787ba9adf39a41?s=96&d=mm&r=g","caption":"Redacci\u00f3n QP"},"url":"https:\/\/quehacerpolitico.mx\/?author=2"}]}},"featured_image_urls":{"full":["https:\/\/quehacerpolitico.mx\/wp-content\/uploads\/2025\/06\/IMG_1038.jpeg",739,415,false],"thumbnail":["https:\/\/quehacerpolitico.mx\/wp-content\/uploads\/2025\/06\/IMG_1038-150x150.jpeg",150,150,true],"medium":["https:\/\/quehacerpolitico.mx\/wp-content\/uploads\/2025\/06\/IMG_1038-300x168.jpeg",300,168,true],"medium_large":["https:\/\/quehacerpolitico.mx\/wp-content\/uploads\/2025\/06\/IMG_1038.jpeg",640,359,false],"large":["https:\/\/quehacerpolitico.mx\/wp-content\/uploads\/2025\/06\/IMG_1038.jpeg",640,359,false],"1536x1536":["https:\/\/quehacerpolitico.mx\/wp-content\/uploads\/2025\/06\/IMG_1038.jpeg",739,415,false],"2048x2048":["https:\/\/quehacerpolitico.mx\/wp-content\/uploads\/2025\/06\/IMG_1038.jpeg",739,415,false],"covernews-featured":["https:\/\/quehacerpolitico.mx\/wp-content\/uploads\/2025\/06\/IMG_1038.jpeg",739,415,false],"covernews-medium":["https:\/\/quehacerpolitico.mx\/wp-content\/uploads\/2025\/06\/IMG_1038-540x340.jpeg",540,340,true]},"author_info":{"display_name":"Redacci\u00f3n QP","author_link":"https:\/\/quehacerpolitico.mx\/?author=2"},"category_info":"<a href=\"https:\/\/quehacerpolitico.mx\/?cat=54\" rel=\"category\">Deportes<\/a>","tag_info":"Deportes","comment_count":"0","_links":{"self":[{"href":"https:\/\/quehacerpolitico.mx\/index.php?rest_route=\/wp\/v2\/posts\/117129","targetHints":{"allow":["GET"]}}],"collection":[{"href":"https:\/\/quehacerpolitico.mx\/index.php?rest_route=\/wp\/v2\/posts"}],"about":[{"href":"https:\/\/quehacerpolitico.mx\/index.php?rest_route=\/wp\/v2\/types\/post"}],"author":[{"embeddable":true,"href":"https:\/\/quehacerpolitico.mx\/index.php?rest_route=\/wp\/v2\/users\/2"}],"replies":[{"embeddable":true,"href":"https:\/\/quehacerpolitico.mx\/index.php?rest_route=%2Fwp%2Fv2%2Fcomments&post=117129"}],"version-history":[{"count":1,"href":"https:\/\/quehacerpolitico.mx\/index.php?rest_route=\/wp\/v2\/posts\/117129\/revisions"}],"predecessor-version":[{"id":117133,"href":"https:\/\/quehacerpolitico.mx\/index.php?rest_route=\/wp\/v2\/posts\/117129\/revisions\/117133"}],"wp:featuredmedia":[{"embeddable":true,"href":"https:\/\/quehacerpolitico.mx\/index.php?rest_route=\/wp\/v2\/media\/117132"}],"wp:attachment":[{"href":"https:\/\/quehacerpolitico.mx\/index.php?rest_route=%2Fwp%2Fv2%2Fmedia&parent=117129"}],"wp:term":[{"taxonomy":"category","embeddable":true,"href":"https:\/\/quehacerpolitico.mx\/index.php?rest_route=%2Fwp%2Fv2%2Fcategories&post=117129"},{"taxonomy":"post_tag","embeddable":true,"href":"https:\/\/quehacerpolitico.mx\/index.php?rest_route=%2Fwp%2Fv2%2Ftags&post=117129"}],"curies":[{"name":"wp","href":"https:\/\/api.w.org\/{rel}","templated":true}]}}