{"id":117094,"date":"2025-06-23T12:49:06","date_gmt":"2025-06-23T18:49:06","guid":{"rendered":"https:\/\/quehacerpolitico.mx\/?p=117094"},"modified":"2025-06-23T12:49:09","modified_gmt":"2025-06-23T18:49:09","slug":"cae-1-5-interanual-la-actividad-economica-de-mexico-en-abril","status":"publish","type":"post","link":"https:\/\/quehacerpolitico.mx\/?p=117094","title":{"rendered":"Cae 1.5% interanual la actividad econ\u00f3mica de M\u00e9xico en abril"},"content":{"rendered":"\n<p>Por Redacci\u00f3n QP<\/p>\n\n\n\n<p>El Inegi indic\u00f3 en su reporte que esta ca\u00edda en el IGAE es resultado de la baja anual del sector secundario (-4%) y el terciario (-0.4%)<\/p>\n\n\n\n<p><strong>La actividad econ\u00f3mica en M\u00e9xico cay\u00f3 un 1.5 % interanual en abril<\/strong>, debido a descensos en los sectores secundario y terciario, inform\u00f3 este lunes el Instituto Nacional de Estad\u00edstica y Geograf\u00eda (Inegi), y en medio de la incertidumbre por los aranceles de Estados Unidos.<\/p>\n\n\n\n<p>El Inegi indic\u00f3 en su reporte que esta ca\u00edda en el indicador global de la actividad econ\u00f3mica (<strong>IGAE<\/strong>) de M\u00e9xico, con base en cifras originales, es resultado de la&nbsp;<strong>ca\u00edda anual del sector secundario (-4%) y el terciario (-0.4%)<\/strong>, en contraste con un&nbsp;<strong>avance en el primario (3.5%).<\/strong><\/p>\n\n\n\n<p>As\u00ed, la actividad econ\u00f3mica acumula un incremento del 0.1% interanual en el primer cuatrimestre del 2025.<\/p>\n\n\n\n<p>En lo que va de a\u00f1o,&nbsp;<strong>el sector agropecuario ha repuntado un 6.5%<\/strong>&nbsp;y&nbsp;<strong>los servicios se han elevado un 0.7%<\/strong>, mientras que&nbsp;<strong>la industria cay\u00f3 un -1.6%<\/strong>.<\/p>\n\n\n\n<p>Asimismo, el IGAE avanz\u00f3 a tasa mensual un 0.5%, seg\u00fan cifras desestacionalizadas, sin factores coyunturales y de calendario.<\/p>\n\n\n\n<p>Frente al mes precedente,&nbsp;<strong>subieron el<\/strong><strong>sector terciario (0.9%)<\/strong>&nbsp;y el&nbsp;<strong>secundario (0.1%)<\/strong>, pero&nbsp;<strong>cay\u00f3 el primario (-3.7%)<\/strong>.<\/p>\n\n\n\n<p>El IGAE es un indicador preliminar que muestra la tendencia de la econom\u00eda mexicana en el corto plazo.<\/p>\n\n\n\n<p>El dato de abril se publica tras difundirse el&nbsp;<strong>crecimiento<\/strong>&nbsp;de 0.2% trimestral y de 0.8% interanual del producto interno bruto (PIB)&nbsp;<strong>en el primer trimestre de 2025<\/strong>.&nbsp;<\/p>\n\n\n\n<p>De acuerdo a analistas, M\u00e9xico ha evitado una recesi\u00f3n t\u00e9cnica tras no verse tan afectado por los aranceles de Estados Unidos, aunque la econom\u00eda mantiene un desempe\u00f1o d\u00e9bil.&nbsp;<\/p>\n\n\n\n<p>Esto, pese a que en abril el grupo financiero&nbsp;<strong>Citi<\/strong>&nbsp;<strong>estim\u00f3 que el PIB se redujo un 0.4%<\/strong>&nbsp;en el primer trimestre del a\u00f1o, tras una ca\u00edda del 0.6% en el \u00faltimo periodo de 2024, lo que configuraba una recesi\u00f3n t\u00e9cnica.&nbsp;<\/p>\n\n\n\n<p>Adem\u00e1s, el Fondo Monetario Internacional (FMI) previ\u00f3 tambi\u00e9n una contracci\u00f3n del 0.3% del PIB de M\u00e9xico para este a\u00f1o, mientras que el Banco Mundial proyect\u00f3 una recesi\u00f3n del 0%.&nbsp;<\/p>\n\n\n\n<p><strong>La econom\u00eda de M\u00e9xico creci\u00f3 un 1.5% en 2024, pero cay\u00f3 un 0.6% de octubre a diciembre<\/strong>, su primera contracci\u00f3n a tasa trimestral en los \u00faltimos tres a\u00f1os, ante la incertidumbre causada por la elecci\u00f3n presidencial de Donald Trump en Estados Unidos.&nbsp;<\/p>\n\n\n\n<p>El pa\u00eds creci\u00f3 un 3.2% en 2023, un 3.9% en 2022 y un 6.1% en 2021, seg\u00fan las cifras actualizadas del Inegi, que el pr\u00f3ximo mi\u00e9rcoles publicar\u00e1 la estimaci\u00f3n oportuna del PIB del primer trimestre de 2025.<\/p>\n\n\n\n<p>Con informaci\u00f3n de EFE<\/p>\n","protected":false},"excerpt":{"rendered":"<p>Por Redacci\u00f3n QP El Inegi indic\u00f3 en su reporte que esta ca\u00edda en el IGAE&#8230;<\/p>\n","protected":false},"author":2,"featured_media":117095,"comment_status":"open","ping_status":"open","sticky":false,"template":"","format":"standard","meta":{"_monsterinsights_skip_tracking":false,"_monsterinsights_sitenote_active":false,"_monsterinsights_sitenote_note":"","_monsterinsights_sitenote_category":0,"footnotes":""},"categories":[56],"tags":[],"class_list":["post-117094","post","type-post","status-publish","format-standard","has-post-thumbnail","hentry","category-economia"],"yoast_head":"<!-- This site is optimized with the Yoast SEO plugin v27.3 - https:\/\/yoast.com\/product\/yoast-seo-wordpress\/ -->\n<title>Cae 1.5% interanual la actividad econ\u00f3mica de M\u00e9xico en abril -<\/title>\n<meta name=\"robots\" content=\"index, follow, max-snippet:-1, max-image-preview:large, max-video-preview:-1\" \/>\n<link rel=\"canonical\" href=\"https:\/\/quehacerpolitico.mx\/?p=117094\" \/>\n<meta property=\"og:locale\" content=\"es_MX\" \/>\n<meta property=\"og:type\" content=\"article\" \/>\n<meta property=\"og:title\" content=\"Cae 1.5% interanual la actividad econ\u00f3mica de M\u00e9xico en abril -\" \/>\n<meta property=\"og:description\" content=\"Por Redacci\u00f3n QP El Inegi indic\u00f3 en su reporte que esta ca\u00edda en el IGAE...\" \/>\n<meta property=\"og:url\" content=\"https:\/\/quehacerpolitico.mx\/?p=117094\" \/>\n<meta property=\"article:published_time\" content=\"2025-06-23T18:49:06+00:00\" \/>\n<meta property=\"article:modified_time\" content=\"2025-06-23T18:49:09+00:00\" \/>\n<meta property=\"og:image\" content=\"https:\/\/quehacerpolitico.mx\/wp-content\/uploads\/2025\/06\/IMG_1006.webp\" \/>\n\t<meta property=\"og:image:width\" content=\"1920\" \/>\n\t<meta property=\"og:image:height\" content=\"1080\" \/>\n\t<meta property=\"og:image:type\" content=\"image\/webp\" \/>\n<meta name=\"author\" content=\"Redacci\u00f3n QP\" \/>\n<meta name=\"twitter:card\" content=\"summary_large_image\" \/>\n<meta name=\"twitter:label1\" content=\"Escrito por\" \/>\n\t<meta name=\"twitter:data1\" content=\"Redacci\u00f3n QP\" \/>\n\t<meta name=\"twitter:label2\" content=\"Tiempo de lectura\" \/>\n\t<meta name=\"twitter:data2\" content=\"2 minutos\" \/>\n<script type=\"application\/ld+json\" class=\"yoast-schema-graph\">{\"@context\":\"https:\\\/\\\/schema.org\",\"@graph\":[{\"@type\":\"Article\",\"@id\":\"https:\\\/\\\/quehacerpolitico.mx\\\/?p=117094#article\",\"isPartOf\":{\"@id\":\"https:\\\/\\\/quehacerpolitico.mx\\\/?p=117094\"},\"author\":{\"name\":\"Redacci\u00f3n QP\",\"@id\":\"https:\\\/\\\/quehacerpolitico.mx\\\/#\\\/schema\\\/person\\\/496d8ad2d1d3f8036101dca7ee39e585\"},\"headline\":\"Cae 1.5% interanual la actividad econ\u00f3mica de M\u00e9xico en abril\",\"datePublished\":\"2025-06-23T18:49:06+00:00\",\"dateModified\":\"2025-06-23T18:49:09+00:00\",\"mainEntityOfPage\":{\"@id\":\"https:\\\/\\\/quehacerpolitico.mx\\\/?p=117094\"},\"wordCount\":473,\"commentCount\":0,\"image\":{\"@id\":\"https:\\\/\\\/quehacerpolitico.mx\\\/?p=117094#primaryimage\"},\"thumbnailUrl\":\"https:\\\/\\\/quehacerpolitico.mx\\\/wp-content\\\/uploads\\\/2025\\\/06\\\/IMG_1006.webp\",\"articleSection\":[\"Econom\u00eda\"],\"inLanguage\":\"es\",\"potentialAction\":[{\"@type\":\"CommentAction\",\"name\":\"Comment\",\"target\":[\"https:\\\/\\\/quehacerpolitico.mx\\\/?p=117094#respond\"]}]},{\"@type\":\"WebPage\",\"@id\":\"https:\\\/\\\/quehacerpolitico.mx\\\/?p=117094\",\"url\":\"https:\\\/\\\/quehacerpolitico.mx\\\/?p=117094\",\"name\":\"Cae 1.5% interanual la actividad econ\u00f3mica de M\u00e9xico en abril -\",\"isPartOf\":{\"@id\":\"https:\\\/\\\/quehacerpolitico.mx\\\/#website\"},\"primaryImageOfPage\":{\"@id\":\"https:\\\/\\\/quehacerpolitico.mx\\\/?p=117094#primaryimage\"},\"image\":{\"@id\":\"https:\\\/\\\/quehacerpolitico.mx\\\/?p=117094#primaryimage\"},\"thumbnailUrl\":\"https:\\\/\\\/quehacerpolitico.mx\\\/wp-content\\\/uploads\\\/2025\\\/06\\\/IMG_1006.webp\",\"datePublished\":\"2025-06-23T18:49:06+00:00\",\"dateModified\":\"2025-06-23T18:49:09+00:00\",\"author\":{\"@id\":\"https:\\\/\\\/quehacerpolitico.mx\\\/#\\\/schema\\\/person\\\/496d8ad2d1d3f8036101dca7ee39e585\"},\"breadcrumb\":{\"@id\":\"https:\\\/\\\/quehacerpolitico.mx\\\/?p=117094#breadcrumb\"},\"inLanguage\":\"es\",\"potentialAction\":[{\"@type\":\"ReadAction\",\"target\":[\"https:\\\/\\\/quehacerpolitico.mx\\\/?p=117094\"]}]},{\"@type\":\"ImageObject\",\"inLanguage\":\"es\",\"@id\":\"https:\\\/\\\/quehacerpolitico.mx\\\/?p=117094#primaryimage\",\"url\":\"https:\\\/\\\/quehacerpolitico.mx\\\/wp-content\\\/uploads\\\/2025\\\/06\\\/IMG_1006.webp\",\"contentUrl\":\"https:\\\/\\\/quehacerpolitico.mx\\\/wp-content\\\/uploads\\\/2025\\\/06\\\/IMG_1006.webp\",\"width\":1920,\"height\":1080},{\"@type\":\"BreadcrumbList\",\"@id\":\"https:\\\/\\\/quehacerpolitico.mx\\\/?p=117094#breadcrumb\",\"itemListElement\":[{\"@type\":\"ListItem\",\"position\":1,\"name\":\"Inicio\",\"item\":\"https:\\\/\\\/quehacerpolitico.mx\\\/\"},{\"@type\":\"ListItem\",\"position\":2,\"name\":\"Cae 1.5% interanual la actividad econ\u00f3mica de M\u00e9xico en abril\"}]},{\"@type\":\"WebSite\",\"@id\":\"https:\\\/\\\/quehacerpolitico.mx\\\/#website\",\"url\":\"https:\\\/\\\/quehacerpolitico.mx\\\/\",\"name\":\"\",\"description\":\"\",\"potentialAction\":[{\"@type\":\"SearchAction\",\"target\":{\"@type\":\"EntryPoint\",\"urlTemplate\":\"https:\\\/\\\/quehacerpolitico.mx\\\/?s={search_term_string}\"},\"query-input\":{\"@type\":\"PropertyValueSpecification\",\"valueRequired\":true,\"valueName\":\"search_term_string\"}}],\"inLanguage\":\"es\"},{\"@type\":\"Person\",\"@id\":\"https:\\\/\\\/quehacerpolitico.mx\\\/#\\\/schema\\\/person\\\/496d8ad2d1d3f8036101dca7ee39e585\",\"name\":\"Redacci\u00f3n QP\",\"image\":{\"@type\":\"ImageObject\",\"inLanguage\":\"es\",\"@id\":\"https:\\\/\\\/secure.gravatar.com\\\/avatar\\\/c7164ed6fdec453195284ad24a5ae5b6e1eed2b848477fa2a4787ba9adf39a41?s=96&d=mm&r=g\",\"url\":\"https:\\\/\\\/secure.gravatar.com\\\/avatar\\\/c7164ed6fdec453195284ad24a5ae5b6e1eed2b848477fa2a4787ba9adf39a41?s=96&d=mm&r=g\",\"contentUrl\":\"https:\\\/\\\/secure.gravatar.com\\\/avatar\\\/c7164ed6fdec453195284ad24a5ae5b6e1eed2b848477fa2a4787ba9adf39a41?s=96&d=mm&r=g\",\"caption\":\"Redacci\u00f3n QP\"},\"url\":\"https:\\\/\\\/quehacerpolitico.mx\\\/?author=2\"}]}<\/script>\n<!-- \/ Yoast SEO plugin. -->","yoast_head_json":{"title":"Cae 1.5% interanual la actividad econ\u00f3mica de M\u00e9xico en abril -","robots":{"index":"index","follow":"follow","max-snippet":"max-snippet:-1","max-image-preview":"max-image-preview:large","max-video-preview":"max-video-preview:-1"},"canonical":"https:\/\/quehacerpolitico.mx\/?p=117094","og_locale":"es_MX","og_type":"article","og_title":"Cae 1.5% interanual la actividad econ\u00f3mica de M\u00e9xico en abril -","og_description":"Por Redacci\u00f3n QP El Inegi indic\u00f3 en su reporte que esta ca\u00edda en el IGAE...","og_url":"https:\/\/quehacerpolitico.mx\/?p=117094","article_published_time":"2025-06-23T18:49:06+00:00","article_modified_time":"2025-06-23T18:49:09+00:00","og_image":[{"width":1920,"height":1080,"url":"https:\/\/quehacerpolitico.mx\/wp-content\/uploads\/2025\/06\/IMG_1006.webp","type":"image\/webp"}],"author":"Redacci\u00f3n QP","twitter_card":"summary_large_image","twitter_misc":{"Escrito por":"Redacci\u00f3n QP","Tiempo de lectura":"2 minutos"},"schema":{"@context":"https:\/\/schema.org","@graph":[{"@type":"Article","@id":"https:\/\/quehacerpolitico.mx\/?p=117094#article","isPartOf":{"@id":"https:\/\/quehacerpolitico.mx\/?p=117094"},"author":{"name":"Redacci\u00f3n QP","@id":"https:\/\/quehacerpolitico.mx\/#\/schema\/person\/496d8ad2d1d3f8036101dca7ee39e585"},"headline":"Cae 1.5% interanual la actividad econ\u00f3mica de M\u00e9xico en abril","datePublished":"2025-06-23T18:49:06+00:00","dateModified":"2025-06-23T18:49:09+00:00","mainEntityOfPage":{"@id":"https:\/\/quehacerpolitico.mx\/?p=117094"},"wordCount":473,"commentCount":0,"image":{"@id":"https:\/\/quehacerpolitico.mx\/?p=117094#primaryimage"},"thumbnailUrl":"https:\/\/quehacerpolitico.mx\/wp-content\/uploads\/2025\/06\/IMG_1006.webp","articleSection":["Econom\u00eda"],"inLanguage":"es","potentialAction":[{"@type":"CommentAction","name":"Comment","target":["https:\/\/quehacerpolitico.mx\/?p=117094#respond"]}]},{"@type":"WebPage","@id":"https:\/\/quehacerpolitico.mx\/?p=117094","url":"https:\/\/quehacerpolitico.mx\/?p=117094","name":"Cae 1.5% interanual la actividad econ\u00f3mica de M\u00e9xico en abril -","isPartOf":{"@id":"https:\/\/quehacerpolitico.mx\/#website"},"primaryImageOfPage":{"@id":"https:\/\/quehacerpolitico.mx\/?p=117094#primaryimage"},"image":{"@id":"https:\/\/quehacerpolitico.mx\/?p=117094#primaryimage"},"thumbnailUrl":"https:\/\/quehacerpolitico.mx\/wp-content\/uploads\/2025\/06\/IMG_1006.webp","datePublished":"2025-06-23T18:49:06+00:00","dateModified":"2025-06-23T18:49:09+00:00","author":{"@id":"https:\/\/quehacerpolitico.mx\/#\/schema\/person\/496d8ad2d1d3f8036101dca7ee39e585"},"breadcrumb":{"@id":"https:\/\/quehacerpolitico.mx\/?p=117094#breadcrumb"},"inLanguage":"es","potentialAction":[{"@type":"ReadAction","target":["https:\/\/quehacerpolitico.mx\/?p=117094"]}]},{"@type":"ImageObject","inLanguage":"es","@id":"https:\/\/quehacerpolitico.mx\/?p=117094#primaryimage","url":"https:\/\/quehacerpolitico.mx\/wp-content\/uploads\/2025\/06\/IMG_1006.webp","contentUrl":"https:\/\/quehacerpolitico.mx\/wp-content\/uploads\/2025\/06\/IMG_1006.webp","width":1920,"height":1080},{"@type":"BreadcrumbList","@id":"https:\/\/quehacerpolitico.mx\/?p=117094#breadcrumb","itemListElement":[{"@type":"ListItem","position":1,"name":"Inicio","item":"https:\/\/quehacerpolitico.mx\/"},{"@type":"ListItem","position":2,"name":"Cae 1.5% interanual la actividad econ\u00f3mica de M\u00e9xico en abril"}]},{"@type":"WebSite","@id":"https:\/\/quehacerpolitico.mx\/#website","url":"https:\/\/quehacerpolitico.mx\/","name":"","description":"","potentialAction":[{"@type":"SearchAction","target":{"@type":"EntryPoint","urlTemplate":"https:\/\/quehacerpolitico.mx\/?s={search_term_string}"},"query-input":{"@type":"PropertyValueSpecification","valueRequired":true,"valueName":"search_term_string"}}],"inLanguage":"es"},{"@type":"Person","@id":"https:\/\/quehacerpolitico.mx\/#\/schema\/person\/496d8ad2d1d3f8036101dca7ee39e585","name":"Redacci\u00f3n QP","image":{"@type":"ImageObject","inLanguage":"es","@id":"https:\/\/secure.gravatar.com\/avatar\/c7164ed6fdec453195284ad24a5ae5b6e1eed2b848477fa2a4787ba9adf39a41?s=96&d=mm&r=g","url":"https:\/\/secure.gravatar.com\/avatar\/c7164ed6fdec453195284ad24a5ae5b6e1eed2b848477fa2a4787ba9adf39a41?s=96&d=mm&r=g","contentUrl":"https:\/\/secure.gravatar.com\/avatar\/c7164ed6fdec453195284ad24a5ae5b6e1eed2b848477fa2a4787ba9adf39a41?s=96&d=mm&r=g","caption":"Redacci\u00f3n QP"},"url":"https:\/\/quehacerpolitico.mx\/?author=2"}]}},"featured_image_urls":{"full":["https:\/\/quehacerpolitico.mx\/wp-content\/uploads\/2025\/06\/IMG_1006.webp",1920,1080,false],"thumbnail":["https:\/\/quehacerpolitico.mx\/wp-content\/uploads\/2025\/06\/IMG_1006-150x150.webp",150,150,true],"medium":["https:\/\/quehacerpolitico.mx\/wp-content\/uploads\/2025\/06\/IMG_1006-300x169.webp",300,169,true],"medium_large":["https:\/\/quehacerpolitico.mx\/wp-content\/uploads\/2025\/06\/IMG_1006-768x432.webp",640,360,true],"large":["https:\/\/quehacerpolitico.mx\/wp-content\/uploads\/2025\/06\/IMG_1006-1024x576.webp",640,360,true],"1536x1536":["https:\/\/quehacerpolitico.mx\/wp-content\/uploads\/2025\/06\/IMG_1006-1536x864.webp",1536,864,true],"2048x2048":["https:\/\/quehacerpolitico.mx\/wp-content\/uploads\/2025\/06\/IMG_1006.webp",1920,1080,false],"covernews-featured":["https:\/\/quehacerpolitico.mx\/wp-content\/uploads\/2025\/06\/IMG_1006-1024x576.webp",1024,576,true],"covernews-medium":["https:\/\/quehacerpolitico.mx\/wp-content\/uploads\/2025\/06\/IMG_1006-540x340.webp",540,340,true]},"author_info":{"display_name":"Redacci\u00f3n QP","author_link":"https:\/\/quehacerpolitico.mx\/?author=2"},"category_info":"<a href=\"https:\/\/quehacerpolitico.mx\/?cat=56\" rel=\"category\">Econom\u00eda<\/a>","tag_info":"Econom\u00eda","comment_count":"0","_links":{"self":[{"href":"https:\/\/quehacerpolitico.mx\/index.php?rest_route=\/wp\/v2\/posts\/117094","targetHints":{"allow":["GET"]}}],"collection":[{"href":"https:\/\/quehacerpolitico.mx\/index.php?rest_route=\/wp\/v2\/posts"}],"about":[{"href":"https:\/\/quehacerpolitico.mx\/index.php?rest_route=\/wp\/v2\/types\/post"}],"author":[{"embeddable":true,"href":"https:\/\/quehacerpolitico.mx\/index.php?rest_route=\/wp\/v2\/users\/2"}],"replies":[{"embeddable":true,"href":"https:\/\/quehacerpolitico.mx\/index.php?rest_route=%2Fwp%2Fv2%2Fcomments&post=117094"}],"version-history":[{"count":1,"href":"https:\/\/quehacerpolitico.mx\/index.php?rest_route=\/wp\/v2\/posts\/117094\/revisions"}],"predecessor-version":[{"id":117096,"href":"https:\/\/quehacerpolitico.mx\/index.php?rest_route=\/wp\/v2\/posts\/117094\/revisions\/117096"}],"wp:featuredmedia":[{"embeddable":true,"href":"https:\/\/quehacerpolitico.mx\/index.php?rest_route=\/wp\/v2\/media\/117095"}],"wp:attachment":[{"href":"https:\/\/quehacerpolitico.mx\/index.php?rest_route=%2Fwp%2Fv2%2Fmedia&parent=117094"}],"wp:term":[{"taxonomy":"category","embeddable":true,"href":"https:\/\/quehacerpolitico.mx\/index.php?rest_route=%2Fwp%2Fv2%2Fcategories&post=117094"},{"taxonomy":"post_tag","embeddable":true,"href":"https:\/\/quehacerpolitico.mx\/index.php?rest_route=%2Fwp%2Fv2%2Ftags&post=117094"}],"curies":[{"name":"wp","href":"https:\/\/api.w.org\/{rel}","templated":true}]}}