{"id":117091,"date":"2025-06-23T11:34:35","date_gmt":"2025-06-23T17:34:35","guid":{"rendered":"https:\/\/quehacerpolitico.mx\/?p=117091"},"modified":"2025-06-23T11:34:37","modified_gmt":"2025-06-23T17:34:37","slug":"el-quehacer-politico-internacional-a-traves-de-la-opinion-carolina-alonso-romei-reportan-el-lanzamiento-de-al-menos-seis-misiles-balisticos-de-iran-contra-bases-estadounidenses-en-qatar","status":"publish","type":"post","link":"https:\/\/quehacerpolitico.mx\/?p=117091","title":{"rendered":"El Quehacer Pol\u00edtico Internacional a trav\u00e9s de la opini\u00f3n\/\/\/Carolina Alonso Romei\/\/\/Reportan el lanzamiento de al menos seis misiles\u00a0bal\u00edsticos de Ir\u00e1n contra bases estadounidenses en Qatar"},"content":{"rendered":"\n<p>Por Carolina Alonso Romei<\/p>\n\n\n\n<p>Internacionalista <\/p>\n\n\n\n<p>Seg\u00fan un testigo, el ruido de varias explosiones se escuch\u00f3 sobre Doha, la capital del pa\u00eds; esto sucede luego de las amenazas de Teher\u00e1n de tomar represalias contra la decisi\u00f3n de Trump<\/p>\n\n\n\n<p>La agencia de noticias&nbsp;<em>Axios<\/em>, citando a un funcionario israel\u00ed, inform\u00f3 el lunes que Ir\u00e1n hab\u00eda lanzado&nbsp;<strong>seis misiles<\/strong>&nbsp;bal\u00edsticos hacia bases estadounidenses en Qatar.<\/p>\n\n\n\n<figure class=\"wp-block-embed is-type-rich is-provider-twitter wp-block-embed-twitter\"><div class=\"wp-block-embed__wrapper\">\n<blockquote class=\"twitter-tweet\" data-width=\"550\" data-dnt=\"true\"><p lang=\"es\" dir=\"ltr\">\ud83c\uddf6\ud83c\udde6\ud83c\uddfa\ud83c\uddf8\ud83c\uddee\ud83c\uddf7 | \u00daLTIMA HORA: Los interceptores iluminan los cielos de Doha mientras atacan misiles bal\u00edsticos iran\u00edes dirigidos a objetivos estadounidenses. <a href=\"https:\/\/t.co\/FMdDV1b8HC\">pic.twitter.com\/FMdDV1b8HC<\/a><\/p>&mdash; Alerta Mundial (@AlertaMundoNews) <a href=\"https:\/\/twitter.com\/AlertaMundoNews\/status\/1937196868255285705?ref_src=twsrc%5Etfw\">June 23, 2025<\/a><\/blockquote><script async src=\"https:\/\/platform.twitter.com\/widgets.js\" charset=\"utf-8\"><\/script>\n<\/div><\/figure>\n\n\n\n<p>La agencia hab\u00eda informado anteriormente que&nbsp;<strong>Ir\u00e1n&nbsp;<\/strong>se estaba preparando para disparar misiles contra las bases.<\/p>\n\n\n\n<p>Por su parte, un testigo, asegur\u00f3 a&nbsp;<em>Reuters<\/em>&nbsp;que el ruido de varias explosiones se escuch\u00f3 sobre&nbsp;<strong>Doha<\/strong>, la capital de Qatar,&nbsp;luego de las amenazas de&nbsp;<strong>Teher\u00e1n<\/strong>&nbsp;de tomar represalias por los ataques de Estados Unidos a sitios nucleares iran\u00edes.<\/p>\n\n\n\n<figure class=\"wp-block-embed is-type-rich is-provider-twitter wp-block-embed-twitter\"><div class=\"wp-block-embed__wrapper\">\n<blockquote class=\"twitter-tweet\" data-width=\"550\" data-dnt=\"true\"><p lang=\"es\" dir=\"ltr\">\ud83d\udd34 <a href=\"https:\/\/twitter.com\/hashtag\/URGENTE?src=hash&amp;ref_src=twsrc%5Etfw\">#URGENTE<\/a> | Defensas a\u00e9reas activas en Qatar mientras misiles sobrevuelan hacia una base estadounidense. <a href=\"https:\/\/t.co\/g99SX5PjhN\">pic.twitter.com\/g99SX5PjhN<\/a><\/p>&mdash; Mundo en Conflicto \ud83c\udf0e (@MundoEConflicto) <a href=\"https:\/\/twitter.com\/MundoEConflicto\/status\/1937191387629289941?ref_src=twsrc%5Etfw\">June 23, 2025<\/a><\/blockquote><script async src=\"https:\/\/platform.twitter.com\/widgets.js\" charset=\"utf-8\"><\/script>\n<\/div><\/figure>\n\n\n\n<p>La Casa Blanca y el Departamento de Defensa est\u00e1n vigilando de cerca las posibles amenazas a la&nbsp;<strong>base a\u00e9rea de Al Udeid en Qatar,<\/strong>&nbsp;una instalaci\u00f3n estadounidense, dijo el lunes un funcionario de alto rango de la Casa Blanca.<\/p>\n\n\n\n<p>&#8220;La Casa Blanca y el Departamento de Defensa est\u00e1n al tanto y vigilan de cerca las posibles amenazas a la base a\u00e9rea de Al Udeid, en Qatar&#8221;, declar\u00f3 el funcionario.<\/p>\n\n\n\n<p>M\u00e1s temprano el lunes,&nbsp;<strong>Israel atac\u00f3 una c\u00e1rcel&nbsp;<\/strong>para prisioneros pol\u00edticos en Teher\u00e1n en una potente demostraci\u00f3n de que estaba ampliando sus objetivos m\u00e1s all\u00e1 de los sitios militares y nucleares para apuntar directamente a los pilares del sistema gobernante de Ir\u00e1n.<\/p>\n\n\n\n<p>Dos funcionarios estadounidenses dijeron que Washington evalu\u00f3 que Ir\u00e1n&nbsp;podr\u00eda llevar a cabo<strong>&nbsp;ataques&nbsp;contra las fuerzas estadounidenses en Medio Oriente pronto<\/strong>, aunque Estados Unidos todav\u00eda est\u00e1 buscando una resoluci\u00f3n diplom\u00e1tica que haga que Teher\u00e1n renuncie a cualquier represalia.<\/p>\n\n\n\n<p>Con informaci\u00f3n de Reuters<\/p>\n","protected":false},"excerpt":{"rendered":"<p>Por Carolina Alonso Romei Internacionalista Seg\u00fan un testigo, el ruido de varias explosiones se escuch\u00f3&#8230;<\/p>\n","protected":false},"author":2,"featured_media":117092,"comment_status":"open","ping_status":"open","sticky":false,"template":"","format":"standard","meta":{"_monsterinsights_skip_tracking":false,"_monsterinsights_sitenote_active":false,"_monsterinsights_sitenote_note":"","_monsterinsights_sitenote_category":0,"footnotes":""},"categories":[1],"tags":[],"class_list":["post-117091","post","type-post","status-publish","format-standard","has-post-thumbnail","hentry","category-sin-categoria"],"yoast_head":"<!-- This site is optimized with the Yoast SEO plugin v27.3 - https:\/\/yoast.com\/product\/yoast-seo-wordpress\/ -->\n<title>El Quehacer Pol\u00edtico Internacional a trav\u00e9s de la opini\u00f3n\/\/\/Carolina Alonso Romei\/\/\/Reportan el lanzamiento de al menos seis misiles\u00a0bal\u00edsticos de Ir\u00e1n contra bases estadounidenses en Qatar -<\/title>\n<meta name=\"robots\" content=\"index, follow, max-snippet:-1, max-image-preview:large, max-video-preview:-1\" \/>\n<link rel=\"canonical\" href=\"https:\/\/quehacerpolitico.mx\/?p=117091\" \/>\n<meta property=\"og:locale\" content=\"es_MX\" \/>\n<meta property=\"og:type\" content=\"article\" \/>\n<meta property=\"og:title\" content=\"El Quehacer Pol\u00edtico Internacional a trav\u00e9s de la opini\u00f3n\/\/\/Carolina Alonso Romei\/\/\/Reportan el lanzamiento de al menos seis misiles\u00a0bal\u00edsticos de Ir\u00e1n contra bases estadounidenses en Qatar -\" \/>\n<meta property=\"og:description\" content=\"Por Carolina Alonso Romei Internacionalista Seg\u00fan un testigo, el ruido de varias explosiones se escuch\u00f3...\" \/>\n<meta property=\"og:url\" content=\"https:\/\/quehacerpolitico.mx\/?p=117091\" \/>\n<meta property=\"article:published_time\" content=\"2025-06-23T17:34:35+00:00\" \/>\n<meta property=\"article:modified_time\" content=\"2025-06-23T17:34:37+00:00\" \/>\n<meta property=\"og:image\" content=\"https:\/\/quehacerpolitico.mx\/wp-content\/uploads\/2025\/06\/03fa6135-c3fe-44b7-8e96-c6ca323ffebb-7.jpeg\" \/>\n\t<meta property=\"og:image:width\" content=\"963\" \/>\n\t<meta property=\"og:image:height\" content=\"493\" \/>\n\t<meta property=\"og:image:type\" content=\"image\/jpeg\" \/>\n<meta name=\"author\" content=\"Redacci\u00f3n QP\" \/>\n<meta name=\"twitter:card\" content=\"summary_large_image\" \/>\n<meta name=\"twitter:label1\" content=\"Escrito por\" \/>\n\t<meta name=\"twitter:data1\" content=\"Redacci\u00f3n QP\" \/>\n\t<meta name=\"twitter:label2\" content=\"Tiempo de lectura\" \/>\n\t<meta name=\"twitter:data2\" content=\"2 minutos\" \/>\n<script type=\"application\/ld+json\" class=\"yoast-schema-graph\">{\"@context\":\"https:\\\/\\\/schema.org\",\"@graph\":[{\"@type\":\"Article\",\"@id\":\"https:\\\/\\\/quehacerpolitico.mx\\\/?p=117091#article\",\"isPartOf\":{\"@id\":\"https:\\\/\\\/quehacerpolitico.mx\\\/?p=117091\"},\"author\":{\"name\":\"Redacci\u00f3n QP\",\"@id\":\"https:\\\/\\\/quehacerpolitico.mx\\\/#\\\/schema\\\/person\\\/496d8ad2d1d3f8036101dca7ee39e585\"},\"headline\":\"El Quehacer Pol\u00edtico Internacional a trav\u00e9s de la opini\u00f3n\\\/\\\/\\\/Carolina Alonso Romei\\\/\\\/\\\/Reportan el lanzamiento de al menos seis misiles\u00a0bal\u00edsticos de Ir\u00e1n contra bases estadounidenses en Qatar\",\"datePublished\":\"2025-06-23T17:34:35+00:00\",\"dateModified\":\"2025-06-23T17:34:37+00:00\",\"mainEntityOfPage\":{\"@id\":\"https:\\\/\\\/quehacerpolitico.mx\\\/?p=117091\"},\"wordCount\":366,\"commentCount\":0,\"image\":{\"@id\":\"https:\\\/\\\/quehacerpolitico.mx\\\/?p=117091#primaryimage\"},\"thumbnailUrl\":\"https:\\\/\\\/quehacerpolitico.mx\\\/wp-content\\\/uploads\\\/2025\\\/06\\\/03fa6135-c3fe-44b7-8e96-c6ca323ffebb-7.jpeg\",\"articleSection\":[\"Internacionales\"],\"inLanguage\":\"es\",\"potentialAction\":[{\"@type\":\"CommentAction\",\"name\":\"Comment\",\"target\":[\"https:\\\/\\\/quehacerpolitico.mx\\\/?p=117091#respond\"]}]},{\"@type\":\"WebPage\",\"@id\":\"https:\\\/\\\/quehacerpolitico.mx\\\/?p=117091\",\"url\":\"https:\\\/\\\/quehacerpolitico.mx\\\/?p=117091\",\"name\":\"El Quehacer Pol\u00edtico Internacional a trav\u00e9s de la opini\u00f3n\\\/\\\/\\\/Carolina Alonso Romei\\\/\\\/\\\/Reportan el lanzamiento de al menos seis misiles\u00a0bal\u00edsticos de Ir\u00e1n contra bases estadounidenses en Qatar -\",\"isPartOf\":{\"@id\":\"https:\\\/\\\/quehacerpolitico.mx\\\/#website\"},\"primaryImageOfPage\":{\"@id\":\"https:\\\/\\\/quehacerpolitico.mx\\\/?p=117091#primaryimage\"},\"image\":{\"@id\":\"https:\\\/\\\/quehacerpolitico.mx\\\/?p=117091#primaryimage\"},\"thumbnailUrl\":\"https:\\\/\\\/quehacerpolitico.mx\\\/wp-content\\\/uploads\\\/2025\\\/06\\\/03fa6135-c3fe-44b7-8e96-c6ca323ffebb-7.jpeg\",\"datePublished\":\"2025-06-23T17:34:35+00:00\",\"dateModified\":\"2025-06-23T17:34:37+00:00\",\"author\":{\"@id\":\"https:\\\/\\\/quehacerpolitico.mx\\\/#\\\/schema\\\/person\\\/496d8ad2d1d3f8036101dca7ee39e585\"},\"breadcrumb\":{\"@id\":\"https:\\\/\\\/quehacerpolitico.mx\\\/?p=117091#breadcrumb\"},\"inLanguage\":\"es\",\"potentialAction\":[{\"@type\":\"ReadAction\",\"target\":[\"https:\\\/\\\/quehacerpolitico.mx\\\/?p=117091\"]}]},{\"@type\":\"ImageObject\",\"inLanguage\":\"es\",\"@id\":\"https:\\\/\\\/quehacerpolitico.mx\\\/?p=117091#primaryimage\",\"url\":\"https:\\\/\\\/quehacerpolitico.mx\\\/wp-content\\\/uploads\\\/2025\\\/06\\\/03fa6135-c3fe-44b7-8e96-c6ca323ffebb-7.jpeg\",\"contentUrl\":\"https:\\\/\\\/quehacerpolitico.mx\\\/wp-content\\\/uploads\\\/2025\\\/06\\\/03fa6135-c3fe-44b7-8e96-c6ca323ffebb-7.jpeg\",\"width\":963,\"height\":493},{\"@type\":\"BreadcrumbList\",\"@id\":\"https:\\\/\\\/quehacerpolitico.mx\\\/?p=117091#breadcrumb\",\"itemListElement\":[{\"@type\":\"ListItem\",\"position\":1,\"name\":\"Inicio\",\"item\":\"https:\\\/\\\/quehacerpolitico.mx\\\/\"},{\"@type\":\"ListItem\",\"position\":2,\"name\":\"El Quehacer Pol\u00edtico Internacional a trav\u00e9s de la opini\u00f3n\\\/\\\/\\\/Carolina Alonso Romei\\\/\\\/\\\/Reportan el lanzamiento de al menos seis misiles\u00a0bal\u00edsticos de Ir\u00e1n contra bases estadounidenses en Qatar\"}]},{\"@type\":\"WebSite\",\"@id\":\"https:\\\/\\\/quehacerpolitico.mx\\\/#website\",\"url\":\"https:\\\/\\\/quehacerpolitico.mx\\\/\",\"name\":\"\",\"description\":\"\",\"potentialAction\":[{\"@type\":\"SearchAction\",\"target\":{\"@type\":\"EntryPoint\",\"urlTemplate\":\"https:\\\/\\\/quehacerpolitico.mx\\\/?s={search_term_string}\"},\"query-input\":{\"@type\":\"PropertyValueSpecification\",\"valueRequired\":true,\"valueName\":\"search_term_string\"}}],\"inLanguage\":\"es\"},{\"@type\":\"Person\",\"@id\":\"https:\\\/\\\/quehacerpolitico.mx\\\/#\\\/schema\\\/person\\\/496d8ad2d1d3f8036101dca7ee39e585\",\"name\":\"Redacci\u00f3n QP\",\"image\":{\"@type\":\"ImageObject\",\"inLanguage\":\"es\",\"@id\":\"https:\\\/\\\/secure.gravatar.com\\\/avatar\\\/c7164ed6fdec453195284ad24a5ae5b6e1eed2b848477fa2a4787ba9adf39a41?s=96&d=mm&r=g\",\"url\":\"https:\\\/\\\/secure.gravatar.com\\\/avatar\\\/c7164ed6fdec453195284ad24a5ae5b6e1eed2b848477fa2a4787ba9adf39a41?s=96&d=mm&r=g\",\"contentUrl\":\"https:\\\/\\\/secure.gravatar.com\\\/avatar\\\/c7164ed6fdec453195284ad24a5ae5b6e1eed2b848477fa2a4787ba9adf39a41?s=96&d=mm&r=g\",\"caption\":\"Redacci\u00f3n QP\"},\"url\":\"https:\\\/\\\/quehacerpolitico.mx\\\/?author=2\"}]}<\/script>\n<!-- \/ Yoast SEO plugin. -->","yoast_head_json":{"title":"El Quehacer Pol\u00edtico Internacional a trav\u00e9s de la opini\u00f3n\/\/\/Carolina Alonso Romei\/\/\/Reportan el lanzamiento de al menos seis misiles\u00a0bal\u00edsticos de Ir\u00e1n contra bases estadounidenses en Qatar -","robots":{"index":"index","follow":"follow","max-snippet":"max-snippet:-1","max-image-preview":"max-image-preview:large","max-video-preview":"max-video-preview:-1"},"canonical":"https:\/\/quehacerpolitico.mx\/?p=117091","og_locale":"es_MX","og_type":"article","og_title":"El Quehacer Pol\u00edtico Internacional a trav\u00e9s de la opini\u00f3n\/\/\/Carolina Alonso Romei\/\/\/Reportan el lanzamiento de al menos seis misiles\u00a0bal\u00edsticos de Ir\u00e1n contra bases estadounidenses en Qatar -","og_description":"Por Carolina Alonso Romei Internacionalista Seg\u00fan un testigo, el ruido de varias explosiones se escuch\u00f3...","og_url":"https:\/\/quehacerpolitico.mx\/?p=117091","article_published_time":"2025-06-23T17:34:35+00:00","article_modified_time":"2025-06-23T17:34:37+00:00","og_image":[{"width":963,"height":493,"url":"https:\/\/quehacerpolitico.mx\/wp-content\/uploads\/2025\/06\/03fa6135-c3fe-44b7-8e96-c6ca323ffebb-7.jpeg","type":"image\/jpeg"}],"author":"Redacci\u00f3n QP","twitter_card":"summary_large_image","twitter_misc":{"Escrito por":"Redacci\u00f3n QP","Tiempo de lectura":"2 minutos"},"schema":{"@context":"https:\/\/schema.org","@graph":[{"@type":"Article","@id":"https:\/\/quehacerpolitico.mx\/?p=117091#article","isPartOf":{"@id":"https:\/\/quehacerpolitico.mx\/?p=117091"},"author":{"name":"Redacci\u00f3n QP","@id":"https:\/\/quehacerpolitico.mx\/#\/schema\/person\/496d8ad2d1d3f8036101dca7ee39e585"},"headline":"El Quehacer Pol\u00edtico Internacional a trav\u00e9s de la opini\u00f3n\/\/\/Carolina Alonso Romei\/\/\/Reportan el lanzamiento de al menos seis misiles\u00a0bal\u00edsticos de Ir\u00e1n contra bases estadounidenses en Qatar","datePublished":"2025-06-23T17:34:35+00:00","dateModified":"2025-06-23T17:34:37+00:00","mainEntityOfPage":{"@id":"https:\/\/quehacerpolitico.mx\/?p=117091"},"wordCount":366,"commentCount":0,"image":{"@id":"https:\/\/quehacerpolitico.mx\/?p=117091#primaryimage"},"thumbnailUrl":"https:\/\/quehacerpolitico.mx\/wp-content\/uploads\/2025\/06\/03fa6135-c3fe-44b7-8e96-c6ca323ffebb-7.jpeg","articleSection":["Internacionales"],"inLanguage":"es","potentialAction":[{"@type":"CommentAction","name":"Comment","target":["https:\/\/quehacerpolitico.mx\/?p=117091#respond"]}]},{"@type":"WebPage","@id":"https:\/\/quehacerpolitico.mx\/?p=117091","url":"https:\/\/quehacerpolitico.mx\/?p=117091","name":"El Quehacer Pol\u00edtico Internacional a trav\u00e9s de la opini\u00f3n\/\/\/Carolina Alonso Romei\/\/\/Reportan el lanzamiento de al menos seis misiles\u00a0bal\u00edsticos de Ir\u00e1n contra bases estadounidenses en Qatar -","isPartOf":{"@id":"https:\/\/quehacerpolitico.mx\/#website"},"primaryImageOfPage":{"@id":"https:\/\/quehacerpolitico.mx\/?p=117091#primaryimage"},"image":{"@id":"https:\/\/quehacerpolitico.mx\/?p=117091#primaryimage"},"thumbnailUrl":"https:\/\/quehacerpolitico.mx\/wp-content\/uploads\/2025\/06\/03fa6135-c3fe-44b7-8e96-c6ca323ffebb-7.jpeg","datePublished":"2025-06-23T17:34:35+00:00","dateModified":"2025-06-23T17:34:37+00:00","author":{"@id":"https:\/\/quehacerpolitico.mx\/#\/schema\/person\/496d8ad2d1d3f8036101dca7ee39e585"},"breadcrumb":{"@id":"https:\/\/quehacerpolitico.mx\/?p=117091#breadcrumb"},"inLanguage":"es","potentialAction":[{"@type":"ReadAction","target":["https:\/\/quehacerpolitico.mx\/?p=117091"]}]},{"@type":"ImageObject","inLanguage":"es","@id":"https:\/\/quehacerpolitico.mx\/?p=117091#primaryimage","url":"https:\/\/quehacerpolitico.mx\/wp-content\/uploads\/2025\/06\/03fa6135-c3fe-44b7-8e96-c6ca323ffebb-7.jpeg","contentUrl":"https:\/\/quehacerpolitico.mx\/wp-content\/uploads\/2025\/06\/03fa6135-c3fe-44b7-8e96-c6ca323ffebb-7.jpeg","width":963,"height":493},{"@type":"BreadcrumbList","@id":"https:\/\/quehacerpolitico.mx\/?p=117091#breadcrumb","itemListElement":[{"@type":"ListItem","position":1,"name":"Inicio","item":"https:\/\/quehacerpolitico.mx\/"},{"@type":"ListItem","position":2,"name":"El Quehacer Pol\u00edtico Internacional a trav\u00e9s de la opini\u00f3n\/\/\/Carolina Alonso Romei\/\/\/Reportan el lanzamiento de al menos seis misiles\u00a0bal\u00edsticos de Ir\u00e1n contra bases estadounidenses en Qatar"}]},{"@type":"WebSite","@id":"https:\/\/quehacerpolitico.mx\/#website","url":"https:\/\/quehacerpolitico.mx\/","name":"","description":"","potentialAction":[{"@type":"SearchAction","target":{"@type":"EntryPoint","urlTemplate":"https:\/\/quehacerpolitico.mx\/?s={search_term_string}"},"query-input":{"@type":"PropertyValueSpecification","valueRequired":true,"valueName":"search_term_string"}}],"inLanguage":"es"},{"@type":"Person","@id":"https:\/\/quehacerpolitico.mx\/#\/schema\/person\/496d8ad2d1d3f8036101dca7ee39e585","name":"Redacci\u00f3n QP","image":{"@type":"ImageObject","inLanguage":"es","@id":"https:\/\/secure.gravatar.com\/avatar\/c7164ed6fdec453195284ad24a5ae5b6e1eed2b848477fa2a4787ba9adf39a41?s=96&d=mm&r=g","url":"https:\/\/secure.gravatar.com\/avatar\/c7164ed6fdec453195284ad24a5ae5b6e1eed2b848477fa2a4787ba9adf39a41?s=96&d=mm&r=g","contentUrl":"https:\/\/secure.gravatar.com\/avatar\/c7164ed6fdec453195284ad24a5ae5b6e1eed2b848477fa2a4787ba9adf39a41?s=96&d=mm&r=g","caption":"Redacci\u00f3n QP"},"url":"https:\/\/quehacerpolitico.mx\/?author=2"}]}},"featured_image_urls":{"full":["https:\/\/quehacerpolitico.mx\/wp-content\/uploads\/2025\/06\/03fa6135-c3fe-44b7-8e96-c6ca323ffebb-7.jpeg",963,493,false],"thumbnail":["https:\/\/quehacerpolitico.mx\/wp-content\/uploads\/2025\/06\/03fa6135-c3fe-44b7-8e96-c6ca323ffebb-7-150x150.jpeg",150,150,true],"medium":["https:\/\/quehacerpolitico.mx\/wp-content\/uploads\/2025\/06\/03fa6135-c3fe-44b7-8e96-c6ca323ffebb-7-300x154.jpeg",300,154,true],"medium_large":["https:\/\/quehacerpolitico.mx\/wp-content\/uploads\/2025\/06\/03fa6135-c3fe-44b7-8e96-c6ca323ffebb-7-768x393.jpeg",640,328,true],"large":["https:\/\/quehacerpolitico.mx\/wp-content\/uploads\/2025\/06\/03fa6135-c3fe-44b7-8e96-c6ca323ffebb-7.jpeg",640,328,false],"1536x1536":["https:\/\/quehacerpolitico.mx\/wp-content\/uploads\/2025\/06\/03fa6135-c3fe-44b7-8e96-c6ca323ffebb-7.jpeg",963,493,false],"2048x2048":["https:\/\/quehacerpolitico.mx\/wp-content\/uploads\/2025\/06\/03fa6135-c3fe-44b7-8e96-c6ca323ffebb-7.jpeg",963,493,false],"covernews-featured":["https:\/\/quehacerpolitico.mx\/wp-content\/uploads\/2025\/06\/03fa6135-c3fe-44b7-8e96-c6ca323ffebb-7.jpeg",963,493,false],"covernews-medium":["https:\/\/quehacerpolitico.mx\/wp-content\/uploads\/2025\/06\/03fa6135-c3fe-44b7-8e96-c6ca323ffebb-7-540x340.jpeg",540,340,true]},"author_info":{"display_name":"Redacci\u00f3n QP","author_link":"https:\/\/quehacerpolitico.mx\/?author=2"},"category_info":"<a href=\"https:\/\/quehacerpolitico.mx\/?cat=1\" rel=\"category\">Internacionales<\/a>","tag_info":"Internacionales","comment_count":"0","_links":{"self":[{"href":"https:\/\/quehacerpolitico.mx\/index.php?rest_route=\/wp\/v2\/posts\/117091","targetHints":{"allow":["GET"]}}],"collection":[{"href":"https:\/\/quehacerpolitico.mx\/index.php?rest_route=\/wp\/v2\/posts"}],"about":[{"href":"https:\/\/quehacerpolitico.mx\/index.php?rest_route=\/wp\/v2\/types\/post"}],"author":[{"embeddable":true,"href":"https:\/\/quehacerpolitico.mx\/index.php?rest_route=\/wp\/v2\/users\/2"}],"replies":[{"embeddable":true,"href":"https:\/\/quehacerpolitico.mx\/index.php?rest_route=%2Fwp%2Fv2%2Fcomments&post=117091"}],"version-history":[{"count":1,"href":"https:\/\/quehacerpolitico.mx\/index.php?rest_route=\/wp\/v2\/posts\/117091\/revisions"}],"predecessor-version":[{"id":117093,"href":"https:\/\/quehacerpolitico.mx\/index.php?rest_route=\/wp\/v2\/posts\/117091\/revisions\/117093"}],"wp:featuredmedia":[{"embeddable":true,"href":"https:\/\/quehacerpolitico.mx\/index.php?rest_route=\/wp\/v2\/media\/117092"}],"wp:attachment":[{"href":"https:\/\/quehacerpolitico.mx\/index.php?rest_route=%2Fwp%2Fv2%2Fmedia&parent=117091"}],"wp:term":[{"taxonomy":"category","embeddable":true,"href":"https:\/\/quehacerpolitico.mx\/index.php?rest_route=%2Fwp%2Fv2%2Fcategories&post=117091"},{"taxonomy":"post_tag","embeddable":true,"href":"https:\/\/quehacerpolitico.mx\/index.php?rest_route=%2Fwp%2Fv2%2Ftags&post=117091"}],"curies":[{"name":"wp","href":"https:\/\/api.w.org\/{rel}","templated":true}]}}