{"id":117046,"date":"2025-06-19T20:08:35","date_gmt":"2025-06-20T02:08:35","guid":{"rendered":"https:\/\/quehacerpolitico.mx\/?p=117046"},"modified":"2025-06-19T20:08:38","modified_gmt":"2025-06-20T02:08:38","slug":"en-el-marco-del-20-aniversario-del-metrobus-autoridades-de-la-cdmx-pusieron-en-circulacion-cuatro-unidades-biarticuladas-electricas-unicas-en-su-tipo-a-nivel-mundial","status":"publish","type":"post","link":"https:\/\/quehacerpolitico.mx\/?p=117046","title":{"rendered":"En el marco del 20 aniversario del\u00a0Metrob\u00fas, autoridades de la\u00a0CDMX pusieron en circulaci\u00f3n cuatro unidades biarticuladas el\u00e9ctricas, \u00fanicas en su tipo a nivel mundial"},"content":{"rendered":"\n<p>Por Redacci\u00f3n QP<\/p>\n\n\n\n<p>Desde la Glorieta de Insurgentes, la Jefa de Gobierno, Clara Brugada anunci\u00f3 el inicio de pruebas de los nuevos veh\u00edculos en la L\u00ednea 1<\/p>\n\n\n\n<p>En el marco del 20 aniversario del&nbsp;Metrob\u00fas, autoridades de la&nbsp;<strong>Ciudad de M\u00e9xico<\/strong>&nbsp;pusieron en circulaci\u00f3n cuatro unidades biarticuladas el\u00e9ctricas, \u00fanicas en su tipo a nivel mundial, como parte del impulso a la&nbsp;<strong>electromovilidad&nbsp;<\/strong>en la capital del pa\u00eds.<\/p>\n\n\n\n<figure class=\"wp-block-embed is-type-rich is-provider-twitter wp-block-embed-twitter\"><div class=\"wp-block-embed__wrapper\">\n<blockquote class=\"twitter-tweet\" data-width=\"550\" data-dnt=\"true\"><p lang=\"es\" dir=\"ltr\">\u261d\ufe0fLa titular de <a href=\"https:\/\/twitter.com\/MetrobusCDMX?ref_src=twsrc%5Etfw\">@MetrobusCDMX<\/a>, <a href=\"https:\/\/twitter.com\/RosarioCastroE?ref_src=twsrc%5Etfw\">@RosarioCastroE<\/a>, explic\u00f3 que  este prototipo es un hito para la electromovilidad a nivel mundial y se pone en marcha en la <a href=\"https:\/\/twitter.com\/hashtag\/CapitalDeLaTransformaci%C3%B3n?src=hash&amp;ref_src=twsrc%5Etfw\">#CapitalDeLaTransformaci\u00f3n<\/a>, para transitar hacia veh\u00edculos sustentables 100% el\u00e9ctricos.\ud83c\udf3f\ud83d\ude4c <a href=\"https:\/\/t.co\/eJL1wfSXyM\">pic.twitter.com\/eJL1wfSXyM<\/a><\/p>&mdash; Gobierno de la Ciudad de M\u00e9xico (@GobCDMX) <a href=\"https:\/\/twitter.com\/GobCDMX\/status\/1935828690346148160?ref_src=twsrc%5Etfw\">June 19, 2025<\/a><\/blockquote><script async src=\"https:\/\/platform.twitter.com\/widgets.js\" charset=\"utf-8\"><\/script>\n<\/div><\/figure>\n\n\n\n<p>Desde la Glorieta de Insurgentes, la Jefa de Gobierno,&nbsp;<strong>Clara Brugada&nbsp;<\/strong>anunci\u00f3 el inicio de pruebas de los nuevos veh\u00edculos en la L\u00ednea 1, que corre por esa vialidad, de&nbsp;<strong>Indios Verdes&nbsp;<\/strong>al&nbsp;<strong>Caminero<\/strong>.<\/p>\n\n\n\n<figure class=\"wp-block-embed is-type-rich is-provider-twitter wp-block-embed-twitter\"><div class=\"wp-block-embed__wrapper\">\n<blockquote class=\"twitter-tweet\" data-width=\"550\" data-dnt=\"true\"><p lang=\"es\" dir=\"ltr\">\ud83e\udd73\u00a1Hoy cumple 20 a\u00f1os el <a href=\"https:\/\/twitter.com\/MetrobusCDMX?ref_src=twsrc%5Etfw\">@MetrobusCDMX<\/a>! \ud83c\udf89<br><br>La <a href=\"https:\/\/twitter.com\/hashtag\/JefaDeGobierno?src=hash&amp;ref_src=twsrc%5Etfw\">#JefaDeGobierno<\/a>, <a href=\"https:\/\/twitter.com\/ClaraBrugadaM?ref_src=twsrc%5Etfw\">@ClaraBrugadaM<\/a>, se\u00f1al\u00f3 que diariamente se mueven 1 mill\u00f3n 800 mil personas, a trav\u00e9s de este sistema de transporte que naci\u00f3 cuando <a href=\"https:\/\/twitter.com\/lopezobrador_?ref_src=twsrc%5Etfw\">@lopezobrador_<\/a> fue jefe de Gobierno, y la Dra. <a href=\"https:\/\/twitter.com\/Claudiashein?ref_src=twsrc%5Etfw\">@Claudiashein<\/a>, era titular de la\u2026 <a href=\"https:\/\/t.co\/xIWYVpXwJa\">pic.twitter.com\/xIWYVpXwJa<\/a><\/p>&mdash; Gobierno de la Ciudad de M\u00e9xico (@GobCDMX) <a href=\"https:\/\/twitter.com\/GobCDMX\/status\/1935823931945955810?ref_src=twsrc%5Etfw\">June 19, 2025<\/a><\/blockquote><script async src=\"https:\/\/platform.twitter.com\/widgets.js\" charset=\"utf-8\"><\/script>\n<\/div><\/figure>\n\n\n\n<figure class=\"wp-block-embed is-type-rich is-provider-twitter wp-block-embed-twitter\"><div class=\"wp-block-embed__wrapper\">\n<blockquote class=\"twitter-tweet\" data-width=\"550\" data-dnt=\"true\"><p lang=\"es\" dir=\"ltr\">\ud83d\ude4c\ud83c\udffb \ud83d\ude8c \u00a1La mejor unidad de transporte el\u00e9ctrica biarticulada del mundo est\u00e1 en la <a href=\"https:\/\/twitter.com\/hashtag\/CapitalDeLaTransformaci%C3%B3n?src=hash&amp;ref_src=twsrc%5Etfw\">#CapitalDeLaTransformaci\u00f3n<\/a>! <br><br>\u2728 \u261d\ud83c\udffb En el marco de la conmemoraci\u00f3n de los 20 a\u00f1os del <a href=\"https:\/\/twitter.com\/MetrobusCDMX?ref_src=twsrc%5Etfw\">@MetrobusCDMX<\/a>, se llev\u00f3 a cabo la prueba de la primera unidad el\u00e9ctrica biarticulada en el mundo. \u00a1Queremos que\u2026 <a href=\"https:\/\/t.co\/bWQIf5BYEC\">pic.twitter.com\/bWQIf5BYEC<\/a><\/p>&mdash; Gobierno de la Ciudad de M\u00e9xico (@GobCDMX) <a href=\"https:\/\/twitter.com\/GobCDMX\/status\/1935827674649309243?ref_src=twsrc%5Etfw\">June 19, 2025<\/a><\/blockquote><script async src=\"https:\/\/platform.twitter.com\/widgets.js\" charset=\"utf-8\"><\/script>\n<\/div><\/figure>\n\n\n\n<p>Y se comprometi\u00f3 a la sustituci\u00f3n, de 420 nuevas unidades del&nbsp;<strong>Metrob\u00fas&nbsp;<\/strong>que operan por combusti\u00f3n interna a el\u00e9ctricas, durante su sexenio.<\/p>\n\n\n\n<p><strong>\u201cSe trata del primer modelo biarticulado el\u00e9ctrico del mundo, una innovaci\u00f3n que marca el rumbo hacia un transporte p\u00fablico sustentable, accesible y de calidad. La electromovilidad lleg\u00f3 para quedarse\u201d, se\u00f1al\u00f3 Brugada Molina.<\/strong><\/p>\n\n\n\n<figure class=\"wp-block-gallery has-nested-images columns-default is-cropped wp-block-gallery-1 is-layout-flex wp-block-gallery-is-layout-flex\">\n<figure class=\"wp-block-image size-large\"><img loading=\"lazy\" decoding=\"async\" width=\"1024\" height=\"721\" data-id=\"117048\" src=\"https:\/\/quehacerpolitico.mx\/wp-content\/uploads\/2025\/06\/IMG_0950-1024x721.jpeg\" alt=\"\" class=\"wp-image-117048\" srcset=\"https:\/\/quehacerpolitico.mx\/wp-content\/uploads\/2025\/06\/IMG_0950-1024x721.jpeg 1024w, https:\/\/quehacerpolitico.mx\/wp-content\/uploads\/2025\/06\/IMG_0950-300x211.jpeg 300w, https:\/\/quehacerpolitico.mx\/wp-content\/uploads\/2025\/06\/IMG_0950-768x541.jpeg 768w, https:\/\/quehacerpolitico.mx\/wp-content\/uploads\/2025\/06\/IMG_0950-1536x1082.jpeg 1536w, https:\/\/quehacerpolitico.mx\/wp-content\/uploads\/2025\/06\/IMG_0950.jpeg 2047w\" sizes=\"auto, (max-width: 1024px) 100vw, 1024px\" \/><\/figure>\n\n\n\n<figure class=\"wp-block-image size-large\"><img loading=\"lazy\" decoding=\"async\" width=\"1024\" height=\"683\" data-id=\"117049\" src=\"https:\/\/quehacerpolitico.mx\/wp-content\/uploads\/2025\/06\/IMG_0949-1024x683.jpeg\" alt=\"\" class=\"wp-image-117049\" srcset=\"https:\/\/quehacerpolitico.mx\/wp-content\/uploads\/2025\/06\/IMG_0949-1024x683.jpeg 1024w, https:\/\/quehacerpolitico.mx\/wp-content\/uploads\/2025\/06\/IMG_0949-300x200.jpeg 300w, https:\/\/quehacerpolitico.mx\/wp-content\/uploads\/2025\/06\/IMG_0949-768x512.jpeg 768w, https:\/\/quehacerpolitico.mx\/wp-content\/uploads\/2025\/06\/IMG_0949-1536x1024.jpeg 1536w, https:\/\/quehacerpolitico.mx\/wp-content\/uploads\/2025\/06\/IMG_0949.jpeg 2048w\" sizes=\"auto, (max-width: 1024px) 100vw, 1024px\" \/><\/figure>\n\n\n\n<figure class=\"wp-block-image size-large\"><img loading=\"lazy\" decoding=\"async\" width=\"1024\" height=\"647\" data-id=\"117050\" src=\"https:\/\/quehacerpolitico.mx\/wp-content\/uploads\/2025\/06\/IMG_0947-1024x647.jpeg\" alt=\"\" class=\"wp-image-117050\" srcset=\"https:\/\/quehacerpolitico.mx\/wp-content\/uploads\/2025\/06\/IMG_0947-1024x647.jpeg 1024w, https:\/\/quehacerpolitico.mx\/wp-content\/uploads\/2025\/06\/IMG_0947-300x189.jpeg 300w, https:\/\/quehacerpolitico.mx\/wp-content\/uploads\/2025\/06\/IMG_0947-768x485.jpeg 768w, https:\/\/quehacerpolitico.mx\/wp-content\/uploads\/2025\/06\/IMG_0947-1536x970.jpeg 1536w, https:\/\/quehacerpolitico.mx\/wp-content\/uploads\/2025\/06\/IMG_0947-540x340.jpeg 540w, https:\/\/quehacerpolitico.mx\/wp-content\/uploads\/2025\/06\/IMG_0947.jpeg 2048w\" sizes=\"auto, (max-width: 1024px) 100vw, 1024px\" \/><\/figure>\n\n\n\n<figure class=\"wp-block-image size-large\"><img loading=\"lazy\" decoding=\"async\" width=\"1024\" height=\"683\" data-id=\"117051\" src=\"https:\/\/quehacerpolitico.mx\/wp-content\/uploads\/2025\/06\/IMG_0948-1-1024x683.jpeg\" alt=\"\" class=\"wp-image-117051\" srcset=\"https:\/\/quehacerpolitico.mx\/wp-content\/uploads\/2025\/06\/IMG_0948-1-1024x683.jpeg 1024w, https:\/\/quehacerpolitico.mx\/wp-content\/uploads\/2025\/06\/IMG_0948-1-300x200.jpeg 300w, https:\/\/quehacerpolitico.mx\/wp-content\/uploads\/2025\/06\/IMG_0948-1-768x512.jpeg 768w, https:\/\/quehacerpolitico.mx\/wp-content\/uploads\/2025\/06\/IMG_0948-1-1536x1024.jpeg 1536w, https:\/\/quehacerpolitico.mx\/wp-content\/uploads\/2025\/06\/IMG_0948-1.jpeg 2048w\" sizes=\"auto, (max-width: 1024px) 100vw, 1024px\" \/><\/figure>\n<\/figure>\n\n\n\n<h2 class=\"wp-block-heading\">Metrob\u00fas de CDMX cumple 20 a\u00f1os<\/h2>\n\n\n\n<p>Las nuevas unidades, de 27 metros de largo y capacidad para<strong>&nbsp;270 pasajeros,<\/strong>&nbsp;cuentan con puertas tipo Metro, motor silencioso y tecnolog\u00eda cien por ciento el\u00e9ctrica, lo que las hace m\u00e1s amigables con el&nbsp;<strong>medio ambiente<\/strong>.<\/p>\n\n\n\n<p>Cada autob\u00fas tiene una<strong>&nbsp;autonom\u00eda de 330 kil\u00f3metros<\/strong>&nbsp;y puede recargarse en solo&nbsp;<strong>dos horas<\/strong>. Se estima que tendr\u00e1n una vida \u00fatil de hasta 15 a\u00f1os.<\/p>\n\n\n\n<figure class=\"wp-block-embed is-type-rich is-provider-twitter wp-block-embed-twitter\"><div class=\"wp-block-embed__wrapper\">\n<blockquote class=\"twitter-tweet\" data-width=\"550\" data-dnt=\"true\"><p lang=\"es\" dir=\"ltr\">\u2728 \ud83d\ude4c\ud83c\udffb  El titular de <a href=\"https:\/\/twitter.com\/LaSEMOVI?ref_src=twsrc%5Etfw\">@LaSEMOVI<\/a>, <a href=\"https:\/\/twitter.com\/HectorUlisesGN?ref_src=twsrc%5Etfw\">@HectorUlisesGN<\/a>, destac\u00f3 que se tomaron en consideraci\u00f3n las condiciones de la infraestructura de la Ciudad de M\u00e9xico y con base en ello, los productores realizaron el dise\u00f1o y la producci\u00f3n de esta unidad biarticulada. \ud83c\udf06<br><br>\u00a1Seguimos avanzando por\u2026 <a href=\"https:\/\/t.co\/QW2K87uQlV\">pic.twitter.com\/QW2K87uQlV<\/a><\/p>&mdash; Gobierno de la Ciudad de M\u00e9xico (@GobCDMX) <a href=\"https:\/\/twitter.com\/GobCDMX\/status\/1935829948863742117?ref_src=twsrc%5Etfw\">June 19, 2025<\/a><\/blockquote><script async src=\"https:\/\/platform.twitter.com\/widgets.js\" charset=\"utf-8\"><\/script>\n<\/div><\/figure>\n\n\n\n<p>Los&nbsp;<strong>modelos&nbsp;<\/strong>fueron desarrollados por las firmas Volvo, Hyundai y Yutong, y forman parte del programa internacional&nbsp;<strong>ZEBRA&nbsp;<\/strong>(Zero Emission Bus Rapid-deployment Accelerator), en el que tambi\u00e9n participan ciudades como&nbsp;<strong>Bogot\u00e1<\/strong>,&nbsp;<strong>Colombia<\/strong>, y&nbsp;<strong>Curitiba<\/strong>,&nbsp;<strong>Brasil<\/strong>.<\/p>\n\n\n\n<p><strong>\u201cEste es un gran paso hacia la transformaci\u00f3n del&nbsp;Metrob\u00fas, un corredor emblem\u00e1tico que hoy transporta a m\u00e1s de un mill\u00f3n 800 mil usuarios diariamente\u201d, destac\u00f3 Rosario&nbsp;Castro Escorcia, directora general del sistema.<\/strong><\/p>\n\n\n\n<p>Se trata de una&nbsp;<strong>estrategia integral&nbsp;<\/strong>para reducir emisiones contaminantes,&nbsp;<strong>modernizar&nbsp;<\/strong>la flota y mejorar el servicio, dijo la Jefa de Gobierno, antes de iniciar el recorrido de prueba acompa\u00f1ada de la directora del&nbsp;<strong>Metrob\u00fas&nbsp;<\/strong>y del secretario de Movilidad, H\u00e9ctor Ulises Garc\u00eda Nieto.<\/p>\n\n\n\n<figure class=\"wp-block-embed is-type-rich is-provider-twitter wp-block-embed-twitter\"><div class=\"wp-block-embed__wrapper\">\n<blockquote class=\"twitter-tweet\" data-width=\"550\" data-dnt=\"true\"><p lang=\"es\" dir=\"ltr\"><a href=\"https:\/\/twitter.com\/hashtag\/EnVivo?src=hash&amp;ref_src=twsrc%5Etfw\">#EnVivo<\/a> \u25b6\ufe0f La <a href=\"https:\/\/twitter.com\/hashtag\/JefaDeGobierno?src=hash&amp;ref_src=twsrc%5Etfw\">#JefaDeGobierno<\/a>, <a href=\"https:\/\/twitter.com\/ClaraBrugadaM?ref_src=twsrc%5Etfw\">@ClaraBrugadaM<\/a>, encabeza la presentaci\u00f3n de la unidad de transporte biarticulada el\u00e9ctrica, \u00fanica en el mundo. <a href=\"https:\/\/t.co\/52yYdEcVim\">https:\/\/t.co\/52yYdEcVim<\/a><\/p>&mdash; Gobierno de la Ciudad de M\u00e9xico (@GobCDMX) <a href=\"https:\/\/twitter.com\/GobCDMX\/status\/1935813708724551999?ref_src=twsrc%5Etfw\">June 19, 2025<\/a><\/blockquote><script async src=\"https:\/\/platform.twitter.com\/widgets.js\" charset=\"utf-8\"><\/script>\n<\/div><\/figure>\n\n\n\n<p>Durante su intervenci\u00f3n el titular de&nbsp;<strong>Semovi&nbsp;<\/strong>explic\u00f3 que las nuevas&nbsp;<strong>unidades biarticuladas&nbsp;<\/strong>totalmente el\u00e9ctricas fueron dise\u00f1adas para adaptarse a las condiciones de infraestructura de la capital, lo que representa un hito&nbsp;<strong>global&nbsp;<\/strong>en sistemas de transporte tipo BRT (Bus Rapid Transit), dijo.<\/p>\n\n\n\n<p>Adem\u00e1s de los beneficios ambientales,&nbsp;<strong>Brugada&nbsp;<\/strong>Molina subray\u00f3 que esta transformaci\u00f3n tambi\u00e9n busca fortalecer la&nbsp;<strong>inclusi\u00f3n<\/strong>, al capacitar operadores y mejorar la atenci\u00f3n a personas con&nbsp;<strong>discapacidad<\/strong>.<\/p>\n\n\n\n<p>Asimismo, dijo que se trabaja en a<strong>daptar el servicio para pasajeros&nbsp;<\/strong>que viajan con animales de compa\u00f1\u00eda.<\/p>\n\n\n\n<p><strong>\u201cQueremos un transporte p\u00fablico que cuide el medio ambiente y tambi\u00e9n respete la diversidad y las necesidades de todas las personas. Ese es el modelo de ciudad que estamos construyendo\u201d, concluy\u00f3 la jefa de Gobierno.<\/strong><\/p>\n","protected":false},"excerpt":{"rendered":"<p>Por Redacci\u00f3n QP Desde la Glorieta de Insurgentes, la Jefa de Gobierno, Clara Brugada anunci\u00f3&#8230;<\/p>\n","protected":false},"author":2,"featured_media":117047,"comment_status":"open","ping_status":"open","sticky":false,"template":"","format":"standard","meta":{"_monsterinsights_skip_tracking":false,"_monsterinsights_sitenote_active":false,"_monsterinsights_sitenote_note":"","_monsterinsights_sitenote_category":0,"footnotes":""},"categories":[55],"tags":[],"class_list":["post-117046","post","type-post","status-publish","format-standard","has-post-thumbnail","hentry","category-cdmx"],"yoast_head":"<!-- This site is optimized with the Yoast SEO plugin v27.3 - https:\/\/yoast.com\/product\/yoast-seo-wordpress\/ -->\n<title>En el marco del 20 aniversario del\u00a0Metrob\u00fas, autoridades de la\u00a0CDMX pusieron en circulaci\u00f3n cuatro unidades biarticuladas el\u00e9ctricas, \u00fanicas en su tipo a nivel mundial -<\/title>\n<meta name=\"robots\" content=\"index, follow, max-snippet:-1, max-image-preview:large, max-video-preview:-1\" \/>\n<link rel=\"canonical\" href=\"https:\/\/quehacerpolitico.mx\/?p=117046\" \/>\n<meta property=\"og:locale\" content=\"es_MX\" \/>\n<meta property=\"og:type\" content=\"article\" \/>\n<meta property=\"og:title\" content=\"En el marco del 20 aniversario del\u00a0Metrob\u00fas, autoridades de la\u00a0CDMX pusieron en circulaci\u00f3n cuatro unidades biarticuladas el\u00e9ctricas, \u00fanicas en su tipo a nivel mundial -\" \/>\n<meta property=\"og:description\" content=\"Por Redacci\u00f3n QP Desde la Glorieta de Insurgentes, la Jefa de Gobierno, Clara Brugada anunci\u00f3...\" \/>\n<meta property=\"og:url\" content=\"https:\/\/quehacerpolitico.mx\/?p=117046\" \/>\n<meta property=\"article:published_time\" content=\"2025-06-20T02:08:35+00:00\" \/>\n<meta property=\"article:modified_time\" content=\"2025-06-20T02:08:38+00:00\" \/>\n<meta property=\"og:image\" content=\"https:\/\/quehacerpolitico.mx\/wp-content\/uploads\/2025\/06\/IMG_0948.jpeg\" \/>\n\t<meta property=\"og:image:width\" content=\"2048\" \/>\n\t<meta property=\"og:image:height\" content=\"1365\" \/>\n\t<meta property=\"og:image:type\" content=\"image\/jpeg\" \/>\n<meta name=\"author\" content=\"Redacci\u00f3n QP\" \/>\n<meta name=\"twitter:card\" content=\"summary_large_image\" \/>\n<meta name=\"twitter:label1\" content=\"Escrito por\" \/>\n\t<meta name=\"twitter:data1\" content=\"Redacci\u00f3n QP\" \/>\n\t<meta name=\"twitter:label2\" content=\"Tiempo de lectura\" \/>\n\t<meta name=\"twitter:data2\" content=\"3 minutos\" \/>\n<script type=\"application\/ld+json\" class=\"yoast-schema-graph\">{\"@context\":\"https:\\\/\\\/schema.org\",\"@graph\":[{\"@type\":\"Article\",\"@id\":\"https:\\\/\\\/quehacerpolitico.mx\\\/?p=117046#article\",\"isPartOf\":{\"@id\":\"https:\\\/\\\/quehacerpolitico.mx\\\/?p=117046\"},\"author\":{\"name\":\"Redacci\u00f3n QP\",\"@id\":\"https:\\\/\\\/quehacerpolitico.mx\\\/#\\\/schema\\\/person\\\/496d8ad2d1d3f8036101dca7ee39e585\"},\"headline\":\"En el marco del 20 aniversario del\u00a0Metrob\u00fas, autoridades de la\u00a0CDMX pusieron en circulaci\u00f3n cuatro unidades biarticuladas el\u00e9ctricas, \u00fanicas en su tipo a nivel mundial\",\"datePublished\":\"2025-06-20T02:08:35+00:00\",\"dateModified\":\"2025-06-20T02:08:38+00:00\",\"mainEntityOfPage\":{\"@id\":\"https:\\\/\\\/quehacerpolitico.mx\\\/?p=117046\"},\"wordCount\":599,\"commentCount\":0,\"image\":{\"@id\":\"https:\\\/\\\/quehacerpolitico.mx\\\/?p=117046#primaryimage\"},\"thumbnailUrl\":\"https:\\\/\\\/quehacerpolitico.mx\\\/wp-content\\\/uploads\\\/2025\\\/06\\\/IMG_0948.jpeg\",\"articleSection\":[\"CDMX\"],\"inLanguage\":\"es\",\"potentialAction\":[{\"@type\":\"CommentAction\",\"name\":\"Comment\",\"target\":[\"https:\\\/\\\/quehacerpolitico.mx\\\/?p=117046#respond\"]}]},{\"@type\":\"WebPage\",\"@id\":\"https:\\\/\\\/quehacerpolitico.mx\\\/?p=117046\",\"url\":\"https:\\\/\\\/quehacerpolitico.mx\\\/?p=117046\",\"name\":\"En el marco del 20 aniversario del\u00a0Metrob\u00fas, autoridades de la\u00a0CDMX pusieron en circulaci\u00f3n cuatro unidades biarticuladas el\u00e9ctricas, \u00fanicas en su tipo a nivel mundial -\",\"isPartOf\":{\"@id\":\"https:\\\/\\\/quehacerpolitico.mx\\\/#website\"},\"primaryImageOfPage\":{\"@id\":\"https:\\\/\\\/quehacerpolitico.mx\\\/?p=117046#primaryimage\"},\"image\":{\"@id\":\"https:\\\/\\\/quehacerpolitico.mx\\\/?p=117046#primaryimage\"},\"thumbnailUrl\":\"https:\\\/\\\/quehacerpolitico.mx\\\/wp-content\\\/uploads\\\/2025\\\/06\\\/IMG_0948.jpeg\",\"datePublished\":\"2025-06-20T02:08:35+00:00\",\"dateModified\":\"2025-06-20T02:08:38+00:00\",\"author\":{\"@id\":\"https:\\\/\\\/quehacerpolitico.mx\\\/#\\\/schema\\\/person\\\/496d8ad2d1d3f8036101dca7ee39e585\"},\"breadcrumb\":{\"@id\":\"https:\\\/\\\/quehacerpolitico.mx\\\/?p=117046#breadcrumb\"},\"inLanguage\":\"es\",\"potentialAction\":[{\"@type\":\"ReadAction\",\"target\":[\"https:\\\/\\\/quehacerpolitico.mx\\\/?p=117046\"]}]},{\"@type\":\"ImageObject\",\"inLanguage\":\"es\",\"@id\":\"https:\\\/\\\/quehacerpolitico.mx\\\/?p=117046#primaryimage\",\"url\":\"https:\\\/\\\/quehacerpolitico.mx\\\/wp-content\\\/uploads\\\/2025\\\/06\\\/IMG_0948.jpeg\",\"contentUrl\":\"https:\\\/\\\/quehacerpolitico.mx\\\/wp-content\\\/uploads\\\/2025\\\/06\\\/IMG_0948.jpeg\",\"width\":2048,\"height\":1365},{\"@type\":\"BreadcrumbList\",\"@id\":\"https:\\\/\\\/quehacerpolitico.mx\\\/?p=117046#breadcrumb\",\"itemListElement\":[{\"@type\":\"ListItem\",\"position\":1,\"name\":\"Inicio\",\"item\":\"https:\\\/\\\/quehacerpolitico.mx\\\/\"},{\"@type\":\"ListItem\",\"position\":2,\"name\":\"En el marco del 20 aniversario del\u00a0Metrob\u00fas, autoridades de la\u00a0CDMX pusieron en circulaci\u00f3n cuatro unidades biarticuladas el\u00e9ctricas, \u00fanicas en su tipo a nivel mundial\"}]},{\"@type\":\"WebSite\",\"@id\":\"https:\\\/\\\/quehacerpolitico.mx\\\/#website\",\"url\":\"https:\\\/\\\/quehacerpolitico.mx\\\/\",\"name\":\"\",\"description\":\"\",\"potentialAction\":[{\"@type\":\"SearchAction\",\"target\":{\"@type\":\"EntryPoint\",\"urlTemplate\":\"https:\\\/\\\/quehacerpolitico.mx\\\/?s={search_term_string}\"},\"query-input\":{\"@type\":\"PropertyValueSpecification\",\"valueRequired\":true,\"valueName\":\"search_term_string\"}}],\"inLanguage\":\"es\"},{\"@type\":\"Person\",\"@id\":\"https:\\\/\\\/quehacerpolitico.mx\\\/#\\\/schema\\\/person\\\/496d8ad2d1d3f8036101dca7ee39e585\",\"name\":\"Redacci\u00f3n QP\",\"image\":{\"@type\":\"ImageObject\",\"inLanguage\":\"es\",\"@id\":\"https:\\\/\\\/secure.gravatar.com\\\/avatar\\\/c7164ed6fdec453195284ad24a5ae5b6e1eed2b848477fa2a4787ba9adf39a41?s=96&d=mm&r=g\",\"url\":\"https:\\\/\\\/secure.gravatar.com\\\/avatar\\\/c7164ed6fdec453195284ad24a5ae5b6e1eed2b848477fa2a4787ba9adf39a41?s=96&d=mm&r=g\",\"contentUrl\":\"https:\\\/\\\/secure.gravatar.com\\\/avatar\\\/c7164ed6fdec453195284ad24a5ae5b6e1eed2b848477fa2a4787ba9adf39a41?s=96&d=mm&r=g\",\"caption\":\"Redacci\u00f3n QP\"},\"url\":\"https:\\\/\\\/quehacerpolitico.mx\\\/?author=2\"}]}<\/script>\n<!-- \/ Yoast SEO plugin. -->","yoast_head_json":{"title":"En el marco del 20 aniversario del\u00a0Metrob\u00fas, autoridades de la\u00a0CDMX pusieron en circulaci\u00f3n cuatro unidades biarticuladas el\u00e9ctricas, \u00fanicas en su tipo a nivel mundial -","robots":{"index":"index","follow":"follow","max-snippet":"max-snippet:-1","max-image-preview":"max-image-preview:large","max-video-preview":"max-video-preview:-1"},"canonical":"https:\/\/quehacerpolitico.mx\/?p=117046","og_locale":"es_MX","og_type":"article","og_title":"En el marco del 20 aniversario del\u00a0Metrob\u00fas, autoridades de la\u00a0CDMX pusieron en circulaci\u00f3n cuatro unidades biarticuladas el\u00e9ctricas, \u00fanicas en su tipo a nivel mundial -","og_description":"Por Redacci\u00f3n QP Desde la Glorieta de Insurgentes, la Jefa de Gobierno, Clara Brugada anunci\u00f3...","og_url":"https:\/\/quehacerpolitico.mx\/?p=117046","article_published_time":"2025-06-20T02:08:35+00:00","article_modified_time":"2025-06-20T02:08:38+00:00","og_image":[{"width":2048,"height":1365,"url":"https:\/\/quehacerpolitico.mx\/wp-content\/uploads\/2025\/06\/IMG_0948.jpeg","type":"image\/jpeg"}],"author":"Redacci\u00f3n QP","twitter_card":"summary_large_image","twitter_misc":{"Escrito por":"Redacci\u00f3n QP","Tiempo de lectura":"3 minutos"},"schema":{"@context":"https:\/\/schema.org","@graph":[{"@type":"Article","@id":"https:\/\/quehacerpolitico.mx\/?p=117046#article","isPartOf":{"@id":"https:\/\/quehacerpolitico.mx\/?p=117046"},"author":{"name":"Redacci\u00f3n QP","@id":"https:\/\/quehacerpolitico.mx\/#\/schema\/person\/496d8ad2d1d3f8036101dca7ee39e585"},"headline":"En el marco del 20 aniversario del\u00a0Metrob\u00fas, autoridades de la\u00a0CDMX pusieron en circulaci\u00f3n cuatro unidades biarticuladas el\u00e9ctricas, \u00fanicas en su tipo a nivel mundial","datePublished":"2025-06-20T02:08:35+00:00","dateModified":"2025-06-20T02:08:38+00:00","mainEntityOfPage":{"@id":"https:\/\/quehacerpolitico.mx\/?p=117046"},"wordCount":599,"commentCount":0,"image":{"@id":"https:\/\/quehacerpolitico.mx\/?p=117046#primaryimage"},"thumbnailUrl":"https:\/\/quehacerpolitico.mx\/wp-content\/uploads\/2025\/06\/IMG_0948.jpeg","articleSection":["CDMX"],"inLanguage":"es","potentialAction":[{"@type":"CommentAction","name":"Comment","target":["https:\/\/quehacerpolitico.mx\/?p=117046#respond"]}]},{"@type":"WebPage","@id":"https:\/\/quehacerpolitico.mx\/?p=117046","url":"https:\/\/quehacerpolitico.mx\/?p=117046","name":"En el marco del 20 aniversario del\u00a0Metrob\u00fas, autoridades de la\u00a0CDMX pusieron en circulaci\u00f3n cuatro unidades biarticuladas el\u00e9ctricas, \u00fanicas en su tipo a nivel mundial -","isPartOf":{"@id":"https:\/\/quehacerpolitico.mx\/#website"},"primaryImageOfPage":{"@id":"https:\/\/quehacerpolitico.mx\/?p=117046#primaryimage"},"image":{"@id":"https:\/\/quehacerpolitico.mx\/?p=117046#primaryimage"},"thumbnailUrl":"https:\/\/quehacerpolitico.mx\/wp-content\/uploads\/2025\/06\/IMG_0948.jpeg","datePublished":"2025-06-20T02:08:35+00:00","dateModified":"2025-06-20T02:08:38+00:00","author":{"@id":"https:\/\/quehacerpolitico.mx\/#\/schema\/person\/496d8ad2d1d3f8036101dca7ee39e585"},"breadcrumb":{"@id":"https:\/\/quehacerpolitico.mx\/?p=117046#breadcrumb"},"inLanguage":"es","potentialAction":[{"@type":"ReadAction","target":["https:\/\/quehacerpolitico.mx\/?p=117046"]}]},{"@type":"ImageObject","inLanguage":"es","@id":"https:\/\/quehacerpolitico.mx\/?p=117046#primaryimage","url":"https:\/\/quehacerpolitico.mx\/wp-content\/uploads\/2025\/06\/IMG_0948.jpeg","contentUrl":"https:\/\/quehacerpolitico.mx\/wp-content\/uploads\/2025\/06\/IMG_0948.jpeg","width":2048,"height":1365},{"@type":"BreadcrumbList","@id":"https:\/\/quehacerpolitico.mx\/?p=117046#breadcrumb","itemListElement":[{"@type":"ListItem","position":1,"name":"Inicio","item":"https:\/\/quehacerpolitico.mx\/"},{"@type":"ListItem","position":2,"name":"En el marco del 20 aniversario del\u00a0Metrob\u00fas, autoridades de la\u00a0CDMX pusieron en circulaci\u00f3n cuatro unidades biarticuladas el\u00e9ctricas, \u00fanicas en su tipo a nivel mundial"}]},{"@type":"WebSite","@id":"https:\/\/quehacerpolitico.mx\/#website","url":"https:\/\/quehacerpolitico.mx\/","name":"","description":"","potentialAction":[{"@type":"SearchAction","target":{"@type":"EntryPoint","urlTemplate":"https:\/\/quehacerpolitico.mx\/?s={search_term_string}"},"query-input":{"@type":"PropertyValueSpecification","valueRequired":true,"valueName":"search_term_string"}}],"inLanguage":"es"},{"@type":"Person","@id":"https:\/\/quehacerpolitico.mx\/#\/schema\/person\/496d8ad2d1d3f8036101dca7ee39e585","name":"Redacci\u00f3n QP","image":{"@type":"ImageObject","inLanguage":"es","@id":"https:\/\/secure.gravatar.com\/avatar\/c7164ed6fdec453195284ad24a5ae5b6e1eed2b848477fa2a4787ba9adf39a41?s=96&d=mm&r=g","url":"https:\/\/secure.gravatar.com\/avatar\/c7164ed6fdec453195284ad24a5ae5b6e1eed2b848477fa2a4787ba9adf39a41?s=96&d=mm&r=g","contentUrl":"https:\/\/secure.gravatar.com\/avatar\/c7164ed6fdec453195284ad24a5ae5b6e1eed2b848477fa2a4787ba9adf39a41?s=96&d=mm&r=g","caption":"Redacci\u00f3n QP"},"url":"https:\/\/quehacerpolitico.mx\/?author=2"}]}},"featured_image_urls":{"full":["https:\/\/quehacerpolitico.mx\/wp-content\/uploads\/2025\/06\/IMG_0948.jpeg",2048,1365,false],"thumbnail":["https:\/\/quehacerpolitico.mx\/wp-content\/uploads\/2025\/06\/IMG_0948-150x150.jpeg",150,150,true],"medium":["https:\/\/quehacerpolitico.mx\/wp-content\/uploads\/2025\/06\/IMG_0948-300x200.jpeg",300,200,true],"medium_large":["https:\/\/quehacerpolitico.mx\/wp-content\/uploads\/2025\/06\/IMG_0948-768x512.jpeg",640,427,true],"large":["https:\/\/quehacerpolitico.mx\/wp-content\/uploads\/2025\/06\/IMG_0948-1024x683.jpeg",640,427,true],"1536x1536":["https:\/\/quehacerpolitico.mx\/wp-content\/uploads\/2025\/06\/IMG_0948-1536x1024.jpeg",1536,1024,true],"2048x2048":["https:\/\/quehacerpolitico.mx\/wp-content\/uploads\/2025\/06\/IMG_0948.jpeg",2048,1365,false],"covernews-featured":["https:\/\/quehacerpolitico.mx\/wp-content\/uploads\/2025\/06\/IMG_0948-1024x683.jpeg",1024,683,true],"covernews-medium":["https:\/\/quehacerpolitico.mx\/wp-content\/uploads\/2025\/06\/IMG_0948-540x340.jpeg",540,340,true]},"author_info":{"display_name":"Redacci\u00f3n QP","author_link":"https:\/\/quehacerpolitico.mx\/?author=2"},"category_info":"<a href=\"https:\/\/quehacerpolitico.mx\/?cat=55\" rel=\"category\">CDMX<\/a>","tag_info":"CDMX","comment_count":"0","_links":{"self":[{"href":"https:\/\/quehacerpolitico.mx\/index.php?rest_route=\/wp\/v2\/posts\/117046","targetHints":{"allow":["GET"]}}],"collection":[{"href":"https:\/\/quehacerpolitico.mx\/index.php?rest_route=\/wp\/v2\/posts"}],"about":[{"href":"https:\/\/quehacerpolitico.mx\/index.php?rest_route=\/wp\/v2\/types\/post"}],"author":[{"embeddable":true,"href":"https:\/\/quehacerpolitico.mx\/index.php?rest_route=\/wp\/v2\/users\/2"}],"replies":[{"embeddable":true,"href":"https:\/\/quehacerpolitico.mx\/index.php?rest_route=%2Fwp%2Fv2%2Fcomments&post=117046"}],"version-history":[{"count":1,"href":"https:\/\/quehacerpolitico.mx\/index.php?rest_route=\/wp\/v2\/posts\/117046\/revisions"}],"predecessor-version":[{"id":117052,"href":"https:\/\/quehacerpolitico.mx\/index.php?rest_route=\/wp\/v2\/posts\/117046\/revisions\/117052"}],"wp:featuredmedia":[{"embeddable":true,"href":"https:\/\/quehacerpolitico.mx\/index.php?rest_route=\/wp\/v2\/media\/117047"}],"wp:attachment":[{"href":"https:\/\/quehacerpolitico.mx\/index.php?rest_route=%2Fwp%2Fv2%2Fmedia&parent=117046"}],"wp:term":[{"taxonomy":"category","embeddable":true,"href":"https:\/\/quehacerpolitico.mx\/index.php?rest_route=%2Fwp%2Fv2%2Fcategories&post=117046"},{"taxonomy":"post_tag","embeddable":true,"href":"https:\/\/quehacerpolitico.mx\/index.php?rest_route=%2Fwp%2Fv2%2Ftags&post=117046"}],"curies":[{"name":"wp","href":"https:\/\/api.w.org\/{rel}","templated":true}]}}