{"id":117043,"date":"2025-06-19T19:14:37","date_gmt":"2025-06-20T01:14:37","guid":{"rendered":"https:\/\/quehacerpolitico.mx\/?p=117043"},"modified":"2025-06-19T19:14:40","modified_gmt":"2025-06-20T01:14:40","slug":"tiburon-cumple-50-anos-el-miedo-que-marco-generaciones-y-transformo-una-isla-en-destino-turistico","status":"publish","type":"post","link":"https:\/\/quehacerpolitico.mx\/?p=117043","title":{"rendered":"&#8220;Tibur\u00f3n&#8221; cumple 50 a\u00f1os: el miedo que marc\u00f3 generaciones y transform\u00f3 una isla en destino tur\u00edstico"},"content":{"rendered":"\n<p>Por Redacci\u00f3n QP<\/p>\n\n\n\n<p>En Boston, un museo conmemora con una exposici\u00f3n los secretos del rodaje y el legado del filme tanto en el imaginario colectivo como en la industria de Hollywood<\/p>\n\n\n\n<p>El desembarco de un joven&nbsp;<strong>Steven Spielberg&nbsp;<\/strong>en Martha&#8217;s Vineyard para rodar&nbsp;<strong>&#8220;Tibur\u00f3n&#8221;&nbsp;<\/strong>cambi\u00f3 esa isla estadounidense para siempre y con ella la taquilla internacional.<\/p>\n\n\n\n<p>El filme, estrenado el 20 de junio de 1975, hace justo medio siglo, instig\u00f3 adem\u00e1s un miedo colectivo a ba\u00f1arse en el&nbsp;<strong>mar.<\/strong><\/p>\n\n\n\n<p>El cineasta ten\u00eda 27 a\u00f1os y su carrera atesoraba apenas cortos, alguna cinta para televisi\u00f3n, como &#8220;Duel&#8221;&nbsp;(&#8216;El diablo sobre ruedas&#8217;) y &#8220;The Sugarland Express&#8221;&nbsp;(Loca evasi\u00f3n), su \u00f3pera prima para la gran pantalla.<\/p>\n\n\n\n<figure class=\"wp-block-embed is-type-video is-provider-youtube wp-block-embed-youtube wp-embed-aspect-16-9 wp-has-aspect-ratio\"><div class=\"wp-block-embed__wrapper\">\n<iframe loading=\"lazy\" title=\"Creo que vuelve para alimentarse | Tibur\u00f3n | Clip en Espa\u00f1ol\" width=\"640\" height=\"360\" src=\"https:\/\/www.youtube.com\/embed\/5Wx_l5L7Zbo?feature=oembed\" frameborder=\"0\" allow=\"accelerometer; autoplay; clipboard-write; encrypted-media; gyroscope; picture-in-picture; web-share\" referrerpolicy=\"strict-origin-when-cross-origin\" allowfullscreen><\/iframe>\n<\/div><\/figure>\n\n\n\n<p>A la rebautizada como Amity Island lleg\u00f3 en temporada baja, sin anticipar que el rodaje se iba a alargar y que los contratiempos se ver\u00edan compensados por la buena recepci\u00f3n del p\u00fablico.<\/p>\n\n\n\n<p>Cincuenta a\u00f1os despu\u00e9s, el lugar es una c\u00e1psula del tiempo: sus comercios recuerdan la pel\u00edcula que los coloc\u00f3 en el mapa, su sala de cine la sigue programando y todav\u00eda viven all\u00ed algunos de sus participantes.<\/p>\n\n\n\n<p><strong>Tom Scott<\/strong>, uno de ellos, iba entonces al instituto. Su madre trabajaba haciendo camas en el hotel en el que se instal\u00f3 parte del equipo y junto con su hermano consigui\u00f3 un papel: \u00e9l como uno de los ni\u00f1os que salen corriendo del agua y el hermano como uno de los asistentes al desfile del&nbsp;<strong>4 de julio.<\/strong><\/p>\n\n\n\n<p>&#8220;Mi madre me dijo que llevara camiseta porque el agua estaba fr\u00eda. Est\u00e1bamos todos blancos, yo un poco gordo y no me quer\u00eda exponer. Me la puse y eso me hizo destacar m\u00e1s&#8221;, se\u00f1ala a&nbsp;<em>EFE<\/em>&nbsp;quien actualmente se dedica a hacer recorridos tur\u00edsticos por la isla.<\/p>\n\n\n\n<p>Scott no vio nunca al tibur\u00f3n blanco que atemorizaba en la cinta a la poblaci\u00f3n local ni casi a&nbsp;<strong>Spielberg.<\/strong>&nbsp;&#8220;Nunca nos sentamos realmente con \u00e9l. No ten\u00eda tiempo para los extras, no era \u00e9l quien nos dec\u00eda qu\u00e9 hacer, sino su gente&#8221;, a\u00f1ade sobre una escena que le hizo faltar a clase de mi\u00e9rcoles a viernes.&nbsp;<\/p>\n\n\n\n<p>En Martha&#8217;s Vineyard, que tiene seis peque\u00f1os municipios, viven unas 20 mil personas, que en verano llegan hasta casi las 200 mil.&nbsp;El estreno de &#8220;Tibur\u00f3n&#8221;&nbsp;la convirti\u00f3 en una meca tur\u00edstica, apunta a&nbsp;<em>EFE&nbsp;<\/em>John V. Tiernan, gerente del hotel Dockside Inn, cerca del muelle al que llegan los ferris en Oak Bluffs.&nbsp;<\/p>\n\n\n\n<p>&#8220;&#8216;Tibur\u00f3n&#8217; trajo mucho dinero a la isla y lo sigue haciendo. Martha&#8217;s Vineyard nunca fue de gente rica, pero actualmente el precio de una casa parte de los 1.2 millones de d\u00f3lares&#8221;, se\u00f1ala orgulloso de que el lugar haya sabido preservar su burbuja, sin grandes cadenas como McDonald&#8217;s y con familias, como la suya, que residen all\u00ed desde hace generaciones.&nbsp;<\/p>\n\n\n\n<p>A su fama posterior ha contribuido que sea elegida como sitio de veraneo de mandatarios como los dem\u00f3cratas Bill Clinton (1993-2001) o Barack Obama (2009-2017), o puntos negros de la cr\u00f3nica social, como el accidente de avioneta que mat\u00f3 frente a su costa a&nbsp;<strong>John F. Kennedy Jr.<\/strong>,&nbsp;a su mujer, Carolyn Bessette-Kennedy, y a su cu\u00f1ada en julio de 1999. Su madre, la ex primera dama Jackie Kennedy, se compr\u00f3 una casa all\u00ed en 1979.&nbsp;<\/p>\n\n\n\n<p>El aniversario hace que las miradas vuelvan a apuntar hacia ese territorio del este estadounidense, cercano a&nbsp;<strong>Boston<\/strong>. Su museo local lo conmemora con una exposici\u00f3n sobre los secretos del rodaje, el legado del filme tanto en el imaginario colectivo como en la industria de&nbsp;<strong>Hollywood<\/strong>&nbsp;y un fin de semana de fiesta, este pr\u00f3ximo, que promete dar nuevo impulso al<strong>fen\u00f3meno.<\/strong><\/p>\n\n\n\n<p>&#8220;S\u00f3lo unas pocas pel\u00edculas siguen cautivando despu\u00e9s de cincuenta a\u00f1os. &#8220;Tibur\u00f3n&#8217; es una de ellas. Gran parte de su poder reside en su realismo, ya que se rod\u00f3 en un lugar real, con personas reales de fondo. Y lo mejor es que es un sitio que puedes visitar y vivir en primera persona&#8221;, apunta en un comunicado de ese museo el investigador Bow Van Riper.&nbsp;<\/p>\n\n\n\n<p>Spielberg no quer\u00eda un gran nombre como protagonista porque la estrella deb\u00eda ser el&nbsp;<strong>tibur\u00f3n,<\/strong>&nbsp;el mismo que le provoc\u00f3 pesadillas porque su r\u00e9plica mec\u00e1nica (bautizada &#8220;Bruce&#8221;&nbsp;en honor a su abogado, Bruce Ramer) se oxidaba una y otra vez.&nbsp;<\/p>\n\n\n\n<p>El filme est\u00e1 considerado el primer taquillazo de la historia. Recaud\u00f3 en su lanzamiento 470 millones de d\u00f3lares y obtuvo tres&nbsp;<strong>\u00d3scar,<\/strong>&nbsp;al mejor montaje, mejor banda sonora original (John Williams) y mejor sonido. Estuvo nominado tambi\u00e9n a mejor pel\u00edcula, pero se qued\u00f3 con esta estatuilla &#8216;Alguien vol\u00f3 sobre el nido del cuco&#8217; (&#8216;One Flew Over the Cuckoo&#8217;s Nest&#8217;).&nbsp;<\/p>\n\n\n\n<p>Scott la vio una semana despu\u00e9s de su estreno. &#8220;Me pareci\u00f3 incre\u00edble&#8221;, se\u00f1ala de una experiencia que dice que recordar\u00e1 toda la vida, pero que no le cambi\u00f3: &#8220;Estuve con todos mis amigos, no me pagaron, simplemente nos lo pasamos bien&#8221;<\/p>\n\n\n\n<p>Con informaci\u00f3n de EFE<\/p>\n","protected":false},"excerpt":{"rendered":"<p>Por Redacci\u00f3n QP En Boston, un museo conmemora con una exposici\u00f3n los secretos del rodaje&#8230;<\/p>\n","protected":false},"author":2,"featured_media":117044,"comment_status":"open","ping_status":"open","sticky":false,"template":"","format":"standard","meta":{"_monsterinsights_skip_tracking":false,"_monsterinsights_sitenote_active":false,"_monsterinsights_sitenote_note":"","_monsterinsights_sitenote_category":0,"footnotes":""},"categories":[58],"tags":[],"class_list":["post-117043","post","type-post","status-publish","format-standard","has-post-thumbnail","hentry","category-cultura"],"yoast_head":"<!-- This site is optimized with the Yoast SEO plugin v27.3 - https:\/\/yoast.com\/product\/yoast-seo-wordpress\/ -->\n<title>&quot;Tibur\u00f3n&quot; cumple 50 a\u00f1os: el miedo que marc\u00f3 generaciones y transform\u00f3 una isla en destino tur\u00edstico -<\/title>\n<meta name=\"robots\" content=\"index, follow, max-snippet:-1, max-image-preview:large, max-video-preview:-1\" \/>\n<link rel=\"canonical\" href=\"https:\/\/quehacerpolitico.mx\/?p=117043\" \/>\n<meta property=\"og:locale\" content=\"es_MX\" \/>\n<meta property=\"og:type\" content=\"article\" \/>\n<meta property=\"og:title\" content=\"&quot;Tibur\u00f3n&quot; cumple 50 a\u00f1os: el miedo que marc\u00f3 generaciones y transform\u00f3 una isla en destino tur\u00edstico -\" \/>\n<meta property=\"og:description\" content=\"Por Redacci\u00f3n QP En Boston, un museo conmemora con una exposici\u00f3n los secretos del rodaje...\" \/>\n<meta property=\"og:url\" content=\"https:\/\/quehacerpolitico.mx\/?p=117043\" \/>\n<meta property=\"article:published_time\" content=\"2025-06-20T01:14:37+00:00\" \/>\n<meta property=\"article:modified_time\" content=\"2025-06-20T01:14:40+00:00\" \/>\n<meta property=\"og:image\" content=\"https:\/\/quehacerpolitico.mx\/wp-content\/uploads\/2025\/06\/IMG_0945.jpeg\" \/>\n\t<meta property=\"og:image:width\" content=\"678\" \/>\n\t<meta property=\"og:image:height\" content=\"452\" \/>\n\t<meta property=\"og:image:type\" content=\"image\/jpeg\" \/>\n<meta name=\"author\" content=\"Redacci\u00f3n QP\" \/>\n<meta name=\"twitter:card\" content=\"summary_large_image\" \/>\n<meta name=\"twitter:label1\" content=\"Escrito por\" \/>\n\t<meta name=\"twitter:data1\" content=\"Redacci\u00f3n QP\" \/>\n\t<meta name=\"twitter:label2\" content=\"Tiempo de lectura\" \/>\n\t<meta name=\"twitter:data2\" content=\"4 minutos\" \/>\n<script type=\"application\/ld+json\" class=\"yoast-schema-graph\">{\"@context\":\"https:\\\/\\\/schema.org\",\"@graph\":[{\"@type\":\"Article\",\"@id\":\"https:\\\/\\\/quehacerpolitico.mx\\\/?p=117043#article\",\"isPartOf\":{\"@id\":\"https:\\\/\\\/quehacerpolitico.mx\\\/?p=117043\"},\"author\":{\"name\":\"Redacci\u00f3n QP\",\"@id\":\"https:\\\/\\\/quehacerpolitico.mx\\\/#\\\/schema\\\/person\\\/496d8ad2d1d3f8036101dca7ee39e585\"},\"headline\":\"&#8220;Tibur\u00f3n&#8221; cumple 50 a\u00f1os: el miedo que marc\u00f3 generaciones y transform\u00f3 una isla en destino tur\u00edstico\",\"datePublished\":\"2025-06-20T01:14:37+00:00\",\"dateModified\":\"2025-06-20T01:14:40+00:00\",\"mainEntityOfPage\":{\"@id\":\"https:\\\/\\\/quehacerpolitico.mx\\\/?p=117043\"},\"wordCount\":921,\"commentCount\":0,\"image\":{\"@id\":\"https:\\\/\\\/quehacerpolitico.mx\\\/?p=117043#primaryimage\"},\"thumbnailUrl\":\"https:\\\/\\\/quehacerpolitico.mx\\\/wp-content\\\/uploads\\\/2025\\\/06\\\/IMG_0945.jpeg\",\"articleSection\":[\"Cultura y Entretenimiento\"],\"inLanguage\":\"es\",\"potentialAction\":[{\"@type\":\"CommentAction\",\"name\":\"Comment\",\"target\":[\"https:\\\/\\\/quehacerpolitico.mx\\\/?p=117043#respond\"]}]},{\"@type\":\"WebPage\",\"@id\":\"https:\\\/\\\/quehacerpolitico.mx\\\/?p=117043\",\"url\":\"https:\\\/\\\/quehacerpolitico.mx\\\/?p=117043\",\"name\":\"\\\"Tibur\u00f3n\\\" cumple 50 a\u00f1os: el miedo que marc\u00f3 generaciones y transform\u00f3 una isla en destino tur\u00edstico -\",\"isPartOf\":{\"@id\":\"https:\\\/\\\/quehacerpolitico.mx\\\/#website\"},\"primaryImageOfPage\":{\"@id\":\"https:\\\/\\\/quehacerpolitico.mx\\\/?p=117043#primaryimage\"},\"image\":{\"@id\":\"https:\\\/\\\/quehacerpolitico.mx\\\/?p=117043#primaryimage\"},\"thumbnailUrl\":\"https:\\\/\\\/quehacerpolitico.mx\\\/wp-content\\\/uploads\\\/2025\\\/06\\\/IMG_0945.jpeg\",\"datePublished\":\"2025-06-20T01:14:37+00:00\",\"dateModified\":\"2025-06-20T01:14:40+00:00\",\"author\":{\"@id\":\"https:\\\/\\\/quehacerpolitico.mx\\\/#\\\/schema\\\/person\\\/496d8ad2d1d3f8036101dca7ee39e585\"},\"breadcrumb\":{\"@id\":\"https:\\\/\\\/quehacerpolitico.mx\\\/?p=117043#breadcrumb\"},\"inLanguage\":\"es\",\"potentialAction\":[{\"@type\":\"ReadAction\",\"target\":[\"https:\\\/\\\/quehacerpolitico.mx\\\/?p=117043\"]}]},{\"@type\":\"ImageObject\",\"inLanguage\":\"es\",\"@id\":\"https:\\\/\\\/quehacerpolitico.mx\\\/?p=117043#primaryimage\",\"url\":\"https:\\\/\\\/quehacerpolitico.mx\\\/wp-content\\\/uploads\\\/2025\\\/06\\\/IMG_0945.jpeg\",\"contentUrl\":\"https:\\\/\\\/quehacerpolitico.mx\\\/wp-content\\\/uploads\\\/2025\\\/06\\\/IMG_0945.jpeg\",\"width\":678,\"height\":452},{\"@type\":\"BreadcrumbList\",\"@id\":\"https:\\\/\\\/quehacerpolitico.mx\\\/?p=117043#breadcrumb\",\"itemListElement\":[{\"@type\":\"ListItem\",\"position\":1,\"name\":\"Inicio\",\"item\":\"https:\\\/\\\/quehacerpolitico.mx\\\/\"},{\"@type\":\"ListItem\",\"position\":2,\"name\":\"&#8220;Tibur\u00f3n&#8221; cumple 50 a\u00f1os: el miedo que marc\u00f3 generaciones y transform\u00f3 una isla en destino tur\u00edstico\"}]},{\"@type\":\"WebSite\",\"@id\":\"https:\\\/\\\/quehacerpolitico.mx\\\/#website\",\"url\":\"https:\\\/\\\/quehacerpolitico.mx\\\/\",\"name\":\"\",\"description\":\"\",\"potentialAction\":[{\"@type\":\"SearchAction\",\"target\":{\"@type\":\"EntryPoint\",\"urlTemplate\":\"https:\\\/\\\/quehacerpolitico.mx\\\/?s={search_term_string}\"},\"query-input\":{\"@type\":\"PropertyValueSpecification\",\"valueRequired\":true,\"valueName\":\"search_term_string\"}}],\"inLanguage\":\"es\"},{\"@type\":\"Person\",\"@id\":\"https:\\\/\\\/quehacerpolitico.mx\\\/#\\\/schema\\\/person\\\/496d8ad2d1d3f8036101dca7ee39e585\",\"name\":\"Redacci\u00f3n QP\",\"image\":{\"@type\":\"ImageObject\",\"inLanguage\":\"es\",\"@id\":\"https:\\\/\\\/secure.gravatar.com\\\/avatar\\\/c7164ed6fdec453195284ad24a5ae5b6e1eed2b848477fa2a4787ba9adf39a41?s=96&d=mm&r=g\",\"url\":\"https:\\\/\\\/secure.gravatar.com\\\/avatar\\\/c7164ed6fdec453195284ad24a5ae5b6e1eed2b848477fa2a4787ba9adf39a41?s=96&d=mm&r=g\",\"contentUrl\":\"https:\\\/\\\/secure.gravatar.com\\\/avatar\\\/c7164ed6fdec453195284ad24a5ae5b6e1eed2b848477fa2a4787ba9adf39a41?s=96&d=mm&r=g\",\"caption\":\"Redacci\u00f3n QP\"},\"url\":\"https:\\\/\\\/quehacerpolitico.mx\\\/?author=2\"}]}<\/script>\n<!-- \/ Yoast SEO plugin. -->","yoast_head_json":{"title":"\"Tibur\u00f3n\" cumple 50 a\u00f1os: el miedo que marc\u00f3 generaciones y transform\u00f3 una isla en destino tur\u00edstico -","robots":{"index":"index","follow":"follow","max-snippet":"max-snippet:-1","max-image-preview":"max-image-preview:large","max-video-preview":"max-video-preview:-1"},"canonical":"https:\/\/quehacerpolitico.mx\/?p=117043","og_locale":"es_MX","og_type":"article","og_title":"\"Tibur\u00f3n\" cumple 50 a\u00f1os: el miedo que marc\u00f3 generaciones y transform\u00f3 una isla en destino tur\u00edstico -","og_description":"Por Redacci\u00f3n QP En Boston, un museo conmemora con una exposici\u00f3n los secretos del rodaje...","og_url":"https:\/\/quehacerpolitico.mx\/?p=117043","article_published_time":"2025-06-20T01:14:37+00:00","article_modified_time":"2025-06-20T01:14:40+00:00","og_image":[{"width":678,"height":452,"url":"https:\/\/quehacerpolitico.mx\/wp-content\/uploads\/2025\/06\/IMG_0945.jpeg","type":"image\/jpeg"}],"author":"Redacci\u00f3n QP","twitter_card":"summary_large_image","twitter_misc":{"Escrito por":"Redacci\u00f3n QP","Tiempo de lectura":"4 minutos"},"schema":{"@context":"https:\/\/schema.org","@graph":[{"@type":"Article","@id":"https:\/\/quehacerpolitico.mx\/?p=117043#article","isPartOf":{"@id":"https:\/\/quehacerpolitico.mx\/?p=117043"},"author":{"name":"Redacci\u00f3n QP","@id":"https:\/\/quehacerpolitico.mx\/#\/schema\/person\/496d8ad2d1d3f8036101dca7ee39e585"},"headline":"&#8220;Tibur\u00f3n&#8221; cumple 50 a\u00f1os: el miedo que marc\u00f3 generaciones y transform\u00f3 una isla en destino tur\u00edstico","datePublished":"2025-06-20T01:14:37+00:00","dateModified":"2025-06-20T01:14:40+00:00","mainEntityOfPage":{"@id":"https:\/\/quehacerpolitico.mx\/?p=117043"},"wordCount":921,"commentCount":0,"image":{"@id":"https:\/\/quehacerpolitico.mx\/?p=117043#primaryimage"},"thumbnailUrl":"https:\/\/quehacerpolitico.mx\/wp-content\/uploads\/2025\/06\/IMG_0945.jpeg","articleSection":["Cultura y Entretenimiento"],"inLanguage":"es","potentialAction":[{"@type":"CommentAction","name":"Comment","target":["https:\/\/quehacerpolitico.mx\/?p=117043#respond"]}]},{"@type":"WebPage","@id":"https:\/\/quehacerpolitico.mx\/?p=117043","url":"https:\/\/quehacerpolitico.mx\/?p=117043","name":"\"Tibur\u00f3n\" cumple 50 a\u00f1os: el miedo que marc\u00f3 generaciones y transform\u00f3 una isla en destino tur\u00edstico -","isPartOf":{"@id":"https:\/\/quehacerpolitico.mx\/#website"},"primaryImageOfPage":{"@id":"https:\/\/quehacerpolitico.mx\/?p=117043#primaryimage"},"image":{"@id":"https:\/\/quehacerpolitico.mx\/?p=117043#primaryimage"},"thumbnailUrl":"https:\/\/quehacerpolitico.mx\/wp-content\/uploads\/2025\/06\/IMG_0945.jpeg","datePublished":"2025-06-20T01:14:37+00:00","dateModified":"2025-06-20T01:14:40+00:00","author":{"@id":"https:\/\/quehacerpolitico.mx\/#\/schema\/person\/496d8ad2d1d3f8036101dca7ee39e585"},"breadcrumb":{"@id":"https:\/\/quehacerpolitico.mx\/?p=117043#breadcrumb"},"inLanguage":"es","potentialAction":[{"@type":"ReadAction","target":["https:\/\/quehacerpolitico.mx\/?p=117043"]}]},{"@type":"ImageObject","inLanguage":"es","@id":"https:\/\/quehacerpolitico.mx\/?p=117043#primaryimage","url":"https:\/\/quehacerpolitico.mx\/wp-content\/uploads\/2025\/06\/IMG_0945.jpeg","contentUrl":"https:\/\/quehacerpolitico.mx\/wp-content\/uploads\/2025\/06\/IMG_0945.jpeg","width":678,"height":452},{"@type":"BreadcrumbList","@id":"https:\/\/quehacerpolitico.mx\/?p=117043#breadcrumb","itemListElement":[{"@type":"ListItem","position":1,"name":"Inicio","item":"https:\/\/quehacerpolitico.mx\/"},{"@type":"ListItem","position":2,"name":"&#8220;Tibur\u00f3n&#8221; cumple 50 a\u00f1os: el miedo que marc\u00f3 generaciones y transform\u00f3 una isla en destino tur\u00edstico"}]},{"@type":"WebSite","@id":"https:\/\/quehacerpolitico.mx\/#website","url":"https:\/\/quehacerpolitico.mx\/","name":"","description":"","potentialAction":[{"@type":"SearchAction","target":{"@type":"EntryPoint","urlTemplate":"https:\/\/quehacerpolitico.mx\/?s={search_term_string}"},"query-input":{"@type":"PropertyValueSpecification","valueRequired":true,"valueName":"search_term_string"}}],"inLanguage":"es"},{"@type":"Person","@id":"https:\/\/quehacerpolitico.mx\/#\/schema\/person\/496d8ad2d1d3f8036101dca7ee39e585","name":"Redacci\u00f3n QP","image":{"@type":"ImageObject","inLanguage":"es","@id":"https:\/\/secure.gravatar.com\/avatar\/c7164ed6fdec453195284ad24a5ae5b6e1eed2b848477fa2a4787ba9adf39a41?s=96&d=mm&r=g","url":"https:\/\/secure.gravatar.com\/avatar\/c7164ed6fdec453195284ad24a5ae5b6e1eed2b848477fa2a4787ba9adf39a41?s=96&d=mm&r=g","contentUrl":"https:\/\/secure.gravatar.com\/avatar\/c7164ed6fdec453195284ad24a5ae5b6e1eed2b848477fa2a4787ba9adf39a41?s=96&d=mm&r=g","caption":"Redacci\u00f3n QP"},"url":"https:\/\/quehacerpolitico.mx\/?author=2"}]}},"featured_image_urls":{"full":["https:\/\/quehacerpolitico.mx\/wp-content\/uploads\/2025\/06\/IMG_0945.jpeg",678,452,false],"thumbnail":["https:\/\/quehacerpolitico.mx\/wp-content\/uploads\/2025\/06\/IMG_0945-150x150.jpeg",150,150,true],"medium":["https:\/\/quehacerpolitico.mx\/wp-content\/uploads\/2025\/06\/IMG_0945-300x200.jpeg",300,200,true],"medium_large":["https:\/\/quehacerpolitico.mx\/wp-content\/uploads\/2025\/06\/IMG_0945.jpeg",640,427,false],"large":["https:\/\/quehacerpolitico.mx\/wp-content\/uploads\/2025\/06\/IMG_0945.jpeg",640,427,false],"1536x1536":["https:\/\/quehacerpolitico.mx\/wp-content\/uploads\/2025\/06\/IMG_0945.jpeg",678,452,false],"2048x2048":["https:\/\/quehacerpolitico.mx\/wp-content\/uploads\/2025\/06\/IMG_0945.jpeg",678,452,false],"covernews-featured":["https:\/\/quehacerpolitico.mx\/wp-content\/uploads\/2025\/06\/IMG_0945.jpeg",678,452,false],"covernews-medium":["https:\/\/quehacerpolitico.mx\/wp-content\/uploads\/2025\/06\/IMG_0945-540x340.jpeg",540,340,true]},"author_info":{"display_name":"Redacci\u00f3n QP","author_link":"https:\/\/quehacerpolitico.mx\/?author=2"},"category_info":"<a href=\"https:\/\/quehacerpolitico.mx\/?cat=58\" rel=\"category\">Cultura y Entretenimiento<\/a>","tag_info":"Cultura y Entretenimiento","comment_count":"0","_links":{"self":[{"href":"https:\/\/quehacerpolitico.mx\/index.php?rest_route=\/wp\/v2\/posts\/117043","targetHints":{"allow":["GET"]}}],"collection":[{"href":"https:\/\/quehacerpolitico.mx\/index.php?rest_route=\/wp\/v2\/posts"}],"about":[{"href":"https:\/\/quehacerpolitico.mx\/index.php?rest_route=\/wp\/v2\/types\/post"}],"author":[{"embeddable":true,"href":"https:\/\/quehacerpolitico.mx\/index.php?rest_route=\/wp\/v2\/users\/2"}],"replies":[{"embeddable":true,"href":"https:\/\/quehacerpolitico.mx\/index.php?rest_route=%2Fwp%2Fv2%2Fcomments&post=117043"}],"version-history":[{"count":1,"href":"https:\/\/quehacerpolitico.mx\/index.php?rest_route=\/wp\/v2\/posts\/117043\/revisions"}],"predecessor-version":[{"id":117045,"href":"https:\/\/quehacerpolitico.mx\/index.php?rest_route=\/wp\/v2\/posts\/117043\/revisions\/117045"}],"wp:featuredmedia":[{"embeddable":true,"href":"https:\/\/quehacerpolitico.mx\/index.php?rest_route=\/wp\/v2\/media\/117044"}],"wp:attachment":[{"href":"https:\/\/quehacerpolitico.mx\/index.php?rest_route=%2Fwp%2Fv2%2Fmedia&parent=117043"}],"wp:term":[{"taxonomy":"category","embeddable":true,"href":"https:\/\/quehacerpolitico.mx\/index.php?rest_route=%2Fwp%2Fv2%2Fcategories&post=117043"},{"taxonomy":"post_tag","embeddable":true,"href":"https:\/\/quehacerpolitico.mx\/index.php?rest_route=%2Fwp%2Fv2%2Ftags&post=117043"}],"curies":[{"name":"wp","href":"https:\/\/api.w.org\/{rel}","templated":true}]}}