{"id":117012,"date":"2025-06-19T14:00:21","date_gmt":"2025-06-19T20:00:21","guid":{"rendered":"https:\/\/quehacerpolitico.mx\/?p=117012"},"modified":"2025-06-19T14:00:23","modified_gmt":"2025-06-19T20:00:23","slug":"el-quehacer-politico-internacional-a-traves-carolina-alonso-romei-rusia-esta-al-borde-de-entrar-en-recesion-asegura-su-ministro-de-economia","status":"publish","type":"post","link":"https:\/\/quehacerpolitico.mx\/?p=117012","title":{"rendered":"El Quehacer Pol\u00edtico Internacional a trav\u00e9s\/\/\/Carolina Alonso Romei\/\/\/&#8221;Rusia est\u00e1 al borde de entrar en recesi\u00f3n&#8221;, asegura su ministro de Econom\u00eda"},"content":{"rendered":"\n<p>Por Carolina Alonso Romei<\/p>\n\n\n\n<p>Internacionalista <\/p>\n\n\n\n<p>Seg\u00fan medios locales, el funcionario dijo durante un foro econ\u00f3mico que esta ca\u00edda o no depende de las acciones que tome el gobierno<\/p>\n\n\n\n<p>La econom\u00eda de Rusia est\u00e1 \u201cal borde de entrar en recesi\u00f3n\u201d, afirm\u00f3 el jueves el&nbsp;<strong>ministro de Econom\u00eda<\/strong>&nbsp;del pa\u00eds, seg\u00fan informes de medios rusos.<\/p>\n\n\n\n<p>El ministro de Econom\u00eda,&nbsp;<strong>Maxim Reshetnikov,<\/strong>&nbsp;lanz\u00f3 la &#8220;advertencia&#8221; durante el&nbsp;Foro Econ\u00f3mico Internacional de&nbsp;<strong>San Petersburgo<\/strong>, el evento anual en la segunda ciudad m\u00e1s grande de Rusia dise\u00f1ado para resaltar el&nbsp;<strong>poder\u00edo econ\u00f3mico&nbsp;<\/strong>del pa\u00eds y atraer a inversores extranjeros.<\/p>\n\n\n\n<figure class=\"wp-block-image size-full\"><img loading=\"lazy\" decoding=\"async\" width=\"425\" height=\"230\" src=\"https:\/\/quehacerpolitico.mx\/wp-content\/uploads\/2025\/06\/IMG_0922.webp\" alt=\"\" class=\"wp-image-117014\" srcset=\"https:\/\/quehacerpolitico.mx\/wp-content\/uploads\/2025\/06\/IMG_0922.webp 425w, https:\/\/quehacerpolitico.mx\/wp-content\/uploads\/2025\/06\/IMG_0922-300x162.webp 300w\" sizes=\"auto, (max-width: 425px) 100vw, 425px\" \/><\/figure>\n\n\n\n<p>El medio de noticias de negocios ruso&nbsp;<em>RBC<\/em>&nbsp;cit\u00f3 al funcionario diciendo: \u201clos n\u00fameros indican enfriamiento, pero todos nuestros n\u00fameros son (como) un espejo retrovisor. A juzgar por c\u00f3mo se perciben actualmente las empresas y los indicadores, ya estamos, me parece,&nbsp;<strong>al borde de entrar en recesi\u00f3n\u201d.<\/strong><\/p>\n\n\n\n<p>La econom\u00eda, golpeada por una serie de&nbsp;<strong>sanciones<\/strong>&nbsp;tras el env\u00edo de tropas a<strong>Ucrania<\/strong>&nbsp;por parte del Kremlin en febrero de 2022,&nbsp;super\u00f3&nbsp;hasta ahora todo&nbsp;contra los pron\u00f3sticos negativos que le se\u00f1alaban.<\/p>\n\n\n\n<p>El alto gasto en defensa impuls\u00f3&nbsp;el crecimiento y mantuvo&nbsp;un bajo \u00edndice de&nbsp;<strong>desempleo<\/strong>, a pesar de alimentar la inflaci\u00f3n.<\/p>\n\n\n\n<p>Al mismo tiempo, los salarios aumentaron&nbsp;para mantenerse al ritmo de esta \u00faltima, dejando a muchos trabajadores en una &#8220;mejor situaci\u00f3n&#8221;.<\/p>\n\n\n\n<p>Las grandes bonificaciones de&nbsp;<strong>reclutamiento<\/strong>&nbsp;para los&nbsp;<strong>militares<\/strong>&nbsp;y los beneficios por fallecimiento para quienes mueren en<strong>&nbsp;Ucrania<\/strong>&nbsp;tambi\u00e9n a\u00f1adieron&nbsp;m\u00e1s ingresos en las regiones m\u00e1s pobres del pa\u00eds.<\/p>\n\n\n\n<p>Sin embargo, a largo plazo, la&nbsp;<strong>inflaci\u00f3n<\/strong>&nbsp;y la falta de&nbsp;<strong>inversiones extranjeras&nbsp;<\/strong>siguen siendo &#8220;amenazas&#8221; para la econom\u00eda, dejando una inc\u00f3gnita sobre cu\u00e1nto tiempo puede continuar la&nbsp;<strong>econom\u00eda militarizada.<\/strong><\/p>\n\n\n\n<p>Los economistas advirtieron acerca de la creciente presi\u00f3n&nbsp;sobre la econom\u00eda y la probabilidad de que se estanque debido a la falta de<strong>&nbsp;inversi\u00f3n<\/strong>&nbsp;en sectores distintos al militar.&nbsp;<\/p>\n\n\n\n<p>Hablando en una sesi\u00f3n del foro, Reshetnikov dijo que&nbsp;<strong>Rusia<\/strong>&nbsp;estaba \u201cal borde\u201d, y si el pa\u00eds &#8220;caer\u00eda en recesi\u00f3n&#8221; o no depender\u00eda de las acciones del gobierno.&nbsp;<\/p>\n\n\n\n<p>\u201cDe cara al futuro, todo depende de nuestras decisiones\u201d, dijo Reshetnikov, seg\u00fan&nbsp;<em>RBC.<\/em><\/p>\n\n\n\n<p><em>RBC&nbsp;<\/em>inform\u00f3 que el&nbsp;<strong>ministro de Finanzas<\/strong>&nbsp;ruso,&nbsp;Anton Siluanov, y la&nbsp;<strong>gobernadora del Banco Central<\/strong>, Elvira Nabi\u00fallina, dieron &#8220;evaluaciones m\u00e1s optimistas&#8221;.&nbsp;<\/p>\n\n\n\n<p>Siluanov habl\u00f3 sobre el \u201cenfriamiento\u201d de la&nbsp;<strong>econom\u00eda<\/strong>, pero se\u00f1al\u00f3 que despu\u00e9s de cualquier enfriamiento \u201csiempre llega el verano\u201d, inform\u00f3 el medio ruso.&nbsp;<\/p>\n\n\n\n<p>Por su parte, Nabi\u00fallina asegur\u00f3&nbsp;que la&nbsp;<strong>econom\u00eda de Rusia<\/strong>&nbsp;simplemente \u201csal\u00eda del sobrecalentamiento\u201d, seg\u00fan&nbsp;<em>RBC.<\/em><\/p>\n\n\n\n<p>Con informaci\u00f3n de AP<\/p>\n","protected":false},"excerpt":{"rendered":"<p>Por Carolina Alonso Romei Internacionalista Seg\u00fan medios locales, el funcionario dijo durante un foro econ\u00f3mico&#8230;<\/p>\n","protected":false},"author":2,"featured_media":117013,"comment_status":"open","ping_status":"open","sticky":false,"template":"","format":"standard","meta":{"_monsterinsights_skip_tracking":false,"_monsterinsights_sitenote_active":false,"_monsterinsights_sitenote_note":"","_monsterinsights_sitenote_category":0,"footnotes":""},"categories":[1],"tags":[],"class_list":["post-117012","post","type-post","status-publish","format-standard","has-post-thumbnail","hentry","category-sin-categoria"],"yoast_head":"<!-- This site is optimized with the Yoast SEO plugin v27.3 - https:\/\/yoast.com\/product\/yoast-seo-wordpress\/ -->\n<title>El Quehacer Pol\u00edtico Internacional a trav\u00e9s\/\/\/Carolina Alonso Romei\/\/\/&quot;Rusia est\u00e1 al borde de entrar en recesi\u00f3n&quot;, asegura su ministro de Econom\u00eda -<\/title>\n<meta name=\"robots\" content=\"index, follow, max-snippet:-1, max-image-preview:large, max-video-preview:-1\" \/>\n<link rel=\"canonical\" href=\"https:\/\/quehacerpolitico.mx\/?p=117012\" \/>\n<meta property=\"og:locale\" content=\"es_MX\" \/>\n<meta property=\"og:type\" content=\"article\" \/>\n<meta property=\"og:title\" content=\"El Quehacer Pol\u00edtico Internacional a trav\u00e9s\/\/\/Carolina Alonso Romei\/\/\/&quot;Rusia est\u00e1 al borde de entrar en recesi\u00f3n&quot;, asegura su ministro de Econom\u00eda -\" \/>\n<meta property=\"og:description\" content=\"Por Carolina Alonso Romei Internacionalista Seg\u00fan medios locales, el funcionario dijo durante un foro econ\u00f3mico...\" \/>\n<meta property=\"og:url\" content=\"https:\/\/quehacerpolitico.mx\/?p=117012\" \/>\n<meta property=\"article:published_time\" content=\"2025-06-19T20:00:21+00:00\" \/>\n<meta property=\"article:modified_time\" content=\"2025-06-19T20:00:23+00:00\" \/>\n<meta property=\"og:image\" content=\"https:\/\/quehacerpolitico.mx\/wp-content\/uploads\/2025\/06\/7909FE69-46F4-41B3-9783-D683CE5B790E.jpeg\" \/>\n\t<meta property=\"og:image:width\" content=\"1218\" \/>\n\t<meta property=\"og:image:height\" content=\"640\" \/>\n\t<meta property=\"og:image:type\" content=\"image\/jpeg\" \/>\n<meta name=\"author\" content=\"Redacci\u00f3n QP\" \/>\n<meta name=\"twitter:card\" content=\"summary_large_image\" \/>\n<meta name=\"twitter:label1\" content=\"Escrito por\" \/>\n\t<meta name=\"twitter:data1\" content=\"Redacci\u00f3n QP\" \/>\n\t<meta name=\"twitter:label2\" content=\"Tiempo de lectura\" \/>\n\t<meta name=\"twitter:data2\" content=\"3 minutos\" \/>\n<script type=\"application\/ld+json\" class=\"yoast-schema-graph\">{\"@context\":\"https:\\\/\\\/schema.org\",\"@graph\":[{\"@type\":\"Article\",\"@id\":\"https:\\\/\\\/quehacerpolitico.mx\\\/?p=117012#article\",\"isPartOf\":{\"@id\":\"https:\\\/\\\/quehacerpolitico.mx\\\/?p=117012\"},\"author\":{\"name\":\"Redacci\u00f3n QP\",\"@id\":\"https:\\\/\\\/quehacerpolitico.mx\\\/#\\\/schema\\\/person\\\/496d8ad2d1d3f8036101dca7ee39e585\"},\"headline\":\"El Quehacer Pol\u00edtico Internacional a trav\u00e9s\\\/\\\/\\\/Carolina Alonso Romei\\\/\\\/\\\/&#8221;Rusia est\u00e1 al borde de entrar en recesi\u00f3n&#8221;, asegura su ministro de Econom\u00eda\",\"datePublished\":\"2025-06-19T20:00:21+00:00\",\"dateModified\":\"2025-06-19T20:00:23+00:00\",\"mainEntityOfPage\":{\"@id\":\"https:\\\/\\\/quehacerpolitico.mx\\\/?p=117012\"},\"wordCount\":542,\"commentCount\":0,\"image\":{\"@id\":\"https:\\\/\\\/quehacerpolitico.mx\\\/?p=117012#primaryimage\"},\"thumbnailUrl\":\"https:\\\/\\\/quehacerpolitico.mx\\\/wp-content\\\/uploads\\\/2025\\\/06\\\/7909FE69-46F4-41B3-9783-D683CE5B790E.jpeg\",\"articleSection\":[\"Internacionales\"],\"inLanguage\":\"es\",\"potentialAction\":[{\"@type\":\"CommentAction\",\"name\":\"Comment\",\"target\":[\"https:\\\/\\\/quehacerpolitico.mx\\\/?p=117012#respond\"]}]},{\"@type\":\"WebPage\",\"@id\":\"https:\\\/\\\/quehacerpolitico.mx\\\/?p=117012\",\"url\":\"https:\\\/\\\/quehacerpolitico.mx\\\/?p=117012\",\"name\":\"El Quehacer Pol\u00edtico Internacional a trav\u00e9s\\\/\\\/\\\/Carolina Alonso Romei\\\/\\\/\\\/\\\"Rusia est\u00e1 al borde de entrar en recesi\u00f3n\\\", asegura su ministro de Econom\u00eda -\",\"isPartOf\":{\"@id\":\"https:\\\/\\\/quehacerpolitico.mx\\\/#website\"},\"primaryImageOfPage\":{\"@id\":\"https:\\\/\\\/quehacerpolitico.mx\\\/?p=117012#primaryimage\"},\"image\":{\"@id\":\"https:\\\/\\\/quehacerpolitico.mx\\\/?p=117012#primaryimage\"},\"thumbnailUrl\":\"https:\\\/\\\/quehacerpolitico.mx\\\/wp-content\\\/uploads\\\/2025\\\/06\\\/7909FE69-46F4-41B3-9783-D683CE5B790E.jpeg\",\"datePublished\":\"2025-06-19T20:00:21+00:00\",\"dateModified\":\"2025-06-19T20:00:23+00:00\",\"author\":{\"@id\":\"https:\\\/\\\/quehacerpolitico.mx\\\/#\\\/schema\\\/person\\\/496d8ad2d1d3f8036101dca7ee39e585\"},\"breadcrumb\":{\"@id\":\"https:\\\/\\\/quehacerpolitico.mx\\\/?p=117012#breadcrumb\"},\"inLanguage\":\"es\",\"potentialAction\":[{\"@type\":\"ReadAction\",\"target\":[\"https:\\\/\\\/quehacerpolitico.mx\\\/?p=117012\"]}]},{\"@type\":\"ImageObject\",\"inLanguage\":\"es\",\"@id\":\"https:\\\/\\\/quehacerpolitico.mx\\\/?p=117012#primaryimage\",\"url\":\"https:\\\/\\\/quehacerpolitico.mx\\\/wp-content\\\/uploads\\\/2025\\\/06\\\/7909FE69-46F4-41B3-9783-D683CE5B790E.jpeg\",\"contentUrl\":\"https:\\\/\\\/quehacerpolitico.mx\\\/wp-content\\\/uploads\\\/2025\\\/06\\\/7909FE69-46F4-41B3-9783-D683CE5B790E.jpeg\",\"width\":1218,\"height\":640},{\"@type\":\"BreadcrumbList\",\"@id\":\"https:\\\/\\\/quehacerpolitico.mx\\\/?p=117012#breadcrumb\",\"itemListElement\":[{\"@type\":\"ListItem\",\"position\":1,\"name\":\"Inicio\",\"item\":\"https:\\\/\\\/quehacerpolitico.mx\\\/\"},{\"@type\":\"ListItem\",\"position\":2,\"name\":\"El Quehacer Pol\u00edtico Internacional a trav\u00e9s\\\/\\\/\\\/Carolina Alonso Romei\\\/\\\/\\\/&#8221;Rusia est\u00e1 al borde de entrar en recesi\u00f3n&#8221;, asegura su ministro de Econom\u00eda\"}]},{\"@type\":\"WebSite\",\"@id\":\"https:\\\/\\\/quehacerpolitico.mx\\\/#website\",\"url\":\"https:\\\/\\\/quehacerpolitico.mx\\\/\",\"name\":\"\",\"description\":\"\",\"potentialAction\":[{\"@type\":\"SearchAction\",\"target\":{\"@type\":\"EntryPoint\",\"urlTemplate\":\"https:\\\/\\\/quehacerpolitico.mx\\\/?s={search_term_string}\"},\"query-input\":{\"@type\":\"PropertyValueSpecification\",\"valueRequired\":true,\"valueName\":\"search_term_string\"}}],\"inLanguage\":\"es\"},{\"@type\":\"Person\",\"@id\":\"https:\\\/\\\/quehacerpolitico.mx\\\/#\\\/schema\\\/person\\\/496d8ad2d1d3f8036101dca7ee39e585\",\"name\":\"Redacci\u00f3n QP\",\"image\":{\"@type\":\"ImageObject\",\"inLanguage\":\"es\",\"@id\":\"https:\\\/\\\/secure.gravatar.com\\\/avatar\\\/c7164ed6fdec453195284ad24a5ae5b6e1eed2b848477fa2a4787ba9adf39a41?s=96&d=mm&r=g\",\"url\":\"https:\\\/\\\/secure.gravatar.com\\\/avatar\\\/c7164ed6fdec453195284ad24a5ae5b6e1eed2b848477fa2a4787ba9adf39a41?s=96&d=mm&r=g\",\"contentUrl\":\"https:\\\/\\\/secure.gravatar.com\\\/avatar\\\/c7164ed6fdec453195284ad24a5ae5b6e1eed2b848477fa2a4787ba9adf39a41?s=96&d=mm&r=g\",\"caption\":\"Redacci\u00f3n QP\"},\"url\":\"https:\\\/\\\/quehacerpolitico.mx\\\/?author=2\"}]}<\/script>\n<!-- \/ Yoast SEO plugin. -->","yoast_head_json":{"title":"El Quehacer Pol\u00edtico Internacional a trav\u00e9s\/\/\/Carolina Alonso Romei\/\/\/\"Rusia est\u00e1 al borde de entrar en recesi\u00f3n\", asegura su ministro de Econom\u00eda -","robots":{"index":"index","follow":"follow","max-snippet":"max-snippet:-1","max-image-preview":"max-image-preview:large","max-video-preview":"max-video-preview:-1"},"canonical":"https:\/\/quehacerpolitico.mx\/?p=117012","og_locale":"es_MX","og_type":"article","og_title":"El Quehacer Pol\u00edtico Internacional a trav\u00e9s\/\/\/Carolina Alonso Romei\/\/\/\"Rusia est\u00e1 al borde de entrar en recesi\u00f3n\", asegura su ministro de Econom\u00eda -","og_description":"Por Carolina Alonso Romei Internacionalista Seg\u00fan medios locales, el funcionario dijo durante un foro econ\u00f3mico...","og_url":"https:\/\/quehacerpolitico.mx\/?p=117012","article_published_time":"2025-06-19T20:00:21+00:00","article_modified_time":"2025-06-19T20:00:23+00:00","og_image":[{"width":1218,"height":640,"url":"https:\/\/quehacerpolitico.mx\/wp-content\/uploads\/2025\/06\/7909FE69-46F4-41B3-9783-D683CE5B790E.jpeg","type":"image\/jpeg"}],"author":"Redacci\u00f3n QP","twitter_card":"summary_large_image","twitter_misc":{"Escrito por":"Redacci\u00f3n QP","Tiempo de lectura":"3 minutos"},"schema":{"@context":"https:\/\/schema.org","@graph":[{"@type":"Article","@id":"https:\/\/quehacerpolitico.mx\/?p=117012#article","isPartOf":{"@id":"https:\/\/quehacerpolitico.mx\/?p=117012"},"author":{"name":"Redacci\u00f3n QP","@id":"https:\/\/quehacerpolitico.mx\/#\/schema\/person\/496d8ad2d1d3f8036101dca7ee39e585"},"headline":"El Quehacer Pol\u00edtico Internacional a trav\u00e9s\/\/\/Carolina Alonso Romei\/\/\/&#8221;Rusia est\u00e1 al borde de entrar en recesi\u00f3n&#8221;, asegura su ministro de Econom\u00eda","datePublished":"2025-06-19T20:00:21+00:00","dateModified":"2025-06-19T20:00:23+00:00","mainEntityOfPage":{"@id":"https:\/\/quehacerpolitico.mx\/?p=117012"},"wordCount":542,"commentCount":0,"image":{"@id":"https:\/\/quehacerpolitico.mx\/?p=117012#primaryimage"},"thumbnailUrl":"https:\/\/quehacerpolitico.mx\/wp-content\/uploads\/2025\/06\/7909FE69-46F4-41B3-9783-D683CE5B790E.jpeg","articleSection":["Internacionales"],"inLanguage":"es","potentialAction":[{"@type":"CommentAction","name":"Comment","target":["https:\/\/quehacerpolitico.mx\/?p=117012#respond"]}]},{"@type":"WebPage","@id":"https:\/\/quehacerpolitico.mx\/?p=117012","url":"https:\/\/quehacerpolitico.mx\/?p=117012","name":"El Quehacer Pol\u00edtico Internacional a trav\u00e9s\/\/\/Carolina Alonso Romei\/\/\/\"Rusia est\u00e1 al borde de entrar en recesi\u00f3n\", asegura su ministro de Econom\u00eda -","isPartOf":{"@id":"https:\/\/quehacerpolitico.mx\/#website"},"primaryImageOfPage":{"@id":"https:\/\/quehacerpolitico.mx\/?p=117012#primaryimage"},"image":{"@id":"https:\/\/quehacerpolitico.mx\/?p=117012#primaryimage"},"thumbnailUrl":"https:\/\/quehacerpolitico.mx\/wp-content\/uploads\/2025\/06\/7909FE69-46F4-41B3-9783-D683CE5B790E.jpeg","datePublished":"2025-06-19T20:00:21+00:00","dateModified":"2025-06-19T20:00:23+00:00","author":{"@id":"https:\/\/quehacerpolitico.mx\/#\/schema\/person\/496d8ad2d1d3f8036101dca7ee39e585"},"breadcrumb":{"@id":"https:\/\/quehacerpolitico.mx\/?p=117012#breadcrumb"},"inLanguage":"es","potentialAction":[{"@type":"ReadAction","target":["https:\/\/quehacerpolitico.mx\/?p=117012"]}]},{"@type":"ImageObject","inLanguage":"es","@id":"https:\/\/quehacerpolitico.mx\/?p=117012#primaryimage","url":"https:\/\/quehacerpolitico.mx\/wp-content\/uploads\/2025\/06\/7909FE69-46F4-41B3-9783-D683CE5B790E.jpeg","contentUrl":"https:\/\/quehacerpolitico.mx\/wp-content\/uploads\/2025\/06\/7909FE69-46F4-41B3-9783-D683CE5B790E.jpeg","width":1218,"height":640},{"@type":"BreadcrumbList","@id":"https:\/\/quehacerpolitico.mx\/?p=117012#breadcrumb","itemListElement":[{"@type":"ListItem","position":1,"name":"Inicio","item":"https:\/\/quehacerpolitico.mx\/"},{"@type":"ListItem","position":2,"name":"El Quehacer Pol\u00edtico Internacional a trav\u00e9s\/\/\/Carolina Alonso Romei\/\/\/&#8221;Rusia est\u00e1 al borde de entrar en recesi\u00f3n&#8221;, asegura su ministro de Econom\u00eda"}]},{"@type":"WebSite","@id":"https:\/\/quehacerpolitico.mx\/#website","url":"https:\/\/quehacerpolitico.mx\/","name":"","description":"","potentialAction":[{"@type":"SearchAction","target":{"@type":"EntryPoint","urlTemplate":"https:\/\/quehacerpolitico.mx\/?s={search_term_string}"},"query-input":{"@type":"PropertyValueSpecification","valueRequired":true,"valueName":"search_term_string"}}],"inLanguage":"es"},{"@type":"Person","@id":"https:\/\/quehacerpolitico.mx\/#\/schema\/person\/496d8ad2d1d3f8036101dca7ee39e585","name":"Redacci\u00f3n QP","image":{"@type":"ImageObject","inLanguage":"es","@id":"https:\/\/secure.gravatar.com\/avatar\/c7164ed6fdec453195284ad24a5ae5b6e1eed2b848477fa2a4787ba9adf39a41?s=96&d=mm&r=g","url":"https:\/\/secure.gravatar.com\/avatar\/c7164ed6fdec453195284ad24a5ae5b6e1eed2b848477fa2a4787ba9adf39a41?s=96&d=mm&r=g","contentUrl":"https:\/\/secure.gravatar.com\/avatar\/c7164ed6fdec453195284ad24a5ae5b6e1eed2b848477fa2a4787ba9adf39a41?s=96&d=mm&r=g","caption":"Redacci\u00f3n QP"},"url":"https:\/\/quehacerpolitico.mx\/?author=2"}]}},"featured_image_urls":{"full":["https:\/\/quehacerpolitico.mx\/wp-content\/uploads\/2025\/06\/7909FE69-46F4-41B3-9783-D683CE5B790E.jpeg",1218,640,false],"thumbnail":["https:\/\/quehacerpolitico.mx\/wp-content\/uploads\/2025\/06\/7909FE69-46F4-41B3-9783-D683CE5B790E-150x150.jpeg",150,150,true],"medium":["https:\/\/quehacerpolitico.mx\/wp-content\/uploads\/2025\/06\/7909FE69-46F4-41B3-9783-D683CE5B790E-300x158.jpeg",300,158,true],"medium_large":["https:\/\/quehacerpolitico.mx\/wp-content\/uploads\/2025\/06\/7909FE69-46F4-41B3-9783-D683CE5B790E-768x404.jpeg",640,337,true],"large":["https:\/\/quehacerpolitico.mx\/wp-content\/uploads\/2025\/06\/7909FE69-46F4-41B3-9783-D683CE5B790E-1024x538.jpeg",640,336,true],"1536x1536":["https:\/\/quehacerpolitico.mx\/wp-content\/uploads\/2025\/06\/7909FE69-46F4-41B3-9783-D683CE5B790E.jpeg",1218,640,false],"2048x2048":["https:\/\/quehacerpolitico.mx\/wp-content\/uploads\/2025\/06\/7909FE69-46F4-41B3-9783-D683CE5B790E.jpeg",1218,640,false],"covernews-featured":["https:\/\/quehacerpolitico.mx\/wp-content\/uploads\/2025\/06\/7909FE69-46F4-41B3-9783-D683CE5B790E-1024x538.jpeg",1024,538,true],"covernews-medium":["https:\/\/quehacerpolitico.mx\/wp-content\/uploads\/2025\/06\/7909FE69-46F4-41B3-9783-D683CE5B790E-540x340.jpeg",540,340,true]},"author_info":{"display_name":"Redacci\u00f3n QP","author_link":"https:\/\/quehacerpolitico.mx\/?author=2"},"category_info":"<a href=\"https:\/\/quehacerpolitico.mx\/?cat=1\" rel=\"category\">Internacionales<\/a>","tag_info":"Internacionales","comment_count":"0","_links":{"self":[{"href":"https:\/\/quehacerpolitico.mx\/index.php?rest_route=\/wp\/v2\/posts\/117012","targetHints":{"allow":["GET"]}}],"collection":[{"href":"https:\/\/quehacerpolitico.mx\/index.php?rest_route=\/wp\/v2\/posts"}],"about":[{"href":"https:\/\/quehacerpolitico.mx\/index.php?rest_route=\/wp\/v2\/types\/post"}],"author":[{"embeddable":true,"href":"https:\/\/quehacerpolitico.mx\/index.php?rest_route=\/wp\/v2\/users\/2"}],"replies":[{"embeddable":true,"href":"https:\/\/quehacerpolitico.mx\/index.php?rest_route=%2Fwp%2Fv2%2Fcomments&post=117012"}],"version-history":[{"count":1,"href":"https:\/\/quehacerpolitico.mx\/index.php?rest_route=\/wp\/v2\/posts\/117012\/revisions"}],"predecessor-version":[{"id":117015,"href":"https:\/\/quehacerpolitico.mx\/index.php?rest_route=\/wp\/v2\/posts\/117012\/revisions\/117015"}],"wp:featuredmedia":[{"embeddable":true,"href":"https:\/\/quehacerpolitico.mx\/index.php?rest_route=\/wp\/v2\/media\/117013"}],"wp:attachment":[{"href":"https:\/\/quehacerpolitico.mx\/index.php?rest_route=%2Fwp%2Fv2%2Fmedia&parent=117012"}],"wp:term":[{"taxonomy":"category","embeddable":true,"href":"https:\/\/quehacerpolitico.mx\/index.php?rest_route=%2Fwp%2Fv2%2Fcategories&post=117012"},{"taxonomy":"post_tag","embeddable":true,"href":"https:\/\/quehacerpolitico.mx\/index.php?rest_route=%2Fwp%2Fv2%2Ftags&post=117012"}],"curies":[{"name":"wp","href":"https:\/\/api.w.org\/{rel}","templated":true}]}}