{"id":117009,"date":"2025-06-19T13:28:45","date_gmt":"2025-06-19T19:28:45","guid":{"rendered":"https:\/\/quehacerpolitico.mx\/?p=117009"},"modified":"2025-06-19T13:28:47","modified_gmt":"2025-06-19T19:28:47","slug":"el-quehacer-politico-internacional-a-traves-carolina-alonso-romei-trump-decidira-en-las-proximas-dos-semanas-si-eu-interviene-en-el-conflicto-entre-iran-e-israel-casa-blanca","status":"publish","type":"post","link":"https:\/\/quehacerpolitico.mx\/?p=117009","title":{"rendered":"El Quehacer Pol\u00edtico Internacional a trav\u00e9s\/\/\/Carolina Alonso Romei\/\/\/Trump decidir\u00e1 en las pr\u00f3ximas dos semanas si EU interviene en el conflicto entre Ir\u00e1n e Israel: Casa Blanca"},"content":{"rendered":"\n<p>Por Carolina Alonso Romei<\/p>\n\n\n\n<p>Internacionalista <\/p>\n\n\n\n<p>La vocera Karoline Leavitt tambi\u00e9n afirm\u00f3 que durante su primer mandato, el presidente mantuvo &#8220;al mundo a salvo al implementar una agenda de pol\u00edtica exterior de paz&#8221;<\/p>\n\n\n\n<p>La vocera de la Casa Blanca, Karoline Leavitt, afirm\u00f3 este jueves que el presidente Donald Trump analizar\u00e1 en las&nbsp;<strong>pr\u00f3ximas dos semanas&nbsp;<\/strong>si Estados Unidos se une al conflicto entre Israel e Ir\u00e1n.&nbsp;<\/p>\n\n\n\n<p>Citando un mensaje de Trump,<strong>&nbsp;Leavitt&nbsp;<\/strong>dijo a los periodistas: &#8220;Bas\u00e1ndome en el hecho de que hay una posibilidad sustancial de negociaciones que pueden o no tener lugar con Ir\u00e1n en un futuro pr\u00f3ximo, tomar\u00e9 mi decisi\u00f3n de ir o no en las pr\u00f3ximas dos semanas&#8221;.<\/p>\n\n\n\n<figure class=\"wp-block-embed is-type-rich is-provider-twitter wp-block-embed-twitter\"><div class=\"wp-block-embed__wrapper\">\n<blockquote class=\"twitter-tweet\" data-width=\"550\" data-dnt=\"true\"><p lang=\"es\" dir=\"ltr\">\ud83d\udd34 <a href=\"https:\/\/twitter.com\/hashtag\/%C3%9ALTIMAHORA?src=hash&amp;ref_src=twsrc%5Etfw\">#\u00daLTIMAHORA<\/a> | Trump eval\u00faa sumarse a la guerra contra Ir\u00e1n<br><br>La vocera de la Casa Blanca, Karoline Leavitt (<a href=\"https:\/\/twitter.com\/PressSec?ref_src=twsrc%5Etfw\">@PressSec<\/a>), inform\u00f3 que el presidente de EE.UU. tomar\u00e1 una decisi\u00f3n en las pr\u00f3ximas dos semanas. Trump asegur\u00f3 que \u201ca\u00fan existe una posibilidad real de negociaciones con\u2026 <a href=\"https:\/\/t.co\/dtTwKwc6h5\">pic.twitter.com\/dtTwKwc6h5<\/a><\/p>&mdash; Azucena Uresti (@azucenau) <a href=\"https:\/\/twitter.com\/azucenau\/status\/1935758770795131022?ref_src=twsrc%5Etfw\">June 19, 2025<\/a><\/blockquote><script async src=\"https:\/\/platform.twitter.com\/widgets.js\" charset=\"utf-8\"><\/script>\n<\/div><\/figure>\n\n\n\n<p>Leavitt incidi\u00f3 en que &#8220;nadie deber\u00eda sorprenderse&#8221; respecto al planteamiento de Trump de que Ir\u00e1n &#8220;no deber\u00eda tener un arma nuclear&#8221;, una posici\u00f3n que ha defendido &#8220;no s\u00f3lo como presidente, sino tambi\u00e9n como un ciudadano&#8221;.<\/p>\n\n\n\n<p>&#8220;En 2011, dijo que el objetivo principal de Estados Unidos en Ir\u00e1n deber\u00eda ser destruir sus ambiciones nucleares. En 2015 dijo que Ir\u00e1n supon\u00eda una amenaza para Israel, los aliados de&nbsp;<strong>Medio Oriente y Estados Unidos<\/strong>&#8220;, record\u00f3.<\/p>\n\n\n\n<p>En los \u00faltimos d\u00edas, medios estadounidenses informaron de que Trump ha aprobado supuestos planes para atacar a Ir\u00e1n pero a\u00fan no ha tomado una decisi\u00f3n final.<\/p>\n\n\n\n<p>Ir\u00e1n e Israel completan este jueves siete d\u00edas de ofensiva, con varias oleadas diarias de misiles lanzados de un lado a otro, que han dejado un n\u00famero a\u00fan incierto de muertos \u2014m\u00e1s de 200 oficialmente\u2014&nbsp;pero sobre todo est\u00e1n haciendo que el miedo crezca en la poblaci\u00f3n, con evacuaciones o huidas de sus ciudades, y unos l\u00edderes que no rebajan el&nbsp;<strong>tono b\u00e9lico.<\/strong><\/p>\n\n\n\n<p>Ir\u00e1n permanece desde ayer con el&nbsp;<strong>internet cerrado&nbsp;<\/strong>a instancias de un gobierno que tambi\u00e9n ha prohibido grabar y hacer fotograf\u00edas en lugares p\u00fablicos \u2014sobre todo en los edificios bombardeados\u2014, pero las fotograf\u00edas de cuerpos se filtran con cuentagotas en los medios, a pesar de que oficialmente las autoridades solo han confirmado el pasado domingo 224 fallecidos.<\/p>\n\n\n\n<p><em>Con informaci\u00f3n de Reuters y EFE.<\/em><\/p>\n","protected":false},"excerpt":{"rendered":"<p>Por Carolina Alonso Romei Internacionalista La vocera Karoline Leavitt tambi\u00e9n afirm\u00f3 que durante su primer&#8230;<\/p>\n","protected":false},"author":2,"featured_media":117010,"comment_status":"open","ping_status":"open","sticky":false,"template":"","format":"standard","meta":{"_monsterinsights_skip_tracking":false,"_monsterinsights_sitenote_active":false,"_monsterinsights_sitenote_note":"","_monsterinsights_sitenote_category":0,"footnotes":""},"categories":[1],"tags":[],"class_list":["post-117009","post","type-post","status-publish","format-standard","has-post-thumbnail","hentry","category-sin-categoria"],"yoast_head":"<!-- This site is optimized with the Yoast SEO plugin v27.3 - https:\/\/yoast.com\/product\/yoast-seo-wordpress\/ -->\n<title>El Quehacer Pol\u00edtico Internacional a trav\u00e9s\/\/\/Carolina Alonso Romei\/\/\/Trump decidir\u00e1 en las pr\u00f3ximas dos semanas si EU interviene en el conflicto entre Ir\u00e1n e Israel: Casa Blanca -<\/title>\n<meta name=\"robots\" content=\"index, follow, max-snippet:-1, max-image-preview:large, max-video-preview:-1\" \/>\n<link rel=\"canonical\" href=\"https:\/\/quehacerpolitico.mx\/?p=117009\" \/>\n<meta property=\"og:locale\" content=\"es_MX\" \/>\n<meta property=\"og:type\" content=\"article\" \/>\n<meta property=\"og:title\" content=\"El Quehacer Pol\u00edtico Internacional a trav\u00e9s\/\/\/Carolina Alonso Romei\/\/\/Trump decidir\u00e1 en las pr\u00f3ximas dos semanas si EU interviene en el conflicto entre Ir\u00e1n e Israel: Casa Blanca -\" \/>\n<meta property=\"og:description\" content=\"Por Carolina Alonso Romei Internacionalista La vocera Karoline Leavitt tambi\u00e9n afirm\u00f3 que durante su primer...\" \/>\n<meta property=\"og:url\" content=\"https:\/\/quehacerpolitico.mx\/?p=117009\" \/>\n<meta property=\"article:published_time\" content=\"2025-06-19T19:28:45+00:00\" \/>\n<meta property=\"article:modified_time\" content=\"2025-06-19T19:28:47+00:00\" \/>\n<meta property=\"og:image\" content=\"https:\/\/quehacerpolitico.mx\/wp-content\/uploads\/2025\/06\/03fa6135-c3fe-44b7-8e96-c6ca323ffebb-4.jpeg\" \/>\n\t<meta property=\"og:image:width\" content=\"963\" \/>\n\t<meta property=\"og:image:height\" content=\"493\" \/>\n\t<meta property=\"og:image:type\" content=\"image\/jpeg\" \/>\n<meta name=\"author\" content=\"Redacci\u00f3n QP\" \/>\n<meta name=\"twitter:card\" content=\"summary_large_image\" \/>\n<meta name=\"twitter:label1\" content=\"Escrito por\" \/>\n\t<meta name=\"twitter:data1\" content=\"Redacci\u00f3n QP\" \/>\n\t<meta name=\"twitter:label2\" content=\"Tiempo de lectura\" \/>\n\t<meta name=\"twitter:data2\" content=\"2 minutos\" \/>\n<script type=\"application\/ld+json\" class=\"yoast-schema-graph\">{\"@context\":\"https:\\\/\\\/schema.org\",\"@graph\":[{\"@type\":\"Article\",\"@id\":\"https:\\\/\\\/quehacerpolitico.mx\\\/?p=117009#article\",\"isPartOf\":{\"@id\":\"https:\\\/\\\/quehacerpolitico.mx\\\/?p=117009\"},\"author\":{\"name\":\"Redacci\u00f3n QP\",\"@id\":\"https:\\\/\\\/quehacerpolitico.mx\\\/#\\\/schema\\\/person\\\/496d8ad2d1d3f8036101dca7ee39e585\"},\"headline\":\"El Quehacer Pol\u00edtico Internacional a trav\u00e9s\\\/\\\/\\\/Carolina Alonso Romei\\\/\\\/\\\/Trump decidir\u00e1 en las pr\u00f3ximas dos semanas si EU interviene en el conflicto entre Ir\u00e1n e Israel: Casa Blanca\",\"datePublished\":\"2025-06-19T19:28:45+00:00\",\"dateModified\":\"2025-06-19T19:28:47+00:00\",\"mainEntityOfPage\":{\"@id\":\"https:\\\/\\\/quehacerpolitico.mx\\\/?p=117009\"},\"wordCount\":417,\"commentCount\":0,\"image\":{\"@id\":\"https:\\\/\\\/quehacerpolitico.mx\\\/?p=117009#primaryimage\"},\"thumbnailUrl\":\"https:\\\/\\\/quehacerpolitico.mx\\\/wp-content\\\/uploads\\\/2025\\\/06\\\/03fa6135-c3fe-44b7-8e96-c6ca323ffebb-4.jpeg\",\"articleSection\":[\"Internacionales\"],\"inLanguage\":\"es\",\"potentialAction\":[{\"@type\":\"CommentAction\",\"name\":\"Comment\",\"target\":[\"https:\\\/\\\/quehacerpolitico.mx\\\/?p=117009#respond\"]}]},{\"@type\":\"WebPage\",\"@id\":\"https:\\\/\\\/quehacerpolitico.mx\\\/?p=117009\",\"url\":\"https:\\\/\\\/quehacerpolitico.mx\\\/?p=117009\",\"name\":\"El Quehacer Pol\u00edtico Internacional a trav\u00e9s\\\/\\\/\\\/Carolina Alonso Romei\\\/\\\/\\\/Trump decidir\u00e1 en las pr\u00f3ximas dos semanas si EU interviene en el conflicto entre Ir\u00e1n e Israel: Casa Blanca -\",\"isPartOf\":{\"@id\":\"https:\\\/\\\/quehacerpolitico.mx\\\/#website\"},\"primaryImageOfPage\":{\"@id\":\"https:\\\/\\\/quehacerpolitico.mx\\\/?p=117009#primaryimage\"},\"image\":{\"@id\":\"https:\\\/\\\/quehacerpolitico.mx\\\/?p=117009#primaryimage\"},\"thumbnailUrl\":\"https:\\\/\\\/quehacerpolitico.mx\\\/wp-content\\\/uploads\\\/2025\\\/06\\\/03fa6135-c3fe-44b7-8e96-c6ca323ffebb-4.jpeg\",\"datePublished\":\"2025-06-19T19:28:45+00:00\",\"dateModified\":\"2025-06-19T19:28:47+00:00\",\"author\":{\"@id\":\"https:\\\/\\\/quehacerpolitico.mx\\\/#\\\/schema\\\/person\\\/496d8ad2d1d3f8036101dca7ee39e585\"},\"breadcrumb\":{\"@id\":\"https:\\\/\\\/quehacerpolitico.mx\\\/?p=117009#breadcrumb\"},\"inLanguage\":\"es\",\"potentialAction\":[{\"@type\":\"ReadAction\",\"target\":[\"https:\\\/\\\/quehacerpolitico.mx\\\/?p=117009\"]}]},{\"@type\":\"ImageObject\",\"inLanguage\":\"es\",\"@id\":\"https:\\\/\\\/quehacerpolitico.mx\\\/?p=117009#primaryimage\",\"url\":\"https:\\\/\\\/quehacerpolitico.mx\\\/wp-content\\\/uploads\\\/2025\\\/06\\\/03fa6135-c3fe-44b7-8e96-c6ca323ffebb-4.jpeg\",\"contentUrl\":\"https:\\\/\\\/quehacerpolitico.mx\\\/wp-content\\\/uploads\\\/2025\\\/06\\\/03fa6135-c3fe-44b7-8e96-c6ca323ffebb-4.jpeg\",\"width\":963,\"height\":493},{\"@type\":\"BreadcrumbList\",\"@id\":\"https:\\\/\\\/quehacerpolitico.mx\\\/?p=117009#breadcrumb\",\"itemListElement\":[{\"@type\":\"ListItem\",\"position\":1,\"name\":\"Inicio\",\"item\":\"https:\\\/\\\/quehacerpolitico.mx\\\/\"},{\"@type\":\"ListItem\",\"position\":2,\"name\":\"El Quehacer Pol\u00edtico Internacional a trav\u00e9s\\\/\\\/\\\/Carolina Alonso Romei\\\/\\\/\\\/Trump decidir\u00e1 en las pr\u00f3ximas dos semanas si EU interviene en el conflicto entre Ir\u00e1n e Israel: Casa Blanca\"}]},{\"@type\":\"WebSite\",\"@id\":\"https:\\\/\\\/quehacerpolitico.mx\\\/#website\",\"url\":\"https:\\\/\\\/quehacerpolitico.mx\\\/\",\"name\":\"\",\"description\":\"\",\"potentialAction\":[{\"@type\":\"SearchAction\",\"target\":{\"@type\":\"EntryPoint\",\"urlTemplate\":\"https:\\\/\\\/quehacerpolitico.mx\\\/?s={search_term_string}\"},\"query-input\":{\"@type\":\"PropertyValueSpecification\",\"valueRequired\":true,\"valueName\":\"search_term_string\"}}],\"inLanguage\":\"es\"},{\"@type\":\"Person\",\"@id\":\"https:\\\/\\\/quehacerpolitico.mx\\\/#\\\/schema\\\/person\\\/496d8ad2d1d3f8036101dca7ee39e585\",\"name\":\"Redacci\u00f3n QP\",\"image\":{\"@type\":\"ImageObject\",\"inLanguage\":\"es\",\"@id\":\"https:\\\/\\\/secure.gravatar.com\\\/avatar\\\/c7164ed6fdec453195284ad24a5ae5b6e1eed2b848477fa2a4787ba9adf39a41?s=96&d=mm&r=g\",\"url\":\"https:\\\/\\\/secure.gravatar.com\\\/avatar\\\/c7164ed6fdec453195284ad24a5ae5b6e1eed2b848477fa2a4787ba9adf39a41?s=96&d=mm&r=g\",\"contentUrl\":\"https:\\\/\\\/secure.gravatar.com\\\/avatar\\\/c7164ed6fdec453195284ad24a5ae5b6e1eed2b848477fa2a4787ba9adf39a41?s=96&d=mm&r=g\",\"caption\":\"Redacci\u00f3n QP\"},\"url\":\"https:\\\/\\\/quehacerpolitico.mx\\\/?author=2\"}]}<\/script>\n<!-- \/ Yoast SEO plugin. -->","yoast_head_json":{"title":"El Quehacer Pol\u00edtico Internacional a trav\u00e9s\/\/\/Carolina Alonso Romei\/\/\/Trump decidir\u00e1 en las pr\u00f3ximas dos semanas si EU interviene en el conflicto entre Ir\u00e1n e Israel: Casa Blanca -","robots":{"index":"index","follow":"follow","max-snippet":"max-snippet:-1","max-image-preview":"max-image-preview:large","max-video-preview":"max-video-preview:-1"},"canonical":"https:\/\/quehacerpolitico.mx\/?p=117009","og_locale":"es_MX","og_type":"article","og_title":"El Quehacer Pol\u00edtico Internacional a trav\u00e9s\/\/\/Carolina Alonso Romei\/\/\/Trump decidir\u00e1 en las pr\u00f3ximas dos semanas si EU interviene en el conflicto entre Ir\u00e1n e Israel: Casa Blanca -","og_description":"Por Carolina Alonso Romei Internacionalista La vocera Karoline Leavitt tambi\u00e9n afirm\u00f3 que durante su primer...","og_url":"https:\/\/quehacerpolitico.mx\/?p=117009","article_published_time":"2025-06-19T19:28:45+00:00","article_modified_time":"2025-06-19T19:28:47+00:00","og_image":[{"width":963,"height":493,"url":"https:\/\/quehacerpolitico.mx\/wp-content\/uploads\/2025\/06\/03fa6135-c3fe-44b7-8e96-c6ca323ffebb-4.jpeg","type":"image\/jpeg"}],"author":"Redacci\u00f3n QP","twitter_card":"summary_large_image","twitter_misc":{"Escrito por":"Redacci\u00f3n QP","Tiempo de lectura":"2 minutos"},"schema":{"@context":"https:\/\/schema.org","@graph":[{"@type":"Article","@id":"https:\/\/quehacerpolitico.mx\/?p=117009#article","isPartOf":{"@id":"https:\/\/quehacerpolitico.mx\/?p=117009"},"author":{"name":"Redacci\u00f3n QP","@id":"https:\/\/quehacerpolitico.mx\/#\/schema\/person\/496d8ad2d1d3f8036101dca7ee39e585"},"headline":"El Quehacer Pol\u00edtico Internacional a trav\u00e9s\/\/\/Carolina Alonso Romei\/\/\/Trump decidir\u00e1 en las pr\u00f3ximas dos semanas si EU interviene en el conflicto entre Ir\u00e1n e Israel: Casa Blanca","datePublished":"2025-06-19T19:28:45+00:00","dateModified":"2025-06-19T19:28:47+00:00","mainEntityOfPage":{"@id":"https:\/\/quehacerpolitico.mx\/?p=117009"},"wordCount":417,"commentCount":0,"image":{"@id":"https:\/\/quehacerpolitico.mx\/?p=117009#primaryimage"},"thumbnailUrl":"https:\/\/quehacerpolitico.mx\/wp-content\/uploads\/2025\/06\/03fa6135-c3fe-44b7-8e96-c6ca323ffebb-4.jpeg","articleSection":["Internacionales"],"inLanguage":"es","potentialAction":[{"@type":"CommentAction","name":"Comment","target":["https:\/\/quehacerpolitico.mx\/?p=117009#respond"]}]},{"@type":"WebPage","@id":"https:\/\/quehacerpolitico.mx\/?p=117009","url":"https:\/\/quehacerpolitico.mx\/?p=117009","name":"El Quehacer Pol\u00edtico Internacional a trav\u00e9s\/\/\/Carolina Alonso Romei\/\/\/Trump decidir\u00e1 en las pr\u00f3ximas dos semanas si EU interviene en el conflicto entre Ir\u00e1n e Israel: Casa Blanca -","isPartOf":{"@id":"https:\/\/quehacerpolitico.mx\/#website"},"primaryImageOfPage":{"@id":"https:\/\/quehacerpolitico.mx\/?p=117009#primaryimage"},"image":{"@id":"https:\/\/quehacerpolitico.mx\/?p=117009#primaryimage"},"thumbnailUrl":"https:\/\/quehacerpolitico.mx\/wp-content\/uploads\/2025\/06\/03fa6135-c3fe-44b7-8e96-c6ca323ffebb-4.jpeg","datePublished":"2025-06-19T19:28:45+00:00","dateModified":"2025-06-19T19:28:47+00:00","author":{"@id":"https:\/\/quehacerpolitico.mx\/#\/schema\/person\/496d8ad2d1d3f8036101dca7ee39e585"},"breadcrumb":{"@id":"https:\/\/quehacerpolitico.mx\/?p=117009#breadcrumb"},"inLanguage":"es","potentialAction":[{"@type":"ReadAction","target":["https:\/\/quehacerpolitico.mx\/?p=117009"]}]},{"@type":"ImageObject","inLanguage":"es","@id":"https:\/\/quehacerpolitico.mx\/?p=117009#primaryimage","url":"https:\/\/quehacerpolitico.mx\/wp-content\/uploads\/2025\/06\/03fa6135-c3fe-44b7-8e96-c6ca323ffebb-4.jpeg","contentUrl":"https:\/\/quehacerpolitico.mx\/wp-content\/uploads\/2025\/06\/03fa6135-c3fe-44b7-8e96-c6ca323ffebb-4.jpeg","width":963,"height":493},{"@type":"BreadcrumbList","@id":"https:\/\/quehacerpolitico.mx\/?p=117009#breadcrumb","itemListElement":[{"@type":"ListItem","position":1,"name":"Inicio","item":"https:\/\/quehacerpolitico.mx\/"},{"@type":"ListItem","position":2,"name":"El Quehacer Pol\u00edtico Internacional a trav\u00e9s\/\/\/Carolina Alonso Romei\/\/\/Trump decidir\u00e1 en las pr\u00f3ximas dos semanas si EU interviene en el conflicto entre Ir\u00e1n e Israel: Casa Blanca"}]},{"@type":"WebSite","@id":"https:\/\/quehacerpolitico.mx\/#website","url":"https:\/\/quehacerpolitico.mx\/","name":"","description":"","potentialAction":[{"@type":"SearchAction","target":{"@type":"EntryPoint","urlTemplate":"https:\/\/quehacerpolitico.mx\/?s={search_term_string}"},"query-input":{"@type":"PropertyValueSpecification","valueRequired":true,"valueName":"search_term_string"}}],"inLanguage":"es"},{"@type":"Person","@id":"https:\/\/quehacerpolitico.mx\/#\/schema\/person\/496d8ad2d1d3f8036101dca7ee39e585","name":"Redacci\u00f3n QP","image":{"@type":"ImageObject","inLanguage":"es","@id":"https:\/\/secure.gravatar.com\/avatar\/c7164ed6fdec453195284ad24a5ae5b6e1eed2b848477fa2a4787ba9adf39a41?s=96&d=mm&r=g","url":"https:\/\/secure.gravatar.com\/avatar\/c7164ed6fdec453195284ad24a5ae5b6e1eed2b848477fa2a4787ba9adf39a41?s=96&d=mm&r=g","contentUrl":"https:\/\/secure.gravatar.com\/avatar\/c7164ed6fdec453195284ad24a5ae5b6e1eed2b848477fa2a4787ba9adf39a41?s=96&d=mm&r=g","caption":"Redacci\u00f3n QP"},"url":"https:\/\/quehacerpolitico.mx\/?author=2"}]}},"featured_image_urls":{"full":["https:\/\/quehacerpolitico.mx\/wp-content\/uploads\/2025\/06\/03fa6135-c3fe-44b7-8e96-c6ca323ffebb-4.jpeg",963,493,false],"thumbnail":["https:\/\/quehacerpolitico.mx\/wp-content\/uploads\/2025\/06\/03fa6135-c3fe-44b7-8e96-c6ca323ffebb-4-150x150.jpeg",150,150,true],"medium":["https:\/\/quehacerpolitico.mx\/wp-content\/uploads\/2025\/06\/03fa6135-c3fe-44b7-8e96-c6ca323ffebb-4-300x154.jpeg",300,154,true],"medium_large":["https:\/\/quehacerpolitico.mx\/wp-content\/uploads\/2025\/06\/03fa6135-c3fe-44b7-8e96-c6ca323ffebb-4-768x393.jpeg",640,328,true],"large":["https:\/\/quehacerpolitico.mx\/wp-content\/uploads\/2025\/06\/03fa6135-c3fe-44b7-8e96-c6ca323ffebb-4.jpeg",640,328,false],"1536x1536":["https:\/\/quehacerpolitico.mx\/wp-content\/uploads\/2025\/06\/03fa6135-c3fe-44b7-8e96-c6ca323ffebb-4.jpeg",963,493,false],"2048x2048":["https:\/\/quehacerpolitico.mx\/wp-content\/uploads\/2025\/06\/03fa6135-c3fe-44b7-8e96-c6ca323ffebb-4.jpeg",963,493,false],"covernews-featured":["https:\/\/quehacerpolitico.mx\/wp-content\/uploads\/2025\/06\/03fa6135-c3fe-44b7-8e96-c6ca323ffebb-4.jpeg",963,493,false],"covernews-medium":["https:\/\/quehacerpolitico.mx\/wp-content\/uploads\/2025\/06\/03fa6135-c3fe-44b7-8e96-c6ca323ffebb-4-540x340.jpeg",540,340,true]},"author_info":{"display_name":"Redacci\u00f3n QP","author_link":"https:\/\/quehacerpolitico.mx\/?author=2"},"category_info":"<a href=\"https:\/\/quehacerpolitico.mx\/?cat=1\" rel=\"category\">Internacionales<\/a>","tag_info":"Internacionales","comment_count":"0","_links":{"self":[{"href":"https:\/\/quehacerpolitico.mx\/index.php?rest_route=\/wp\/v2\/posts\/117009","targetHints":{"allow":["GET"]}}],"collection":[{"href":"https:\/\/quehacerpolitico.mx\/index.php?rest_route=\/wp\/v2\/posts"}],"about":[{"href":"https:\/\/quehacerpolitico.mx\/index.php?rest_route=\/wp\/v2\/types\/post"}],"author":[{"embeddable":true,"href":"https:\/\/quehacerpolitico.mx\/index.php?rest_route=\/wp\/v2\/users\/2"}],"replies":[{"embeddable":true,"href":"https:\/\/quehacerpolitico.mx\/index.php?rest_route=%2Fwp%2Fv2%2Fcomments&post=117009"}],"version-history":[{"count":1,"href":"https:\/\/quehacerpolitico.mx\/index.php?rest_route=\/wp\/v2\/posts\/117009\/revisions"}],"predecessor-version":[{"id":117011,"href":"https:\/\/quehacerpolitico.mx\/index.php?rest_route=\/wp\/v2\/posts\/117009\/revisions\/117011"}],"wp:featuredmedia":[{"embeddable":true,"href":"https:\/\/quehacerpolitico.mx\/index.php?rest_route=\/wp\/v2\/media\/117010"}],"wp:attachment":[{"href":"https:\/\/quehacerpolitico.mx\/index.php?rest_route=%2Fwp%2Fv2%2Fmedia&parent=117009"}],"wp:term":[{"taxonomy":"category","embeddable":true,"href":"https:\/\/quehacerpolitico.mx\/index.php?rest_route=%2Fwp%2Fv2%2Fcategories&post=117009"},{"taxonomy":"post_tag","embeddable":true,"href":"https:\/\/quehacerpolitico.mx\/index.php?rest_route=%2Fwp%2Fv2%2Ftags&post=117009"}],"curies":[{"name":"wp","href":"https:\/\/api.w.org\/{rel}","templated":true}]}}