{"id":116998,"date":"2025-06-19T11:37:36","date_gmt":"2025-06-19T17:37:36","guid":{"rendered":"https:\/\/quehacerpolitico.mx\/?p=116998"},"modified":"2025-06-19T11:37:39","modified_gmt":"2025-06-19T17:37:39","slug":"sin-danos-humanos-hasta-el-momento-reporta-cnpc-tras-el-impacto-del-huracan-erick","status":"publish","type":"post","link":"https:\/\/quehacerpolitico.mx\/?p=116998","title":{"rendered":"&#8220;Sin da\u00f1os humanos hasta el momento&#8221;, reporta CNPC tras el impacto del hurac\u00e1n Erick"},"content":{"rendered":"\n<p>Por Redacci\u00f3n QP<\/p>\n\n\n\n<p>Durante la conferencia matutina de la \u201cMa\u00f1anera del Pueblo\u201d de hoy, jueves 19 de junio, autoridades federales y estatales informaron sobre las actualizaciones m\u00e1s recientes del hurac\u00e1n &#8220;Erick&#8221;<\/p>\n\n\n\n<p><mark><strong>Durante la conferencia matutina de la \u201cMa\u00f1anera del Pueblo\u201d&nbsp;<\/strong><\/mark><strong>de hoy, jueves 19 de junio,<\/strong>&nbsp;autoridades federales y estatales informaron sobre las actualizaciones m\u00e1s recientes del hurac\u00e1n &#8220;Erick&#8221;, que impact\u00f3 en la costa de Oaxaca en las primeras horas del d\u00eda. En la ma\u00f1anera participaron el secretario de Marina, la coordinadora nacional de Protecci\u00f3n Civil, as\u00ed como los gobernadores de Guerrero y Oaxaca.<\/p>\n\n\n\n<figure class=\"wp-block-embed is-type-rich is-provider-twitter wp-block-embed-twitter\"><div class=\"wp-block-embed__wrapper\">\n<blockquote class=\"twitter-tweet\" data-width=\"550\" data-dnt=\"true\"><p lang=\"es\" dir=\"ltr\">\ud83d\udea8 &quot;Sin da\u00f1os humanos hasta el momento&quot;, reporta <a href=\"https:\/\/twitter.com\/CNPC_MX?ref_src=twsrc%5Etfw\">@CNPC_MX<\/a> tras el impacto del hurac\u00e1n <a href=\"https:\/\/twitter.com\/hashtag\/Erick?src=hash&amp;ref_src=twsrc%5Etfw\">#Erick<\/a>.<br><br>\ud83d\udccdAfectaciones en 14 municipios:<br><br>\u25b6\ufe0fUna persona lesionada<br>\ud83c\udfe5 Ingreso de agua en Hospital de Huatulco<br>\ud83c\udf0a Crecida de r\u00edo en Ixtepec<br>\ud83d\udee3\ufe0f 9 derrumbes carreteros<br>\ud83d\ude97 \u00c1rboles y postes ca\u00eddos <a href=\"https:\/\/t.co\/MC0DN3s0lu\">pic.twitter.com\/MC0DN3s0lu<\/a><\/p>&mdash; Manuel Lopez San Martin (@MLopezSanMartin) <a href=\"https:\/\/twitter.com\/MLopezSanMartin\/status\/1935706316036620516?ref_src=twsrc%5Etfw\">June 19, 2025<\/a><\/blockquote><script async src=\"https:\/\/platform.twitter.com\/widgets.js\" charset=\"utf-8\"><\/script>\n<\/div><\/figure>\n\n\n\n<h3 class=\"wp-block-heading\">Impacto y pron\u00f3stico por el hurac\u00e1n \u201cErick\u201d<\/h3>\n\n\n\n<p><strong>El secretario de Marina inform\u00f3 que&nbsp;<\/strong><mark><strong>&#8220;Erick&#8221; toc\u00f3 tierra en la costa de Oaxaca entre las 5:00 y 5:30 horas.<\/strong><\/mark><strong>&nbsp;<\/strong>Aunque se esperaba que ingresara como categor\u00eda 4, al momento del impacto su intensidad disminuy\u00f3 a categor\u00eda 3.<\/p>\n\n\n\n<p><mark><strong>Se prev\u00e9 que para la medianoche, el cicl\u00f3n est\u00e9 a 41 millas n\u00e1uticas&nbsp;<\/strong><\/mark>(entre 80 y 100 kil\u00f3metros) de Acapulco, afectando tambi\u00e9n a Chilpancingo con lluvias intensas. Las zonas m\u00e1s vulnerables incluyen municipios costeros, as\u00ed como regiones de la Sierra de Guerrero y Michoac\u00e1n.<\/p>\n\n\n\n<h3 class=\"wp-block-heading\">Acciones de prevenci\u00f3n por el hurac\u00e1n \u201cErick\u201d<\/h3>\n\n\n\n<p><strong>La coordinadora nacional de Protecci\u00f3n Civil, Laura Vel\u00e1zquez Alz\u00faa,<\/strong>&nbsp;asegur\u00f3 que, hasta el momento, no se reportan da\u00f1os humanos. Se\u00f1al\u00f3 que las Fuerzas Armadas, la Guardia Nacional y otras dependencias ya est\u00e1n desplegadas y listas para proteger a la poblaci\u00f3n.<\/p>\n\n\n\n<p><strong>Detall\u00f3 que hay&nbsp;<\/strong><mark><strong>21 mil 508 elementos de la Secretar\u00eda de la Defensa Nacional<\/strong><\/mark><strong>&nbsp;en operaci\u00f3n:<\/strong>&nbsp;9 mil 632 en Oaxaca y 11 mil 876 en Guerrero. Por parte de la Secretar\u00eda de Marina, se han desplegado 9 mil 71 elementos, de los cuales 6 mil 418 est\u00e1n en Oaxaca y 2 mil 653 en Guerrero.<\/p>\n\n\n\n<p>Adem\u00e1s, se inform\u00f3 que personal de la&nbsp;<mark><strong>Secretar\u00eda de Infraestructura, Comunicaciones y Transportes (SICT),<\/strong><\/mark>&nbsp;la Comisi\u00f3n Nacional del Agua (Conagua), y t\u00e9cnicos operativos especializados tambi\u00e9n han implementado acciones preventivas desde d\u00edas previos al impacto.<\/p>\n\n\n\n<h3 class=\"wp-block-heading\">Situaci\u00f3n en Guerrero y Oaxaca por el hurac\u00e1n \u201cErick\u201d<\/h3>\n\n\n\n<p><strong>La gobernadora de Guerrero, Evelyn Salgado, hizo un llamado a la poblaci\u00f3n, especialmente en la<\/strong><mark><strong>&nbsp;regi\u00f3n de la Costa Chica, a mantenerse alerta<\/strong>&nbsp;<\/mark>y seguir las indicaciones oficiales. Se\u00f1al\u00f3 que de los 582 refugios habilitados en la entidad, 21 ya cuentan con presencia de familias desplazadas. El refugio con mayor afluencia se ubica en el municipio de San Nicol\u00e1s, con 757 personas albergadas.<\/p>\n\n\n\n<p>Salgado exhort\u00f3 a no arriesgarse si viven cerca de zonas de riesgo como cauces o laderas, y a acudir a los refugios habilitados.<\/p>\n\n\n\n<p><strong>En tanto, el gobernador de Oaxaca, Salom\u00f3n Jara,&nbsp;<\/strong>inform\u00f3 que&nbsp;<mark><strong>no se reportan personas fallecidas ni desaparecidas.&nbsp;<\/strong><\/mark>Los mayores efectos del hurac\u00e1n se presentaron desde las 01:30 horas, especialmente en Pinotepa Nacional. Adem\u00e1s,&nbsp;<mark><strong>se suspendieron los vuelos comerciales en los aeropuertos de Puerto Escondido y Huatulco.<\/strong><\/mark><\/p>\n\n\n\n<p><strong>La Presidenta, Claudia Sheinbaum,&nbsp;<\/strong>destac\u00f3 que se ha trabajado de manera adecuada en la coordinaci\u00f3n de protocolos desde la detecci\u00f3n del hurac\u00e1n.<\/p>\n\n\n\n<p>Con informaci\u00f3n de SUN<\/p>\n","protected":false},"excerpt":{"rendered":"<p>Por Redacci\u00f3n QP Durante la conferencia matutina de la \u201cMa\u00f1anera del Pueblo\u201d de hoy, jueves&#8230;<\/p>\n","protected":false},"author":2,"featured_media":116999,"comment_status":"open","ping_status":"open","sticky":false,"template":"","format":"standard","meta":{"_monsterinsights_skip_tracking":false,"_monsterinsights_sitenote_active":false,"_monsterinsights_sitenote_note":"","_monsterinsights_sitenote_category":0,"footnotes":""},"categories":[280,2],"tags":[],"class_list":["post-116998","post","type-post","status-publish","format-standard","has-post-thumbnail","hentry","category-nacionales","category-noticias"],"yoast_head":"<!-- This site is optimized with the Yoast SEO plugin v27.3 - https:\/\/yoast.com\/product\/yoast-seo-wordpress\/ -->\n<title>&quot;Sin da\u00f1os humanos hasta el momento&quot;, reporta CNPC tras el impacto del hurac\u00e1n Erick -<\/title>\n<meta name=\"robots\" content=\"index, follow, max-snippet:-1, max-image-preview:large, max-video-preview:-1\" \/>\n<link rel=\"canonical\" href=\"https:\/\/quehacerpolitico.mx\/?p=116998\" \/>\n<meta property=\"og:locale\" content=\"es_MX\" \/>\n<meta property=\"og:type\" content=\"article\" \/>\n<meta property=\"og:title\" content=\"&quot;Sin da\u00f1os humanos hasta el momento&quot;, reporta CNPC tras el impacto del hurac\u00e1n Erick -\" \/>\n<meta property=\"og:description\" content=\"Por Redacci\u00f3n QP Durante la conferencia matutina de la \u201cMa\u00f1anera del Pueblo\u201d de hoy, jueves...\" \/>\n<meta property=\"og:url\" content=\"https:\/\/quehacerpolitico.mx\/?p=116998\" \/>\n<meta property=\"article:published_time\" content=\"2025-06-19T17:37:36+00:00\" \/>\n<meta property=\"article:modified_time\" content=\"2025-06-19T17:37:39+00:00\" \/>\n<meta property=\"og:image\" content=\"https:\/\/quehacerpolitico.mx\/wp-content\/uploads\/2025\/06\/IMG_0909.jpeg\" \/>\n\t<meta property=\"og:image:width\" content=\"739\" \/>\n\t<meta property=\"og:image:height\" content=\"415\" \/>\n\t<meta property=\"og:image:type\" content=\"image\/jpeg\" \/>\n<meta name=\"author\" content=\"Redacci\u00f3n QP\" \/>\n<meta name=\"twitter:card\" content=\"summary_large_image\" \/>\n<meta name=\"twitter:label1\" content=\"Escrito por\" \/>\n\t<meta name=\"twitter:data1\" content=\"Redacci\u00f3n QP\" \/>\n\t<meta name=\"twitter:label2\" content=\"Tiempo de lectura\" \/>\n\t<meta name=\"twitter:data2\" content=\"3 minutos\" \/>\n<script type=\"application\/ld+json\" class=\"yoast-schema-graph\">{\"@context\":\"https:\\\/\\\/schema.org\",\"@graph\":[{\"@type\":\"Article\",\"@id\":\"https:\\\/\\\/quehacerpolitico.mx\\\/?p=116998#article\",\"isPartOf\":{\"@id\":\"https:\\\/\\\/quehacerpolitico.mx\\\/?p=116998\"},\"author\":{\"name\":\"Redacci\u00f3n QP\",\"@id\":\"https:\\\/\\\/quehacerpolitico.mx\\\/#\\\/schema\\\/person\\\/496d8ad2d1d3f8036101dca7ee39e585\"},\"headline\":\"&#8220;Sin da\u00f1os humanos hasta el momento&#8221;, reporta CNPC tras el impacto del hurac\u00e1n Erick\",\"datePublished\":\"2025-06-19T17:37:36+00:00\",\"dateModified\":\"2025-06-19T17:37:39+00:00\",\"mainEntityOfPage\":{\"@id\":\"https:\\\/\\\/quehacerpolitico.mx\\\/?p=116998\"},\"wordCount\":554,\"commentCount\":0,\"image\":{\"@id\":\"https:\\\/\\\/quehacerpolitico.mx\\\/?p=116998#primaryimage\"},\"thumbnailUrl\":\"https:\\\/\\\/quehacerpolitico.mx\\\/wp-content\\\/uploads\\\/2025\\\/06\\\/IMG_0909.jpeg\",\"articleSection\":[\"Nacionales\",\"Noticias\"],\"inLanguage\":\"es\",\"potentialAction\":[{\"@type\":\"CommentAction\",\"name\":\"Comment\",\"target\":[\"https:\\\/\\\/quehacerpolitico.mx\\\/?p=116998#respond\"]}]},{\"@type\":\"WebPage\",\"@id\":\"https:\\\/\\\/quehacerpolitico.mx\\\/?p=116998\",\"url\":\"https:\\\/\\\/quehacerpolitico.mx\\\/?p=116998\",\"name\":\"\\\"Sin da\u00f1os humanos hasta el momento\\\", reporta CNPC tras el impacto del hurac\u00e1n Erick -\",\"isPartOf\":{\"@id\":\"https:\\\/\\\/quehacerpolitico.mx\\\/#website\"},\"primaryImageOfPage\":{\"@id\":\"https:\\\/\\\/quehacerpolitico.mx\\\/?p=116998#primaryimage\"},\"image\":{\"@id\":\"https:\\\/\\\/quehacerpolitico.mx\\\/?p=116998#primaryimage\"},\"thumbnailUrl\":\"https:\\\/\\\/quehacerpolitico.mx\\\/wp-content\\\/uploads\\\/2025\\\/06\\\/IMG_0909.jpeg\",\"datePublished\":\"2025-06-19T17:37:36+00:00\",\"dateModified\":\"2025-06-19T17:37:39+00:00\",\"author\":{\"@id\":\"https:\\\/\\\/quehacerpolitico.mx\\\/#\\\/schema\\\/person\\\/496d8ad2d1d3f8036101dca7ee39e585\"},\"breadcrumb\":{\"@id\":\"https:\\\/\\\/quehacerpolitico.mx\\\/?p=116998#breadcrumb\"},\"inLanguage\":\"es\",\"potentialAction\":[{\"@type\":\"ReadAction\",\"target\":[\"https:\\\/\\\/quehacerpolitico.mx\\\/?p=116998\"]}]},{\"@type\":\"ImageObject\",\"inLanguage\":\"es\",\"@id\":\"https:\\\/\\\/quehacerpolitico.mx\\\/?p=116998#primaryimage\",\"url\":\"https:\\\/\\\/quehacerpolitico.mx\\\/wp-content\\\/uploads\\\/2025\\\/06\\\/IMG_0909.jpeg\",\"contentUrl\":\"https:\\\/\\\/quehacerpolitico.mx\\\/wp-content\\\/uploads\\\/2025\\\/06\\\/IMG_0909.jpeg\",\"width\":739,\"height\":415},{\"@type\":\"BreadcrumbList\",\"@id\":\"https:\\\/\\\/quehacerpolitico.mx\\\/?p=116998#breadcrumb\",\"itemListElement\":[{\"@type\":\"ListItem\",\"position\":1,\"name\":\"Inicio\",\"item\":\"https:\\\/\\\/quehacerpolitico.mx\\\/\"},{\"@type\":\"ListItem\",\"position\":2,\"name\":\"&#8220;Sin da\u00f1os humanos hasta el momento&#8221;, reporta CNPC tras el impacto del hurac\u00e1n Erick\"}]},{\"@type\":\"WebSite\",\"@id\":\"https:\\\/\\\/quehacerpolitico.mx\\\/#website\",\"url\":\"https:\\\/\\\/quehacerpolitico.mx\\\/\",\"name\":\"\",\"description\":\"\",\"potentialAction\":[{\"@type\":\"SearchAction\",\"target\":{\"@type\":\"EntryPoint\",\"urlTemplate\":\"https:\\\/\\\/quehacerpolitico.mx\\\/?s={search_term_string}\"},\"query-input\":{\"@type\":\"PropertyValueSpecification\",\"valueRequired\":true,\"valueName\":\"search_term_string\"}}],\"inLanguage\":\"es\"},{\"@type\":\"Person\",\"@id\":\"https:\\\/\\\/quehacerpolitico.mx\\\/#\\\/schema\\\/person\\\/496d8ad2d1d3f8036101dca7ee39e585\",\"name\":\"Redacci\u00f3n QP\",\"image\":{\"@type\":\"ImageObject\",\"inLanguage\":\"es\",\"@id\":\"https:\\\/\\\/secure.gravatar.com\\\/avatar\\\/c7164ed6fdec453195284ad24a5ae5b6e1eed2b848477fa2a4787ba9adf39a41?s=96&d=mm&r=g\",\"url\":\"https:\\\/\\\/secure.gravatar.com\\\/avatar\\\/c7164ed6fdec453195284ad24a5ae5b6e1eed2b848477fa2a4787ba9adf39a41?s=96&d=mm&r=g\",\"contentUrl\":\"https:\\\/\\\/secure.gravatar.com\\\/avatar\\\/c7164ed6fdec453195284ad24a5ae5b6e1eed2b848477fa2a4787ba9adf39a41?s=96&d=mm&r=g\",\"caption\":\"Redacci\u00f3n QP\"},\"url\":\"https:\\\/\\\/quehacerpolitico.mx\\\/?author=2\"}]}<\/script>\n<!-- \/ Yoast SEO plugin. -->","yoast_head_json":{"title":"\"Sin da\u00f1os humanos hasta el momento\", reporta CNPC tras el impacto del hurac\u00e1n Erick -","robots":{"index":"index","follow":"follow","max-snippet":"max-snippet:-1","max-image-preview":"max-image-preview:large","max-video-preview":"max-video-preview:-1"},"canonical":"https:\/\/quehacerpolitico.mx\/?p=116998","og_locale":"es_MX","og_type":"article","og_title":"\"Sin da\u00f1os humanos hasta el momento\", reporta CNPC tras el impacto del hurac\u00e1n Erick -","og_description":"Por Redacci\u00f3n QP Durante la conferencia matutina de la \u201cMa\u00f1anera del Pueblo\u201d de hoy, jueves...","og_url":"https:\/\/quehacerpolitico.mx\/?p=116998","article_published_time":"2025-06-19T17:37:36+00:00","article_modified_time":"2025-06-19T17:37:39+00:00","og_image":[{"width":739,"height":415,"url":"https:\/\/quehacerpolitico.mx\/wp-content\/uploads\/2025\/06\/IMG_0909.jpeg","type":"image\/jpeg"}],"author":"Redacci\u00f3n QP","twitter_card":"summary_large_image","twitter_misc":{"Escrito por":"Redacci\u00f3n QP","Tiempo de lectura":"3 minutos"},"schema":{"@context":"https:\/\/schema.org","@graph":[{"@type":"Article","@id":"https:\/\/quehacerpolitico.mx\/?p=116998#article","isPartOf":{"@id":"https:\/\/quehacerpolitico.mx\/?p=116998"},"author":{"name":"Redacci\u00f3n QP","@id":"https:\/\/quehacerpolitico.mx\/#\/schema\/person\/496d8ad2d1d3f8036101dca7ee39e585"},"headline":"&#8220;Sin da\u00f1os humanos hasta el momento&#8221;, reporta CNPC tras el impacto del hurac\u00e1n Erick","datePublished":"2025-06-19T17:37:36+00:00","dateModified":"2025-06-19T17:37:39+00:00","mainEntityOfPage":{"@id":"https:\/\/quehacerpolitico.mx\/?p=116998"},"wordCount":554,"commentCount":0,"image":{"@id":"https:\/\/quehacerpolitico.mx\/?p=116998#primaryimage"},"thumbnailUrl":"https:\/\/quehacerpolitico.mx\/wp-content\/uploads\/2025\/06\/IMG_0909.jpeg","articleSection":["Nacionales","Noticias"],"inLanguage":"es","potentialAction":[{"@type":"CommentAction","name":"Comment","target":["https:\/\/quehacerpolitico.mx\/?p=116998#respond"]}]},{"@type":"WebPage","@id":"https:\/\/quehacerpolitico.mx\/?p=116998","url":"https:\/\/quehacerpolitico.mx\/?p=116998","name":"\"Sin da\u00f1os humanos hasta el momento\", reporta CNPC tras el impacto del hurac\u00e1n Erick -","isPartOf":{"@id":"https:\/\/quehacerpolitico.mx\/#website"},"primaryImageOfPage":{"@id":"https:\/\/quehacerpolitico.mx\/?p=116998#primaryimage"},"image":{"@id":"https:\/\/quehacerpolitico.mx\/?p=116998#primaryimage"},"thumbnailUrl":"https:\/\/quehacerpolitico.mx\/wp-content\/uploads\/2025\/06\/IMG_0909.jpeg","datePublished":"2025-06-19T17:37:36+00:00","dateModified":"2025-06-19T17:37:39+00:00","author":{"@id":"https:\/\/quehacerpolitico.mx\/#\/schema\/person\/496d8ad2d1d3f8036101dca7ee39e585"},"breadcrumb":{"@id":"https:\/\/quehacerpolitico.mx\/?p=116998#breadcrumb"},"inLanguage":"es","potentialAction":[{"@type":"ReadAction","target":["https:\/\/quehacerpolitico.mx\/?p=116998"]}]},{"@type":"ImageObject","inLanguage":"es","@id":"https:\/\/quehacerpolitico.mx\/?p=116998#primaryimage","url":"https:\/\/quehacerpolitico.mx\/wp-content\/uploads\/2025\/06\/IMG_0909.jpeg","contentUrl":"https:\/\/quehacerpolitico.mx\/wp-content\/uploads\/2025\/06\/IMG_0909.jpeg","width":739,"height":415},{"@type":"BreadcrumbList","@id":"https:\/\/quehacerpolitico.mx\/?p=116998#breadcrumb","itemListElement":[{"@type":"ListItem","position":1,"name":"Inicio","item":"https:\/\/quehacerpolitico.mx\/"},{"@type":"ListItem","position":2,"name":"&#8220;Sin da\u00f1os humanos hasta el momento&#8221;, reporta CNPC tras el impacto del hurac\u00e1n Erick"}]},{"@type":"WebSite","@id":"https:\/\/quehacerpolitico.mx\/#website","url":"https:\/\/quehacerpolitico.mx\/","name":"","description":"","potentialAction":[{"@type":"SearchAction","target":{"@type":"EntryPoint","urlTemplate":"https:\/\/quehacerpolitico.mx\/?s={search_term_string}"},"query-input":{"@type":"PropertyValueSpecification","valueRequired":true,"valueName":"search_term_string"}}],"inLanguage":"es"},{"@type":"Person","@id":"https:\/\/quehacerpolitico.mx\/#\/schema\/person\/496d8ad2d1d3f8036101dca7ee39e585","name":"Redacci\u00f3n QP","image":{"@type":"ImageObject","inLanguage":"es","@id":"https:\/\/secure.gravatar.com\/avatar\/c7164ed6fdec453195284ad24a5ae5b6e1eed2b848477fa2a4787ba9adf39a41?s=96&d=mm&r=g","url":"https:\/\/secure.gravatar.com\/avatar\/c7164ed6fdec453195284ad24a5ae5b6e1eed2b848477fa2a4787ba9adf39a41?s=96&d=mm&r=g","contentUrl":"https:\/\/secure.gravatar.com\/avatar\/c7164ed6fdec453195284ad24a5ae5b6e1eed2b848477fa2a4787ba9adf39a41?s=96&d=mm&r=g","caption":"Redacci\u00f3n QP"},"url":"https:\/\/quehacerpolitico.mx\/?author=2"}]}},"featured_image_urls":{"full":["https:\/\/quehacerpolitico.mx\/wp-content\/uploads\/2025\/06\/IMG_0909.jpeg",739,415,false],"thumbnail":["https:\/\/quehacerpolitico.mx\/wp-content\/uploads\/2025\/06\/IMG_0909-150x150.jpeg",150,150,true],"medium":["https:\/\/quehacerpolitico.mx\/wp-content\/uploads\/2025\/06\/IMG_0909-300x168.jpeg",300,168,true],"medium_large":["https:\/\/quehacerpolitico.mx\/wp-content\/uploads\/2025\/06\/IMG_0909.jpeg",640,359,false],"large":["https:\/\/quehacerpolitico.mx\/wp-content\/uploads\/2025\/06\/IMG_0909.jpeg",640,359,false],"1536x1536":["https:\/\/quehacerpolitico.mx\/wp-content\/uploads\/2025\/06\/IMG_0909.jpeg",739,415,false],"2048x2048":["https:\/\/quehacerpolitico.mx\/wp-content\/uploads\/2025\/06\/IMG_0909.jpeg",739,415,false],"covernews-featured":["https:\/\/quehacerpolitico.mx\/wp-content\/uploads\/2025\/06\/IMG_0909.jpeg",739,415,false],"covernews-medium":["https:\/\/quehacerpolitico.mx\/wp-content\/uploads\/2025\/06\/IMG_0909-540x340.jpeg",540,340,true]},"author_info":{"display_name":"Redacci\u00f3n QP","author_link":"https:\/\/quehacerpolitico.mx\/?author=2"},"category_info":"<a href=\"https:\/\/quehacerpolitico.mx\/?cat=280\" rel=\"category\">Nacionales<\/a> <a href=\"https:\/\/quehacerpolitico.mx\/?cat=2\" rel=\"category\">Noticias<\/a>","tag_info":"Noticias","comment_count":"0","_links":{"self":[{"href":"https:\/\/quehacerpolitico.mx\/index.php?rest_route=\/wp\/v2\/posts\/116998","targetHints":{"allow":["GET"]}}],"collection":[{"href":"https:\/\/quehacerpolitico.mx\/index.php?rest_route=\/wp\/v2\/posts"}],"about":[{"href":"https:\/\/quehacerpolitico.mx\/index.php?rest_route=\/wp\/v2\/types\/post"}],"author":[{"embeddable":true,"href":"https:\/\/quehacerpolitico.mx\/index.php?rest_route=\/wp\/v2\/users\/2"}],"replies":[{"embeddable":true,"href":"https:\/\/quehacerpolitico.mx\/index.php?rest_route=%2Fwp%2Fv2%2Fcomments&post=116998"}],"version-history":[{"count":1,"href":"https:\/\/quehacerpolitico.mx\/index.php?rest_route=\/wp\/v2\/posts\/116998\/revisions"}],"predecessor-version":[{"id":117000,"href":"https:\/\/quehacerpolitico.mx\/index.php?rest_route=\/wp\/v2\/posts\/116998\/revisions\/117000"}],"wp:featuredmedia":[{"embeddable":true,"href":"https:\/\/quehacerpolitico.mx\/index.php?rest_route=\/wp\/v2\/media\/116999"}],"wp:attachment":[{"href":"https:\/\/quehacerpolitico.mx\/index.php?rest_route=%2Fwp%2Fv2%2Fmedia&parent=116998"}],"wp:term":[{"taxonomy":"category","embeddable":true,"href":"https:\/\/quehacerpolitico.mx\/index.php?rest_route=%2Fwp%2Fv2%2Fcategories&post=116998"},{"taxonomy":"post_tag","embeddable":true,"href":"https:\/\/quehacerpolitico.mx\/index.php?rest_route=%2Fwp%2Fv2%2Ftags&post=116998"}],"curies":[{"name":"wp","href":"https:\/\/api.w.org\/{rel}","templated":true}]}}