{"id":116989,"date":"2025-06-18T21:13:22","date_gmt":"2025-06-19T03:13:22","guid":{"rendered":"https:\/\/quehacerpolitico.mx\/?p=116989"},"modified":"2025-06-18T21:13:24","modified_gmt":"2025-06-19T03:13:24","slug":"el-huracan-erick-evoluciona-a-categoria-3-con-vientos-de-205-km-h-continuara-fortaleciendose-mientras-se-dirige-hacia-los-estados-de-oaxaca-y-guerrero","status":"publish","type":"post","link":"https:\/\/quehacerpolitico.mx\/?p=116989","title":{"rendered":"El hurac\u00e1n Erick evoluciona a categor\u00eda 3 con vientos de 205 km\/h Continuar\u00e1 fortaleci\u00e9ndose mientras se dirige hacia los estados de Oaxaca y Guerrero"},"content":{"rendered":"\n<p>Por Redacci\u00f3n QP<\/p>\n\n\n\n<p>De acuerdo con las autoridades, se prev\u00e9 que el cicl\u00f3n impacte en tierra entre las 4:00 y 6:00 de la ma\u00f1ana de este jueves<\/p>\n\n\n\n<p>La&nbsp;<strong>Secretar\u00eda de Marina<\/strong>&nbsp;(Semar) activ\u00f3 este mi\u00e9rcoles que activo su&nbsp;<strong>fase de auxilio&nbsp;<\/strong>en los estados de&nbsp;<strong>Oaxaca<\/strong>&nbsp;y&nbsp;<strong>Guerrero<\/strong>, as\u00ed como de&nbsp;<strong>prevenci\u00f3n<\/strong>&nbsp;en&nbsp;<strong>Veracruz<\/strong>, tras el paso del hurac\u00e1n &#8220;Erick&#8221; en el sur del pa\u00eds.<\/p>\n\n\n\n<figure class=\"wp-block-embed is-type-rich is-provider-twitter wp-block-embed-twitter\"><div class=\"wp-block-embed__wrapper\">\n<blockquote class=\"twitter-tweet\" data-width=\"550\" data-dnt=\"true\"><p lang=\"es\" dir=\"ltr\">Se suspenden vuelos a Puerto Escondido y Huatulco, Oaxaca, por el hurac\u00e1n <a href=\"https:\/\/twitter.com\/hashtag\/Erick?src=hash&amp;ref_src=twsrc%5Etfw\">#Erick<\/a> categor\u00eda 3. \u2708\ufe0f\ud83c\udf2a\ufe0f <a href=\"https:\/\/t.co\/ubc5pLp4yI\">pic.twitter.com\/ubc5pLp4yI<\/a><\/p>&mdash; Manuel Lopez San Martin (@MLopezSanMartin) <a href=\"https:\/\/twitter.com\/MLopezSanMartin\/status\/1935526261423546561?ref_src=twsrc%5Etfw\">June 19, 2025<\/a><\/blockquote><script async src=\"https:\/\/platform.twitter.com\/widgets.js\" charset=\"utf-8\"><\/script>\n<\/div><\/figure>\n\n\n\n<p>En redes sociales, la Semar indic\u00f3 que \u201c<strong>Erick<\/strong>\u201d ya aument\u00f3 a la&nbsp;<strong>categor\u00eda 3<\/strong>&nbsp;y se ubica a 88 kil\u00f3metros al Sur-Suroeste de Puerto \u00c1ngel, Oaxaca.<\/p>\n\n\n\n<p>De acuerdo con la&nbsp;<strong>Marina,<\/strong>&nbsp;se prev\u00e9 que el hurac\u00e1n impacte en tierra entre las 4:00 y 6:00 de la ma\u00f1ana de este jueves.<\/p>\n\n\n\n<figure class=\"wp-block-embed is-type-rich is-provider-twitter wp-block-embed-twitter\"><div class=\"wp-block-embed__wrapper\">\n<blockquote class=\"twitter-tweet\" data-width=\"550\" data-dnt=\"true\"><p lang=\"es\" dir=\"ltr\">\ud83d\udea8 El hurac\u00e1n <a href=\"https:\/\/twitter.com\/hashtag\/Erick?src=hash&amp;ref_src=twsrc%5Etfw\">#Erick<\/a> evoluciona a categor\u00eda 3 con vientos de 205 km\/h \ud83c\udf2a\ufe0f<br><br>Continuar\u00e1 fortaleci\u00e9ndose mientras se dirige hacia los estados de Oaxaca y Guerrero. \ud83c\udf0a<a href=\"https:\/\/t.co\/PL0xsXBeSd\">pic.twitter.com\/PL0xsXBeSd<\/a><\/p>&mdash; Manuel Lopez San Martin (@MLopezSanMartin) <a href=\"https:\/\/twitter.com\/MLopezSanMartin\/status\/1935492802265174427?ref_src=twsrc%5Etfw\">June 19, 2025<\/a><\/blockquote><script async src=\"https:\/\/platform.twitter.com\/widgets.js\" charset=\"utf-8\"><\/script>\n<\/div><\/figure>\n\n\n\n<p>Asimismo, advirti\u00f3 que el cicl\u00f3n ocasionar\u00e1 lluvias muy fuertes, que pueden provocar inundaciones, desbordamientos de r\u00edos, deslizamientos de laderas, oleajes elevados, adem\u00e1s de vientos intensos con riesgo de ca\u00edda de \u00e1rboles y anuncios.<\/p>\n\n\n\n<p>Por su parte, la Comisi\u00f3n Nacional del Agua (<strong>Conagua<\/strong>) precis\u00f3 que el hurac\u00e1n est\u00e1 en condiciones \u201coc\u00e9ano-atmosf\u00e9ricas favorables para su r\u00e1pida intensificaci\u00f3n\u201d, por lo que durante la madrugada del jueves puede impactar entre&nbsp;<strong>Puerto Escondido<\/strong>, Oaxaca y Punta Maldonado, Guerrero.<\/p>\n\n\n\n<figure class=\"wp-block-embed is-type-rich is-provider-twitter wp-block-embed-twitter\"><div class=\"wp-block-embed__wrapper\">\n<blockquote class=\"twitter-tweet\" data-width=\"550\" data-dnt=\"true\"><p lang=\"es\" dir=\"ltr\"><a href=\"https:\/\/twitter.com\/hashtag\/%C3%9AltimaHora?src=hash&amp;ref_src=twsrc%5Etfw\">#\u00daltimaHora<\/a><br>\u00a0<br>El <a href=\"https:\/\/twitter.com\/hashtag\/PlanMarina?src=hash&amp;ref_src=twsrc%5Etfw\">#PlanMarina<\/a> activa su Fase de Auxilio en los estados de <a href=\"https:\/\/twitter.com\/hashtag\/Oaxaca?src=hash&amp;ref_src=twsrc%5Etfw\">#Oaxaca<\/a> y <a href=\"https:\/\/twitter.com\/hashtag\/Guerrero?src=hash&amp;ref_src=twsrc%5Etfw\">#Guerrero<\/a>, as\u00ed como su Fase de Prevenci\u00f3n en el estado de <a href=\"https:\/\/twitter.com\/hashtag\/Veracruz?src=hash&amp;ref_src=twsrc%5Etfw\">#Veracruz<\/a>.<br>\u00a0<br>Actualmente, el <a href=\"https:\/\/twitter.com\/hashtag\/Hurac%C3%A1nErick?src=hash&amp;ref_src=twsrc%5Etfw\">#Hurac\u00e1nErick<\/a> categor\u00eda tres, se localiza a aproximadamente 47 millas n\u00e1uticas (88 kil\u00f3metros) al Sur-Suroeste\u2026 <a href=\"https:\/\/t.co\/lpHKzt9oVv\">pic.twitter.com\/lpHKzt9oVv<\/a><\/p>&mdash; SEMAR M\u00e9xico (@SEMAR_mx) <a href=\"https:\/\/twitter.com\/SEMAR_mx\/status\/1935495297079066909?ref_src=twsrc%5Etfw\">June 19, 2025<\/a><\/blockquote><script async src=\"https:\/\/platform.twitter.com\/widgets.js\" charset=\"utf-8\"><\/script>\n<\/div><\/figure>\n\n\n\n<p>\u201cNo se descarta que antes de ingresar alcance la&nbsp;<strong>categor\u00eda 4<\/strong>\u201d, advirti\u00f3 la&nbsp;<strong>Conagua<\/strong>.<\/p>\n\n\n\n<p>En tanto, la presidenta Claudia Sheinbaum llam\u00f3 en la tarde de&nbsp;este mi\u00e9rcoles a la poblaci\u00f3n a<strong>&nbsp;resguardarse<\/strong>y atender las indicaciones de<strong>Protecci\u00f3n Civil&nbsp;<\/strong>ante el inminente impacto del hurac\u00e1n &#8220;Erik&#8221;.<\/p>\n\n\n\n<p>A trav\u00e9s de sus redes sociales, Sheinbaum\u00a0pidi\u00f3 a quienes habiten en zonas bajas o cerca de r\u00edos acudir de inmediato a los refugios temporales habilitados.<\/p>\n\n\n\n<figure class=\"wp-block-embed is-type-rich is-provider-twitter wp-block-embed-twitter\"><div class=\"wp-block-embed__wrapper\">\n<blockquote class=\"twitter-tweet\" data-width=\"550\" data-dnt=\"true\"><p lang=\"es\" dir=\"ltr\">Aviso importante sobre el hurac\u00e1n Erick categor\u00eda 3, que avanza hacia las costas de Guerrero y Oaxaca. Manteng\u00e1monos informados. <a href=\"https:\/\/t.co\/QsvL8RegX0\">pic.twitter.com\/QsvL8RegX0<\/a><\/p>&mdash; Claudia Sheinbaum Pardo (@Claudiashein) <a href=\"https:\/\/twitter.com\/Claudiashein\/status\/1935528160369721817?ref_src=twsrc%5Etfw\">June 19, 2025<\/a><\/blockquote><script async src=\"https:\/\/platform.twitter.com\/widgets.js\" charset=\"utf-8\"><\/script>\n<\/div><\/figure>\n\n\n\n<p>Tambi\u00e9n anunci\u00f3 la suspensi\u00f3n de clases y alert\u00f3 que tanto el&nbsp;<strong>Plan DN-III-E&nbsp;<\/strong>como operativos de la<strong>&nbsp;Marina<\/strong>&nbsp;est\u00e1n activos en las zonas de riesgo ubicadas en el sur de M\u00e9xico.<\/p>\n\n\n\n<figure class=\"wp-block-embed is-type-rich is-provider-twitter wp-block-embed-twitter\"><div class=\"wp-block-embed__wrapper\">\n<blockquote class=\"twitter-tweet\" data-width=\"550\" data-dnt=\"true\"><p lang=\"es\" dir=\"ltr\"><a href=\"https:\/\/twitter.com\/hashtag\/AvisoMeteorol%C3%B3gico?src=hash&amp;ref_src=twsrc%5Etfw\">#AvisoMeteorol\u00f3gico<\/a> <a href=\"https:\/\/twitter.com\/hashtag\/Erick?src=hash&amp;ref_src=twsrc%5Etfw\">#Erick<\/a>, ahora <a href=\"https:\/\/twitter.com\/hashtag\/Hurac%C3%A1n?src=hash&amp;ref_src=twsrc%5Etfw\">#Hurac\u00e1n<\/a> categor\u00eda 3, se ubica frente a costas de <a href=\"https:\/\/twitter.com\/hashtag\/Guerrero?src=hash&amp;ref_src=twsrc%5Etfw\">#Guerrero<\/a> y <a href=\"https:\/\/twitter.com\/hashtag\/Oaxaca?src=hash&amp;ref_src=twsrc%5Etfw\">#Oaxaca<\/a>.<br><br>Todos los detalles en \u2b07\ufe0f<a href=\"https:\/\/t.co\/KORCQ8Tvuc\">https:\/\/t.co\/KORCQ8Tvuc<\/a> <a href=\"https:\/\/t.co\/ZLz9qgDhl0\">pic.twitter.com\/ZLz9qgDhl0<\/a><\/p>&mdash; CONAGUA Clima (@conagua_clima) <a href=\"https:\/\/twitter.com\/conagua_clima\/status\/1935505942705303985?ref_src=twsrc%5Etfw\">June 19, 2025<\/a><\/blockquote><script async src=\"https:\/\/platform.twitter.com\/widgets.js\" charset=\"utf-8\"><\/script>\n<\/div><\/figure>\n\n\n\n<p><em>Con informaci\u00f3n de EFE.<\/em><\/p>\n","protected":false},"excerpt":{"rendered":"<p>Por Redacci\u00f3n QP De acuerdo con las autoridades, se prev\u00e9 que el cicl\u00f3n impacte en&#8230;<\/p>\n","protected":false},"author":2,"featured_media":116990,"comment_status":"open","ping_status":"open","sticky":false,"template":"","format":"standard","meta":{"_monsterinsights_skip_tracking":false,"_monsterinsights_sitenote_active":false,"_monsterinsights_sitenote_note":"","_monsterinsights_sitenote_category":0,"footnotes":""},"categories":[280,2],"tags":[],"class_list":["post-116989","post","type-post","status-publish","format-standard","has-post-thumbnail","hentry","category-nacionales","category-noticias"],"yoast_head":"<!-- This site is optimized with the Yoast SEO plugin v27.3 - https:\/\/yoast.com\/product\/yoast-seo-wordpress\/ -->\n<title>El hurac\u00e1n Erick evoluciona a categor\u00eda 3 con vientos de 205 km\/h Continuar\u00e1 fortaleci\u00e9ndose mientras se dirige hacia los estados de Oaxaca y Guerrero -<\/title>\n<meta name=\"robots\" content=\"index, follow, max-snippet:-1, max-image-preview:large, max-video-preview:-1\" \/>\n<link rel=\"canonical\" href=\"https:\/\/quehacerpolitico.mx\/?p=116989\" \/>\n<meta property=\"og:locale\" content=\"es_MX\" \/>\n<meta property=\"og:type\" content=\"article\" \/>\n<meta property=\"og:title\" content=\"El hurac\u00e1n Erick evoluciona a categor\u00eda 3 con vientos de 205 km\/h Continuar\u00e1 fortaleci\u00e9ndose mientras se dirige hacia los estados de Oaxaca y Guerrero -\" \/>\n<meta property=\"og:description\" content=\"Por Redacci\u00f3n QP De acuerdo con las autoridades, se prev\u00e9 que el cicl\u00f3n impacte en...\" \/>\n<meta property=\"og:url\" content=\"https:\/\/quehacerpolitico.mx\/?p=116989\" \/>\n<meta property=\"article:published_time\" content=\"2025-06-19T03:13:22+00:00\" \/>\n<meta property=\"article:modified_time\" content=\"2025-06-19T03:13:24+00:00\" \/>\n<meta property=\"og:image\" content=\"https:\/\/quehacerpolitico.mx\/wp-content\/uploads\/2025\/06\/IMG_0901.jpeg\" \/>\n\t<meta property=\"og:image:width\" content=\"1920\" \/>\n\t<meta property=\"og:image:height\" content=\"1080\" \/>\n\t<meta property=\"og:image:type\" content=\"image\/jpeg\" \/>\n<meta name=\"author\" content=\"Redacci\u00f3n QP\" \/>\n<meta name=\"twitter:card\" content=\"summary_large_image\" \/>\n<meta name=\"twitter:label1\" content=\"Escrito por\" \/>\n\t<meta name=\"twitter:data1\" content=\"Redacci\u00f3n QP\" \/>\n\t<meta name=\"twitter:label2\" content=\"Tiempo de lectura\" \/>\n\t<meta name=\"twitter:data2\" content=\"2 minutos\" \/>\n<script type=\"application\/ld+json\" class=\"yoast-schema-graph\">{\"@context\":\"https:\\\/\\\/schema.org\",\"@graph\":[{\"@type\":\"Article\",\"@id\":\"https:\\\/\\\/quehacerpolitico.mx\\\/?p=116989#article\",\"isPartOf\":{\"@id\":\"https:\\\/\\\/quehacerpolitico.mx\\\/?p=116989\"},\"author\":{\"name\":\"Redacci\u00f3n QP\",\"@id\":\"https:\\\/\\\/quehacerpolitico.mx\\\/#\\\/schema\\\/person\\\/496d8ad2d1d3f8036101dca7ee39e585\"},\"headline\":\"El hurac\u00e1n Erick evoluciona a categor\u00eda 3 con vientos de 205 km\\\/h Continuar\u00e1 fortaleci\u00e9ndose mientras se dirige hacia los estados de Oaxaca y Guerrero\",\"datePublished\":\"2025-06-19T03:13:22+00:00\",\"dateModified\":\"2025-06-19T03:13:24+00:00\",\"mainEntityOfPage\":{\"@id\":\"https:\\\/\\\/quehacerpolitico.mx\\\/?p=116989\"},\"wordCount\":402,\"commentCount\":0,\"image\":{\"@id\":\"https:\\\/\\\/quehacerpolitico.mx\\\/?p=116989#primaryimage\"},\"thumbnailUrl\":\"https:\\\/\\\/quehacerpolitico.mx\\\/wp-content\\\/uploads\\\/2025\\\/06\\\/IMG_0901.jpeg\",\"articleSection\":[\"Nacionales\",\"Noticias\"],\"inLanguage\":\"es\",\"potentialAction\":[{\"@type\":\"CommentAction\",\"name\":\"Comment\",\"target\":[\"https:\\\/\\\/quehacerpolitico.mx\\\/?p=116989#respond\"]}]},{\"@type\":\"WebPage\",\"@id\":\"https:\\\/\\\/quehacerpolitico.mx\\\/?p=116989\",\"url\":\"https:\\\/\\\/quehacerpolitico.mx\\\/?p=116989\",\"name\":\"El hurac\u00e1n Erick evoluciona a categor\u00eda 3 con vientos de 205 km\\\/h Continuar\u00e1 fortaleci\u00e9ndose mientras se dirige hacia los estados de Oaxaca y Guerrero -\",\"isPartOf\":{\"@id\":\"https:\\\/\\\/quehacerpolitico.mx\\\/#website\"},\"primaryImageOfPage\":{\"@id\":\"https:\\\/\\\/quehacerpolitico.mx\\\/?p=116989#primaryimage\"},\"image\":{\"@id\":\"https:\\\/\\\/quehacerpolitico.mx\\\/?p=116989#primaryimage\"},\"thumbnailUrl\":\"https:\\\/\\\/quehacerpolitico.mx\\\/wp-content\\\/uploads\\\/2025\\\/06\\\/IMG_0901.jpeg\",\"datePublished\":\"2025-06-19T03:13:22+00:00\",\"dateModified\":\"2025-06-19T03:13:24+00:00\",\"author\":{\"@id\":\"https:\\\/\\\/quehacerpolitico.mx\\\/#\\\/schema\\\/person\\\/496d8ad2d1d3f8036101dca7ee39e585\"},\"breadcrumb\":{\"@id\":\"https:\\\/\\\/quehacerpolitico.mx\\\/?p=116989#breadcrumb\"},\"inLanguage\":\"es\",\"potentialAction\":[{\"@type\":\"ReadAction\",\"target\":[\"https:\\\/\\\/quehacerpolitico.mx\\\/?p=116989\"]}]},{\"@type\":\"ImageObject\",\"inLanguage\":\"es\",\"@id\":\"https:\\\/\\\/quehacerpolitico.mx\\\/?p=116989#primaryimage\",\"url\":\"https:\\\/\\\/quehacerpolitico.mx\\\/wp-content\\\/uploads\\\/2025\\\/06\\\/IMG_0901.jpeg\",\"contentUrl\":\"https:\\\/\\\/quehacerpolitico.mx\\\/wp-content\\\/uploads\\\/2025\\\/06\\\/IMG_0901.jpeg\",\"width\":1920,\"height\":1080},{\"@type\":\"BreadcrumbList\",\"@id\":\"https:\\\/\\\/quehacerpolitico.mx\\\/?p=116989#breadcrumb\",\"itemListElement\":[{\"@type\":\"ListItem\",\"position\":1,\"name\":\"Inicio\",\"item\":\"https:\\\/\\\/quehacerpolitico.mx\\\/\"},{\"@type\":\"ListItem\",\"position\":2,\"name\":\"El hurac\u00e1n Erick evoluciona a categor\u00eda 3 con vientos de 205 km\\\/h Continuar\u00e1 fortaleci\u00e9ndose mientras se dirige hacia los estados de Oaxaca y Guerrero\"}]},{\"@type\":\"WebSite\",\"@id\":\"https:\\\/\\\/quehacerpolitico.mx\\\/#website\",\"url\":\"https:\\\/\\\/quehacerpolitico.mx\\\/\",\"name\":\"\",\"description\":\"\",\"potentialAction\":[{\"@type\":\"SearchAction\",\"target\":{\"@type\":\"EntryPoint\",\"urlTemplate\":\"https:\\\/\\\/quehacerpolitico.mx\\\/?s={search_term_string}\"},\"query-input\":{\"@type\":\"PropertyValueSpecification\",\"valueRequired\":true,\"valueName\":\"search_term_string\"}}],\"inLanguage\":\"es\"},{\"@type\":\"Person\",\"@id\":\"https:\\\/\\\/quehacerpolitico.mx\\\/#\\\/schema\\\/person\\\/496d8ad2d1d3f8036101dca7ee39e585\",\"name\":\"Redacci\u00f3n QP\",\"image\":{\"@type\":\"ImageObject\",\"inLanguage\":\"es\",\"@id\":\"https:\\\/\\\/secure.gravatar.com\\\/avatar\\\/c7164ed6fdec453195284ad24a5ae5b6e1eed2b848477fa2a4787ba9adf39a41?s=96&d=mm&r=g\",\"url\":\"https:\\\/\\\/secure.gravatar.com\\\/avatar\\\/c7164ed6fdec453195284ad24a5ae5b6e1eed2b848477fa2a4787ba9adf39a41?s=96&d=mm&r=g\",\"contentUrl\":\"https:\\\/\\\/secure.gravatar.com\\\/avatar\\\/c7164ed6fdec453195284ad24a5ae5b6e1eed2b848477fa2a4787ba9adf39a41?s=96&d=mm&r=g\",\"caption\":\"Redacci\u00f3n QP\"},\"url\":\"https:\\\/\\\/quehacerpolitico.mx\\\/?author=2\"}]}<\/script>\n<!-- \/ Yoast SEO plugin. -->","yoast_head_json":{"title":"El hurac\u00e1n Erick evoluciona a categor\u00eda 3 con vientos de 205 km\/h Continuar\u00e1 fortaleci\u00e9ndose mientras se dirige hacia los estados de Oaxaca y Guerrero -","robots":{"index":"index","follow":"follow","max-snippet":"max-snippet:-1","max-image-preview":"max-image-preview:large","max-video-preview":"max-video-preview:-1"},"canonical":"https:\/\/quehacerpolitico.mx\/?p=116989","og_locale":"es_MX","og_type":"article","og_title":"El hurac\u00e1n Erick evoluciona a categor\u00eda 3 con vientos de 205 km\/h Continuar\u00e1 fortaleci\u00e9ndose mientras se dirige hacia los estados de Oaxaca y Guerrero -","og_description":"Por Redacci\u00f3n QP De acuerdo con las autoridades, se prev\u00e9 que el cicl\u00f3n impacte en...","og_url":"https:\/\/quehacerpolitico.mx\/?p=116989","article_published_time":"2025-06-19T03:13:22+00:00","article_modified_time":"2025-06-19T03:13:24+00:00","og_image":[{"width":1920,"height":1080,"url":"https:\/\/quehacerpolitico.mx\/wp-content\/uploads\/2025\/06\/IMG_0901.jpeg","type":"image\/jpeg"}],"author":"Redacci\u00f3n QP","twitter_card":"summary_large_image","twitter_misc":{"Escrito por":"Redacci\u00f3n QP","Tiempo de lectura":"2 minutos"},"schema":{"@context":"https:\/\/schema.org","@graph":[{"@type":"Article","@id":"https:\/\/quehacerpolitico.mx\/?p=116989#article","isPartOf":{"@id":"https:\/\/quehacerpolitico.mx\/?p=116989"},"author":{"name":"Redacci\u00f3n QP","@id":"https:\/\/quehacerpolitico.mx\/#\/schema\/person\/496d8ad2d1d3f8036101dca7ee39e585"},"headline":"El hurac\u00e1n Erick evoluciona a categor\u00eda 3 con vientos de 205 km\/h Continuar\u00e1 fortaleci\u00e9ndose mientras se dirige hacia los estados de Oaxaca y Guerrero","datePublished":"2025-06-19T03:13:22+00:00","dateModified":"2025-06-19T03:13:24+00:00","mainEntityOfPage":{"@id":"https:\/\/quehacerpolitico.mx\/?p=116989"},"wordCount":402,"commentCount":0,"image":{"@id":"https:\/\/quehacerpolitico.mx\/?p=116989#primaryimage"},"thumbnailUrl":"https:\/\/quehacerpolitico.mx\/wp-content\/uploads\/2025\/06\/IMG_0901.jpeg","articleSection":["Nacionales","Noticias"],"inLanguage":"es","potentialAction":[{"@type":"CommentAction","name":"Comment","target":["https:\/\/quehacerpolitico.mx\/?p=116989#respond"]}]},{"@type":"WebPage","@id":"https:\/\/quehacerpolitico.mx\/?p=116989","url":"https:\/\/quehacerpolitico.mx\/?p=116989","name":"El hurac\u00e1n Erick evoluciona a categor\u00eda 3 con vientos de 205 km\/h Continuar\u00e1 fortaleci\u00e9ndose mientras se dirige hacia los estados de Oaxaca y Guerrero -","isPartOf":{"@id":"https:\/\/quehacerpolitico.mx\/#website"},"primaryImageOfPage":{"@id":"https:\/\/quehacerpolitico.mx\/?p=116989#primaryimage"},"image":{"@id":"https:\/\/quehacerpolitico.mx\/?p=116989#primaryimage"},"thumbnailUrl":"https:\/\/quehacerpolitico.mx\/wp-content\/uploads\/2025\/06\/IMG_0901.jpeg","datePublished":"2025-06-19T03:13:22+00:00","dateModified":"2025-06-19T03:13:24+00:00","author":{"@id":"https:\/\/quehacerpolitico.mx\/#\/schema\/person\/496d8ad2d1d3f8036101dca7ee39e585"},"breadcrumb":{"@id":"https:\/\/quehacerpolitico.mx\/?p=116989#breadcrumb"},"inLanguage":"es","potentialAction":[{"@type":"ReadAction","target":["https:\/\/quehacerpolitico.mx\/?p=116989"]}]},{"@type":"ImageObject","inLanguage":"es","@id":"https:\/\/quehacerpolitico.mx\/?p=116989#primaryimage","url":"https:\/\/quehacerpolitico.mx\/wp-content\/uploads\/2025\/06\/IMG_0901.jpeg","contentUrl":"https:\/\/quehacerpolitico.mx\/wp-content\/uploads\/2025\/06\/IMG_0901.jpeg","width":1920,"height":1080},{"@type":"BreadcrumbList","@id":"https:\/\/quehacerpolitico.mx\/?p=116989#breadcrumb","itemListElement":[{"@type":"ListItem","position":1,"name":"Inicio","item":"https:\/\/quehacerpolitico.mx\/"},{"@type":"ListItem","position":2,"name":"El hurac\u00e1n Erick evoluciona a categor\u00eda 3 con vientos de 205 km\/h Continuar\u00e1 fortaleci\u00e9ndose mientras se dirige hacia los estados de Oaxaca y Guerrero"}]},{"@type":"WebSite","@id":"https:\/\/quehacerpolitico.mx\/#website","url":"https:\/\/quehacerpolitico.mx\/","name":"","description":"","potentialAction":[{"@type":"SearchAction","target":{"@type":"EntryPoint","urlTemplate":"https:\/\/quehacerpolitico.mx\/?s={search_term_string}"},"query-input":{"@type":"PropertyValueSpecification","valueRequired":true,"valueName":"search_term_string"}}],"inLanguage":"es"},{"@type":"Person","@id":"https:\/\/quehacerpolitico.mx\/#\/schema\/person\/496d8ad2d1d3f8036101dca7ee39e585","name":"Redacci\u00f3n QP","image":{"@type":"ImageObject","inLanguage":"es","@id":"https:\/\/secure.gravatar.com\/avatar\/c7164ed6fdec453195284ad24a5ae5b6e1eed2b848477fa2a4787ba9adf39a41?s=96&d=mm&r=g","url":"https:\/\/secure.gravatar.com\/avatar\/c7164ed6fdec453195284ad24a5ae5b6e1eed2b848477fa2a4787ba9adf39a41?s=96&d=mm&r=g","contentUrl":"https:\/\/secure.gravatar.com\/avatar\/c7164ed6fdec453195284ad24a5ae5b6e1eed2b848477fa2a4787ba9adf39a41?s=96&d=mm&r=g","caption":"Redacci\u00f3n QP"},"url":"https:\/\/quehacerpolitico.mx\/?author=2"}]}},"featured_image_urls":{"full":["https:\/\/quehacerpolitico.mx\/wp-content\/uploads\/2025\/06\/IMG_0901.jpeg",1920,1080,false],"thumbnail":["https:\/\/quehacerpolitico.mx\/wp-content\/uploads\/2025\/06\/IMG_0901-150x150.jpeg",150,150,true],"medium":["https:\/\/quehacerpolitico.mx\/wp-content\/uploads\/2025\/06\/IMG_0901-300x169.jpeg",300,169,true],"medium_large":["https:\/\/quehacerpolitico.mx\/wp-content\/uploads\/2025\/06\/IMG_0901-768x432.jpeg",640,360,true],"large":["https:\/\/quehacerpolitico.mx\/wp-content\/uploads\/2025\/06\/IMG_0901-1024x576.jpeg",640,360,true],"1536x1536":["https:\/\/quehacerpolitico.mx\/wp-content\/uploads\/2025\/06\/IMG_0901-1536x864.jpeg",1536,864,true],"2048x2048":["https:\/\/quehacerpolitico.mx\/wp-content\/uploads\/2025\/06\/IMG_0901.jpeg",1920,1080,false],"covernews-featured":["https:\/\/quehacerpolitico.mx\/wp-content\/uploads\/2025\/06\/IMG_0901-1024x576.jpeg",1024,576,true],"covernews-medium":["https:\/\/quehacerpolitico.mx\/wp-content\/uploads\/2025\/06\/IMG_0901-540x340.jpeg",540,340,true]},"author_info":{"display_name":"Redacci\u00f3n QP","author_link":"https:\/\/quehacerpolitico.mx\/?author=2"},"category_info":"<a href=\"https:\/\/quehacerpolitico.mx\/?cat=280\" rel=\"category\">Nacionales<\/a> <a href=\"https:\/\/quehacerpolitico.mx\/?cat=2\" rel=\"category\">Noticias<\/a>","tag_info":"Noticias","comment_count":"0","_links":{"self":[{"href":"https:\/\/quehacerpolitico.mx\/index.php?rest_route=\/wp\/v2\/posts\/116989","targetHints":{"allow":["GET"]}}],"collection":[{"href":"https:\/\/quehacerpolitico.mx\/index.php?rest_route=\/wp\/v2\/posts"}],"about":[{"href":"https:\/\/quehacerpolitico.mx\/index.php?rest_route=\/wp\/v2\/types\/post"}],"author":[{"embeddable":true,"href":"https:\/\/quehacerpolitico.mx\/index.php?rest_route=\/wp\/v2\/users\/2"}],"replies":[{"embeddable":true,"href":"https:\/\/quehacerpolitico.mx\/index.php?rest_route=%2Fwp%2Fv2%2Fcomments&post=116989"}],"version-history":[{"count":1,"href":"https:\/\/quehacerpolitico.mx\/index.php?rest_route=\/wp\/v2\/posts\/116989\/revisions"}],"predecessor-version":[{"id":116991,"href":"https:\/\/quehacerpolitico.mx\/index.php?rest_route=\/wp\/v2\/posts\/116989\/revisions\/116991"}],"wp:featuredmedia":[{"embeddable":true,"href":"https:\/\/quehacerpolitico.mx\/index.php?rest_route=\/wp\/v2\/media\/116990"}],"wp:attachment":[{"href":"https:\/\/quehacerpolitico.mx\/index.php?rest_route=%2Fwp%2Fv2%2Fmedia&parent=116989"}],"wp:term":[{"taxonomy":"category","embeddable":true,"href":"https:\/\/quehacerpolitico.mx\/index.php?rest_route=%2Fwp%2Fv2%2Fcategories&post=116989"},{"taxonomy":"post_tag","embeddable":true,"href":"https:\/\/quehacerpolitico.mx\/index.php?rest_route=%2Fwp%2Fv2%2Ftags&post=116989"}],"curies":[{"name":"wp","href":"https:\/\/api.w.org\/{rel}","templated":true}]}}