{"id":116982,"date":"2025-06-18T19:25:28","date_gmt":"2025-06-19T01:25:28","guid":{"rendered":"https:\/\/quehacerpolitico.mx\/?p=116982"},"modified":"2025-06-18T19:25:31","modified_gmt":"2025-06-19T01:25:31","slug":"reforma-para-combatir-lavado-de-dinero-avanza-en-el-senado","status":"publish","type":"post","link":"https:\/\/quehacerpolitico.mx\/?p=116982","title":{"rendered":"Reforma para combatir lavado de dinero avanza en el Senado"},"content":{"rendered":"\n<p>Por Redacci\u00f3n QP<\/p>\n\n\n\n<p>Se aprob\u00f3 el dictamen que reforma la Ley Federal para la Prevenci\u00f3n e Identificaci\u00f3n de Operaciones con Recursos de Procedencia Il\u00edcita y al C\u00f3digo Penal Federal<\/p>\n\n\n\n<p>Las comisiones unidas de&nbsp;<strong>Justicia y de Estudios Legislativos del Senado<\/strong>&nbsp;<mark>aprobaron el dictamen que reforma la Ley Federal para la Prevenci\u00f3n e Identificaci\u00f3n de Operaciones con Recursos de Procedencia Il\u00edcita y al C\u00f3digo Penal Federal<\/mark>, a fin de fortalecer las capacidades del Estado en el combate al lavado de dinero y el financiamiento al terrorismo.<\/p>\n\n\n\n<p>La iniciativa incorpora reglas espec\u00edficas y sistemas automatizados para el monitoreo de<strong> Personas Pol\u00edticamente Expuestas (PEP)<\/strong>como secretarios de Estado, jueces, legisladores y dem\u00e1s servidores p\u00fablicos de los tres niveles de gobierno y los&nbsp;<mark>tres Poderes de la Uni\u00f3n.<\/mark><\/p>\n\n\n\n<figure class=\"wp-block-embed is-type-rich is-provider-twitter wp-block-embed-twitter\"><div class=\"wp-block-embed__wrapper\">\n<blockquote class=\"twitter-tweet\" data-width=\"550\" data-dnt=\"true\"><p lang=\"es\" dir=\"ltr\">El oficialismo en el <a href=\"https:\/\/twitter.com\/senadomexicano?ref_src=twsrc%5Etfw\">@senadomexicano<\/a> explic\u00f3 que van por la reforma al lavado de dinero para que el crimen organizado deje de tener en el sistema financiero mexicano un espacio para ocultarse; hasta dijeron que ya no habr\u00e1 dinero sucio en campa\u00f1as.<br><br>As\u00ed Lizeth S\u00e1nchez, <a href=\"https:\/\/twitter.com\/FdzWaldo?ref_src=twsrc%5Etfw\">@FdzWaldo<\/a>\u2026 <a href=\"https:\/\/t.co\/So7LeINHOv\">pic.twitter.com\/So7LeINHOv<\/a><\/p>&mdash; Leti RoblesdelaRosa (@letroblesrosa) <a href=\"https:\/\/twitter.com\/letroblesrosa\/status\/1935421353265610893?ref_src=twsrc%5Etfw\">June 18, 2025<\/a><\/blockquote><script async src=\"https:\/\/platform.twitter.com\/widgets.js\" charset=\"utf-8\"><\/script>\n<\/div><\/figure>\n\n\n\n<p>El documento destaca que el&nbsp;<strong>prop\u00f3sito fundamental<\/strong>&nbsp;es&nbsp;<mark>garantizar la estabilidad del sistema financiero, cumplir con est\u00e1ndares internacionales y proteger la integridad de la econom\u00eda nacional.<\/mark><\/p>\n\n\n\n<p><strong>La Secretar\u00eda de Hacienda (SHCP)<\/strong>&nbsp;<mark>ser\u00e1 responsable<\/mark>&nbsp;de elaborar y mantener actualizado un listado nominativo de las personas servidoras p\u00fablicas clasificadas como&nbsp;<strong>PEP<\/strong>&nbsp;y las dependencias federales, locales y municipales, as\u00ed como \u00f3rganos aut\u00f3nomos, empresas p\u00fablicas y fiscal\u00edas deber\u00e1n remitir sus listados a la&nbsp;<strong>SHCP.<\/strong><\/p>\n\n\n\n<p>Adem\u00e1s, se impone la&nbsp;<strong>obligaci\u00f3n&nbsp;<\/strong>de monitorear intensivamente a las&nbsp;<strong>PEP<\/strong>&nbsp;en actividades financieras consideradas de riesgo y de contar con&nbsp;<mark>manuales internos para detectar operaciones sospechosas en las llamadas &#8220;actividades vulnerables&#8221;<\/mark>, que incluyen casinos, joyer\u00edas, bienes ra\u00edces, venta de autos, obras de arte, pr\u00e9stamos y donativos, entre otras.<\/p>\n\n\n\n<p>Los senadores de oposici\u00f3n alertaron sobre&nbsp;<mark>riesgos de vigilancia excesiva, uso faccioso y violaci\u00f3n de derechos con nuevas atribuciones<\/mark>&nbsp;a la&nbsp;<strong>Secretar\u00eda de Hacienda y a la Unidad de Inteligencia Financiera (UIF).<\/strong><\/p>\n\n\n\n<figure class=\"wp-block-embed is-type-rich is-provider-twitter wp-block-embed-twitter\"><div class=\"wp-block-embed__wrapper\">\n<blockquote class=\"twitter-tweet\" data-width=\"550\" data-dnt=\"true\"><p lang=\"es\" dir=\"ltr\">La UIF de la <a href=\"https:\/\/twitter.com\/Hacienda_Mexico?ref_src=twsrc%5Etfw\">@Hacienda_Mexico<\/a> se convirti\u00f3 en una \u201ccomisar\u00eda estalinista\u201d, dijo la priista <a href=\"https:\/\/twitter.com\/caroviggiano?ref_src=twsrc%5Etfw\">@caroviggiano<\/a> durante la discusi\u00f3n de la reforma a la llamada Ley Antilavado , al resaltar el riesgo de darle m\u00e1s poder a la instituci\u00f3n que persigue a cr\u00edticos del oficialismo. <a href=\"https:\/\/t.co\/b6Se3T1Wvm\">pic.twitter.com\/b6Se3T1Wvm<\/a><\/p>&mdash; Leti RoblesdelaRosa (@letroblesrosa) <a href=\"https:\/\/twitter.com\/letroblesrosa\/status\/1935427739806556329?ref_src=twsrc%5Etfw\">June 18, 2025<\/a><\/blockquote><script async src=\"https:\/\/platform.twitter.com\/widgets.js\" charset=\"utf-8\"><\/script>\n<\/div><\/figure>\n\n\n\n<p><strong>Manuel A\u00f1orve<\/strong>, coordinador del<strong>&nbsp;PRI<\/strong>,&nbsp;<mark>denunci\u00f3 que la reforma da herramientas al gobierno para &#8220;congelar cuentas por simple sospecha&#8221;&nbsp;<\/mark>y advirti\u00f3 un uso faccioso para perseguir a opositores, sindicatos, iglesias, partidos pol\u00edticos y organizaciones civiles sin necesidad de juicio previo.<\/p>\n\n\n\n<figure class=\"wp-block-embed is-type-rich is-provider-twitter wp-block-embed-twitter\"><div class=\"wp-block-embed__wrapper\">\n<blockquote class=\"twitter-tweet\" data-width=\"550\" data-dnt=\"true\"><p lang=\"es\" dir=\"ltr\">\ud83d\udd34 Conferencia de prensa del senador <a href=\"https:\/\/twitter.com\/manuelanorve?ref_src=twsrc%5Etfw\">@manuelanorve<\/a>, de <a href=\"https:\/\/twitter.com\/SenadoPRI?ref_src=twsrc%5Etfw\">@SenadoPRI<\/a>. <a href=\"https:\/\/t.co\/4nG7jB18hJ\">https:\/\/t.co\/4nG7jB18hJ<\/a><\/p>&mdash; Senado de M\u00e9xico (@senadomexicano) <a href=\"https:\/\/twitter.com\/senadomexicano\/status\/1935393096511938601?ref_src=twsrc%5Etfw\">June 18, 2025<\/a><\/blockquote><script async src=\"https:\/\/platform.twitter.com\/widgets.js\" charset=\"utf-8\"><\/script>\n<\/div><\/figure>\n\n\n\n<p>&#8220;Esta reforma tiene una orientaci\u00f3n pol\u00edtica de control pr\u00e1cticamente absoluto. (\u2026) Y entonces esto se convierte como en Venezuela, para poner un ejemplo, en una vigilancia pol\u00edtica, en una justicia financiera a modo del gobierno, o sea, es una persecuci\u00f3n disfrazada&#8221;, alert\u00f3.<\/p>\n\n\n\n<p><strong>Guadalupe Murgu\u00eda<\/strong>, senadora del&nbsp;<strong>PAN<\/strong>, alert\u00f3 sobre el riesgo de ambig\u00fcedad en la definici\u00f3n de&nbsp;<strong>PEP<\/strong>&nbsp;y&nbsp;<mark>cuestion\u00f3 que sea la Secretar\u00eda de Hacienda la encargada de interpretar e implementar las disposiciones, lo que consider\u00f3 &#8220;jur\u00eddicamente inconveniente&#8221;.<\/mark><\/p>\n\n\n\n<figure class=\"wp-block-embed is-type-rich is-provider-twitter wp-block-embed-twitter\"><div class=\"wp-block-embed__wrapper\">\n<blockquote class=\"twitter-tweet\" data-width=\"550\" data-dnt=\"true\"><p lang=\"es\" dir=\"ltr\">La oposici\u00f3n en el <a href=\"https:\/\/twitter.com\/senadomexicano?ref_src=twsrc%5Etfw\">@senadomexicano<\/a> alert\u00f3 de riesgos para los ciudadanos con las nuevas disposiciones en materia de lavado de dinero; hay violaci\u00f3n a derechos humanos, al debido proceso y a la protecci\u00f3n de datos personales, al no existir respaldo judicial para monitorear hasta\u2026 <a href=\"https:\/\/t.co\/DP9I0OPUn9\">pic.twitter.com\/DP9I0OPUn9<\/a><\/p>&mdash; Leti RoblesdelaRosa (@letroblesrosa) <a href=\"https:\/\/twitter.com\/letroblesrosa\/status\/1935419939088691659?ref_src=twsrc%5Etfw\">June 18, 2025<\/a><\/blockquote><script async src=\"https:\/\/platform.twitter.com\/widgets.js\" charset=\"utf-8\"><\/script>\n<\/div><\/figure>\n\n\n\n<p>A\u00f1adi\u00f3 que empresarios han manifestado preocupaci\u00f3n por la carga administrativa impuesta a quienes realicen actividades comerciales que excedan ciertos umbrales de operaci\u00f3n.<\/p>\n\n\n\n<p>&#8220;Queremos alertar, advertir, de posibles excesos que pudieran cometerse en relaci\u00f3n con los derechos personales, la vida privada, la propiedad, el secreto bancario y el principio de presunci\u00f3n de inocencia&#8221;, indic\u00f3.<\/p>\n\n\n\n<p>La vicecoordinadora de&nbsp;<strong>Movimiento Ciudadano, Alejandra Barrales<\/strong>,&nbsp;<mark>expres\u00f3 preocupaci\u00f3n por el acceso sin restricciones a datos personales y financieros de los mexicanos.<\/mark><br>&#8220;Esto nos parece sumamente grave, porque se trata de darle acceso absoluto a la Secretar\u00eda (de Hacienda) sin limitaci\u00f3n alguna, sin intervenci\u00f3n judicial previa, ni mucho menos&#8221;.<\/p>\n\n\n\n<p>Sin embargo,&nbsp;<strong>Javier Corral<\/strong>, de&nbsp;<strong>Morena<\/strong>, presidente de la&nbsp;<strong>Comisi\u00f3n de Justicia<\/strong>, aclar\u00f3 que&nbsp;<mark>esta reforma \u00fanicamente tiene el car\u00e1cter preventivo-administrativo<\/mark>, por lo que desminti\u00f3 que incluya el congelamiento de cuentas u otras medidas de \u00edndole judicial.<\/p>\n\n\n\n<figure class=\"wp-block-embed is-type-rich is-provider-twitter wp-block-embed-twitter\"><div class=\"wp-block-embed__wrapper\">\n<blockquote class=\"twitter-tweet\" data-width=\"550\" data-dnt=\"true\"><p lang=\"pt\" dir=\"ltr\">\ud83d\udd34 Conferencia de prensa de <a href=\"https:\/\/twitter.com\/MorenaSenadores?ref_src=twsrc%5Etfw\">@MorenaSenadores<\/a>.  <a href=\"https:\/\/t.co\/6gA2ZmtucO\">https:\/\/t.co\/6gA2ZmtucO<\/a><\/p>&mdash; Senado de M\u00e9xico (@senadomexicano) <a href=\"https:\/\/twitter.com\/senadomexicano\/status\/1935421383040975111?ref_src=twsrc%5Etfw\">June 18, 2025<\/a><\/blockquote><script async src=\"https:\/\/platform.twitter.com\/widgets.js\" charset=\"utf-8\"><\/script>\n<\/div><\/figure>\n\n\n\n<p>Con informaci\u00f3n de SUN<\/p>\n","protected":false},"excerpt":{"rendered":"<p>Por Redacci\u00f3n QP Se aprob\u00f3 el dictamen que reforma la Ley Federal para la Prevenci\u00f3n&#8230;<\/p>\n","protected":false},"author":2,"featured_media":116983,"comment_status":"open","ping_status":"open","sticky":false,"template":"","format":"standard","meta":{"_monsterinsights_skip_tracking":false,"_monsterinsights_sitenote_active":false,"_monsterinsights_sitenote_note":"","_monsterinsights_sitenote_category":0,"footnotes":""},"categories":[280,2],"tags":[],"class_list":["post-116982","post","type-post","status-publish","format-standard","has-post-thumbnail","hentry","category-nacionales","category-noticias"],"yoast_head":"<!-- This site is optimized with the Yoast SEO plugin v27.3 - https:\/\/yoast.com\/product\/yoast-seo-wordpress\/ -->\n<title>Reforma para combatir lavado de dinero avanza en el Senado -<\/title>\n<meta name=\"robots\" content=\"index, follow, max-snippet:-1, max-image-preview:large, max-video-preview:-1\" \/>\n<link rel=\"canonical\" href=\"https:\/\/quehacerpolitico.mx\/?p=116982\" \/>\n<meta property=\"og:locale\" content=\"es_MX\" \/>\n<meta property=\"og:type\" content=\"article\" \/>\n<meta property=\"og:title\" content=\"Reforma para combatir lavado de dinero avanza en el Senado -\" \/>\n<meta property=\"og:description\" content=\"Por Redacci\u00f3n QP Se aprob\u00f3 el dictamen que reforma la Ley Federal para la Prevenci\u00f3n...\" \/>\n<meta property=\"og:url\" content=\"https:\/\/quehacerpolitico.mx\/?p=116982\" \/>\n<meta property=\"article:published_time\" content=\"2025-06-19T01:25:28+00:00\" \/>\n<meta property=\"article:modified_time\" content=\"2025-06-19T01:25:31+00:00\" \/>\n<meta property=\"og:image\" content=\"https:\/\/quehacerpolitico.mx\/wp-content\/uploads\/2025\/06\/IMG_0892.jpeg\" \/>\n\t<meta property=\"og:image:width\" content=\"730\" \/>\n\t<meta property=\"og:image:height\" content=\"420\" \/>\n\t<meta property=\"og:image:type\" content=\"image\/jpeg\" \/>\n<meta name=\"author\" content=\"Redacci\u00f3n QP\" \/>\n<meta name=\"twitter:card\" content=\"summary_large_image\" \/>\n<meta name=\"twitter:label1\" content=\"Escrito por\" \/>\n\t<meta name=\"twitter:data1\" content=\"Redacci\u00f3n QP\" \/>\n\t<meta name=\"twitter:label2\" content=\"Tiempo de lectura\" \/>\n\t<meta name=\"twitter:data2\" content=\"3 minutos\" \/>\n<script type=\"application\/ld+json\" class=\"yoast-schema-graph\">{\"@context\":\"https:\\\/\\\/schema.org\",\"@graph\":[{\"@type\":\"Article\",\"@id\":\"https:\\\/\\\/quehacerpolitico.mx\\\/?p=116982#article\",\"isPartOf\":{\"@id\":\"https:\\\/\\\/quehacerpolitico.mx\\\/?p=116982\"},\"author\":{\"name\":\"Redacci\u00f3n QP\",\"@id\":\"https:\\\/\\\/quehacerpolitico.mx\\\/#\\\/schema\\\/person\\\/496d8ad2d1d3f8036101dca7ee39e585\"},\"headline\":\"Reforma para combatir lavado de dinero avanza en el Senado\",\"datePublished\":\"2025-06-19T01:25:28+00:00\",\"dateModified\":\"2025-06-19T01:25:31+00:00\",\"mainEntityOfPage\":{\"@id\":\"https:\\\/\\\/quehacerpolitico.mx\\\/?p=116982\"},\"wordCount\":664,\"commentCount\":0,\"image\":{\"@id\":\"https:\\\/\\\/quehacerpolitico.mx\\\/?p=116982#primaryimage\"},\"thumbnailUrl\":\"https:\\\/\\\/quehacerpolitico.mx\\\/wp-content\\\/uploads\\\/2025\\\/06\\\/IMG_0892.jpeg\",\"articleSection\":[\"Nacionales\",\"Noticias\"],\"inLanguage\":\"es\",\"potentialAction\":[{\"@type\":\"CommentAction\",\"name\":\"Comment\",\"target\":[\"https:\\\/\\\/quehacerpolitico.mx\\\/?p=116982#respond\"]}]},{\"@type\":\"WebPage\",\"@id\":\"https:\\\/\\\/quehacerpolitico.mx\\\/?p=116982\",\"url\":\"https:\\\/\\\/quehacerpolitico.mx\\\/?p=116982\",\"name\":\"Reforma para combatir lavado de dinero avanza en el Senado -\",\"isPartOf\":{\"@id\":\"https:\\\/\\\/quehacerpolitico.mx\\\/#website\"},\"primaryImageOfPage\":{\"@id\":\"https:\\\/\\\/quehacerpolitico.mx\\\/?p=116982#primaryimage\"},\"image\":{\"@id\":\"https:\\\/\\\/quehacerpolitico.mx\\\/?p=116982#primaryimage\"},\"thumbnailUrl\":\"https:\\\/\\\/quehacerpolitico.mx\\\/wp-content\\\/uploads\\\/2025\\\/06\\\/IMG_0892.jpeg\",\"datePublished\":\"2025-06-19T01:25:28+00:00\",\"dateModified\":\"2025-06-19T01:25:31+00:00\",\"author\":{\"@id\":\"https:\\\/\\\/quehacerpolitico.mx\\\/#\\\/schema\\\/person\\\/496d8ad2d1d3f8036101dca7ee39e585\"},\"breadcrumb\":{\"@id\":\"https:\\\/\\\/quehacerpolitico.mx\\\/?p=116982#breadcrumb\"},\"inLanguage\":\"es\",\"potentialAction\":[{\"@type\":\"ReadAction\",\"target\":[\"https:\\\/\\\/quehacerpolitico.mx\\\/?p=116982\"]}]},{\"@type\":\"ImageObject\",\"inLanguage\":\"es\",\"@id\":\"https:\\\/\\\/quehacerpolitico.mx\\\/?p=116982#primaryimage\",\"url\":\"https:\\\/\\\/quehacerpolitico.mx\\\/wp-content\\\/uploads\\\/2025\\\/06\\\/IMG_0892.jpeg\",\"contentUrl\":\"https:\\\/\\\/quehacerpolitico.mx\\\/wp-content\\\/uploads\\\/2025\\\/06\\\/IMG_0892.jpeg\",\"width\":730,\"height\":420},{\"@type\":\"BreadcrumbList\",\"@id\":\"https:\\\/\\\/quehacerpolitico.mx\\\/?p=116982#breadcrumb\",\"itemListElement\":[{\"@type\":\"ListItem\",\"position\":1,\"name\":\"Inicio\",\"item\":\"https:\\\/\\\/quehacerpolitico.mx\\\/\"},{\"@type\":\"ListItem\",\"position\":2,\"name\":\"Reforma para combatir lavado de dinero avanza en el Senado\"}]},{\"@type\":\"WebSite\",\"@id\":\"https:\\\/\\\/quehacerpolitico.mx\\\/#website\",\"url\":\"https:\\\/\\\/quehacerpolitico.mx\\\/\",\"name\":\"\",\"description\":\"\",\"potentialAction\":[{\"@type\":\"SearchAction\",\"target\":{\"@type\":\"EntryPoint\",\"urlTemplate\":\"https:\\\/\\\/quehacerpolitico.mx\\\/?s={search_term_string}\"},\"query-input\":{\"@type\":\"PropertyValueSpecification\",\"valueRequired\":true,\"valueName\":\"search_term_string\"}}],\"inLanguage\":\"es\"},{\"@type\":\"Person\",\"@id\":\"https:\\\/\\\/quehacerpolitico.mx\\\/#\\\/schema\\\/person\\\/496d8ad2d1d3f8036101dca7ee39e585\",\"name\":\"Redacci\u00f3n QP\",\"image\":{\"@type\":\"ImageObject\",\"inLanguage\":\"es\",\"@id\":\"https:\\\/\\\/secure.gravatar.com\\\/avatar\\\/c7164ed6fdec453195284ad24a5ae5b6e1eed2b848477fa2a4787ba9adf39a41?s=96&d=mm&r=g\",\"url\":\"https:\\\/\\\/secure.gravatar.com\\\/avatar\\\/c7164ed6fdec453195284ad24a5ae5b6e1eed2b848477fa2a4787ba9adf39a41?s=96&d=mm&r=g\",\"contentUrl\":\"https:\\\/\\\/secure.gravatar.com\\\/avatar\\\/c7164ed6fdec453195284ad24a5ae5b6e1eed2b848477fa2a4787ba9adf39a41?s=96&d=mm&r=g\",\"caption\":\"Redacci\u00f3n QP\"},\"url\":\"https:\\\/\\\/quehacerpolitico.mx\\\/?author=2\"}]}<\/script>\n<!-- \/ Yoast SEO plugin. -->","yoast_head_json":{"title":"Reforma para combatir lavado de dinero avanza en el Senado -","robots":{"index":"index","follow":"follow","max-snippet":"max-snippet:-1","max-image-preview":"max-image-preview:large","max-video-preview":"max-video-preview:-1"},"canonical":"https:\/\/quehacerpolitico.mx\/?p=116982","og_locale":"es_MX","og_type":"article","og_title":"Reforma para combatir lavado de dinero avanza en el Senado -","og_description":"Por Redacci\u00f3n QP Se aprob\u00f3 el dictamen que reforma la Ley Federal para la Prevenci\u00f3n...","og_url":"https:\/\/quehacerpolitico.mx\/?p=116982","article_published_time":"2025-06-19T01:25:28+00:00","article_modified_time":"2025-06-19T01:25:31+00:00","og_image":[{"width":730,"height":420,"url":"https:\/\/quehacerpolitico.mx\/wp-content\/uploads\/2025\/06\/IMG_0892.jpeg","type":"image\/jpeg"}],"author":"Redacci\u00f3n QP","twitter_card":"summary_large_image","twitter_misc":{"Escrito por":"Redacci\u00f3n QP","Tiempo de lectura":"3 minutos"},"schema":{"@context":"https:\/\/schema.org","@graph":[{"@type":"Article","@id":"https:\/\/quehacerpolitico.mx\/?p=116982#article","isPartOf":{"@id":"https:\/\/quehacerpolitico.mx\/?p=116982"},"author":{"name":"Redacci\u00f3n QP","@id":"https:\/\/quehacerpolitico.mx\/#\/schema\/person\/496d8ad2d1d3f8036101dca7ee39e585"},"headline":"Reforma para combatir lavado de dinero avanza en el Senado","datePublished":"2025-06-19T01:25:28+00:00","dateModified":"2025-06-19T01:25:31+00:00","mainEntityOfPage":{"@id":"https:\/\/quehacerpolitico.mx\/?p=116982"},"wordCount":664,"commentCount":0,"image":{"@id":"https:\/\/quehacerpolitico.mx\/?p=116982#primaryimage"},"thumbnailUrl":"https:\/\/quehacerpolitico.mx\/wp-content\/uploads\/2025\/06\/IMG_0892.jpeg","articleSection":["Nacionales","Noticias"],"inLanguage":"es","potentialAction":[{"@type":"CommentAction","name":"Comment","target":["https:\/\/quehacerpolitico.mx\/?p=116982#respond"]}]},{"@type":"WebPage","@id":"https:\/\/quehacerpolitico.mx\/?p=116982","url":"https:\/\/quehacerpolitico.mx\/?p=116982","name":"Reforma para combatir lavado de dinero avanza en el Senado -","isPartOf":{"@id":"https:\/\/quehacerpolitico.mx\/#website"},"primaryImageOfPage":{"@id":"https:\/\/quehacerpolitico.mx\/?p=116982#primaryimage"},"image":{"@id":"https:\/\/quehacerpolitico.mx\/?p=116982#primaryimage"},"thumbnailUrl":"https:\/\/quehacerpolitico.mx\/wp-content\/uploads\/2025\/06\/IMG_0892.jpeg","datePublished":"2025-06-19T01:25:28+00:00","dateModified":"2025-06-19T01:25:31+00:00","author":{"@id":"https:\/\/quehacerpolitico.mx\/#\/schema\/person\/496d8ad2d1d3f8036101dca7ee39e585"},"breadcrumb":{"@id":"https:\/\/quehacerpolitico.mx\/?p=116982#breadcrumb"},"inLanguage":"es","potentialAction":[{"@type":"ReadAction","target":["https:\/\/quehacerpolitico.mx\/?p=116982"]}]},{"@type":"ImageObject","inLanguage":"es","@id":"https:\/\/quehacerpolitico.mx\/?p=116982#primaryimage","url":"https:\/\/quehacerpolitico.mx\/wp-content\/uploads\/2025\/06\/IMG_0892.jpeg","contentUrl":"https:\/\/quehacerpolitico.mx\/wp-content\/uploads\/2025\/06\/IMG_0892.jpeg","width":730,"height":420},{"@type":"BreadcrumbList","@id":"https:\/\/quehacerpolitico.mx\/?p=116982#breadcrumb","itemListElement":[{"@type":"ListItem","position":1,"name":"Inicio","item":"https:\/\/quehacerpolitico.mx\/"},{"@type":"ListItem","position":2,"name":"Reforma para combatir lavado de dinero avanza en el Senado"}]},{"@type":"WebSite","@id":"https:\/\/quehacerpolitico.mx\/#website","url":"https:\/\/quehacerpolitico.mx\/","name":"","description":"","potentialAction":[{"@type":"SearchAction","target":{"@type":"EntryPoint","urlTemplate":"https:\/\/quehacerpolitico.mx\/?s={search_term_string}"},"query-input":{"@type":"PropertyValueSpecification","valueRequired":true,"valueName":"search_term_string"}}],"inLanguage":"es"},{"@type":"Person","@id":"https:\/\/quehacerpolitico.mx\/#\/schema\/person\/496d8ad2d1d3f8036101dca7ee39e585","name":"Redacci\u00f3n QP","image":{"@type":"ImageObject","inLanguage":"es","@id":"https:\/\/secure.gravatar.com\/avatar\/c7164ed6fdec453195284ad24a5ae5b6e1eed2b848477fa2a4787ba9adf39a41?s=96&d=mm&r=g","url":"https:\/\/secure.gravatar.com\/avatar\/c7164ed6fdec453195284ad24a5ae5b6e1eed2b848477fa2a4787ba9adf39a41?s=96&d=mm&r=g","contentUrl":"https:\/\/secure.gravatar.com\/avatar\/c7164ed6fdec453195284ad24a5ae5b6e1eed2b848477fa2a4787ba9adf39a41?s=96&d=mm&r=g","caption":"Redacci\u00f3n QP"},"url":"https:\/\/quehacerpolitico.mx\/?author=2"}]}},"featured_image_urls":{"full":["https:\/\/quehacerpolitico.mx\/wp-content\/uploads\/2025\/06\/IMG_0892.jpeg",730,420,false],"thumbnail":["https:\/\/quehacerpolitico.mx\/wp-content\/uploads\/2025\/06\/IMG_0892-150x150.jpeg",150,150,true],"medium":["https:\/\/quehacerpolitico.mx\/wp-content\/uploads\/2025\/06\/IMG_0892-300x173.jpeg",300,173,true],"medium_large":["https:\/\/quehacerpolitico.mx\/wp-content\/uploads\/2025\/06\/IMG_0892.jpeg",640,368,false],"large":["https:\/\/quehacerpolitico.mx\/wp-content\/uploads\/2025\/06\/IMG_0892.jpeg",640,368,false],"1536x1536":["https:\/\/quehacerpolitico.mx\/wp-content\/uploads\/2025\/06\/IMG_0892.jpeg",730,420,false],"2048x2048":["https:\/\/quehacerpolitico.mx\/wp-content\/uploads\/2025\/06\/IMG_0892.jpeg",730,420,false],"covernews-featured":["https:\/\/quehacerpolitico.mx\/wp-content\/uploads\/2025\/06\/IMG_0892.jpeg",730,420,false],"covernews-medium":["https:\/\/quehacerpolitico.mx\/wp-content\/uploads\/2025\/06\/IMG_0892-540x340.jpeg",540,340,true]},"author_info":{"display_name":"Redacci\u00f3n QP","author_link":"https:\/\/quehacerpolitico.mx\/?author=2"},"category_info":"<a href=\"https:\/\/quehacerpolitico.mx\/?cat=280\" rel=\"category\">Nacionales<\/a> <a href=\"https:\/\/quehacerpolitico.mx\/?cat=2\" rel=\"category\">Noticias<\/a>","tag_info":"Noticias","comment_count":"0","_links":{"self":[{"href":"https:\/\/quehacerpolitico.mx\/index.php?rest_route=\/wp\/v2\/posts\/116982","targetHints":{"allow":["GET"]}}],"collection":[{"href":"https:\/\/quehacerpolitico.mx\/index.php?rest_route=\/wp\/v2\/posts"}],"about":[{"href":"https:\/\/quehacerpolitico.mx\/index.php?rest_route=\/wp\/v2\/types\/post"}],"author":[{"embeddable":true,"href":"https:\/\/quehacerpolitico.mx\/index.php?rest_route=\/wp\/v2\/users\/2"}],"replies":[{"embeddable":true,"href":"https:\/\/quehacerpolitico.mx\/index.php?rest_route=%2Fwp%2Fv2%2Fcomments&post=116982"}],"version-history":[{"count":1,"href":"https:\/\/quehacerpolitico.mx\/index.php?rest_route=\/wp\/v2\/posts\/116982\/revisions"}],"predecessor-version":[{"id":116984,"href":"https:\/\/quehacerpolitico.mx\/index.php?rest_route=\/wp\/v2\/posts\/116982\/revisions\/116984"}],"wp:featuredmedia":[{"embeddable":true,"href":"https:\/\/quehacerpolitico.mx\/index.php?rest_route=\/wp\/v2\/media\/116983"}],"wp:attachment":[{"href":"https:\/\/quehacerpolitico.mx\/index.php?rest_route=%2Fwp%2Fv2%2Fmedia&parent=116982"}],"wp:term":[{"taxonomy":"category","embeddable":true,"href":"https:\/\/quehacerpolitico.mx\/index.php?rest_route=%2Fwp%2Fv2%2Fcategories&post=116982"},{"taxonomy":"post_tag","embeddable":true,"href":"https:\/\/quehacerpolitico.mx\/index.php?rest_route=%2Fwp%2Fv2%2Ftags&post=116982"}],"curies":[{"name":"wp","href":"https:\/\/api.w.org\/{rel}","templated":true}]}}