{"id":116963,"date":"2025-06-18T14:06:56","date_gmt":"2025-06-18T20:06:56","guid":{"rendered":"https:\/\/quehacerpolitico.mx\/?p=116963"},"modified":"2025-06-18T14:06:59","modified_gmt":"2025-06-18T20:06:59","slug":"fed-mantiene-los-tipos-de-interes-en-un-rango-de-4-25-a-4-5-anticipa-dos-recortes-este-ano","status":"publish","type":"post","link":"https:\/\/quehacerpolitico.mx\/?p=116963","title":{"rendered":"Fed mantiene los tipos de inter\u00e9s en un rango de 4.25%\u00a0a 4.5%; anticipa dos recortes este a\u00f1o"},"content":{"rendered":"\n<p>Por Redacci\u00f3n QP<\/p>\n\n\n\n<p>La decisi\u00f3n de la Reserva Federal se anuncia a pesar de las presiones de Trump a Powell, a quien consider\u00f3 que tiene motivaciones pol\u00edticas<\/p>\n\n\n\n<p>La Reserva Federal (Fed) estadounidense volvi\u00f3 este mi\u00e9rcoles a&nbsp;<strong>dejar sin cambios&nbsp;<\/strong>los tipos en su rango actual del 4.25%&nbsp;al 4.5% y mantuvo la posibilidad de que para final de a\u00f1o&nbsp;<strong>haya dos descensos.<\/strong><\/p>\n\n\n\n<p>La decisi\u00f3n se tom\u00f3 al t\u00e9rmino de la reuni\u00f3n de dos d\u00edas de su Comit\u00e9 Federal de Mercado Abierto (FOMC), que tuvo lugar entre las habituales&nbsp;<strong>presiones del mandatario, Donald Trump<\/strong>, para que aplique cuanto antes las bajadas.<\/p>\n\n\n\n<p>Este mismo mi\u00e9rcoles, el l\u00edder republicano redobl\u00f3 de hecho sus ataques contra el presidente de la Fed, Jerome Powell, al que acus\u00f3 de tener&nbsp;<strong>motivos &#8220;pol\u00edticos&#8221;<\/strong>&nbsp;para no actuar con mayor celeridad y cuyo comportamiento consider\u00f3 que &#8220;le est\u00e1 costando caro al pa\u00eds&#8221;.<\/p>\n\n\n\n<p>Los tipos se han mantenido en el 4.25% y 4.5% desde la reuni\u00f3n de enero, cuando la Fed rompi\u00f3 el ciclo de bajadas iniciado el pasado septiembre, pero la&nbsp;<strong>presi\u00f3n de Trump para que Powell&nbsp;<\/strong>los reduzca comenz\u00f3 ya antes de iniciar su segundo mandato presidencial el 20 de enero.<\/p>\n\n\n\n<p>La Fed acompa\u00f1\u00f3 este mi\u00e9rcoles su anuncio de un informe paralelo de proyecciones econ\u00f3micas.<\/p>\n\n\n\n<p>La mediana de los pron\u00f3sticos de sus gobernadores previ\u00f3 en ese documento\u00a0<strong>dos recortes de los tipos para 2025<\/strong>hasta situarse en el 3.9% (el equivalente a un rango del 3,75 % al 4 %). Estas cifras reflejan que la mayor\u00eda cree que esos descensos se producir\u00e1n, aunque no significa forzosamente que los vaya a haber.<br><br>El FOMC del regulador estadounidense, en l\u00ednea con su comunicado de mayo, destac\u00f3 que &#8220;los indicadores recientes sugieren que la actividad econ\u00f3mica ha seguido\u00a0<strong>expandi\u00e9ndose a un ritmo s\u00f3lido<\/strong>&#8220;, pese a las &#8220;oscilaciones en las exportaciones netas&#8221; debido a la guerra arancelaria emprendida por la administraci\u00f3n de Trump, a la que no se cita de manera directa.<br><br>Su mensaje reiter\u00f3 la postura de que la<strong> pol\u00edtica monetaria<\/strong>\u00a0se ajustar\u00e1 &#8220;seg\u00fan corresponda si surgen riesgos que puedan obstaculizar el logro de sus objetivos&#8221; y que sus evaluaciones considerar\u00e1n &#8220;una amplia gama de informaci\u00f3n, incluyendo datos sobre las condiciones del mercado laboral, las presiones y expectativas inflacionarias y la evoluci\u00f3n financiera e internacional&#8221;.<\/p>\n\n\n\n<p>Con informaci\u00f3n de EFE<\/p>\n","protected":false},"excerpt":{"rendered":"<p>Por Redacci\u00f3n QP La decisi\u00f3n de la Reserva Federal se anuncia a pesar de las&#8230;<\/p>\n","protected":false},"author":2,"featured_media":116964,"comment_status":"open","ping_status":"open","sticky":false,"template":"","format":"standard","meta":{"_monsterinsights_skip_tracking":false,"_monsterinsights_sitenote_active":false,"_monsterinsights_sitenote_note":"","_monsterinsights_sitenote_category":0,"footnotes":""},"categories":[56],"tags":[],"class_list":["post-116963","post","type-post","status-publish","format-standard","has-post-thumbnail","hentry","category-economia"],"yoast_head":"<!-- This site is optimized with the Yoast SEO plugin v27.3 - https:\/\/yoast.com\/product\/yoast-seo-wordpress\/ -->\n<title>Fed mantiene los tipos de inter\u00e9s en un rango de 4.25%\u00a0a 4.5%; anticipa dos recortes este a\u00f1o -<\/title>\n<meta name=\"robots\" content=\"index, follow, max-snippet:-1, max-image-preview:large, max-video-preview:-1\" \/>\n<link rel=\"canonical\" href=\"https:\/\/quehacerpolitico.mx\/?p=116963\" \/>\n<meta property=\"og:locale\" content=\"es_MX\" \/>\n<meta property=\"og:type\" content=\"article\" \/>\n<meta property=\"og:title\" content=\"Fed mantiene los tipos de inter\u00e9s en un rango de 4.25%\u00a0a 4.5%; anticipa dos recortes este a\u00f1o -\" \/>\n<meta property=\"og:description\" content=\"Por Redacci\u00f3n QP La decisi\u00f3n de la Reserva Federal se anuncia a pesar de las...\" \/>\n<meta property=\"og:url\" content=\"https:\/\/quehacerpolitico.mx\/?p=116963\" \/>\n<meta property=\"article:published_time\" content=\"2025-06-18T20:06:56+00:00\" \/>\n<meta property=\"article:modified_time\" content=\"2025-06-18T20:06:59+00:00\" \/>\n<meta property=\"og:image\" content=\"https:\/\/quehacerpolitico.mx\/wp-content\/uploads\/2025\/06\/IMG_0874.jpeg\" \/>\n\t<meta property=\"og:image:width\" content=\"678\" \/>\n\t<meta property=\"og:image:height\" content=\"453\" \/>\n\t<meta property=\"og:image:type\" content=\"image\/jpeg\" \/>\n<meta name=\"author\" content=\"Redacci\u00f3n QP\" \/>\n<meta name=\"twitter:card\" content=\"summary_large_image\" \/>\n<meta name=\"twitter:label1\" content=\"Escrito por\" \/>\n\t<meta name=\"twitter:data1\" content=\"Redacci\u00f3n QP\" \/>\n\t<meta name=\"twitter:label2\" content=\"Tiempo de lectura\" \/>\n\t<meta name=\"twitter:data2\" content=\"2 minutos\" \/>\n<script type=\"application\/ld+json\" class=\"yoast-schema-graph\">{\"@context\":\"https:\\\/\\\/schema.org\",\"@graph\":[{\"@type\":\"Article\",\"@id\":\"https:\\\/\\\/quehacerpolitico.mx\\\/?p=116963#article\",\"isPartOf\":{\"@id\":\"https:\\\/\\\/quehacerpolitico.mx\\\/?p=116963\"},\"author\":{\"name\":\"Redacci\u00f3n QP\",\"@id\":\"https:\\\/\\\/quehacerpolitico.mx\\\/#\\\/schema\\\/person\\\/496d8ad2d1d3f8036101dca7ee39e585\"},\"headline\":\"Fed mantiene los tipos de inter\u00e9s en un rango de 4.25%\u00a0a 4.5%; anticipa dos recortes este a\u00f1o\",\"datePublished\":\"2025-06-18T20:06:56+00:00\",\"dateModified\":\"2025-06-18T20:06:59+00:00\",\"mainEntityOfPage\":{\"@id\":\"https:\\\/\\\/quehacerpolitico.mx\\\/?p=116963\"},\"wordCount\":425,\"commentCount\":0,\"image\":{\"@id\":\"https:\\\/\\\/quehacerpolitico.mx\\\/?p=116963#primaryimage\"},\"thumbnailUrl\":\"https:\\\/\\\/quehacerpolitico.mx\\\/wp-content\\\/uploads\\\/2025\\\/06\\\/IMG_0874.jpeg\",\"articleSection\":[\"Econom\u00eda\"],\"inLanguage\":\"es\",\"potentialAction\":[{\"@type\":\"CommentAction\",\"name\":\"Comment\",\"target\":[\"https:\\\/\\\/quehacerpolitico.mx\\\/?p=116963#respond\"]}]},{\"@type\":\"WebPage\",\"@id\":\"https:\\\/\\\/quehacerpolitico.mx\\\/?p=116963\",\"url\":\"https:\\\/\\\/quehacerpolitico.mx\\\/?p=116963\",\"name\":\"Fed mantiene los tipos de inter\u00e9s en un rango de 4.25%\u00a0a 4.5%; anticipa dos recortes este a\u00f1o -\",\"isPartOf\":{\"@id\":\"https:\\\/\\\/quehacerpolitico.mx\\\/#website\"},\"primaryImageOfPage\":{\"@id\":\"https:\\\/\\\/quehacerpolitico.mx\\\/?p=116963#primaryimage\"},\"image\":{\"@id\":\"https:\\\/\\\/quehacerpolitico.mx\\\/?p=116963#primaryimage\"},\"thumbnailUrl\":\"https:\\\/\\\/quehacerpolitico.mx\\\/wp-content\\\/uploads\\\/2025\\\/06\\\/IMG_0874.jpeg\",\"datePublished\":\"2025-06-18T20:06:56+00:00\",\"dateModified\":\"2025-06-18T20:06:59+00:00\",\"author\":{\"@id\":\"https:\\\/\\\/quehacerpolitico.mx\\\/#\\\/schema\\\/person\\\/496d8ad2d1d3f8036101dca7ee39e585\"},\"breadcrumb\":{\"@id\":\"https:\\\/\\\/quehacerpolitico.mx\\\/?p=116963#breadcrumb\"},\"inLanguage\":\"es\",\"potentialAction\":[{\"@type\":\"ReadAction\",\"target\":[\"https:\\\/\\\/quehacerpolitico.mx\\\/?p=116963\"]}]},{\"@type\":\"ImageObject\",\"inLanguage\":\"es\",\"@id\":\"https:\\\/\\\/quehacerpolitico.mx\\\/?p=116963#primaryimage\",\"url\":\"https:\\\/\\\/quehacerpolitico.mx\\\/wp-content\\\/uploads\\\/2025\\\/06\\\/IMG_0874.jpeg\",\"contentUrl\":\"https:\\\/\\\/quehacerpolitico.mx\\\/wp-content\\\/uploads\\\/2025\\\/06\\\/IMG_0874.jpeg\",\"width\":678,\"height\":453},{\"@type\":\"BreadcrumbList\",\"@id\":\"https:\\\/\\\/quehacerpolitico.mx\\\/?p=116963#breadcrumb\",\"itemListElement\":[{\"@type\":\"ListItem\",\"position\":1,\"name\":\"Inicio\",\"item\":\"https:\\\/\\\/quehacerpolitico.mx\\\/\"},{\"@type\":\"ListItem\",\"position\":2,\"name\":\"Fed mantiene los tipos de inter\u00e9s en un rango de 4.25%\u00a0a 4.5%; anticipa dos recortes este a\u00f1o\"}]},{\"@type\":\"WebSite\",\"@id\":\"https:\\\/\\\/quehacerpolitico.mx\\\/#website\",\"url\":\"https:\\\/\\\/quehacerpolitico.mx\\\/\",\"name\":\"\",\"description\":\"\",\"potentialAction\":[{\"@type\":\"SearchAction\",\"target\":{\"@type\":\"EntryPoint\",\"urlTemplate\":\"https:\\\/\\\/quehacerpolitico.mx\\\/?s={search_term_string}\"},\"query-input\":{\"@type\":\"PropertyValueSpecification\",\"valueRequired\":true,\"valueName\":\"search_term_string\"}}],\"inLanguage\":\"es\"},{\"@type\":\"Person\",\"@id\":\"https:\\\/\\\/quehacerpolitico.mx\\\/#\\\/schema\\\/person\\\/496d8ad2d1d3f8036101dca7ee39e585\",\"name\":\"Redacci\u00f3n QP\",\"image\":{\"@type\":\"ImageObject\",\"inLanguage\":\"es\",\"@id\":\"https:\\\/\\\/secure.gravatar.com\\\/avatar\\\/c7164ed6fdec453195284ad24a5ae5b6e1eed2b848477fa2a4787ba9adf39a41?s=96&d=mm&r=g\",\"url\":\"https:\\\/\\\/secure.gravatar.com\\\/avatar\\\/c7164ed6fdec453195284ad24a5ae5b6e1eed2b848477fa2a4787ba9adf39a41?s=96&d=mm&r=g\",\"contentUrl\":\"https:\\\/\\\/secure.gravatar.com\\\/avatar\\\/c7164ed6fdec453195284ad24a5ae5b6e1eed2b848477fa2a4787ba9adf39a41?s=96&d=mm&r=g\",\"caption\":\"Redacci\u00f3n QP\"},\"url\":\"https:\\\/\\\/quehacerpolitico.mx\\\/?author=2\"}]}<\/script>\n<!-- \/ Yoast SEO plugin. -->","yoast_head_json":{"title":"Fed mantiene los tipos de inter\u00e9s en un rango de 4.25%\u00a0a 4.5%; anticipa dos recortes este a\u00f1o -","robots":{"index":"index","follow":"follow","max-snippet":"max-snippet:-1","max-image-preview":"max-image-preview:large","max-video-preview":"max-video-preview:-1"},"canonical":"https:\/\/quehacerpolitico.mx\/?p=116963","og_locale":"es_MX","og_type":"article","og_title":"Fed mantiene los tipos de inter\u00e9s en un rango de 4.25%\u00a0a 4.5%; anticipa dos recortes este a\u00f1o -","og_description":"Por Redacci\u00f3n QP La decisi\u00f3n de la Reserva Federal se anuncia a pesar de las...","og_url":"https:\/\/quehacerpolitico.mx\/?p=116963","article_published_time":"2025-06-18T20:06:56+00:00","article_modified_time":"2025-06-18T20:06:59+00:00","og_image":[{"width":678,"height":453,"url":"https:\/\/quehacerpolitico.mx\/wp-content\/uploads\/2025\/06\/IMG_0874.jpeg","type":"image\/jpeg"}],"author":"Redacci\u00f3n QP","twitter_card":"summary_large_image","twitter_misc":{"Escrito por":"Redacci\u00f3n QP","Tiempo de lectura":"2 minutos"},"schema":{"@context":"https:\/\/schema.org","@graph":[{"@type":"Article","@id":"https:\/\/quehacerpolitico.mx\/?p=116963#article","isPartOf":{"@id":"https:\/\/quehacerpolitico.mx\/?p=116963"},"author":{"name":"Redacci\u00f3n QP","@id":"https:\/\/quehacerpolitico.mx\/#\/schema\/person\/496d8ad2d1d3f8036101dca7ee39e585"},"headline":"Fed mantiene los tipos de inter\u00e9s en un rango de 4.25%\u00a0a 4.5%; anticipa dos recortes este a\u00f1o","datePublished":"2025-06-18T20:06:56+00:00","dateModified":"2025-06-18T20:06:59+00:00","mainEntityOfPage":{"@id":"https:\/\/quehacerpolitico.mx\/?p=116963"},"wordCount":425,"commentCount":0,"image":{"@id":"https:\/\/quehacerpolitico.mx\/?p=116963#primaryimage"},"thumbnailUrl":"https:\/\/quehacerpolitico.mx\/wp-content\/uploads\/2025\/06\/IMG_0874.jpeg","articleSection":["Econom\u00eda"],"inLanguage":"es","potentialAction":[{"@type":"CommentAction","name":"Comment","target":["https:\/\/quehacerpolitico.mx\/?p=116963#respond"]}]},{"@type":"WebPage","@id":"https:\/\/quehacerpolitico.mx\/?p=116963","url":"https:\/\/quehacerpolitico.mx\/?p=116963","name":"Fed mantiene los tipos de inter\u00e9s en un rango de 4.25%\u00a0a 4.5%; anticipa dos recortes este a\u00f1o -","isPartOf":{"@id":"https:\/\/quehacerpolitico.mx\/#website"},"primaryImageOfPage":{"@id":"https:\/\/quehacerpolitico.mx\/?p=116963#primaryimage"},"image":{"@id":"https:\/\/quehacerpolitico.mx\/?p=116963#primaryimage"},"thumbnailUrl":"https:\/\/quehacerpolitico.mx\/wp-content\/uploads\/2025\/06\/IMG_0874.jpeg","datePublished":"2025-06-18T20:06:56+00:00","dateModified":"2025-06-18T20:06:59+00:00","author":{"@id":"https:\/\/quehacerpolitico.mx\/#\/schema\/person\/496d8ad2d1d3f8036101dca7ee39e585"},"breadcrumb":{"@id":"https:\/\/quehacerpolitico.mx\/?p=116963#breadcrumb"},"inLanguage":"es","potentialAction":[{"@type":"ReadAction","target":["https:\/\/quehacerpolitico.mx\/?p=116963"]}]},{"@type":"ImageObject","inLanguage":"es","@id":"https:\/\/quehacerpolitico.mx\/?p=116963#primaryimage","url":"https:\/\/quehacerpolitico.mx\/wp-content\/uploads\/2025\/06\/IMG_0874.jpeg","contentUrl":"https:\/\/quehacerpolitico.mx\/wp-content\/uploads\/2025\/06\/IMG_0874.jpeg","width":678,"height":453},{"@type":"BreadcrumbList","@id":"https:\/\/quehacerpolitico.mx\/?p=116963#breadcrumb","itemListElement":[{"@type":"ListItem","position":1,"name":"Inicio","item":"https:\/\/quehacerpolitico.mx\/"},{"@type":"ListItem","position":2,"name":"Fed mantiene los tipos de inter\u00e9s en un rango de 4.25%\u00a0a 4.5%; anticipa dos recortes este a\u00f1o"}]},{"@type":"WebSite","@id":"https:\/\/quehacerpolitico.mx\/#website","url":"https:\/\/quehacerpolitico.mx\/","name":"","description":"","potentialAction":[{"@type":"SearchAction","target":{"@type":"EntryPoint","urlTemplate":"https:\/\/quehacerpolitico.mx\/?s={search_term_string}"},"query-input":{"@type":"PropertyValueSpecification","valueRequired":true,"valueName":"search_term_string"}}],"inLanguage":"es"},{"@type":"Person","@id":"https:\/\/quehacerpolitico.mx\/#\/schema\/person\/496d8ad2d1d3f8036101dca7ee39e585","name":"Redacci\u00f3n QP","image":{"@type":"ImageObject","inLanguage":"es","@id":"https:\/\/secure.gravatar.com\/avatar\/c7164ed6fdec453195284ad24a5ae5b6e1eed2b848477fa2a4787ba9adf39a41?s=96&d=mm&r=g","url":"https:\/\/secure.gravatar.com\/avatar\/c7164ed6fdec453195284ad24a5ae5b6e1eed2b848477fa2a4787ba9adf39a41?s=96&d=mm&r=g","contentUrl":"https:\/\/secure.gravatar.com\/avatar\/c7164ed6fdec453195284ad24a5ae5b6e1eed2b848477fa2a4787ba9adf39a41?s=96&d=mm&r=g","caption":"Redacci\u00f3n QP"},"url":"https:\/\/quehacerpolitico.mx\/?author=2"}]}},"featured_image_urls":{"full":["https:\/\/quehacerpolitico.mx\/wp-content\/uploads\/2025\/06\/IMG_0874.jpeg",678,453,false],"thumbnail":["https:\/\/quehacerpolitico.mx\/wp-content\/uploads\/2025\/06\/IMG_0874-150x150.jpeg",150,150,true],"medium":["https:\/\/quehacerpolitico.mx\/wp-content\/uploads\/2025\/06\/IMG_0874-300x200.jpeg",300,200,true],"medium_large":["https:\/\/quehacerpolitico.mx\/wp-content\/uploads\/2025\/06\/IMG_0874.jpeg",640,428,false],"large":["https:\/\/quehacerpolitico.mx\/wp-content\/uploads\/2025\/06\/IMG_0874.jpeg",640,428,false],"1536x1536":["https:\/\/quehacerpolitico.mx\/wp-content\/uploads\/2025\/06\/IMG_0874.jpeg",678,453,false],"2048x2048":["https:\/\/quehacerpolitico.mx\/wp-content\/uploads\/2025\/06\/IMG_0874.jpeg",678,453,false],"covernews-featured":["https:\/\/quehacerpolitico.mx\/wp-content\/uploads\/2025\/06\/IMG_0874.jpeg",678,453,false],"covernews-medium":["https:\/\/quehacerpolitico.mx\/wp-content\/uploads\/2025\/06\/IMG_0874-540x340.jpeg",540,340,true]},"author_info":{"display_name":"Redacci\u00f3n QP","author_link":"https:\/\/quehacerpolitico.mx\/?author=2"},"category_info":"<a href=\"https:\/\/quehacerpolitico.mx\/?cat=56\" rel=\"category\">Econom\u00eda<\/a>","tag_info":"Econom\u00eda","comment_count":"0","_links":{"self":[{"href":"https:\/\/quehacerpolitico.mx\/index.php?rest_route=\/wp\/v2\/posts\/116963","targetHints":{"allow":["GET"]}}],"collection":[{"href":"https:\/\/quehacerpolitico.mx\/index.php?rest_route=\/wp\/v2\/posts"}],"about":[{"href":"https:\/\/quehacerpolitico.mx\/index.php?rest_route=\/wp\/v2\/types\/post"}],"author":[{"embeddable":true,"href":"https:\/\/quehacerpolitico.mx\/index.php?rest_route=\/wp\/v2\/users\/2"}],"replies":[{"embeddable":true,"href":"https:\/\/quehacerpolitico.mx\/index.php?rest_route=%2Fwp%2Fv2%2Fcomments&post=116963"}],"version-history":[{"count":1,"href":"https:\/\/quehacerpolitico.mx\/index.php?rest_route=\/wp\/v2\/posts\/116963\/revisions"}],"predecessor-version":[{"id":116965,"href":"https:\/\/quehacerpolitico.mx\/index.php?rest_route=\/wp\/v2\/posts\/116963\/revisions\/116965"}],"wp:featuredmedia":[{"embeddable":true,"href":"https:\/\/quehacerpolitico.mx\/index.php?rest_route=\/wp\/v2\/media\/116964"}],"wp:attachment":[{"href":"https:\/\/quehacerpolitico.mx\/index.php?rest_route=%2Fwp%2Fv2%2Fmedia&parent=116963"}],"wp:term":[{"taxonomy":"category","embeddable":true,"href":"https:\/\/quehacerpolitico.mx\/index.php?rest_route=%2Fwp%2Fv2%2Fcategories&post=116963"},{"taxonomy":"post_tag","embeddable":true,"href":"https:\/\/quehacerpolitico.mx\/index.php?rest_route=%2Fwp%2Fv2%2Ftags&post=116963"}],"curies":[{"name":"wp","href":"https:\/\/api.w.org\/{rel}","templated":true}]}}