{"id":116955,"date":"2025-06-18T13:10:04","date_gmt":"2025-06-18T19:10:04","guid":{"rendered":"https:\/\/quehacerpolitico.mx\/?p=116955"},"modified":"2025-06-18T13:10:07","modified_gmt":"2025-06-18T19:10:07","slug":"beyonce-agradece-a-paul-mccartney-cada-vez-que-canto-blackbird-me-siento-tan-honrada","status":"publish","type":"post","link":"https:\/\/quehacerpolitico.mx\/?p=116955","title":{"rendered":"Beyonce agradece a Paul Mccartney: &#8216;Cada vez que canto Blackbird me siento tan honrada&#8217;"},"content":{"rendered":"\n<p>Por Redacci\u00f3n QP<\/p>\n\n\n\n<p>Beyonc\u00e9 agradeci\u00f3 a Paul McCartney por haber escrito, lo que considera, una de las mejores canciones. Este es el tema al que se refiere la famosa.<\/p>\n\n\n\n<p>Paul McCartney <strong>recibi\u00f3 recientemente un emotivo homenaje de parte de<\/strong>&nbsp;<strong>Beyonc\u00e9<\/strong>, quien no dud\u00f3 en mostrar su admiraci\u00f3n hacia \u00e9l a trav\u00e9s de sus redes sociales. La cantante reconoci\u00f3 p\u00fablicamente el impacto de uno de los temas del exmiembro de The Beatles, resaltando lo especial que fue para ella interpretar esa canci\u00f3n en su nuevo \u00e1lbum.<\/p>\n\n\n\n<p><strong>Beyonc\u00e9<\/strong>&nbsp;eligi\u00f3 Instagram como el medio para expresar su agradecimiento, y en su mensaje destac\u00f3 no solo su aprecio por la m\u00fasica,&nbsp;<strong>sino tambi\u00e9n su conexi\u00f3n con la familia<\/strong>&nbsp;<strong>McCartney<\/strong>.<\/p>\n\n\n\n<figure class=\"wp-block-image size-large\"><img loading=\"lazy\" decoding=\"async\" width=\"595\" height=\"1024\" src=\"https:\/\/quehacerpolitico.mx\/wp-content\/uploads\/2025\/06\/image-3-595x1024.jpeg\" alt=\"\" class=\"wp-image-116956\" srcset=\"https:\/\/quehacerpolitico.mx\/wp-content\/uploads\/2025\/06\/image-3-595x1024.jpeg 595w, https:\/\/quehacerpolitico.mx\/wp-content\/uploads\/2025\/06\/image-3-174x300.jpeg 174w, https:\/\/quehacerpolitico.mx\/wp-content\/uploads\/2025\/06\/image-3-768x1321.jpeg 768w, https:\/\/quehacerpolitico.mx\/wp-content\/uploads\/2025\/06\/image-3-893x1536.jpeg 893w, https:\/\/quehacerpolitico.mx\/wp-content\/uploads\/2025\/06\/image-3-1024x1762.jpeg 1024w, https:\/\/quehacerpolitico.mx\/wp-content\/uploads\/2025\/06\/image-3.jpeg 1170w\" sizes=\"auto, (max-width: 595px) 100vw, 595px\" \/><figcaption class=\"wp-element-caption\">Screenshot<\/figcaption><\/figure>\n\n\n\n<p>Con nueve fotograf\u00edas donde aparece luciendo un conjunto muy particular,&nbsp;<strong>Beyonc\u00e9 acompa\u00f1\u00f3 las im\u00e1genes con un mensaje lleno&nbsp;<\/strong>de admiraci\u00f3n para Paul McCartney por haber escrito \u201cBlackbird\u201d, la que considera una de las mejores canciones.<\/p>\n\n\n\n<p><strong>\u201cGracias, Sir Paul McCartney, por escribir una de las mejores canciones jam\u00e1s hechas. Cada vez que la canto me siento muy honrada\u201d, escribi\u00f3.<\/strong><\/p>\n\n\n\n<p>Adem\u00e1s, mencion\u00f3 la colaboraci\u00f3n de&nbsp;<strong>Stella McCartney, dise\u00f1adora e hija del m\u00fasico, diciendo:<\/strong><\/p>\n\n\n\n<p><strong>\u201cY es un momento para usar el hermoso dise\u00f1o de su hija\u201d.<\/strong><\/p>\n\n\n\n<h2 class=\"wp-block-heading\"><strong>Beyonc\u00e9<\/strong>&nbsp;interpreta &#8220;Blackbird&#8221; en su nuevo \u00e1lbum<\/h2>\n\n\n\n<p>El tema que motiv\u00f3 esta muestra de gratitud fue&nbsp;<strong>\u201cBlackbird\u201d, una canci\u00f3n de 1968 escrita por<\/strong><strong>Paul McCartney<\/strong>&nbsp;e incluida en el &#8220;\u00c1lbum Blanco&#8221; de&nbsp;<strong>T<\/strong>he Beatles.<\/p>\n\n\n\n<p>En la versi\u00f3n de<strong>&nbsp;Beyonc\u00e9, que forma parte de Cowboy Carter<\/strong>, participan tambi\u00e9n las artistas country Tanner Adell, Brittney Spencer, Reyna Roberts y Tiera Kennedy.<\/p>\n\n\n\n<figure class=\"wp-block-embed is-type-video is-provider-youtube wp-block-embed-youtube wp-embed-aspect-16-9 wp-has-aspect-ratio\"><div class=\"wp-block-embed__wrapper\">\n<iframe loading=\"lazy\" title=\"Beyonc\u00e9 - Blackbird (The Beatles) traducci\u00f3n espa\u00f1ol\" width=\"640\" height=\"360\" src=\"https:\/\/www.youtube.com\/embed\/jI4RYKJc2LM?feature=oembed\" frameborder=\"0\" allow=\"accelerometer; autoplay; clipboard-write; encrypted-media; gyroscope; picture-in-picture; web-share\" referrerpolicy=\"strict-origin-when-cross-origin\" allowfullscreen><\/iframe>\n<\/div><\/figure>\n\n\n\n<p>Este homenaje llega adem\u00e1s en el marco de los conciertos que Beyonc\u00e9 dio en Londres&nbsp;<strong>e incluso coincide con el cumplea\u00f1os de Paul McCartney.<\/strong><\/p>\n\n\n\n<h2 class=\"wp-block-heading\"><strong>Paul McCartney<\/strong>&nbsp;responde con emoci\u00f3n a la versi\u00f3n de&nbsp;<strong>Beyonc\u00e9<\/strong><\/h2>\n\n\n\n<p>La reacci\u00f3n del autor original de&nbsp;<strong>&#8220;Blackbird&#8221; no se hizo esperar. A trav\u00e9s de una publicaci\u00f3n en Instagram<\/strong>, Paul McCartney expres\u00f3 su agradecimiento por la interpretaci\u00f3n que Beyonc\u00e9 hizo de su canci\u00f3n.<\/p>\n\n\n\n<figure class=\"wp-block-image size-full\"><img loading=\"lazy\" decoding=\"async\" width=\"469\" height=\"653\" src=\"https:\/\/quehacerpolitico.mx\/wp-content\/uploads\/2025\/06\/image-4.jpeg\" alt=\"\" class=\"wp-image-116958\" srcset=\"https:\/\/quehacerpolitico.mx\/wp-content\/uploads\/2025\/06\/image-4.jpeg 469w, https:\/\/quehacerpolitico.mx\/wp-content\/uploads\/2025\/06\/image-4-215x300.jpeg 215w\" sizes=\"auto, (max-width: 469px) 100vw, 469px\" \/><\/figure>\n\n\n\n<p>En abril de 2024,<strong>&nbsp;el m\u00fasico comparti\u00f3 una imagen junto a la cantante y escribi\u00f3&nbsp;<\/strong>un mensaje donde dej\u00f3 ver lo importante que es para \u00e9l el significado de este tema.<\/p>\n\n\n\n<p><strong>\u201cEstoy muy contento con la versi\u00f3n de Beyonc\u00e9 de mi canci\u00f3n Blackbird. Creo que hace una versi\u00f3n magn\u00edfica y refuerza el mensaje de los derechos civiles que me inspiraron a escribir la canci\u00f3n. Creo que Beyonc\u00e9 ha hecho una versi\u00f3n fabulosa y animo a cualquiera que a\u00fan no la haya escuchado a que la escuche. \u00a1Les va a encantar!\u201d.<\/strong><\/p>\n\n\n\n<figure class=\"wp-block-embed is-type-video is-provider-youtube wp-block-embed-youtube wp-embed-aspect-16-9 wp-has-aspect-ratio\"><div class=\"wp-block-embed__wrapper\">\n<iframe loading=\"lazy\" title=\"Paul McCartney Blackbird [HD 1080p] (Good Evening New York City)\" width=\"640\" height=\"360\" src=\"https:\/\/www.youtube.com\/embed\/1MVMkRZ_Ajc?feature=oembed\" frameborder=\"0\" allow=\"accelerometer; autoplay; clipboard-write; encrypted-media; gyroscope; picture-in-picture; web-share\" referrerpolicy=\"strict-origin-when-cross-origin\" allowfullscreen><\/iframe>\n<\/div><\/figure>\n","protected":false},"excerpt":{"rendered":"<p>Por Redacci\u00f3n QP Beyonc\u00e9 agradeci\u00f3 a Paul McCartney por haber escrito, lo que considera, una&#8230;<\/p>\n","protected":false},"author":2,"featured_media":116957,"comment_status":"open","ping_status":"open","sticky":false,"template":"","format":"standard","meta":{"_monsterinsights_skip_tracking":false,"_monsterinsights_sitenote_active":false,"_monsterinsights_sitenote_note":"","_monsterinsights_sitenote_category":0,"footnotes":""},"categories":[58],"tags":[],"class_list":["post-116955","post","type-post","status-publish","format-standard","has-post-thumbnail","hentry","category-cultura"],"yoast_head":"<!-- This site is optimized with the Yoast SEO plugin v27.3 - https:\/\/yoast.com\/product\/yoast-seo-wordpress\/ -->\n<title>Beyonce agradece a Paul Mccartney: &#039;Cada vez que canto Blackbird me siento tan honrada&#039; -<\/title>\n<meta name=\"robots\" content=\"index, follow, max-snippet:-1, max-image-preview:large, max-video-preview:-1\" \/>\n<link rel=\"canonical\" href=\"https:\/\/quehacerpolitico.mx\/?p=116955\" \/>\n<meta property=\"og:locale\" content=\"es_MX\" \/>\n<meta property=\"og:type\" content=\"article\" \/>\n<meta property=\"og:title\" content=\"Beyonce agradece a Paul Mccartney: &#039;Cada vez que canto Blackbird me siento tan honrada&#039; -\" \/>\n<meta property=\"og:description\" content=\"Por Redacci\u00f3n QP Beyonc\u00e9 agradeci\u00f3 a Paul McCartney por haber escrito, lo que considera, una...\" \/>\n<meta property=\"og:url\" content=\"https:\/\/quehacerpolitico.mx\/?p=116955\" \/>\n<meta property=\"article:published_time\" content=\"2025-06-18T19:10:04+00:00\" \/>\n<meta property=\"article:modified_time\" content=\"2025-06-18T19:10:07+00:00\" \/>\n<meta property=\"og:image\" content=\"https:\/\/quehacerpolitico.mx\/wp-content\/uploads\/2025\/06\/IMG_0869.jpeg\" \/>\n\t<meta property=\"og:image:width\" content=\"425\" \/>\n\t<meta property=\"og:image:height\" content=\"238\" \/>\n\t<meta property=\"og:image:type\" content=\"image\/jpeg\" \/>\n<meta name=\"author\" content=\"Redacci\u00f3n QP\" \/>\n<meta name=\"twitter:card\" content=\"summary_large_image\" \/>\n<meta name=\"twitter:label1\" content=\"Escrito por\" \/>\n\t<meta name=\"twitter:data1\" content=\"Redacci\u00f3n QP\" \/>\n\t<meta name=\"twitter:label2\" content=\"Tiempo de lectura\" \/>\n\t<meta name=\"twitter:data2\" content=\"2 minutos\" \/>\n<script type=\"application\/ld+json\" class=\"yoast-schema-graph\">{\"@context\":\"https:\\\/\\\/schema.org\",\"@graph\":[{\"@type\":\"Article\",\"@id\":\"https:\\\/\\\/quehacerpolitico.mx\\\/?p=116955#article\",\"isPartOf\":{\"@id\":\"https:\\\/\\\/quehacerpolitico.mx\\\/?p=116955\"},\"author\":{\"name\":\"Redacci\u00f3n QP\",\"@id\":\"https:\\\/\\\/quehacerpolitico.mx\\\/#\\\/schema\\\/person\\\/496d8ad2d1d3f8036101dca7ee39e585\"},\"headline\":\"Beyonce agradece a Paul Mccartney: &#8216;Cada vez que canto Blackbird me siento tan honrada&#8217;\",\"datePublished\":\"2025-06-18T19:10:04+00:00\",\"dateModified\":\"2025-06-18T19:10:07+00:00\",\"mainEntityOfPage\":{\"@id\":\"https:\\\/\\\/quehacerpolitico.mx\\\/?p=116955\"},\"wordCount\":499,\"commentCount\":0,\"image\":{\"@id\":\"https:\\\/\\\/quehacerpolitico.mx\\\/?p=116955#primaryimage\"},\"thumbnailUrl\":\"https:\\\/\\\/quehacerpolitico.mx\\\/wp-content\\\/uploads\\\/2025\\\/06\\\/IMG_0869.jpeg\",\"articleSection\":[\"Cultura y Entretenimiento\"],\"inLanguage\":\"es\",\"potentialAction\":[{\"@type\":\"CommentAction\",\"name\":\"Comment\",\"target\":[\"https:\\\/\\\/quehacerpolitico.mx\\\/?p=116955#respond\"]}]},{\"@type\":\"WebPage\",\"@id\":\"https:\\\/\\\/quehacerpolitico.mx\\\/?p=116955\",\"url\":\"https:\\\/\\\/quehacerpolitico.mx\\\/?p=116955\",\"name\":\"Beyonce agradece a Paul Mccartney: 'Cada vez que canto Blackbird me siento tan honrada' -\",\"isPartOf\":{\"@id\":\"https:\\\/\\\/quehacerpolitico.mx\\\/#website\"},\"primaryImageOfPage\":{\"@id\":\"https:\\\/\\\/quehacerpolitico.mx\\\/?p=116955#primaryimage\"},\"image\":{\"@id\":\"https:\\\/\\\/quehacerpolitico.mx\\\/?p=116955#primaryimage\"},\"thumbnailUrl\":\"https:\\\/\\\/quehacerpolitico.mx\\\/wp-content\\\/uploads\\\/2025\\\/06\\\/IMG_0869.jpeg\",\"datePublished\":\"2025-06-18T19:10:04+00:00\",\"dateModified\":\"2025-06-18T19:10:07+00:00\",\"author\":{\"@id\":\"https:\\\/\\\/quehacerpolitico.mx\\\/#\\\/schema\\\/person\\\/496d8ad2d1d3f8036101dca7ee39e585\"},\"breadcrumb\":{\"@id\":\"https:\\\/\\\/quehacerpolitico.mx\\\/?p=116955#breadcrumb\"},\"inLanguage\":\"es\",\"potentialAction\":[{\"@type\":\"ReadAction\",\"target\":[\"https:\\\/\\\/quehacerpolitico.mx\\\/?p=116955\"]}]},{\"@type\":\"ImageObject\",\"inLanguage\":\"es\",\"@id\":\"https:\\\/\\\/quehacerpolitico.mx\\\/?p=116955#primaryimage\",\"url\":\"https:\\\/\\\/quehacerpolitico.mx\\\/wp-content\\\/uploads\\\/2025\\\/06\\\/IMG_0869.jpeg\",\"contentUrl\":\"https:\\\/\\\/quehacerpolitico.mx\\\/wp-content\\\/uploads\\\/2025\\\/06\\\/IMG_0869.jpeg\",\"width\":425,\"height\":238},{\"@type\":\"BreadcrumbList\",\"@id\":\"https:\\\/\\\/quehacerpolitico.mx\\\/?p=116955#breadcrumb\",\"itemListElement\":[{\"@type\":\"ListItem\",\"position\":1,\"name\":\"Inicio\",\"item\":\"https:\\\/\\\/quehacerpolitico.mx\\\/\"},{\"@type\":\"ListItem\",\"position\":2,\"name\":\"Beyonce agradece a Paul Mccartney: &#8216;Cada vez que canto Blackbird me siento tan honrada&#8217;\"}]},{\"@type\":\"WebSite\",\"@id\":\"https:\\\/\\\/quehacerpolitico.mx\\\/#website\",\"url\":\"https:\\\/\\\/quehacerpolitico.mx\\\/\",\"name\":\"\",\"description\":\"\",\"potentialAction\":[{\"@type\":\"SearchAction\",\"target\":{\"@type\":\"EntryPoint\",\"urlTemplate\":\"https:\\\/\\\/quehacerpolitico.mx\\\/?s={search_term_string}\"},\"query-input\":{\"@type\":\"PropertyValueSpecification\",\"valueRequired\":true,\"valueName\":\"search_term_string\"}}],\"inLanguage\":\"es\"},{\"@type\":\"Person\",\"@id\":\"https:\\\/\\\/quehacerpolitico.mx\\\/#\\\/schema\\\/person\\\/496d8ad2d1d3f8036101dca7ee39e585\",\"name\":\"Redacci\u00f3n QP\",\"image\":{\"@type\":\"ImageObject\",\"inLanguage\":\"es\",\"@id\":\"https:\\\/\\\/secure.gravatar.com\\\/avatar\\\/c7164ed6fdec453195284ad24a5ae5b6e1eed2b848477fa2a4787ba9adf39a41?s=96&d=mm&r=g\",\"url\":\"https:\\\/\\\/secure.gravatar.com\\\/avatar\\\/c7164ed6fdec453195284ad24a5ae5b6e1eed2b848477fa2a4787ba9adf39a41?s=96&d=mm&r=g\",\"contentUrl\":\"https:\\\/\\\/secure.gravatar.com\\\/avatar\\\/c7164ed6fdec453195284ad24a5ae5b6e1eed2b848477fa2a4787ba9adf39a41?s=96&d=mm&r=g\",\"caption\":\"Redacci\u00f3n QP\"},\"url\":\"https:\\\/\\\/quehacerpolitico.mx\\\/?author=2\"}]}<\/script>\n<!-- \/ Yoast SEO plugin. -->","yoast_head_json":{"title":"Beyonce agradece a Paul Mccartney: 'Cada vez que canto Blackbird me siento tan honrada' -","robots":{"index":"index","follow":"follow","max-snippet":"max-snippet:-1","max-image-preview":"max-image-preview:large","max-video-preview":"max-video-preview:-1"},"canonical":"https:\/\/quehacerpolitico.mx\/?p=116955","og_locale":"es_MX","og_type":"article","og_title":"Beyonce agradece a Paul Mccartney: 'Cada vez que canto Blackbird me siento tan honrada' -","og_description":"Por Redacci\u00f3n QP Beyonc\u00e9 agradeci\u00f3 a Paul McCartney por haber escrito, lo que considera, una...","og_url":"https:\/\/quehacerpolitico.mx\/?p=116955","article_published_time":"2025-06-18T19:10:04+00:00","article_modified_time":"2025-06-18T19:10:07+00:00","og_image":[{"width":425,"height":238,"url":"https:\/\/quehacerpolitico.mx\/wp-content\/uploads\/2025\/06\/IMG_0869.jpeg","type":"image\/jpeg"}],"author":"Redacci\u00f3n QP","twitter_card":"summary_large_image","twitter_misc":{"Escrito por":"Redacci\u00f3n QP","Tiempo de lectura":"2 minutos"},"schema":{"@context":"https:\/\/schema.org","@graph":[{"@type":"Article","@id":"https:\/\/quehacerpolitico.mx\/?p=116955#article","isPartOf":{"@id":"https:\/\/quehacerpolitico.mx\/?p=116955"},"author":{"name":"Redacci\u00f3n QP","@id":"https:\/\/quehacerpolitico.mx\/#\/schema\/person\/496d8ad2d1d3f8036101dca7ee39e585"},"headline":"Beyonce agradece a Paul Mccartney: &#8216;Cada vez que canto Blackbird me siento tan honrada&#8217;","datePublished":"2025-06-18T19:10:04+00:00","dateModified":"2025-06-18T19:10:07+00:00","mainEntityOfPage":{"@id":"https:\/\/quehacerpolitico.mx\/?p=116955"},"wordCount":499,"commentCount":0,"image":{"@id":"https:\/\/quehacerpolitico.mx\/?p=116955#primaryimage"},"thumbnailUrl":"https:\/\/quehacerpolitico.mx\/wp-content\/uploads\/2025\/06\/IMG_0869.jpeg","articleSection":["Cultura y Entretenimiento"],"inLanguage":"es","potentialAction":[{"@type":"CommentAction","name":"Comment","target":["https:\/\/quehacerpolitico.mx\/?p=116955#respond"]}]},{"@type":"WebPage","@id":"https:\/\/quehacerpolitico.mx\/?p=116955","url":"https:\/\/quehacerpolitico.mx\/?p=116955","name":"Beyonce agradece a Paul Mccartney: 'Cada vez que canto Blackbird me siento tan honrada' -","isPartOf":{"@id":"https:\/\/quehacerpolitico.mx\/#website"},"primaryImageOfPage":{"@id":"https:\/\/quehacerpolitico.mx\/?p=116955#primaryimage"},"image":{"@id":"https:\/\/quehacerpolitico.mx\/?p=116955#primaryimage"},"thumbnailUrl":"https:\/\/quehacerpolitico.mx\/wp-content\/uploads\/2025\/06\/IMG_0869.jpeg","datePublished":"2025-06-18T19:10:04+00:00","dateModified":"2025-06-18T19:10:07+00:00","author":{"@id":"https:\/\/quehacerpolitico.mx\/#\/schema\/person\/496d8ad2d1d3f8036101dca7ee39e585"},"breadcrumb":{"@id":"https:\/\/quehacerpolitico.mx\/?p=116955#breadcrumb"},"inLanguage":"es","potentialAction":[{"@type":"ReadAction","target":["https:\/\/quehacerpolitico.mx\/?p=116955"]}]},{"@type":"ImageObject","inLanguage":"es","@id":"https:\/\/quehacerpolitico.mx\/?p=116955#primaryimage","url":"https:\/\/quehacerpolitico.mx\/wp-content\/uploads\/2025\/06\/IMG_0869.jpeg","contentUrl":"https:\/\/quehacerpolitico.mx\/wp-content\/uploads\/2025\/06\/IMG_0869.jpeg","width":425,"height":238},{"@type":"BreadcrumbList","@id":"https:\/\/quehacerpolitico.mx\/?p=116955#breadcrumb","itemListElement":[{"@type":"ListItem","position":1,"name":"Inicio","item":"https:\/\/quehacerpolitico.mx\/"},{"@type":"ListItem","position":2,"name":"Beyonce agradece a Paul Mccartney: &#8216;Cada vez que canto Blackbird me siento tan honrada&#8217;"}]},{"@type":"WebSite","@id":"https:\/\/quehacerpolitico.mx\/#website","url":"https:\/\/quehacerpolitico.mx\/","name":"","description":"","potentialAction":[{"@type":"SearchAction","target":{"@type":"EntryPoint","urlTemplate":"https:\/\/quehacerpolitico.mx\/?s={search_term_string}"},"query-input":{"@type":"PropertyValueSpecification","valueRequired":true,"valueName":"search_term_string"}}],"inLanguage":"es"},{"@type":"Person","@id":"https:\/\/quehacerpolitico.mx\/#\/schema\/person\/496d8ad2d1d3f8036101dca7ee39e585","name":"Redacci\u00f3n QP","image":{"@type":"ImageObject","inLanguage":"es","@id":"https:\/\/secure.gravatar.com\/avatar\/c7164ed6fdec453195284ad24a5ae5b6e1eed2b848477fa2a4787ba9adf39a41?s=96&d=mm&r=g","url":"https:\/\/secure.gravatar.com\/avatar\/c7164ed6fdec453195284ad24a5ae5b6e1eed2b848477fa2a4787ba9adf39a41?s=96&d=mm&r=g","contentUrl":"https:\/\/secure.gravatar.com\/avatar\/c7164ed6fdec453195284ad24a5ae5b6e1eed2b848477fa2a4787ba9adf39a41?s=96&d=mm&r=g","caption":"Redacci\u00f3n QP"},"url":"https:\/\/quehacerpolitico.mx\/?author=2"}]}},"featured_image_urls":{"full":["https:\/\/quehacerpolitico.mx\/wp-content\/uploads\/2025\/06\/IMG_0869.jpeg",425,238,false],"thumbnail":["https:\/\/quehacerpolitico.mx\/wp-content\/uploads\/2025\/06\/IMG_0869-150x150.jpeg",150,150,true],"medium":["https:\/\/quehacerpolitico.mx\/wp-content\/uploads\/2025\/06\/IMG_0869-300x168.jpeg",300,168,true],"medium_large":["https:\/\/quehacerpolitico.mx\/wp-content\/uploads\/2025\/06\/IMG_0869.jpeg",425,238,false],"large":["https:\/\/quehacerpolitico.mx\/wp-content\/uploads\/2025\/06\/IMG_0869.jpeg",425,238,false],"1536x1536":["https:\/\/quehacerpolitico.mx\/wp-content\/uploads\/2025\/06\/IMG_0869.jpeg",425,238,false],"2048x2048":["https:\/\/quehacerpolitico.mx\/wp-content\/uploads\/2025\/06\/IMG_0869.jpeg",425,238,false],"covernews-featured":["https:\/\/quehacerpolitico.mx\/wp-content\/uploads\/2025\/06\/IMG_0869.jpeg",425,238,false],"covernews-medium":["https:\/\/quehacerpolitico.mx\/wp-content\/uploads\/2025\/06\/IMG_0869.jpeg",425,238,false]},"author_info":{"display_name":"Redacci\u00f3n QP","author_link":"https:\/\/quehacerpolitico.mx\/?author=2"},"category_info":"<a href=\"https:\/\/quehacerpolitico.mx\/?cat=58\" rel=\"category\">Cultura y Entretenimiento<\/a>","tag_info":"Cultura y Entretenimiento","comment_count":"0","_links":{"self":[{"href":"https:\/\/quehacerpolitico.mx\/index.php?rest_route=\/wp\/v2\/posts\/116955","targetHints":{"allow":["GET"]}}],"collection":[{"href":"https:\/\/quehacerpolitico.mx\/index.php?rest_route=\/wp\/v2\/posts"}],"about":[{"href":"https:\/\/quehacerpolitico.mx\/index.php?rest_route=\/wp\/v2\/types\/post"}],"author":[{"embeddable":true,"href":"https:\/\/quehacerpolitico.mx\/index.php?rest_route=\/wp\/v2\/users\/2"}],"replies":[{"embeddable":true,"href":"https:\/\/quehacerpolitico.mx\/index.php?rest_route=%2Fwp%2Fv2%2Fcomments&post=116955"}],"version-history":[{"count":1,"href":"https:\/\/quehacerpolitico.mx\/index.php?rest_route=\/wp\/v2\/posts\/116955\/revisions"}],"predecessor-version":[{"id":116959,"href":"https:\/\/quehacerpolitico.mx\/index.php?rest_route=\/wp\/v2\/posts\/116955\/revisions\/116959"}],"wp:featuredmedia":[{"embeddable":true,"href":"https:\/\/quehacerpolitico.mx\/index.php?rest_route=\/wp\/v2\/media\/116957"}],"wp:attachment":[{"href":"https:\/\/quehacerpolitico.mx\/index.php?rest_route=%2Fwp%2Fv2%2Fmedia&parent=116955"}],"wp:term":[{"taxonomy":"category","embeddable":true,"href":"https:\/\/quehacerpolitico.mx\/index.php?rest_route=%2Fwp%2Fv2%2Fcategories&post=116955"},{"taxonomy":"post_tag","embeddable":true,"href":"https:\/\/quehacerpolitico.mx\/index.php?rest_route=%2Fwp%2Fv2%2Ftags&post=116955"}],"curies":[{"name":"wp","href":"https:\/\/api.w.org\/{rel}","templated":true}]}}