{"id":116949,"date":"2025-06-18T12:01:24","date_gmt":"2025-06-18T18:01:24","guid":{"rendered":"https:\/\/quehacerpolitico.mx\/?p=116949"},"modified":"2025-06-18T12:01:26","modified_gmt":"2025-06-18T18:01:26","slug":"las-marchas-y-manifestaciones-que-te-desquiciaran-hoy-18-de-junio-en-la-cdmx","status":"publish","type":"post","link":"https:\/\/quehacerpolitico.mx\/?p=116949","title":{"rendered":"Las Marchas y manifestaciones que te desquiciaran hoy 18 de junio en la CDMX"},"content":{"rendered":"\n<p>Por Redacci\u00f3n QP<\/p>\n\n\n\n<p>Ante las movilizaciones y protestas de hoy, el Centro de Orientaci\u00f3n Vial de la Secretar\u00eda de Seguridad Ciudadana han anunciado algunas alternativas viales<\/p>\n\n\n\n<p>Este mi\u00e9rcoles, la&nbsp;<mark>Secretar\u00eda de Seguridad Ciudadana (SSC)<\/mark>, dio a conocer&nbsp;<strong>la agenda de movilizaciones y manifestaciones<\/strong>&nbsp;que se esperan para este d\u00eda en la&nbsp;<mark>Ciudad de M\u00e9xico<\/mark>.<\/p>\n\n\n\n<figure class=\"wp-block-embed is-type-rich is-provider-twitter wp-block-embed-twitter\"><div class=\"wp-block-embed__wrapper\">\n<blockquote class=\"twitter-tweet\" data-width=\"550\" data-dnt=\"true\"><p lang=\"es\" dir=\"ltr\">\u26a0\ud83d\uddd3 <a href=\"https:\/\/twitter.com\/hashtag\/ENT%C3%89RATE?src=hash&amp;ref_src=twsrc%5Etfw\">#ENT\u00c9RATE<\/a> | Para hoy, 18 de junio 2025, estas son las movilizaciones sociales previstas en la Ciudad de M\u00e9xico. <a href=\"https:\/\/twitter.com\/hashtag\/C5ConConfianza?src=hash&amp;ref_src=twsrc%5Etfw\">#C5ConConfianza<\/a> <a href=\"https:\/\/twitter.com\/hashtag\/MovilidadCDMX?src=hash&amp;ref_src=twsrc%5Etfw\">#MovilidadCDMX<\/a> <a href=\"https:\/\/twitter.com\/hashtag\/C5OjosDeLaCDMX?src=hash&amp;ref_src=twsrc%5Etfw\">#C5OjosDeLaCDMX<\/a> \ud83d\udc40 <a href=\"https:\/\/twitter.com\/hashtag\/C5Coraz%C3%B3nDeLaCDMX?src=hash&amp;ref_src=twsrc%5Etfw\">#C5Coraz\u00f3nDeLaCDMX<\/a> <a href=\"https:\/\/t.co\/h4xX0zzZgm\">pic.twitter.com\/h4xX0zzZgm<\/a><\/p>&mdash; C5 CDMX (@C5_CDMX) <a href=\"https:\/\/twitter.com\/C5_CDMX\/status\/1935298662017679665?ref_src=twsrc%5Etfw\">June 18, 2025<\/a><\/blockquote><script async src=\"https:\/\/platform.twitter.com\/widgets.js\" charset=\"utf-8\"><\/script>\n<\/div><\/figure>\n\n\n\n<p>La SSC llam\u00f3 a los habitantes de la capital a tomar sus precauciones y estar al tanto de las rutas de las y los manifestantes para que no afecten en sus caminos.<\/p>\n\n\n\n<figure class=\"wp-block-embed is-type-rich is-provider-twitter wp-block-embed-twitter\"><div class=\"wp-block-embed__wrapper\">\n<blockquote class=\"twitter-tweet\" data-width=\"550\" data-dnt=\"true\"><p lang=\"es\" dir=\"ltr\">\u26d4\ufe0f Bloqueo sobre Circuito Interior al norte y Paseo de la Reforma, colonia Ju\u00e1rez, <a href=\"https:\/\/twitter.com\/AlcCuauhtemocMx?ref_src=twsrc%5Etfw\">@AlcCuauhtemocMx<\/a>.<br><br>\ud83d\udd00Alternativa vial:  Calz. Chivatito y Av. Insurgentes. <a href=\"https:\/\/twitter.com\/hashtag\/MovilidadCDMX?src=hash&amp;ref_src=twsrc%5Etfw\">#MovilidadCDMX<\/a><a href=\"https:\/\/twitter.com\/hashtag\/C5conConfianza?src=hash&amp;ref_src=twsrc%5Etfw\">#C5conConfianza<\/a> <a href=\"https:\/\/twitter.com\/hashtag\/C5OjosDeLaCDMX?src=hash&amp;ref_src=twsrc%5Etfw\">#C5OjosDeLaCDMX<\/a> <a href=\"https:\/\/t.co\/irfpSKBAMW\">pic.twitter.com\/irfpSKBAMW<\/a><\/p>&mdash; C5 CDMX (@C5_CDMX) <a href=\"https:\/\/twitter.com\/C5_CDMX\/status\/1935396496087859264?ref_src=twsrc%5Etfw\">June 18, 2025<\/a><\/blockquote><script async src=\"https:\/\/platform.twitter.com\/widgets.js\" charset=\"utf-8\"><\/script>\n<\/div><\/figure>\n\n\n\n<h3 class=\"wp-block-heading\">\u00bfA qu\u00e9 hora y en d\u00f3nde habr\u00e1 marchas este mi\u00e9rcoles 18 de junio?<\/h3>\n\n\n\n<p><mark><strong>Activistas defensoras de los Derechos de los Animales<\/strong><\/mark><\/p>\n\n\n\n<p><strong>Hora<\/strong>: 12:00 horas<\/p>\n\n\n\n<p><strong>Lugar:<\/strong>&nbsp;Secretar\u00eda de Medio Ambiente y Recursos Naturales (SEMARNAT) Avenida Ej\u00e9rcito Nacional Mexicano No. 223, Col. An\u00e1huac I Secci\u00f3n, Alcald\u00eda Miguel Hidalgo.<\/p>\n\n\n\n<p><mark><strong>ARGMEX en defensa de la democracia<\/strong><\/mark><\/p>\n\n\n\n<p><strong>Hora<\/strong>: 12:00 horas<\/p>\n\n\n\n<p><strong>Lugar<\/strong>: Consulado General de la Rep\u00fablica Argentina en Avenida Paseo de la Reforma No. 373, Col. Centro, Alcald\u00eda Cuauht\u00e9moc<\/p>\n\n\n\n<p><mark><strong>Secci\u00f3n 9 de la CNTE<\/strong><\/mark><\/p>\n\n\n\n<p><strong>Hora<\/strong>: 12:45 horas<\/p>\n\n\n\n<p><strong>Lugar<\/strong>: 16 Alcald\u00edas<\/p>\n\n\n\n<p><mark><strong>Trabajadores de la Junta Federal<\/strong><\/mark><\/p>\n\n\n\n<p><strong>Hora<\/strong>: 11:00 horas<\/p>\n\n\n\n<p><strong>Lugar:&nbsp;<\/strong>Secretar\u00eda del Trabajo y Previsi\u00f3n Social en Boulevard Adolfo L\u00f3pez Mateos No. 1968, Col. Los Alpes, Alcald\u00eda \u00c1lvaro Obreg\u00f3n<\/p>\n\n\n\n<p><mark><strong>Trabajadores del Poder Judicial de la Ciudad de M\u00e9xico<\/strong><\/mark><\/p>\n\n\n\n<p><strong>Hora<\/strong>: 12:00 horas<\/p>\n\n\n\n<p><strong>Lugar<\/strong>: Edificio de Gobierno Plaza de la Constituci\u00f3n No. 2, Col. Centro Hist\u00f3rico, Alcald\u00eda Cuauht\u00e9moc<\/p>\n\n\n\n<h3 class=\"wp-block-heading\">Alternativas viales en CDMX<\/h3>\n\n\n\n<p>El&nbsp;<mark>Centro de Orientaci\u00f3n Vial (OVIAL)<\/mark>&nbsp;de la&nbsp;<mark>Secretar\u00eda de Seguridad Ciudadana (SSC)<\/mark>&nbsp;han anunciado algunas alternativas viales.<\/p>\n\n\n\n<p>Por trabajos de mantenimiento en la L\u00ednea 1 del Metro, se implementan desv\u00edos en Av. Arcos de Bel\u00e9n desde Dr. Andrade hasta Balderas en la alcald\u00eda Cuauht\u00e9moc.<\/p>\n\n\n\n<p>OVIAL recomienda tomar como alternativas viales:<\/p>\n\n\n\n<ul class=\"wp-block-list\">\n<li>Avenida Hidalgo<\/li>\n\n\n\n<li>Avenida Ju\u00e1rez<\/li>\n\n\n\n<li>Eje 1 Poniente<\/li>\n\n\n\n<li>Doctor R\u00edo de la Loza<\/li>\n\n\n\n<li>Cluadio Bernard<\/li>\n\n\n\n<li>Eje Central L\u00e1zaro C\u00e1rdenas<\/li>\n<\/ul>\n\n\n\n<p>Por movilizaci\u00f3n de servicios de emergencia que se dirigen hacia Avenida Francisco Moraz\u00e1n y Sierra Madre Oriental, colonia Pradera 1ra. Secci\u00f3n, alcald\u00eda Gustavo A. Madero, por volcadura.<\/p>\n\n\n\n<p>Se recomienda transitar por:&nbsp;<\/p>\n\n\n\n<ul class=\"wp-block-list\">\n<li>Av. 412 y Av. de los Pinos<\/li>\n<\/ul>\n\n\n\n<p>Cierre de carriles en Av. Amatl\u00e1n desde Campeche hasta Alfonso Reyes, col Hip\u00f3dromo Condesa<\/p>\n\n\n\n<ul class=\"wp-block-list\">\n<li>Av. Tamaulipas<\/li>\n<\/ul>\n\n\n\n<p>Afectada la circulaci\u00f3n en Calz. Minas de Arena a partir de Av. R\u00edo Tacubaya hasta Av. de las Torres, por obras<\/p>\n\n\n\n<ul class=\"wp-block-list\">\n<li>Av. Observatorio y Camino Real a Toluca<\/li>\n<\/ul>\n\n\n\n<p>Cierre de carriles en Av. Santa \u00darsula desde San Guillermo hasta San Isauro con direcci\u00f3n al Oriente<\/p>\n\n\n\n<ul class=\"wp-block-list\">\n<li>San Jorge<\/li>\n<\/ul>\n\n\n\n<p>Cierre de carriles en calle Zapotecas entre Rey Nezahualc\u00f3yotl y Reyna Ixtlix\u00f3chitl, col. Ajusco<\/p>\n\n\n\n<ul class=\"wp-block-list\">\n<li>Av. Aztecas<\/li>\n<\/ul>\n\n\n\n<p>Cierre de carriles en calle Illinois desde Maximino \u00c1vila Camacho hasta Eje 5 Sur<\/p>\n\n\n\n<ul class=\"wp-block-list\">\n<li>Calle Carolina<\/li>\n<\/ul>\n\n\n\n<p>Cierre de carriles en Jos\u00e9 Mar\u00eda Roa B\u00e1rcenas desde calle 5 de Febrero hacia Calz. San Antonio Abad<\/p>\n\n\n\n<ul class=\"wp-block-list\">\n<li>Juan A. Mateos<\/li>\n<\/ul>\n\n\n\n<p>Cierre de carriles en Sierra Madre entre Montes Escandinavos y Monte Alt\u00e1i, col. Lomas de Chapultepec<\/p>\n\n\n\n<ul class=\"wp-block-list\">\n<li>Paseo de la Reforma<\/li>\n<\/ul>\n\n\n\n<p>Cierre de carriles en calle Progreso desde Moctezuma hasta Malintzin, col. Arag\u00f3n La Villa<\/p>\n\n\n\n<ul class=\"wp-block-list\">\n<li>Fausto Romero<\/li>\n<\/ul>\n\n\n\n<p>Cierre de carriles en el cuerpo izquierdo de Av. Arcos de Bel\u00e9n desde Eje Central L\u00e1zaro C\u00e1rdenas hacia Av. Ni\u00f1os H\u00e9roes<\/p>\n\n\n\n<ul class=\"wp-block-list\">\n<li>Victoria<\/li>\n<\/ul>\n\n\n\n<p>Cierre de carriles en Viaducto Miguel Alem\u00e1n desde Dr. Jos\u00e9 Mar\u00eda V\u00e9rtiz hacia el Eje 4 Sur con direcci\u00f3n al Poniente<\/p>\n\n\n\n<ul class=\"wp-block-list\">\n<li>Eje 3 Sur<\/li>\n<\/ul>\n\n\n\n<p>Cierre de carriles en Eje 7-A Sur desde Eje 1 Poniente hacia calle 5 de Mayo con direcci\u00f3n al Poniente<\/p>\n\n\n\n<ul class=\"wp-block-list\">\n<li>Municipio Libre<\/li>\n<\/ul>\n","protected":false},"excerpt":{"rendered":"<p>Por Redacci\u00f3n QP Ante las movilizaciones y protestas de hoy, el Centro de Orientaci\u00f3n Vial&#8230;<\/p>\n","protected":false},"author":2,"featured_media":116950,"comment_status":"open","ping_status":"open","sticky":false,"template":"","format":"standard","meta":{"_monsterinsights_skip_tracking":false,"_monsterinsights_sitenote_active":false,"_monsterinsights_sitenote_note":"","_monsterinsights_sitenote_category":0,"footnotes":""},"categories":[55],"tags":[],"class_list":["post-116949","post","type-post","status-publish","format-standard","has-post-thumbnail","hentry","category-cdmx"],"yoast_head":"<!-- This site is optimized with the Yoast SEO plugin v27.3 - https:\/\/yoast.com\/product\/yoast-seo-wordpress\/ -->\n<title>Las Marchas y manifestaciones que te desquiciaran hoy 18 de junio en la CDMX -<\/title>\n<meta name=\"robots\" content=\"index, follow, max-snippet:-1, max-image-preview:large, max-video-preview:-1\" \/>\n<link rel=\"canonical\" href=\"https:\/\/quehacerpolitico.mx\/?p=116949\" \/>\n<meta property=\"og:locale\" content=\"es_MX\" \/>\n<meta property=\"og:type\" content=\"article\" \/>\n<meta property=\"og:title\" content=\"Las Marchas y manifestaciones que te desquiciaran hoy 18 de junio en la CDMX -\" \/>\n<meta property=\"og:description\" content=\"Por Redacci\u00f3n QP Ante las movilizaciones y protestas de hoy, el Centro de Orientaci\u00f3n Vial...\" \/>\n<meta property=\"og:url\" content=\"https:\/\/quehacerpolitico.mx\/?p=116949\" \/>\n<meta property=\"article:published_time\" content=\"2025-06-18T18:01:24+00:00\" \/>\n<meta property=\"article:modified_time\" content=\"2025-06-18T18:01:26+00:00\" \/>\n<meta property=\"og:image\" content=\"https:\/\/quehacerpolitico.mx\/wp-content\/uploads\/2025\/06\/IMG_0864.jpeg\" \/>\n\t<meta property=\"og:image:width\" content=\"739\" \/>\n\t<meta property=\"og:image:height\" content=\"415\" \/>\n\t<meta property=\"og:image:type\" content=\"image\/jpeg\" \/>\n<meta name=\"author\" content=\"Redacci\u00f3n QP\" \/>\n<meta name=\"twitter:card\" content=\"summary_large_image\" \/>\n<meta name=\"twitter:label1\" content=\"Escrito por\" \/>\n\t<meta name=\"twitter:data1\" content=\"Redacci\u00f3n QP\" \/>\n\t<meta name=\"twitter:label2\" content=\"Tiempo de lectura\" \/>\n\t<meta name=\"twitter:data2\" content=\"3 minutos\" \/>\n<script type=\"application\/ld+json\" class=\"yoast-schema-graph\">{\"@context\":\"https:\\\/\\\/schema.org\",\"@graph\":[{\"@type\":\"Article\",\"@id\":\"https:\\\/\\\/quehacerpolitico.mx\\\/?p=116949#article\",\"isPartOf\":{\"@id\":\"https:\\\/\\\/quehacerpolitico.mx\\\/?p=116949\"},\"author\":{\"name\":\"Redacci\u00f3n QP\",\"@id\":\"https:\\\/\\\/quehacerpolitico.mx\\\/#\\\/schema\\\/person\\\/496d8ad2d1d3f8036101dca7ee39e585\"},\"headline\":\"Las Marchas y manifestaciones que te desquiciaran hoy 18 de junio en la CDMX\",\"datePublished\":\"2025-06-18T18:01:24+00:00\",\"dateModified\":\"2025-06-18T18:01:26+00:00\",\"mainEntityOfPage\":{\"@id\":\"https:\\\/\\\/quehacerpolitico.mx\\\/?p=116949\"},\"wordCount\":639,\"commentCount\":0,\"image\":{\"@id\":\"https:\\\/\\\/quehacerpolitico.mx\\\/?p=116949#primaryimage\"},\"thumbnailUrl\":\"https:\\\/\\\/quehacerpolitico.mx\\\/wp-content\\\/uploads\\\/2025\\\/06\\\/IMG_0864.jpeg\",\"articleSection\":[\"CDMX\"],\"inLanguage\":\"es\",\"potentialAction\":[{\"@type\":\"CommentAction\",\"name\":\"Comment\",\"target\":[\"https:\\\/\\\/quehacerpolitico.mx\\\/?p=116949#respond\"]}]},{\"@type\":\"WebPage\",\"@id\":\"https:\\\/\\\/quehacerpolitico.mx\\\/?p=116949\",\"url\":\"https:\\\/\\\/quehacerpolitico.mx\\\/?p=116949\",\"name\":\"Las Marchas y manifestaciones que te desquiciaran hoy 18 de junio en la CDMX -\",\"isPartOf\":{\"@id\":\"https:\\\/\\\/quehacerpolitico.mx\\\/#website\"},\"primaryImageOfPage\":{\"@id\":\"https:\\\/\\\/quehacerpolitico.mx\\\/?p=116949#primaryimage\"},\"image\":{\"@id\":\"https:\\\/\\\/quehacerpolitico.mx\\\/?p=116949#primaryimage\"},\"thumbnailUrl\":\"https:\\\/\\\/quehacerpolitico.mx\\\/wp-content\\\/uploads\\\/2025\\\/06\\\/IMG_0864.jpeg\",\"datePublished\":\"2025-06-18T18:01:24+00:00\",\"dateModified\":\"2025-06-18T18:01:26+00:00\",\"author\":{\"@id\":\"https:\\\/\\\/quehacerpolitico.mx\\\/#\\\/schema\\\/person\\\/496d8ad2d1d3f8036101dca7ee39e585\"},\"breadcrumb\":{\"@id\":\"https:\\\/\\\/quehacerpolitico.mx\\\/?p=116949#breadcrumb\"},\"inLanguage\":\"es\",\"potentialAction\":[{\"@type\":\"ReadAction\",\"target\":[\"https:\\\/\\\/quehacerpolitico.mx\\\/?p=116949\"]}]},{\"@type\":\"ImageObject\",\"inLanguage\":\"es\",\"@id\":\"https:\\\/\\\/quehacerpolitico.mx\\\/?p=116949#primaryimage\",\"url\":\"https:\\\/\\\/quehacerpolitico.mx\\\/wp-content\\\/uploads\\\/2025\\\/06\\\/IMG_0864.jpeg\",\"contentUrl\":\"https:\\\/\\\/quehacerpolitico.mx\\\/wp-content\\\/uploads\\\/2025\\\/06\\\/IMG_0864.jpeg\",\"width\":739,\"height\":415},{\"@type\":\"BreadcrumbList\",\"@id\":\"https:\\\/\\\/quehacerpolitico.mx\\\/?p=116949#breadcrumb\",\"itemListElement\":[{\"@type\":\"ListItem\",\"position\":1,\"name\":\"Inicio\",\"item\":\"https:\\\/\\\/quehacerpolitico.mx\\\/\"},{\"@type\":\"ListItem\",\"position\":2,\"name\":\"Las Marchas y manifestaciones que te desquiciaran hoy 18 de junio en la CDMX\"}]},{\"@type\":\"WebSite\",\"@id\":\"https:\\\/\\\/quehacerpolitico.mx\\\/#website\",\"url\":\"https:\\\/\\\/quehacerpolitico.mx\\\/\",\"name\":\"\",\"description\":\"\",\"potentialAction\":[{\"@type\":\"SearchAction\",\"target\":{\"@type\":\"EntryPoint\",\"urlTemplate\":\"https:\\\/\\\/quehacerpolitico.mx\\\/?s={search_term_string}\"},\"query-input\":{\"@type\":\"PropertyValueSpecification\",\"valueRequired\":true,\"valueName\":\"search_term_string\"}}],\"inLanguage\":\"es\"},{\"@type\":\"Person\",\"@id\":\"https:\\\/\\\/quehacerpolitico.mx\\\/#\\\/schema\\\/person\\\/496d8ad2d1d3f8036101dca7ee39e585\",\"name\":\"Redacci\u00f3n QP\",\"image\":{\"@type\":\"ImageObject\",\"inLanguage\":\"es\",\"@id\":\"https:\\\/\\\/secure.gravatar.com\\\/avatar\\\/c7164ed6fdec453195284ad24a5ae5b6e1eed2b848477fa2a4787ba9adf39a41?s=96&d=mm&r=g\",\"url\":\"https:\\\/\\\/secure.gravatar.com\\\/avatar\\\/c7164ed6fdec453195284ad24a5ae5b6e1eed2b848477fa2a4787ba9adf39a41?s=96&d=mm&r=g\",\"contentUrl\":\"https:\\\/\\\/secure.gravatar.com\\\/avatar\\\/c7164ed6fdec453195284ad24a5ae5b6e1eed2b848477fa2a4787ba9adf39a41?s=96&d=mm&r=g\",\"caption\":\"Redacci\u00f3n QP\"},\"url\":\"https:\\\/\\\/quehacerpolitico.mx\\\/?author=2\"}]}<\/script>\n<!-- \/ Yoast SEO plugin. -->","yoast_head_json":{"title":"Las Marchas y manifestaciones que te desquiciaran hoy 18 de junio en la CDMX -","robots":{"index":"index","follow":"follow","max-snippet":"max-snippet:-1","max-image-preview":"max-image-preview:large","max-video-preview":"max-video-preview:-1"},"canonical":"https:\/\/quehacerpolitico.mx\/?p=116949","og_locale":"es_MX","og_type":"article","og_title":"Las Marchas y manifestaciones que te desquiciaran hoy 18 de junio en la CDMX -","og_description":"Por Redacci\u00f3n QP Ante las movilizaciones y protestas de hoy, el Centro de Orientaci\u00f3n Vial...","og_url":"https:\/\/quehacerpolitico.mx\/?p=116949","article_published_time":"2025-06-18T18:01:24+00:00","article_modified_time":"2025-06-18T18:01:26+00:00","og_image":[{"width":739,"height":415,"url":"https:\/\/quehacerpolitico.mx\/wp-content\/uploads\/2025\/06\/IMG_0864.jpeg","type":"image\/jpeg"}],"author":"Redacci\u00f3n QP","twitter_card":"summary_large_image","twitter_misc":{"Escrito por":"Redacci\u00f3n QP","Tiempo de lectura":"3 minutos"},"schema":{"@context":"https:\/\/schema.org","@graph":[{"@type":"Article","@id":"https:\/\/quehacerpolitico.mx\/?p=116949#article","isPartOf":{"@id":"https:\/\/quehacerpolitico.mx\/?p=116949"},"author":{"name":"Redacci\u00f3n QP","@id":"https:\/\/quehacerpolitico.mx\/#\/schema\/person\/496d8ad2d1d3f8036101dca7ee39e585"},"headline":"Las Marchas y manifestaciones que te desquiciaran hoy 18 de junio en la CDMX","datePublished":"2025-06-18T18:01:24+00:00","dateModified":"2025-06-18T18:01:26+00:00","mainEntityOfPage":{"@id":"https:\/\/quehacerpolitico.mx\/?p=116949"},"wordCount":639,"commentCount":0,"image":{"@id":"https:\/\/quehacerpolitico.mx\/?p=116949#primaryimage"},"thumbnailUrl":"https:\/\/quehacerpolitico.mx\/wp-content\/uploads\/2025\/06\/IMG_0864.jpeg","articleSection":["CDMX"],"inLanguage":"es","potentialAction":[{"@type":"CommentAction","name":"Comment","target":["https:\/\/quehacerpolitico.mx\/?p=116949#respond"]}]},{"@type":"WebPage","@id":"https:\/\/quehacerpolitico.mx\/?p=116949","url":"https:\/\/quehacerpolitico.mx\/?p=116949","name":"Las Marchas y manifestaciones que te desquiciaran hoy 18 de junio en la CDMX -","isPartOf":{"@id":"https:\/\/quehacerpolitico.mx\/#website"},"primaryImageOfPage":{"@id":"https:\/\/quehacerpolitico.mx\/?p=116949#primaryimage"},"image":{"@id":"https:\/\/quehacerpolitico.mx\/?p=116949#primaryimage"},"thumbnailUrl":"https:\/\/quehacerpolitico.mx\/wp-content\/uploads\/2025\/06\/IMG_0864.jpeg","datePublished":"2025-06-18T18:01:24+00:00","dateModified":"2025-06-18T18:01:26+00:00","author":{"@id":"https:\/\/quehacerpolitico.mx\/#\/schema\/person\/496d8ad2d1d3f8036101dca7ee39e585"},"breadcrumb":{"@id":"https:\/\/quehacerpolitico.mx\/?p=116949#breadcrumb"},"inLanguage":"es","potentialAction":[{"@type":"ReadAction","target":["https:\/\/quehacerpolitico.mx\/?p=116949"]}]},{"@type":"ImageObject","inLanguage":"es","@id":"https:\/\/quehacerpolitico.mx\/?p=116949#primaryimage","url":"https:\/\/quehacerpolitico.mx\/wp-content\/uploads\/2025\/06\/IMG_0864.jpeg","contentUrl":"https:\/\/quehacerpolitico.mx\/wp-content\/uploads\/2025\/06\/IMG_0864.jpeg","width":739,"height":415},{"@type":"BreadcrumbList","@id":"https:\/\/quehacerpolitico.mx\/?p=116949#breadcrumb","itemListElement":[{"@type":"ListItem","position":1,"name":"Inicio","item":"https:\/\/quehacerpolitico.mx\/"},{"@type":"ListItem","position":2,"name":"Las Marchas y manifestaciones que te desquiciaran hoy 18 de junio en la CDMX"}]},{"@type":"WebSite","@id":"https:\/\/quehacerpolitico.mx\/#website","url":"https:\/\/quehacerpolitico.mx\/","name":"","description":"","potentialAction":[{"@type":"SearchAction","target":{"@type":"EntryPoint","urlTemplate":"https:\/\/quehacerpolitico.mx\/?s={search_term_string}"},"query-input":{"@type":"PropertyValueSpecification","valueRequired":true,"valueName":"search_term_string"}}],"inLanguage":"es"},{"@type":"Person","@id":"https:\/\/quehacerpolitico.mx\/#\/schema\/person\/496d8ad2d1d3f8036101dca7ee39e585","name":"Redacci\u00f3n QP","image":{"@type":"ImageObject","inLanguage":"es","@id":"https:\/\/secure.gravatar.com\/avatar\/c7164ed6fdec453195284ad24a5ae5b6e1eed2b848477fa2a4787ba9adf39a41?s=96&d=mm&r=g","url":"https:\/\/secure.gravatar.com\/avatar\/c7164ed6fdec453195284ad24a5ae5b6e1eed2b848477fa2a4787ba9adf39a41?s=96&d=mm&r=g","contentUrl":"https:\/\/secure.gravatar.com\/avatar\/c7164ed6fdec453195284ad24a5ae5b6e1eed2b848477fa2a4787ba9adf39a41?s=96&d=mm&r=g","caption":"Redacci\u00f3n QP"},"url":"https:\/\/quehacerpolitico.mx\/?author=2"}]}},"featured_image_urls":{"full":["https:\/\/quehacerpolitico.mx\/wp-content\/uploads\/2025\/06\/IMG_0864.jpeg",739,415,false],"thumbnail":["https:\/\/quehacerpolitico.mx\/wp-content\/uploads\/2025\/06\/IMG_0864-150x150.jpeg",150,150,true],"medium":["https:\/\/quehacerpolitico.mx\/wp-content\/uploads\/2025\/06\/IMG_0864-300x168.jpeg",300,168,true],"medium_large":["https:\/\/quehacerpolitico.mx\/wp-content\/uploads\/2025\/06\/IMG_0864.jpeg",640,359,false],"large":["https:\/\/quehacerpolitico.mx\/wp-content\/uploads\/2025\/06\/IMG_0864.jpeg",640,359,false],"1536x1536":["https:\/\/quehacerpolitico.mx\/wp-content\/uploads\/2025\/06\/IMG_0864.jpeg",739,415,false],"2048x2048":["https:\/\/quehacerpolitico.mx\/wp-content\/uploads\/2025\/06\/IMG_0864.jpeg",739,415,false],"covernews-featured":["https:\/\/quehacerpolitico.mx\/wp-content\/uploads\/2025\/06\/IMG_0864.jpeg",739,415,false],"covernews-medium":["https:\/\/quehacerpolitico.mx\/wp-content\/uploads\/2025\/06\/IMG_0864-540x340.jpeg",540,340,true]},"author_info":{"display_name":"Redacci\u00f3n QP","author_link":"https:\/\/quehacerpolitico.mx\/?author=2"},"category_info":"<a href=\"https:\/\/quehacerpolitico.mx\/?cat=55\" rel=\"category\">CDMX<\/a>","tag_info":"CDMX","comment_count":"0","_links":{"self":[{"href":"https:\/\/quehacerpolitico.mx\/index.php?rest_route=\/wp\/v2\/posts\/116949","targetHints":{"allow":["GET"]}}],"collection":[{"href":"https:\/\/quehacerpolitico.mx\/index.php?rest_route=\/wp\/v2\/posts"}],"about":[{"href":"https:\/\/quehacerpolitico.mx\/index.php?rest_route=\/wp\/v2\/types\/post"}],"author":[{"embeddable":true,"href":"https:\/\/quehacerpolitico.mx\/index.php?rest_route=\/wp\/v2\/users\/2"}],"replies":[{"embeddable":true,"href":"https:\/\/quehacerpolitico.mx\/index.php?rest_route=%2Fwp%2Fv2%2Fcomments&post=116949"}],"version-history":[{"count":1,"href":"https:\/\/quehacerpolitico.mx\/index.php?rest_route=\/wp\/v2\/posts\/116949\/revisions"}],"predecessor-version":[{"id":116951,"href":"https:\/\/quehacerpolitico.mx\/index.php?rest_route=\/wp\/v2\/posts\/116949\/revisions\/116951"}],"wp:featuredmedia":[{"embeddable":true,"href":"https:\/\/quehacerpolitico.mx\/index.php?rest_route=\/wp\/v2\/media\/116950"}],"wp:attachment":[{"href":"https:\/\/quehacerpolitico.mx\/index.php?rest_route=%2Fwp%2Fv2%2Fmedia&parent=116949"}],"wp:term":[{"taxonomy":"category","embeddable":true,"href":"https:\/\/quehacerpolitico.mx\/index.php?rest_route=%2Fwp%2Fv2%2Fcategories&post=116949"},{"taxonomy":"post_tag","embeddable":true,"href":"https:\/\/quehacerpolitico.mx\/index.php?rest_route=%2Fwp%2Fv2%2Ftags&post=116949"}],"curies":[{"name":"wp","href":"https:\/\/api.w.org\/{rel}","templated":true}]}}