{"id":116946,"date":"2025-06-18T11:42:48","date_gmt":"2025-06-18T17:42:48","guid":{"rendered":"https:\/\/quehacerpolitico.mx\/?p=116946"},"modified":"2025-06-18T11:43:02","modified_gmt":"2025-06-18T17:43:02","slug":"durante-la-llamada-telefonica-trump-reconocio-que-muchas-familias-mexicanas-que-trabajan-por-el-bien-de-estados-unidos-dice-claudia-sheinbaum","status":"publish","type":"post","link":"https:\/\/quehacerpolitico.mx\/?p=116946","title":{"rendered":"Durante la llamada telef\u00f3nica, Trump reconoci\u00f3 que \u201cmuchas familias mexicanas que trabajan por el bien\u201d de Estados Unidos, dice Claudia Sheinbaum"},"content":{"rendered":"\n<p>Por Redacci\u00f3n QP<\/p>\n\n\n\n<p>La mandataria explic\u00f3 que la llamada dur\u00f3 alrededor de 20 minutos y estuvo presente la comitiva que la acompa\u00f1\u00f3 al G7<\/p>\n\n\n\n<p>La presidenta\u00a0<strong>Claudia Sheinbaum<\/strong> afirm\u00f3 este mi\u00e9rcoles que en la llamada con su hom\u00f3logo estadounidense,\u00a0<strong>Donald Trump<\/strong>, le planteo llegar a un\u00a0acuerdo general bilateral en materia de seguridad, comercio y migraci\u00f3n.\u00a0<\/p>\n\n\n\n<p>La mandataria tambi\u00e9n comparti\u00f3 en su conferencia matutina que Trump le ofreci\u00f3 disculpas por cancelar el encuentro que ten\u00edan programado en la<strong>cumbre del G7.&nbsp;<\/strong><\/p>\n\n\n\n<p>\u201cYo le hice un planteamiento en el sentido de eh hemos alcanzado muchos acuerdos (\u2026) entonces le plante\u00e9 que por qu\u00e9 no ten\u00edamos un acuerdo general. Esto no tiene nada que ver con lo con que se\u00a0<strong>mantenga el T-MEC<\/strong>\u201d, dijo a la prensa.<\/p>\n\n\n\n<p>Sheinbaum explic\u00f3 que la llamada dur\u00f3 alrededor de 20 minutos y estuvo presente la comitiva que la acompa\u00f1\u00f3 al G7.<\/p>\n\n\n\n<figure class=\"wp-block-embed is-type-rich is-provider-twitter wp-block-embed-twitter\"><div class=\"wp-block-embed__wrapper\">\n<blockquote class=\"twitter-tweet\" data-width=\"550\" data-dnt=\"true\"><p lang=\"es\" dir=\"ltr\">Durante la llamada telef\u00f3nica, Trump reconoci\u00f3 que \u201cmuchas familias mexicanas que trabajan por el bien\u201d de Estados Unidos, dice Claudia Sheinbaum. <a href=\"https:\/\/t.co\/8bEXELuLiE\">pic.twitter.com\/8bEXELuLiE<\/a><\/p>&mdash; Manuel Lopez San Martin (@MLopezSanMartin) <a href=\"https:\/\/twitter.com\/MLopezSanMartin\/status\/1935360940293374082?ref_src=twsrc%5Etfw\">June 18, 2025<\/a><\/blockquote><script async src=\"https:\/\/platform.twitter.com\/widgets.js\" charset=\"utf-8\"><\/script>\n<\/div><\/figure>\n\n\n\n<p>Adem\u00e1s, indic\u00f3 que como parte del di\u00e1logo entre ambos pa\u00edses, este viernes viajar\u00e1 el secretario de Econom\u00eda,&nbsp;<strong>Marcelo Ebrard,&nbsp;<\/strong>a un encuentro con el secretario de Comercio de Estados Unidos.&nbsp;<\/p>\n\n\n\n<p>&#8220;En el caso de seguridad y migraci\u00f3n nosotros queremos que incluya las familias mexicanas en Estados Unidos, pues ya se estar\u00eda viendo con el&nbsp;<strong>Departamento de Estado<\/strong>. Entonces fue una buena conversaci\u00f3n&#8221;, coment\u00f3.&nbsp;<\/p>\n\n\n\n<p>Otro de los\u00a0encuentros de Sheinbaum en el G7 fue con el primer ministro de Canad\u00e1, Mark Carney, con quien dijo que tambi\u00e9n habl\u00f3 sobre continuar trabajando en el T-MEC.<\/p>\n","protected":false},"excerpt":{"rendered":"<p>Por Redacci\u00f3n QP La mandataria explic\u00f3 que la llamada dur\u00f3 alrededor de 20 minutos y&#8230;<\/p>\n","protected":false},"author":2,"featured_media":116947,"comment_status":"open","ping_status":"open","sticky":false,"template":"","format":"standard","meta":{"_monsterinsights_skip_tracking":false,"_monsterinsights_sitenote_active":false,"_monsterinsights_sitenote_note":"","_monsterinsights_sitenote_category":0,"footnotes":""},"categories":[280,2],"tags":[],"class_list":["post-116946","post","type-post","status-publish","format-standard","has-post-thumbnail","hentry","category-nacionales","category-noticias"],"yoast_head":"<!-- This site is optimized with the Yoast SEO plugin v27.3 - https:\/\/yoast.com\/product\/yoast-seo-wordpress\/ -->\n<title>Durante la llamada telef\u00f3nica, Trump reconoci\u00f3 que \u201cmuchas familias mexicanas que trabajan por el bien\u201d de Estados Unidos, dice Claudia Sheinbaum -<\/title>\n<meta name=\"robots\" content=\"index, follow, max-snippet:-1, max-image-preview:large, max-video-preview:-1\" \/>\n<link rel=\"canonical\" href=\"https:\/\/quehacerpolitico.mx\/?p=116946\" \/>\n<meta property=\"og:locale\" content=\"es_MX\" \/>\n<meta property=\"og:type\" content=\"article\" \/>\n<meta property=\"og:title\" content=\"Durante la llamada telef\u00f3nica, Trump reconoci\u00f3 que \u201cmuchas familias mexicanas que trabajan por el bien\u201d de Estados Unidos, dice Claudia Sheinbaum -\" \/>\n<meta property=\"og:description\" content=\"Por Redacci\u00f3n QP La mandataria explic\u00f3 que la llamada dur\u00f3 alrededor de 20 minutos y...\" \/>\n<meta property=\"og:url\" content=\"https:\/\/quehacerpolitico.mx\/?p=116946\" \/>\n<meta property=\"article:published_time\" content=\"2025-06-18T17:42:48+00:00\" \/>\n<meta property=\"article:modified_time\" content=\"2025-06-18T17:43:02+00:00\" \/>\n<meta property=\"og:image\" content=\"https:\/\/quehacerpolitico.mx\/wp-content\/uploads\/2025\/06\/IMG_0862.jpeg\" \/>\n\t<meta property=\"og:image:width\" content=\"1170\" \/>\n\t<meta property=\"og:image:height\" content=\"637\" \/>\n\t<meta property=\"og:image:type\" content=\"image\/jpeg\" \/>\n<meta name=\"author\" content=\"Redacci\u00f3n QP\" \/>\n<meta name=\"twitter:card\" content=\"summary_large_image\" \/>\n<meta name=\"twitter:label1\" content=\"Escrito por\" \/>\n\t<meta name=\"twitter:data1\" content=\"Redacci\u00f3n QP\" \/>\n\t<meta name=\"twitter:label2\" content=\"Tiempo de lectura\" \/>\n\t<meta name=\"twitter:data2\" content=\"1 minuto\" \/>\n<script type=\"application\/ld+json\" class=\"yoast-schema-graph\">{\"@context\":\"https:\\\/\\\/schema.org\",\"@graph\":[{\"@type\":\"Article\",\"@id\":\"https:\\\/\\\/quehacerpolitico.mx\\\/?p=116946#article\",\"isPartOf\":{\"@id\":\"https:\\\/\\\/quehacerpolitico.mx\\\/?p=116946\"},\"author\":{\"name\":\"Redacci\u00f3n QP\",\"@id\":\"https:\\\/\\\/quehacerpolitico.mx\\\/#\\\/schema\\\/person\\\/496d8ad2d1d3f8036101dca7ee39e585\"},\"headline\":\"Durante la llamada telef\u00f3nica, Trump reconoci\u00f3 que \u201cmuchas familias mexicanas que trabajan por el bien\u201d de Estados Unidos, dice Claudia Sheinbaum\",\"datePublished\":\"2025-06-18T17:42:48+00:00\",\"dateModified\":\"2025-06-18T17:43:02+00:00\",\"mainEntityOfPage\":{\"@id\":\"https:\\\/\\\/quehacerpolitico.mx\\\/?p=116946\"},\"wordCount\":283,\"commentCount\":0,\"image\":{\"@id\":\"https:\\\/\\\/quehacerpolitico.mx\\\/?p=116946#primaryimage\"},\"thumbnailUrl\":\"https:\\\/\\\/quehacerpolitico.mx\\\/wp-content\\\/uploads\\\/2025\\\/06\\\/IMG_0862.jpeg\",\"articleSection\":[\"Nacionales\",\"Noticias\"],\"inLanguage\":\"es\",\"potentialAction\":[{\"@type\":\"CommentAction\",\"name\":\"Comment\",\"target\":[\"https:\\\/\\\/quehacerpolitico.mx\\\/?p=116946#respond\"]}]},{\"@type\":\"WebPage\",\"@id\":\"https:\\\/\\\/quehacerpolitico.mx\\\/?p=116946\",\"url\":\"https:\\\/\\\/quehacerpolitico.mx\\\/?p=116946\",\"name\":\"Durante la llamada telef\u00f3nica, Trump reconoci\u00f3 que \u201cmuchas familias mexicanas que trabajan por el bien\u201d de Estados Unidos, dice Claudia Sheinbaum -\",\"isPartOf\":{\"@id\":\"https:\\\/\\\/quehacerpolitico.mx\\\/#website\"},\"primaryImageOfPage\":{\"@id\":\"https:\\\/\\\/quehacerpolitico.mx\\\/?p=116946#primaryimage\"},\"image\":{\"@id\":\"https:\\\/\\\/quehacerpolitico.mx\\\/?p=116946#primaryimage\"},\"thumbnailUrl\":\"https:\\\/\\\/quehacerpolitico.mx\\\/wp-content\\\/uploads\\\/2025\\\/06\\\/IMG_0862.jpeg\",\"datePublished\":\"2025-06-18T17:42:48+00:00\",\"dateModified\":\"2025-06-18T17:43:02+00:00\",\"author\":{\"@id\":\"https:\\\/\\\/quehacerpolitico.mx\\\/#\\\/schema\\\/person\\\/496d8ad2d1d3f8036101dca7ee39e585\"},\"breadcrumb\":{\"@id\":\"https:\\\/\\\/quehacerpolitico.mx\\\/?p=116946#breadcrumb\"},\"inLanguage\":\"es\",\"potentialAction\":[{\"@type\":\"ReadAction\",\"target\":[\"https:\\\/\\\/quehacerpolitico.mx\\\/?p=116946\"]}]},{\"@type\":\"ImageObject\",\"inLanguage\":\"es\",\"@id\":\"https:\\\/\\\/quehacerpolitico.mx\\\/?p=116946#primaryimage\",\"url\":\"https:\\\/\\\/quehacerpolitico.mx\\\/wp-content\\\/uploads\\\/2025\\\/06\\\/IMG_0862.jpeg\",\"contentUrl\":\"https:\\\/\\\/quehacerpolitico.mx\\\/wp-content\\\/uploads\\\/2025\\\/06\\\/IMG_0862.jpeg\",\"width\":1170,\"height\":637,\"caption\":\"Screenshot\"},{\"@type\":\"BreadcrumbList\",\"@id\":\"https:\\\/\\\/quehacerpolitico.mx\\\/?p=116946#breadcrumb\",\"itemListElement\":[{\"@type\":\"ListItem\",\"position\":1,\"name\":\"Inicio\",\"item\":\"https:\\\/\\\/quehacerpolitico.mx\\\/\"},{\"@type\":\"ListItem\",\"position\":2,\"name\":\"Durante la llamada telef\u00f3nica, Trump reconoci\u00f3 que \u201cmuchas familias mexicanas que trabajan por el bien\u201d de Estados Unidos, dice Claudia Sheinbaum\"}]},{\"@type\":\"WebSite\",\"@id\":\"https:\\\/\\\/quehacerpolitico.mx\\\/#website\",\"url\":\"https:\\\/\\\/quehacerpolitico.mx\\\/\",\"name\":\"\",\"description\":\"\",\"potentialAction\":[{\"@type\":\"SearchAction\",\"target\":{\"@type\":\"EntryPoint\",\"urlTemplate\":\"https:\\\/\\\/quehacerpolitico.mx\\\/?s={search_term_string}\"},\"query-input\":{\"@type\":\"PropertyValueSpecification\",\"valueRequired\":true,\"valueName\":\"search_term_string\"}}],\"inLanguage\":\"es\"},{\"@type\":\"Person\",\"@id\":\"https:\\\/\\\/quehacerpolitico.mx\\\/#\\\/schema\\\/person\\\/496d8ad2d1d3f8036101dca7ee39e585\",\"name\":\"Redacci\u00f3n QP\",\"image\":{\"@type\":\"ImageObject\",\"inLanguage\":\"es\",\"@id\":\"https:\\\/\\\/secure.gravatar.com\\\/avatar\\\/c7164ed6fdec453195284ad24a5ae5b6e1eed2b848477fa2a4787ba9adf39a41?s=96&d=mm&r=g\",\"url\":\"https:\\\/\\\/secure.gravatar.com\\\/avatar\\\/c7164ed6fdec453195284ad24a5ae5b6e1eed2b848477fa2a4787ba9adf39a41?s=96&d=mm&r=g\",\"contentUrl\":\"https:\\\/\\\/secure.gravatar.com\\\/avatar\\\/c7164ed6fdec453195284ad24a5ae5b6e1eed2b848477fa2a4787ba9adf39a41?s=96&d=mm&r=g\",\"caption\":\"Redacci\u00f3n QP\"},\"url\":\"https:\\\/\\\/quehacerpolitico.mx\\\/?author=2\"}]}<\/script>\n<!-- \/ Yoast SEO plugin. -->","yoast_head_json":{"title":"Durante la llamada telef\u00f3nica, Trump reconoci\u00f3 que \u201cmuchas familias mexicanas que trabajan por el bien\u201d de Estados Unidos, dice Claudia Sheinbaum -","robots":{"index":"index","follow":"follow","max-snippet":"max-snippet:-1","max-image-preview":"max-image-preview:large","max-video-preview":"max-video-preview:-1"},"canonical":"https:\/\/quehacerpolitico.mx\/?p=116946","og_locale":"es_MX","og_type":"article","og_title":"Durante la llamada telef\u00f3nica, Trump reconoci\u00f3 que \u201cmuchas familias mexicanas que trabajan por el bien\u201d de Estados Unidos, dice Claudia Sheinbaum -","og_description":"Por Redacci\u00f3n QP La mandataria explic\u00f3 que la llamada dur\u00f3 alrededor de 20 minutos y...","og_url":"https:\/\/quehacerpolitico.mx\/?p=116946","article_published_time":"2025-06-18T17:42:48+00:00","article_modified_time":"2025-06-18T17:43:02+00:00","og_image":[{"width":1170,"height":637,"url":"https:\/\/quehacerpolitico.mx\/wp-content\/uploads\/2025\/06\/IMG_0862.jpeg","type":"image\/jpeg"}],"author":"Redacci\u00f3n QP","twitter_card":"summary_large_image","twitter_misc":{"Escrito por":"Redacci\u00f3n QP","Tiempo de lectura":"1 minuto"},"schema":{"@context":"https:\/\/schema.org","@graph":[{"@type":"Article","@id":"https:\/\/quehacerpolitico.mx\/?p=116946#article","isPartOf":{"@id":"https:\/\/quehacerpolitico.mx\/?p=116946"},"author":{"name":"Redacci\u00f3n QP","@id":"https:\/\/quehacerpolitico.mx\/#\/schema\/person\/496d8ad2d1d3f8036101dca7ee39e585"},"headline":"Durante la llamada telef\u00f3nica, Trump reconoci\u00f3 que \u201cmuchas familias mexicanas que trabajan por el bien\u201d de Estados Unidos, dice Claudia Sheinbaum","datePublished":"2025-06-18T17:42:48+00:00","dateModified":"2025-06-18T17:43:02+00:00","mainEntityOfPage":{"@id":"https:\/\/quehacerpolitico.mx\/?p=116946"},"wordCount":283,"commentCount":0,"image":{"@id":"https:\/\/quehacerpolitico.mx\/?p=116946#primaryimage"},"thumbnailUrl":"https:\/\/quehacerpolitico.mx\/wp-content\/uploads\/2025\/06\/IMG_0862.jpeg","articleSection":["Nacionales","Noticias"],"inLanguage":"es","potentialAction":[{"@type":"CommentAction","name":"Comment","target":["https:\/\/quehacerpolitico.mx\/?p=116946#respond"]}]},{"@type":"WebPage","@id":"https:\/\/quehacerpolitico.mx\/?p=116946","url":"https:\/\/quehacerpolitico.mx\/?p=116946","name":"Durante la llamada telef\u00f3nica, Trump reconoci\u00f3 que \u201cmuchas familias mexicanas que trabajan por el bien\u201d de Estados Unidos, dice Claudia Sheinbaum -","isPartOf":{"@id":"https:\/\/quehacerpolitico.mx\/#website"},"primaryImageOfPage":{"@id":"https:\/\/quehacerpolitico.mx\/?p=116946#primaryimage"},"image":{"@id":"https:\/\/quehacerpolitico.mx\/?p=116946#primaryimage"},"thumbnailUrl":"https:\/\/quehacerpolitico.mx\/wp-content\/uploads\/2025\/06\/IMG_0862.jpeg","datePublished":"2025-06-18T17:42:48+00:00","dateModified":"2025-06-18T17:43:02+00:00","author":{"@id":"https:\/\/quehacerpolitico.mx\/#\/schema\/person\/496d8ad2d1d3f8036101dca7ee39e585"},"breadcrumb":{"@id":"https:\/\/quehacerpolitico.mx\/?p=116946#breadcrumb"},"inLanguage":"es","potentialAction":[{"@type":"ReadAction","target":["https:\/\/quehacerpolitico.mx\/?p=116946"]}]},{"@type":"ImageObject","inLanguage":"es","@id":"https:\/\/quehacerpolitico.mx\/?p=116946#primaryimage","url":"https:\/\/quehacerpolitico.mx\/wp-content\/uploads\/2025\/06\/IMG_0862.jpeg","contentUrl":"https:\/\/quehacerpolitico.mx\/wp-content\/uploads\/2025\/06\/IMG_0862.jpeg","width":1170,"height":637,"caption":"Screenshot"},{"@type":"BreadcrumbList","@id":"https:\/\/quehacerpolitico.mx\/?p=116946#breadcrumb","itemListElement":[{"@type":"ListItem","position":1,"name":"Inicio","item":"https:\/\/quehacerpolitico.mx\/"},{"@type":"ListItem","position":2,"name":"Durante la llamada telef\u00f3nica, Trump reconoci\u00f3 que \u201cmuchas familias mexicanas que trabajan por el bien\u201d de Estados Unidos, dice Claudia Sheinbaum"}]},{"@type":"WebSite","@id":"https:\/\/quehacerpolitico.mx\/#website","url":"https:\/\/quehacerpolitico.mx\/","name":"","description":"","potentialAction":[{"@type":"SearchAction","target":{"@type":"EntryPoint","urlTemplate":"https:\/\/quehacerpolitico.mx\/?s={search_term_string}"},"query-input":{"@type":"PropertyValueSpecification","valueRequired":true,"valueName":"search_term_string"}}],"inLanguage":"es"},{"@type":"Person","@id":"https:\/\/quehacerpolitico.mx\/#\/schema\/person\/496d8ad2d1d3f8036101dca7ee39e585","name":"Redacci\u00f3n QP","image":{"@type":"ImageObject","inLanguage":"es","@id":"https:\/\/secure.gravatar.com\/avatar\/c7164ed6fdec453195284ad24a5ae5b6e1eed2b848477fa2a4787ba9adf39a41?s=96&d=mm&r=g","url":"https:\/\/secure.gravatar.com\/avatar\/c7164ed6fdec453195284ad24a5ae5b6e1eed2b848477fa2a4787ba9adf39a41?s=96&d=mm&r=g","contentUrl":"https:\/\/secure.gravatar.com\/avatar\/c7164ed6fdec453195284ad24a5ae5b6e1eed2b848477fa2a4787ba9adf39a41?s=96&d=mm&r=g","caption":"Redacci\u00f3n QP"},"url":"https:\/\/quehacerpolitico.mx\/?author=2"}]}},"featured_image_urls":{"full":["https:\/\/quehacerpolitico.mx\/wp-content\/uploads\/2025\/06\/IMG_0862.jpeg",1170,637,false],"thumbnail":["https:\/\/quehacerpolitico.mx\/wp-content\/uploads\/2025\/06\/IMG_0862-150x150.jpeg",150,150,true],"medium":["https:\/\/quehacerpolitico.mx\/wp-content\/uploads\/2025\/06\/IMG_0862-300x163.jpeg",300,163,true],"medium_large":["https:\/\/quehacerpolitico.mx\/wp-content\/uploads\/2025\/06\/IMG_0862-768x418.jpeg",640,348,true],"large":["https:\/\/quehacerpolitico.mx\/wp-content\/uploads\/2025\/06\/IMG_0862-1024x558.jpeg",640,349,true],"1536x1536":["https:\/\/quehacerpolitico.mx\/wp-content\/uploads\/2025\/06\/IMG_0862.jpeg",1170,637,false],"2048x2048":["https:\/\/quehacerpolitico.mx\/wp-content\/uploads\/2025\/06\/IMG_0862.jpeg",1170,637,false],"covernews-featured":["https:\/\/quehacerpolitico.mx\/wp-content\/uploads\/2025\/06\/IMG_0862-1024x558.jpeg",1024,558,true],"covernews-medium":["https:\/\/quehacerpolitico.mx\/wp-content\/uploads\/2025\/06\/IMG_0862-540x340.jpeg",540,340,true]},"author_info":{"display_name":"Redacci\u00f3n QP","author_link":"https:\/\/quehacerpolitico.mx\/?author=2"},"category_info":"<a href=\"https:\/\/quehacerpolitico.mx\/?cat=280\" rel=\"category\">Nacionales<\/a> <a href=\"https:\/\/quehacerpolitico.mx\/?cat=2\" rel=\"category\">Noticias<\/a>","tag_info":"Noticias","comment_count":"0","_links":{"self":[{"href":"https:\/\/quehacerpolitico.mx\/index.php?rest_route=\/wp\/v2\/posts\/116946","targetHints":{"allow":["GET"]}}],"collection":[{"href":"https:\/\/quehacerpolitico.mx\/index.php?rest_route=\/wp\/v2\/posts"}],"about":[{"href":"https:\/\/quehacerpolitico.mx\/index.php?rest_route=\/wp\/v2\/types\/post"}],"author":[{"embeddable":true,"href":"https:\/\/quehacerpolitico.mx\/index.php?rest_route=\/wp\/v2\/users\/2"}],"replies":[{"embeddable":true,"href":"https:\/\/quehacerpolitico.mx\/index.php?rest_route=%2Fwp%2Fv2%2Fcomments&post=116946"}],"version-history":[{"count":1,"href":"https:\/\/quehacerpolitico.mx\/index.php?rest_route=\/wp\/v2\/posts\/116946\/revisions"}],"predecessor-version":[{"id":116948,"href":"https:\/\/quehacerpolitico.mx\/index.php?rest_route=\/wp\/v2\/posts\/116946\/revisions\/116948"}],"wp:featuredmedia":[{"embeddable":true,"href":"https:\/\/quehacerpolitico.mx\/index.php?rest_route=\/wp\/v2\/media\/116947"}],"wp:attachment":[{"href":"https:\/\/quehacerpolitico.mx\/index.php?rest_route=%2Fwp%2Fv2%2Fmedia&parent=116946"}],"wp:term":[{"taxonomy":"category","embeddable":true,"href":"https:\/\/quehacerpolitico.mx\/index.php?rest_route=%2Fwp%2Fv2%2Fcategories&post=116946"},{"taxonomy":"post_tag","embeddable":true,"href":"https:\/\/quehacerpolitico.mx\/index.php?rest_route=%2Fwp%2Fv2%2Ftags&post=116946"}],"curies":[{"name":"wp","href":"https:\/\/api.w.org\/{rel}","templated":true}]}}