{"id":116943,"date":"2025-06-18T11:24:59","date_gmt":"2025-06-18T17:24:59","guid":{"rendered":"https:\/\/quehacerpolitico.mx\/?p=116943"},"modified":"2025-06-18T11:25:01","modified_gmt":"2025-06-18T17:25:01","slug":"el-barcelona-ficha-al-portero-joan-garcia-hasta-2031-y-levanta-polemica-por-su-pasado-en-el-espanyol","status":"publish","type":"post","link":"https:\/\/quehacerpolitico.mx\/?p=116943","title":{"rendered":"El Barcelona ficha al portero Joan Garc\u00eda hasta 2031 y levanta pol\u00e9mica por su pasado en el Espanyol"},"content":{"rendered":"\n<p>Por Redacci\u00f3n QP<\/p>\n\n\n\n<p>Con 24 a\u00f1os de edad, Garc\u00eda llega al Barcelona tras una destacada temporada en el Espanyol, cuya afici\u00f3n no tom\u00f3 bien el cambio al ac\u00e9rrimo rival.<\/p>\n\n\n\n<p>El&nbsp;<strong>Barcelona<\/strong>&nbsp;anunci\u00f3 este mi\u00e9rcoles el&nbsp;<strong>fichaje del portero Joan Garc\u00eda (Espanyol)<\/strong>&nbsp;hasta el&nbsp;<strong>30 de junio de 2031<\/strong>, despu\u00e9s de hacer efectiva su cl\u00e1usula de rescisi\u00f3n de 30.2 millones de d\u00f3lares, en una operaci\u00f3n por la cual el equipo azulgrana se garantiza la contrataci\u00f3n de este jugador de&nbsp;<strong>24 a\u00f1os de edad<\/strong>, una de las sensaciones de la?pasada temporada en LaLiga.<\/p>\n\n\n\n<figure class=\"wp-block-embed is-type-rich is-provider-twitter wp-block-embed-twitter\"><div class=\"wp-block-embed__wrapper\">\n<blockquote class=\"twitter-tweet\" data-width=\"550\" data-dnt=\"true\"><p lang=\"es\" dir=\"ltr\">Ha llegado el momento. \ud83e\udde4 <a href=\"https:\/\/t.co\/CkomrhgcXO\">pic.twitter.com\/CkomrhgcXO<\/a><\/p>&mdash; FC Barcelona (@FCBarcelona_es) <a href=\"https:\/\/twitter.com\/FCBarcelona_es\/status\/1935306501557461006?ref_src=twsrc%5Etfw\">June 18, 2025<\/a><\/blockquote><script async src=\"https:\/\/platform.twitter.com\/widgets.js\" charset=\"utf-8\"><\/script>\n<\/div><\/figure>\n\n\n\n<p>El&nbsp;<strong>fichaje de Joan Garc\u00eda<\/strong>&nbsp;es el primero del segundo proyecto del t\u00e9cnico&nbsp;<strong>Hansi Flick<\/strong>, que en la pasada temporada consigui\u00f3 la Liga, la Copa del Rey y la Supercopa de Espa\u00f1a con el Barcelona.<\/p>\n\n\n\n<p>La llegada de Joan Garc\u00eda, que firmar\u00e1 su contrato el pr\u00f3ximo viernes en las oficinas del club catal\u00e1n, suma&nbsp;<strong>cuatro porteros<\/strong>&nbsp;a la n\u00f3mina del Barcelona, ya que en la misma se encuentran Marc Andr\u00e9 ter Stegen, Wojciech Szczesny e I\u00f1aki Pe\u00f1a.<\/p>\n\n\n\n<h2 class=\"wp-block-heading\">POL\u00c9MICA<\/h2>\n\n\n\n<p>El portero, nacido hace 24 a\u00f1os en Sallent (Barcelona), llega&nbsp;<strong>procedente del Espanyol<\/strong>, rival ciudadano del Barcelona, en una transferencia que desat\u00f3&nbsp;el<strong>&nbsp;malestar de los aficionados periquitos<\/strong>.<\/p>\n\n\n\n<p>Joan Garc\u00eda se inici\u00f3 en las filas del Sallent y, posteriormente, jug\u00f3 en el Manresa y en la Damm, hasta que con quince a\u00f1os firm\u00f3 por el Espanyol.<\/p>\n\n\n\n<p>Durante su etapa como blanquiazul se convirti\u00f3 en un habitual de las categor\u00edas inferiores de las diferentes selecciones espa\u00f1olas, desde las sub17 hasta la sub21, y el pasado verano&nbsp;<strong>conquist\u00f3 el oro ol\u00edmpico en los Juegos de Par\u00eds<\/strong>.<\/p>\n\n\n\n<p>Debut\u00f3 con el primer equipo del Espanyol en 2021, pero no se consolid\u00f3 en la porter\u00eda hasta la temporada 2023-24, culminada con el&nbsp;<strong>ascenso<\/strong>&nbsp;a Primera Divisi\u00f3n.<\/p>\n\n\n\n<p>Sin embargo, su gran eclosi\u00f3n se ha producido en la \u00faltima temporada, donde se convirti\u00f3 en uno de los mejores porteros del campeonato.&nbsp;<\/p>\n\n\n\n<p>Fue&nbsp;el portero con m\u00e1s paradas registradas (145) y tambi\u00e9n el que m\u00e1s goles ha evitado en toda la competici\u00f3n, seg\u00fan diferentes estad\u00edsticas avanzadas.&nbsp;<\/p>\n\n\n\n<p>Su cl\u00e1usula de rescisi\u00f3n (28 millones de d\u00f3lares) y su edad (24 a\u00f1os) convirtieron a Joan Garc\u00eda en una de las piezas codiciadas del mercado y ha sido el Barcelona el que ha conseguido sus servicios, pese a que dispon\u00eda diferentes ofertas, un traspaso que no sent\u00f3 nada bien entre los aficionados pericos.<\/p>\n\n\n\n<p>Con informaci\u00f3n de EFE<\/p>\n","protected":false},"excerpt":{"rendered":"<p>Por Redacci\u00f3n QP Con 24 a\u00f1os de edad, Garc\u00eda llega al Barcelona tras una destacada&#8230;<\/p>\n","protected":false},"author":2,"featured_media":116944,"comment_status":"open","ping_status":"open","sticky":false,"template":"","format":"standard","meta":{"_monsterinsights_skip_tracking":false,"_monsterinsights_sitenote_active":false,"_monsterinsights_sitenote_note":"","_monsterinsights_sitenote_category":0,"footnotes":""},"categories":[54],"tags":[],"class_list":["post-116943","post","type-post","status-publish","format-standard","has-post-thumbnail","hentry","category-deportes"],"yoast_head":"<!-- This site is optimized with the Yoast SEO plugin v27.3 - https:\/\/yoast.com\/product\/yoast-seo-wordpress\/ -->\n<title>El Barcelona ficha al portero Joan Garc\u00eda hasta 2031 y levanta pol\u00e9mica por su pasado en el Espanyol -<\/title>\n<meta name=\"robots\" content=\"index, follow, max-snippet:-1, max-image-preview:large, max-video-preview:-1\" \/>\n<link rel=\"canonical\" href=\"https:\/\/quehacerpolitico.mx\/?p=116943\" \/>\n<meta property=\"og:locale\" content=\"es_MX\" \/>\n<meta property=\"og:type\" content=\"article\" \/>\n<meta property=\"og:title\" content=\"El Barcelona ficha al portero Joan Garc\u00eda hasta 2031 y levanta pol\u00e9mica por su pasado en el Espanyol -\" \/>\n<meta property=\"og:description\" content=\"Por Redacci\u00f3n QP Con 24 a\u00f1os de edad, Garc\u00eda llega al Barcelona tras una destacada...\" \/>\n<meta property=\"og:url\" content=\"https:\/\/quehacerpolitico.mx\/?p=116943\" \/>\n<meta property=\"article:published_time\" content=\"2025-06-18T17:24:59+00:00\" \/>\n<meta property=\"article:modified_time\" content=\"2025-06-18T17:25:01+00:00\" \/>\n<meta property=\"og:image\" content=\"https:\/\/quehacerpolitico.mx\/wp-content\/uploads\/2025\/06\/IMG_0860.jpeg\" \/>\n\t<meta property=\"og:image:width\" content=\"700\" \/>\n\t<meta property=\"og:image:height\" content=\"394\" \/>\n\t<meta property=\"og:image:type\" content=\"image\/jpeg\" \/>\n<meta name=\"author\" content=\"Redacci\u00f3n QP\" \/>\n<meta name=\"twitter:card\" content=\"summary_large_image\" \/>\n<meta name=\"twitter:label1\" content=\"Escrito por\" \/>\n\t<meta name=\"twitter:data1\" content=\"Redacci\u00f3n QP\" \/>\n\t<meta name=\"twitter:label2\" content=\"Tiempo de lectura\" \/>\n\t<meta name=\"twitter:data2\" content=\"2 minutos\" \/>\n<script type=\"application\/ld+json\" class=\"yoast-schema-graph\">{\"@context\":\"https:\\\/\\\/schema.org\",\"@graph\":[{\"@type\":\"Article\",\"@id\":\"https:\\\/\\\/quehacerpolitico.mx\\\/?p=116943#article\",\"isPartOf\":{\"@id\":\"https:\\\/\\\/quehacerpolitico.mx\\\/?p=116943\"},\"author\":{\"name\":\"Redacci\u00f3n QP\",\"@id\":\"https:\\\/\\\/quehacerpolitico.mx\\\/#\\\/schema\\\/person\\\/496d8ad2d1d3f8036101dca7ee39e585\"},\"headline\":\"El Barcelona ficha al portero Joan Garc\u00eda hasta 2031 y levanta pol\u00e9mica por su pasado en el Espanyol\",\"datePublished\":\"2025-06-18T17:24:59+00:00\",\"dateModified\":\"2025-06-18T17:25:01+00:00\",\"mainEntityOfPage\":{\"@id\":\"https:\\\/\\\/quehacerpolitico.mx\\\/?p=116943\"},\"wordCount\":478,\"commentCount\":0,\"image\":{\"@id\":\"https:\\\/\\\/quehacerpolitico.mx\\\/?p=116943#primaryimage\"},\"thumbnailUrl\":\"https:\\\/\\\/quehacerpolitico.mx\\\/wp-content\\\/uploads\\\/2025\\\/06\\\/IMG_0860.jpeg\",\"articleSection\":[\"Deportes\"],\"inLanguage\":\"es\",\"potentialAction\":[{\"@type\":\"CommentAction\",\"name\":\"Comment\",\"target\":[\"https:\\\/\\\/quehacerpolitico.mx\\\/?p=116943#respond\"]}]},{\"@type\":\"WebPage\",\"@id\":\"https:\\\/\\\/quehacerpolitico.mx\\\/?p=116943\",\"url\":\"https:\\\/\\\/quehacerpolitico.mx\\\/?p=116943\",\"name\":\"El Barcelona ficha al portero Joan Garc\u00eda hasta 2031 y levanta pol\u00e9mica por su pasado en el Espanyol -\",\"isPartOf\":{\"@id\":\"https:\\\/\\\/quehacerpolitico.mx\\\/#website\"},\"primaryImageOfPage\":{\"@id\":\"https:\\\/\\\/quehacerpolitico.mx\\\/?p=116943#primaryimage\"},\"image\":{\"@id\":\"https:\\\/\\\/quehacerpolitico.mx\\\/?p=116943#primaryimage\"},\"thumbnailUrl\":\"https:\\\/\\\/quehacerpolitico.mx\\\/wp-content\\\/uploads\\\/2025\\\/06\\\/IMG_0860.jpeg\",\"datePublished\":\"2025-06-18T17:24:59+00:00\",\"dateModified\":\"2025-06-18T17:25:01+00:00\",\"author\":{\"@id\":\"https:\\\/\\\/quehacerpolitico.mx\\\/#\\\/schema\\\/person\\\/496d8ad2d1d3f8036101dca7ee39e585\"},\"breadcrumb\":{\"@id\":\"https:\\\/\\\/quehacerpolitico.mx\\\/?p=116943#breadcrumb\"},\"inLanguage\":\"es\",\"potentialAction\":[{\"@type\":\"ReadAction\",\"target\":[\"https:\\\/\\\/quehacerpolitico.mx\\\/?p=116943\"]}]},{\"@type\":\"ImageObject\",\"inLanguage\":\"es\",\"@id\":\"https:\\\/\\\/quehacerpolitico.mx\\\/?p=116943#primaryimage\",\"url\":\"https:\\\/\\\/quehacerpolitico.mx\\\/wp-content\\\/uploads\\\/2025\\\/06\\\/IMG_0860.jpeg\",\"contentUrl\":\"https:\\\/\\\/quehacerpolitico.mx\\\/wp-content\\\/uploads\\\/2025\\\/06\\\/IMG_0860.jpeg\",\"width\":700,\"height\":394},{\"@type\":\"BreadcrumbList\",\"@id\":\"https:\\\/\\\/quehacerpolitico.mx\\\/?p=116943#breadcrumb\",\"itemListElement\":[{\"@type\":\"ListItem\",\"position\":1,\"name\":\"Inicio\",\"item\":\"https:\\\/\\\/quehacerpolitico.mx\\\/\"},{\"@type\":\"ListItem\",\"position\":2,\"name\":\"El Barcelona ficha al portero Joan Garc\u00eda hasta 2031 y levanta pol\u00e9mica por su pasado en el Espanyol\"}]},{\"@type\":\"WebSite\",\"@id\":\"https:\\\/\\\/quehacerpolitico.mx\\\/#website\",\"url\":\"https:\\\/\\\/quehacerpolitico.mx\\\/\",\"name\":\"\",\"description\":\"\",\"potentialAction\":[{\"@type\":\"SearchAction\",\"target\":{\"@type\":\"EntryPoint\",\"urlTemplate\":\"https:\\\/\\\/quehacerpolitico.mx\\\/?s={search_term_string}\"},\"query-input\":{\"@type\":\"PropertyValueSpecification\",\"valueRequired\":true,\"valueName\":\"search_term_string\"}}],\"inLanguage\":\"es\"},{\"@type\":\"Person\",\"@id\":\"https:\\\/\\\/quehacerpolitico.mx\\\/#\\\/schema\\\/person\\\/496d8ad2d1d3f8036101dca7ee39e585\",\"name\":\"Redacci\u00f3n QP\",\"image\":{\"@type\":\"ImageObject\",\"inLanguage\":\"es\",\"@id\":\"https:\\\/\\\/secure.gravatar.com\\\/avatar\\\/c7164ed6fdec453195284ad24a5ae5b6e1eed2b848477fa2a4787ba9adf39a41?s=96&d=mm&r=g\",\"url\":\"https:\\\/\\\/secure.gravatar.com\\\/avatar\\\/c7164ed6fdec453195284ad24a5ae5b6e1eed2b848477fa2a4787ba9adf39a41?s=96&d=mm&r=g\",\"contentUrl\":\"https:\\\/\\\/secure.gravatar.com\\\/avatar\\\/c7164ed6fdec453195284ad24a5ae5b6e1eed2b848477fa2a4787ba9adf39a41?s=96&d=mm&r=g\",\"caption\":\"Redacci\u00f3n QP\"},\"url\":\"https:\\\/\\\/quehacerpolitico.mx\\\/?author=2\"}]}<\/script>\n<!-- \/ Yoast SEO plugin. -->","yoast_head_json":{"title":"El Barcelona ficha al portero Joan Garc\u00eda hasta 2031 y levanta pol\u00e9mica por su pasado en el Espanyol -","robots":{"index":"index","follow":"follow","max-snippet":"max-snippet:-1","max-image-preview":"max-image-preview:large","max-video-preview":"max-video-preview:-1"},"canonical":"https:\/\/quehacerpolitico.mx\/?p=116943","og_locale":"es_MX","og_type":"article","og_title":"El Barcelona ficha al portero Joan Garc\u00eda hasta 2031 y levanta pol\u00e9mica por su pasado en el Espanyol -","og_description":"Por Redacci\u00f3n QP Con 24 a\u00f1os de edad, Garc\u00eda llega al Barcelona tras una destacada...","og_url":"https:\/\/quehacerpolitico.mx\/?p=116943","article_published_time":"2025-06-18T17:24:59+00:00","article_modified_time":"2025-06-18T17:25:01+00:00","og_image":[{"width":700,"height":394,"url":"https:\/\/quehacerpolitico.mx\/wp-content\/uploads\/2025\/06\/IMG_0860.jpeg","type":"image\/jpeg"}],"author":"Redacci\u00f3n QP","twitter_card":"summary_large_image","twitter_misc":{"Escrito por":"Redacci\u00f3n QP","Tiempo de lectura":"2 minutos"},"schema":{"@context":"https:\/\/schema.org","@graph":[{"@type":"Article","@id":"https:\/\/quehacerpolitico.mx\/?p=116943#article","isPartOf":{"@id":"https:\/\/quehacerpolitico.mx\/?p=116943"},"author":{"name":"Redacci\u00f3n QP","@id":"https:\/\/quehacerpolitico.mx\/#\/schema\/person\/496d8ad2d1d3f8036101dca7ee39e585"},"headline":"El Barcelona ficha al portero Joan Garc\u00eda hasta 2031 y levanta pol\u00e9mica por su pasado en el Espanyol","datePublished":"2025-06-18T17:24:59+00:00","dateModified":"2025-06-18T17:25:01+00:00","mainEntityOfPage":{"@id":"https:\/\/quehacerpolitico.mx\/?p=116943"},"wordCount":478,"commentCount":0,"image":{"@id":"https:\/\/quehacerpolitico.mx\/?p=116943#primaryimage"},"thumbnailUrl":"https:\/\/quehacerpolitico.mx\/wp-content\/uploads\/2025\/06\/IMG_0860.jpeg","articleSection":["Deportes"],"inLanguage":"es","potentialAction":[{"@type":"CommentAction","name":"Comment","target":["https:\/\/quehacerpolitico.mx\/?p=116943#respond"]}]},{"@type":"WebPage","@id":"https:\/\/quehacerpolitico.mx\/?p=116943","url":"https:\/\/quehacerpolitico.mx\/?p=116943","name":"El Barcelona ficha al portero Joan Garc\u00eda hasta 2031 y levanta pol\u00e9mica por su pasado en el Espanyol -","isPartOf":{"@id":"https:\/\/quehacerpolitico.mx\/#website"},"primaryImageOfPage":{"@id":"https:\/\/quehacerpolitico.mx\/?p=116943#primaryimage"},"image":{"@id":"https:\/\/quehacerpolitico.mx\/?p=116943#primaryimage"},"thumbnailUrl":"https:\/\/quehacerpolitico.mx\/wp-content\/uploads\/2025\/06\/IMG_0860.jpeg","datePublished":"2025-06-18T17:24:59+00:00","dateModified":"2025-06-18T17:25:01+00:00","author":{"@id":"https:\/\/quehacerpolitico.mx\/#\/schema\/person\/496d8ad2d1d3f8036101dca7ee39e585"},"breadcrumb":{"@id":"https:\/\/quehacerpolitico.mx\/?p=116943#breadcrumb"},"inLanguage":"es","potentialAction":[{"@type":"ReadAction","target":["https:\/\/quehacerpolitico.mx\/?p=116943"]}]},{"@type":"ImageObject","inLanguage":"es","@id":"https:\/\/quehacerpolitico.mx\/?p=116943#primaryimage","url":"https:\/\/quehacerpolitico.mx\/wp-content\/uploads\/2025\/06\/IMG_0860.jpeg","contentUrl":"https:\/\/quehacerpolitico.mx\/wp-content\/uploads\/2025\/06\/IMG_0860.jpeg","width":700,"height":394},{"@type":"BreadcrumbList","@id":"https:\/\/quehacerpolitico.mx\/?p=116943#breadcrumb","itemListElement":[{"@type":"ListItem","position":1,"name":"Inicio","item":"https:\/\/quehacerpolitico.mx\/"},{"@type":"ListItem","position":2,"name":"El Barcelona ficha al portero Joan Garc\u00eda hasta 2031 y levanta pol\u00e9mica por su pasado en el Espanyol"}]},{"@type":"WebSite","@id":"https:\/\/quehacerpolitico.mx\/#website","url":"https:\/\/quehacerpolitico.mx\/","name":"","description":"","potentialAction":[{"@type":"SearchAction","target":{"@type":"EntryPoint","urlTemplate":"https:\/\/quehacerpolitico.mx\/?s={search_term_string}"},"query-input":{"@type":"PropertyValueSpecification","valueRequired":true,"valueName":"search_term_string"}}],"inLanguage":"es"},{"@type":"Person","@id":"https:\/\/quehacerpolitico.mx\/#\/schema\/person\/496d8ad2d1d3f8036101dca7ee39e585","name":"Redacci\u00f3n QP","image":{"@type":"ImageObject","inLanguage":"es","@id":"https:\/\/secure.gravatar.com\/avatar\/c7164ed6fdec453195284ad24a5ae5b6e1eed2b848477fa2a4787ba9adf39a41?s=96&d=mm&r=g","url":"https:\/\/secure.gravatar.com\/avatar\/c7164ed6fdec453195284ad24a5ae5b6e1eed2b848477fa2a4787ba9adf39a41?s=96&d=mm&r=g","contentUrl":"https:\/\/secure.gravatar.com\/avatar\/c7164ed6fdec453195284ad24a5ae5b6e1eed2b848477fa2a4787ba9adf39a41?s=96&d=mm&r=g","caption":"Redacci\u00f3n QP"},"url":"https:\/\/quehacerpolitico.mx\/?author=2"}]}},"featured_image_urls":{"full":["https:\/\/quehacerpolitico.mx\/wp-content\/uploads\/2025\/06\/IMG_0860.jpeg",700,394,false],"thumbnail":["https:\/\/quehacerpolitico.mx\/wp-content\/uploads\/2025\/06\/IMG_0860-150x150.jpeg",150,150,true],"medium":["https:\/\/quehacerpolitico.mx\/wp-content\/uploads\/2025\/06\/IMG_0860-300x169.jpeg",300,169,true],"medium_large":["https:\/\/quehacerpolitico.mx\/wp-content\/uploads\/2025\/06\/IMG_0860.jpeg",640,360,false],"large":["https:\/\/quehacerpolitico.mx\/wp-content\/uploads\/2025\/06\/IMG_0860.jpeg",640,360,false],"1536x1536":["https:\/\/quehacerpolitico.mx\/wp-content\/uploads\/2025\/06\/IMG_0860.jpeg",700,394,false],"2048x2048":["https:\/\/quehacerpolitico.mx\/wp-content\/uploads\/2025\/06\/IMG_0860.jpeg",700,394,false],"covernews-featured":["https:\/\/quehacerpolitico.mx\/wp-content\/uploads\/2025\/06\/IMG_0860.jpeg",700,394,false],"covernews-medium":["https:\/\/quehacerpolitico.mx\/wp-content\/uploads\/2025\/06\/IMG_0860-540x340.jpeg",540,340,true]},"author_info":{"display_name":"Redacci\u00f3n QP","author_link":"https:\/\/quehacerpolitico.mx\/?author=2"},"category_info":"<a href=\"https:\/\/quehacerpolitico.mx\/?cat=54\" rel=\"category\">Deportes<\/a>","tag_info":"Deportes","comment_count":"0","_links":{"self":[{"href":"https:\/\/quehacerpolitico.mx\/index.php?rest_route=\/wp\/v2\/posts\/116943","targetHints":{"allow":["GET"]}}],"collection":[{"href":"https:\/\/quehacerpolitico.mx\/index.php?rest_route=\/wp\/v2\/posts"}],"about":[{"href":"https:\/\/quehacerpolitico.mx\/index.php?rest_route=\/wp\/v2\/types\/post"}],"author":[{"embeddable":true,"href":"https:\/\/quehacerpolitico.mx\/index.php?rest_route=\/wp\/v2\/users\/2"}],"replies":[{"embeddable":true,"href":"https:\/\/quehacerpolitico.mx\/index.php?rest_route=%2Fwp%2Fv2%2Fcomments&post=116943"}],"version-history":[{"count":1,"href":"https:\/\/quehacerpolitico.mx\/index.php?rest_route=\/wp\/v2\/posts\/116943\/revisions"}],"predecessor-version":[{"id":116945,"href":"https:\/\/quehacerpolitico.mx\/index.php?rest_route=\/wp\/v2\/posts\/116943\/revisions\/116945"}],"wp:featuredmedia":[{"embeddable":true,"href":"https:\/\/quehacerpolitico.mx\/index.php?rest_route=\/wp\/v2\/media\/116944"}],"wp:attachment":[{"href":"https:\/\/quehacerpolitico.mx\/index.php?rest_route=%2Fwp%2Fv2%2Fmedia&parent=116943"}],"wp:term":[{"taxonomy":"category","embeddable":true,"href":"https:\/\/quehacerpolitico.mx\/index.php?rest_route=%2Fwp%2Fv2%2Fcategories&post=116943"},{"taxonomy":"post_tag","embeddable":true,"href":"https:\/\/quehacerpolitico.mx\/index.php?rest_route=%2Fwp%2Fv2%2Ftags&post=116943"}],"curies":[{"name":"wp","href":"https:\/\/api.w.org\/{rel}","templated":true}]}}