{"id":116936,"date":"2025-06-17T13:49:15","date_gmt":"2025-06-17T19:49:15","guid":{"rendered":"https:\/\/quehacerpolitico.mx\/?p=116936"},"modified":"2025-06-17T13:49:18","modified_gmt":"2025-06-17T19:49:18","slug":"invasores-tendran-la-opcion-de-comprar-casas-que-allanaron-infonavit","status":"publish","type":"post","link":"https:\/\/quehacerpolitico.mx\/?p=116936","title":{"rendered":"&#8220;Invasores&#8221; tendr\u00e1n la opci\u00f3n de comprar casas que allanaron: Infonavit"},"content":{"rendered":"\n<p>Por Redacci\u00f3n QP<\/p>\n\n\n\n<p>En el caso de las viviendas habitadas, pero que fueron invadidas, no se desalojar\u00e1n, se buscar\u00e1 un acuerdo con los ocupantes para arrendarlas con opci\u00f3n a compra<\/p>\n\n\n\n<p><mark><strong>El Instituto del Fondo Nacional de la Vivienda para los Trabajadores (Infonavit), implementar\u00e1 un plan para que las personas que &#8220;invadieron&#8221; una vivienda deshabitada de ese organismo,<\/strong><\/mark>&nbsp;puedan adquirirla mediante un arrendamiento con opci\u00f3n a compra y escriturarla a su nombre, en un periodo de cuatro a cinco a\u00f1os.<\/p>\n\n\n\n<p>De acuerdo con el art\u00edculo 285 del C\u00f3digo Penal Federal, la invasi\u00f3n de casas o allanamiento de morada es un delito que se castiga con hasta dos a\u00f1os de prisi\u00f3n y hasta 100 pesos de multa;&nbsp;<strong>sin embargo, dichas penas datan de 1931, a\u00f1o en el que se public\u00f3.<\/strong><\/p>\n\n\n\n<figure class=\"wp-block-embed is-type-rich is-provider-twitter wp-block-embed-twitter\"><div class=\"wp-block-embed__wrapper\">\n<blockquote class=\"twitter-tweet\" data-width=\"550\" data-dnt=\"true\"><p lang=\"es\" dir=\"ltr\">Si hay denuncia de invasi\u00f3n, se investiga&#8230;<br><br>&#8230;si nadie denuncia, el invasor podr\u00e1 comprar.<br><br>La 4T tratando de \u201caclarar\u201d el premio de Infonavit a invasores y la legalizaci\u00f3n del despojo <a href=\"https:\/\/t.co\/wJNHrmRYt8\">pic.twitter.com\/wJNHrmRYt8<\/a><\/p>&mdash; Manuel Lopez San Martin (@MLopezSanMartin) <a href=\"https:\/\/twitter.com\/MLopezSanMartin\/status\/1935018892201705790?ref_src=twsrc%5Etfw\">June 17, 2025<\/a><\/blockquote><script async src=\"https:\/\/platform.twitter.com\/widgets.js\" charset=\"utf-8\"><\/script>\n<\/div><\/figure>\n\n\n\n<p><strong>&#8220;Se impondr\u00e1n de un mes a dos a\u00f1os de prisi\u00f3n y multa de 10 a 100 pesos, al que, sin motivo justificado, sin orden de autoridad competente y fuera de los casos en que la ley lo permita<\/strong>, se introduzca, furtivamente o con enga\u00f1o o violencia, o sin permiso de la persona autorizada para darlo, a un departamento, vivienda, aposento o dependencias de una casa habitada&#8221;, se\u00f1ala el C\u00f3digo Penal Federal.<\/p>\n\n\n\n<p>Ayer, en la conferencia ma\u00f1anera, Octavio Romero Oropeza, titular del Infonavit, detall\u00f3 que, en colaboraci\u00f3n con la Secretar\u00eda de Bienestar, se realiza un censo de viviendas y de las 843 mil del instituto, se han registrado 168 mil (20% de avance).&nbsp;<mark><strong>De estas \u00faltimas, 145 mil est\u00e1n habitadas y 23 mil deshabitadas o vandalizadas.<\/strong><\/mark><\/p>\n\n\n\n<figure class=\"wp-block-embed is-type-rich is-provider-twitter wp-block-embed-twitter\"><div class=\"wp-block-embed__wrapper\">\n<blockquote class=\"twitter-tweet\" data-width=\"550\" data-dnt=\"true\"><p lang=\"es\" dir=\"ltr\">Parece broma, pero es real&#8230;<br><br>El gobierno ofrecer\u00e1 a invasores la oportunidad de regularizarse, pagar sus casas a un precio &quot;muy econ\u00f3mico&quot; y con facilidades.<br><br>Ser\u00e1 la legalizaci\u00f3n de la ilegalidad. <a href=\"https:\/\/t.co\/lUm5s1U9Td\">pic.twitter.com\/lUm5s1U9Td<\/a><\/p>&mdash; Manuel Lopez San Martin (@MLopezSanMartin) <a href=\"https:\/\/twitter.com\/MLopezSanMartin\/status\/1934645644662333686?ref_src=twsrc%5Etfw\">June 16, 2025<\/a><\/blockquote><script async src=\"https:\/\/platform.twitter.com\/widgets.js\" charset=\"utf-8\"><\/script>\n<\/div><\/figure>\n\n\n\n<p>En el caso de las viviendas habitadas, pero que fueron invadidas, no se desalojar\u00e1n,<strong>&nbsp;se buscar\u00e1 un acuerdo con los ocupantes para arrendarlas con opci\u00f3n a compra, es decir, regularizar el allanamiento.<\/strong><\/p>\n\n\n\n<p><mark><strong>&#8220;Hay una vivienda que puede estar ocupada por un tercero y, anteriormente, como les comentaba, si as\u00ed era, se desalojaba para vender esa vivienda a particulares que hac\u00edan negocio.<\/strong><\/mark>&nbsp;En otros casos, esa vivienda, como el derechohabiente, dado el tipo de cr\u00e9dito tan oneroso que se cobraba, no pod\u00eda pagar, met\u00edan despachos y se les quitaba la vivienda y ya es parte del Infonavit, pero fue invadida, ocupada irregularmente para decirlo mejor, por personas que no son derechohabientes, y lo que queremos hacer, por instrucciones de la Presidenta, es buscar regularizar a estas personas&#8221;, dijo Romero Oropeza.<\/p>\n\n\n\n<p><strong>Reiter\u00f3 que no se desocupar\u00e1n las casas invadidas, pero se les advertir\u00e1 que si no la regularizan, la casa no ser\u00e1 suya, indic\u00f3.<\/strong><\/p>\n\n\n\n<p><strong>&#8220;\u00bfQu\u00e9 se hace? Pues no los vamos a sacar, pero s\u00ed le vamos a advertir que si no se regulariza, nunca va a ser due\u00f1o de la vivienda,<\/strong>&nbsp;la puede ocupar pero no va a ser de \u00e9l, y lo que queremos es que sea de \u00e9l, entonces, estamos planteando que la puedan adquirir a un precio muy econ\u00f3mico, valor en libros, con un esquema, si no son derechohabientes, con un esquema de renta con opci\u00f3n a compra, de manera que vayan pagando la renta y, al mismo tiempo, la casa y a los cuatro o cinco a\u00f1os sean ya due\u00f1os de su vivienda&#8221;, explic\u00f3.<\/p>\n\n\n\n<p><mark><strong>A Romero Oropeza tambi\u00e9n se le cuestion\u00f3 c\u00f3mo se determinar\u00e1 la posesi\u00f3n de las casas, cuando los due\u00f1os leg\u00edtimos de las viviendas allanadas quieran recuperarlas.<\/strong><\/mark><\/p>\n\n\n\n<p>Afirm\u00f3 que ser\u00e1n repuestas:&nbsp;<strong>&#8220;En el caso de quienes pudieran todav\u00eda, como due\u00f1os, lo que estamos haciendo es reprogramando su cr\u00e9dito, reestructurando su cr\u00e9dito para que se quede con la vivienda que tienen.<\/strong>&nbsp;En el caso de que tuviesen esa vivienda invadida, lo que se ver\u00eda es c\u00f3mo se las reponemos&#8221;, precis\u00f3.<\/p>\n\n\n\n<p>Con informaci\u00f3n de SUN<\/p>\n","protected":false},"excerpt":{"rendered":"<p>Por Redacci\u00f3n QP En el caso de las viviendas habitadas, pero que fueron invadidas, no&#8230;<\/p>\n","protected":false},"author":2,"featured_media":116937,"comment_status":"open","ping_status":"open","sticky":false,"template":"","format":"standard","meta":{"_monsterinsights_skip_tracking":false,"_monsterinsights_sitenote_active":false,"_monsterinsights_sitenote_note":"","_monsterinsights_sitenote_category":0,"footnotes":""},"categories":[280,2],"tags":[],"class_list":["post-116936","post","type-post","status-publish","format-standard","has-post-thumbnail","hentry","category-nacionales","category-noticias"],"yoast_head":"<!-- This site is optimized with the Yoast SEO plugin v27.3 - https:\/\/yoast.com\/product\/yoast-seo-wordpress\/ -->\n<title>&quot;Invasores&quot; tendr\u00e1n la opci\u00f3n de comprar casas que allanaron: Infonavit -<\/title>\n<meta name=\"robots\" content=\"index, follow, max-snippet:-1, max-image-preview:large, max-video-preview:-1\" \/>\n<link rel=\"canonical\" href=\"https:\/\/quehacerpolitico.mx\/?p=116936\" \/>\n<meta property=\"og:locale\" content=\"es_MX\" \/>\n<meta property=\"og:type\" content=\"article\" \/>\n<meta property=\"og:title\" content=\"&quot;Invasores&quot; tendr\u00e1n la opci\u00f3n de comprar casas que allanaron: Infonavit -\" \/>\n<meta property=\"og:description\" content=\"Por Redacci\u00f3n QP En el caso de las viviendas habitadas, pero que fueron invadidas, no...\" \/>\n<meta property=\"og:url\" content=\"https:\/\/quehacerpolitico.mx\/?p=116936\" \/>\n<meta property=\"article:published_time\" content=\"2025-06-17T19:49:15+00:00\" \/>\n<meta property=\"article:modified_time\" content=\"2025-06-17T19:49:18+00:00\" \/>\n<meta property=\"og:image\" content=\"https:\/\/quehacerpolitico.mx\/wp-content\/uploads\/2025\/06\/IMG_0846.jpeg\" \/>\n\t<meta property=\"og:image:width\" content=\"1437\" \/>\n\t<meta property=\"og:image:height\" content=\"713\" \/>\n\t<meta property=\"og:image:type\" content=\"image\/jpeg\" \/>\n<meta name=\"author\" content=\"Redacci\u00f3n QP\" \/>\n<meta name=\"twitter:card\" content=\"summary_large_image\" \/>\n<meta name=\"twitter:label1\" content=\"Escrito por\" \/>\n\t<meta name=\"twitter:data1\" content=\"Redacci\u00f3n QP\" \/>\n\t<meta name=\"twitter:label2\" content=\"Tiempo de lectura\" \/>\n\t<meta name=\"twitter:data2\" content=\"3 minutos\" \/>\n<script type=\"application\/ld+json\" class=\"yoast-schema-graph\">{\"@context\":\"https:\\\/\\\/schema.org\",\"@graph\":[{\"@type\":\"Article\",\"@id\":\"https:\\\/\\\/quehacerpolitico.mx\\\/?p=116936#article\",\"isPartOf\":{\"@id\":\"https:\\\/\\\/quehacerpolitico.mx\\\/?p=116936\"},\"author\":{\"name\":\"Redacci\u00f3n QP\",\"@id\":\"https:\\\/\\\/quehacerpolitico.mx\\\/#\\\/schema\\\/person\\\/496d8ad2d1d3f8036101dca7ee39e585\"},\"headline\":\"&#8220;Invasores&#8221; tendr\u00e1n la opci\u00f3n de comprar casas que allanaron: Infonavit\",\"datePublished\":\"2025-06-17T19:49:15+00:00\",\"dateModified\":\"2025-06-17T19:49:18+00:00\",\"mainEntityOfPage\":{\"@id\":\"https:\\\/\\\/quehacerpolitico.mx\\\/?p=116936\"},\"wordCount\":659,\"commentCount\":0,\"image\":{\"@id\":\"https:\\\/\\\/quehacerpolitico.mx\\\/?p=116936#primaryimage\"},\"thumbnailUrl\":\"https:\\\/\\\/quehacerpolitico.mx\\\/wp-content\\\/uploads\\\/2025\\\/06\\\/IMG_0846.jpeg\",\"articleSection\":[\"Nacionales\",\"Noticias\"],\"inLanguage\":\"es\",\"potentialAction\":[{\"@type\":\"CommentAction\",\"name\":\"Comment\",\"target\":[\"https:\\\/\\\/quehacerpolitico.mx\\\/?p=116936#respond\"]}]},{\"@type\":\"WebPage\",\"@id\":\"https:\\\/\\\/quehacerpolitico.mx\\\/?p=116936\",\"url\":\"https:\\\/\\\/quehacerpolitico.mx\\\/?p=116936\",\"name\":\"\\\"Invasores\\\" tendr\u00e1n la opci\u00f3n de comprar casas que allanaron: Infonavit -\",\"isPartOf\":{\"@id\":\"https:\\\/\\\/quehacerpolitico.mx\\\/#website\"},\"primaryImageOfPage\":{\"@id\":\"https:\\\/\\\/quehacerpolitico.mx\\\/?p=116936#primaryimage\"},\"image\":{\"@id\":\"https:\\\/\\\/quehacerpolitico.mx\\\/?p=116936#primaryimage\"},\"thumbnailUrl\":\"https:\\\/\\\/quehacerpolitico.mx\\\/wp-content\\\/uploads\\\/2025\\\/06\\\/IMG_0846.jpeg\",\"datePublished\":\"2025-06-17T19:49:15+00:00\",\"dateModified\":\"2025-06-17T19:49:18+00:00\",\"author\":{\"@id\":\"https:\\\/\\\/quehacerpolitico.mx\\\/#\\\/schema\\\/person\\\/496d8ad2d1d3f8036101dca7ee39e585\"},\"breadcrumb\":{\"@id\":\"https:\\\/\\\/quehacerpolitico.mx\\\/?p=116936#breadcrumb\"},\"inLanguage\":\"es\",\"potentialAction\":[{\"@type\":\"ReadAction\",\"target\":[\"https:\\\/\\\/quehacerpolitico.mx\\\/?p=116936\"]}]},{\"@type\":\"ImageObject\",\"inLanguage\":\"es\",\"@id\":\"https:\\\/\\\/quehacerpolitico.mx\\\/?p=116936#primaryimage\",\"url\":\"https:\\\/\\\/quehacerpolitico.mx\\\/wp-content\\\/uploads\\\/2025\\\/06\\\/IMG_0846.jpeg\",\"contentUrl\":\"https:\\\/\\\/quehacerpolitico.mx\\\/wp-content\\\/uploads\\\/2025\\\/06\\\/IMG_0846.jpeg\",\"width\":1437,\"height\":713},{\"@type\":\"BreadcrumbList\",\"@id\":\"https:\\\/\\\/quehacerpolitico.mx\\\/?p=116936#breadcrumb\",\"itemListElement\":[{\"@type\":\"ListItem\",\"position\":1,\"name\":\"Inicio\",\"item\":\"https:\\\/\\\/quehacerpolitico.mx\\\/\"},{\"@type\":\"ListItem\",\"position\":2,\"name\":\"&#8220;Invasores&#8221; tendr\u00e1n la opci\u00f3n de comprar casas que allanaron: Infonavit\"}]},{\"@type\":\"WebSite\",\"@id\":\"https:\\\/\\\/quehacerpolitico.mx\\\/#website\",\"url\":\"https:\\\/\\\/quehacerpolitico.mx\\\/\",\"name\":\"\",\"description\":\"\",\"potentialAction\":[{\"@type\":\"SearchAction\",\"target\":{\"@type\":\"EntryPoint\",\"urlTemplate\":\"https:\\\/\\\/quehacerpolitico.mx\\\/?s={search_term_string}\"},\"query-input\":{\"@type\":\"PropertyValueSpecification\",\"valueRequired\":true,\"valueName\":\"search_term_string\"}}],\"inLanguage\":\"es\"},{\"@type\":\"Person\",\"@id\":\"https:\\\/\\\/quehacerpolitico.mx\\\/#\\\/schema\\\/person\\\/496d8ad2d1d3f8036101dca7ee39e585\",\"name\":\"Redacci\u00f3n QP\",\"image\":{\"@type\":\"ImageObject\",\"inLanguage\":\"es\",\"@id\":\"https:\\\/\\\/secure.gravatar.com\\\/avatar\\\/c7164ed6fdec453195284ad24a5ae5b6e1eed2b848477fa2a4787ba9adf39a41?s=96&d=mm&r=g\",\"url\":\"https:\\\/\\\/secure.gravatar.com\\\/avatar\\\/c7164ed6fdec453195284ad24a5ae5b6e1eed2b848477fa2a4787ba9adf39a41?s=96&d=mm&r=g\",\"contentUrl\":\"https:\\\/\\\/secure.gravatar.com\\\/avatar\\\/c7164ed6fdec453195284ad24a5ae5b6e1eed2b848477fa2a4787ba9adf39a41?s=96&d=mm&r=g\",\"caption\":\"Redacci\u00f3n QP\"},\"url\":\"https:\\\/\\\/quehacerpolitico.mx\\\/?author=2\"}]}<\/script>\n<!-- \/ Yoast SEO plugin. -->","yoast_head_json":{"title":"\"Invasores\" tendr\u00e1n la opci\u00f3n de comprar casas que allanaron: Infonavit -","robots":{"index":"index","follow":"follow","max-snippet":"max-snippet:-1","max-image-preview":"max-image-preview:large","max-video-preview":"max-video-preview:-1"},"canonical":"https:\/\/quehacerpolitico.mx\/?p=116936","og_locale":"es_MX","og_type":"article","og_title":"\"Invasores\" tendr\u00e1n la opci\u00f3n de comprar casas que allanaron: Infonavit -","og_description":"Por Redacci\u00f3n QP En el caso de las viviendas habitadas, pero que fueron invadidas, no...","og_url":"https:\/\/quehacerpolitico.mx\/?p=116936","article_published_time":"2025-06-17T19:49:15+00:00","article_modified_time":"2025-06-17T19:49:18+00:00","og_image":[{"width":1437,"height":713,"url":"https:\/\/quehacerpolitico.mx\/wp-content\/uploads\/2025\/06\/IMG_0846.jpeg","type":"image\/jpeg"}],"author":"Redacci\u00f3n QP","twitter_card":"summary_large_image","twitter_misc":{"Escrito por":"Redacci\u00f3n QP","Tiempo de lectura":"3 minutos"},"schema":{"@context":"https:\/\/schema.org","@graph":[{"@type":"Article","@id":"https:\/\/quehacerpolitico.mx\/?p=116936#article","isPartOf":{"@id":"https:\/\/quehacerpolitico.mx\/?p=116936"},"author":{"name":"Redacci\u00f3n QP","@id":"https:\/\/quehacerpolitico.mx\/#\/schema\/person\/496d8ad2d1d3f8036101dca7ee39e585"},"headline":"&#8220;Invasores&#8221; tendr\u00e1n la opci\u00f3n de comprar casas que allanaron: Infonavit","datePublished":"2025-06-17T19:49:15+00:00","dateModified":"2025-06-17T19:49:18+00:00","mainEntityOfPage":{"@id":"https:\/\/quehacerpolitico.mx\/?p=116936"},"wordCount":659,"commentCount":0,"image":{"@id":"https:\/\/quehacerpolitico.mx\/?p=116936#primaryimage"},"thumbnailUrl":"https:\/\/quehacerpolitico.mx\/wp-content\/uploads\/2025\/06\/IMG_0846.jpeg","articleSection":["Nacionales","Noticias"],"inLanguage":"es","potentialAction":[{"@type":"CommentAction","name":"Comment","target":["https:\/\/quehacerpolitico.mx\/?p=116936#respond"]}]},{"@type":"WebPage","@id":"https:\/\/quehacerpolitico.mx\/?p=116936","url":"https:\/\/quehacerpolitico.mx\/?p=116936","name":"\"Invasores\" tendr\u00e1n la opci\u00f3n de comprar casas que allanaron: Infonavit -","isPartOf":{"@id":"https:\/\/quehacerpolitico.mx\/#website"},"primaryImageOfPage":{"@id":"https:\/\/quehacerpolitico.mx\/?p=116936#primaryimage"},"image":{"@id":"https:\/\/quehacerpolitico.mx\/?p=116936#primaryimage"},"thumbnailUrl":"https:\/\/quehacerpolitico.mx\/wp-content\/uploads\/2025\/06\/IMG_0846.jpeg","datePublished":"2025-06-17T19:49:15+00:00","dateModified":"2025-06-17T19:49:18+00:00","author":{"@id":"https:\/\/quehacerpolitico.mx\/#\/schema\/person\/496d8ad2d1d3f8036101dca7ee39e585"},"breadcrumb":{"@id":"https:\/\/quehacerpolitico.mx\/?p=116936#breadcrumb"},"inLanguage":"es","potentialAction":[{"@type":"ReadAction","target":["https:\/\/quehacerpolitico.mx\/?p=116936"]}]},{"@type":"ImageObject","inLanguage":"es","@id":"https:\/\/quehacerpolitico.mx\/?p=116936#primaryimage","url":"https:\/\/quehacerpolitico.mx\/wp-content\/uploads\/2025\/06\/IMG_0846.jpeg","contentUrl":"https:\/\/quehacerpolitico.mx\/wp-content\/uploads\/2025\/06\/IMG_0846.jpeg","width":1437,"height":713},{"@type":"BreadcrumbList","@id":"https:\/\/quehacerpolitico.mx\/?p=116936#breadcrumb","itemListElement":[{"@type":"ListItem","position":1,"name":"Inicio","item":"https:\/\/quehacerpolitico.mx\/"},{"@type":"ListItem","position":2,"name":"&#8220;Invasores&#8221; tendr\u00e1n la opci\u00f3n de comprar casas que allanaron: Infonavit"}]},{"@type":"WebSite","@id":"https:\/\/quehacerpolitico.mx\/#website","url":"https:\/\/quehacerpolitico.mx\/","name":"","description":"","potentialAction":[{"@type":"SearchAction","target":{"@type":"EntryPoint","urlTemplate":"https:\/\/quehacerpolitico.mx\/?s={search_term_string}"},"query-input":{"@type":"PropertyValueSpecification","valueRequired":true,"valueName":"search_term_string"}}],"inLanguage":"es"},{"@type":"Person","@id":"https:\/\/quehacerpolitico.mx\/#\/schema\/person\/496d8ad2d1d3f8036101dca7ee39e585","name":"Redacci\u00f3n QP","image":{"@type":"ImageObject","inLanguage":"es","@id":"https:\/\/secure.gravatar.com\/avatar\/c7164ed6fdec453195284ad24a5ae5b6e1eed2b848477fa2a4787ba9adf39a41?s=96&d=mm&r=g","url":"https:\/\/secure.gravatar.com\/avatar\/c7164ed6fdec453195284ad24a5ae5b6e1eed2b848477fa2a4787ba9adf39a41?s=96&d=mm&r=g","contentUrl":"https:\/\/secure.gravatar.com\/avatar\/c7164ed6fdec453195284ad24a5ae5b6e1eed2b848477fa2a4787ba9adf39a41?s=96&d=mm&r=g","caption":"Redacci\u00f3n QP"},"url":"https:\/\/quehacerpolitico.mx\/?author=2"}]}},"featured_image_urls":{"full":["https:\/\/quehacerpolitico.mx\/wp-content\/uploads\/2025\/06\/IMG_0846.jpeg",1437,713,false],"thumbnail":["https:\/\/quehacerpolitico.mx\/wp-content\/uploads\/2025\/06\/IMG_0846-150x150.jpeg",150,150,true],"medium":["https:\/\/quehacerpolitico.mx\/wp-content\/uploads\/2025\/06\/IMG_0846-300x149.jpeg",300,149,true],"medium_large":["https:\/\/quehacerpolitico.mx\/wp-content\/uploads\/2025\/06\/IMG_0846-768x381.jpeg",640,318,true],"large":["https:\/\/quehacerpolitico.mx\/wp-content\/uploads\/2025\/06\/IMG_0846-1024x508.jpeg",640,318,true],"1536x1536":["https:\/\/quehacerpolitico.mx\/wp-content\/uploads\/2025\/06\/IMG_0846.jpeg",1437,713,false],"2048x2048":["https:\/\/quehacerpolitico.mx\/wp-content\/uploads\/2025\/06\/IMG_0846.jpeg",1437,713,false],"covernews-featured":["https:\/\/quehacerpolitico.mx\/wp-content\/uploads\/2025\/06\/IMG_0846-1024x508.jpeg",1024,508,true],"covernews-medium":["https:\/\/quehacerpolitico.mx\/wp-content\/uploads\/2025\/06\/IMG_0846-540x340.jpeg",540,340,true]},"author_info":{"display_name":"Redacci\u00f3n QP","author_link":"https:\/\/quehacerpolitico.mx\/?author=2"},"category_info":"<a href=\"https:\/\/quehacerpolitico.mx\/?cat=280\" rel=\"category\">Nacionales<\/a> <a href=\"https:\/\/quehacerpolitico.mx\/?cat=2\" rel=\"category\">Noticias<\/a>","tag_info":"Noticias","comment_count":"0","_links":{"self":[{"href":"https:\/\/quehacerpolitico.mx\/index.php?rest_route=\/wp\/v2\/posts\/116936","targetHints":{"allow":["GET"]}}],"collection":[{"href":"https:\/\/quehacerpolitico.mx\/index.php?rest_route=\/wp\/v2\/posts"}],"about":[{"href":"https:\/\/quehacerpolitico.mx\/index.php?rest_route=\/wp\/v2\/types\/post"}],"author":[{"embeddable":true,"href":"https:\/\/quehacerpolitico.mx\/index.php?rest_route=\/wp\/v2\/users\/2"}],"replies":[{"embeddable":true,"href":"https:\/\/quehacerpolitico.mx\/index.php?rest_route=%2Fwp%2Fv2%2Fcomments&post=116936"}],"version-history":[{"count":1,"href":"https:\/\/quehacerpolitico.mx\/index.php?rest_route=\/wp\/v2\/posts\/116936\/revisions"}],"predecessor-version":[{"id":116938,"href":"https:\/\/quehacerpolitico.mx\/index.php?rest_route=\/wp\/v2\/posts\/116936\/revisions\/116938"}],"wp:featuredmedia":[{"embeddable":true,"href":"https:\/\/quehacerpolitico.mx\/index.php?rest_route=\/wp\/v2\/media\/116937"}],"wp:attachment":[{"href":"https:\/\/quehacerpolitico.mx\/index.php?rest_route=%2Fwp%2Fv2%2Fmedia&parent=116936"}],"wp:term":[{"taxonomy":"category","embeddable":true,"href":"https:\/\/quehacerpolitico.mx\/index.php?rest_route=%2Fwp%2Fv2%2Fcategories&post=116936"},{"taxonomy":"post_tag","embeddable":true,"href":"https:\/\/quehacerpolitico.mx\/index.php?rest_route=%2Fwp%2Fv2%2Ftags&post=116936"}],"curies":[{"name":"wp","href":"https:\/\/api.w.org\/{rel}","templated":true}]}}