{"id":116929,"date":"2025-06-17T12:53:52","date_gmt":"2025-06-17T18:53:52","guid":{"rendered":"https:\/\/quehacerpolitico.mx\/?p=116929"},"modified":"2025-06-17T12:55:28","modified_gmt":"2025-06-17T18:55:28","slug":"no-dejes-el-paraguas-habra-lluvias-en-la-cdmx","status":"publish","type":"post","link":"https:\/\/quehacerpolitico.mx\/?p=116929","title":{"rendered":"No dejes el paraguas habr\u00e1 lluvias en la CDMX"},"content":{"rendered":"\n<p>Por Redacci\u00f3n QP<\/p>\n\n\n\n<p>Esto es lo que se estima para hoy en la capital del pa\u00eds y el Valle de M\u00e9xico<\/p>\n\n\n\n<p>Este martes 17 de junio de 2025 se espera un ambiente templado a c\u00e1lido en la Ciudad de M\u00e9xico&nbsp;(CDMX), con cielo mayormente nublado, as\u00ed lo indica la Secretar\u00eda de Gesti\u00f3n Integral de Riesgos y PC (SGIRPC) de la capital del pa\u00eds.<\/p>\n\n\n\n<p>Seg\u00fan el bolet\u00edn de la secretar\u00eda, se pronostican&nbsp;lluvias&nbsp;fuertes puntuales acompa\u00f1adas de&nbsp;<mark><strong>chubascos y actividad el\u00e9ctrica entre las 14:00 y las 22:00 horas.<\/strong><\/mark>&nbsp;Los vientos provendr\u00e1n del Norte y Noreste a velocidades de entre 10 y 25 km\/h, con rachas de hasta 45 km\/h.<\/p>\n\n\n\n<p>Se esperan temperaturas m\u00e1ximas de 21 grados y m\u00ednimas de 15 grados, con una disminuci\u00f3n hacia la noche; estiman un acumulado de lluvias de entre 15 y 29 mm durante el d\u00eda.<\/p>\n\n\n\n<p>La autoridad exhorta a la poblaci\u00f3n a mantenerse atenta a los avisos del Sistema de Alerta Temprana de la SGIRPC y a&nbsp;<strong>extremar precauciones ante la posibilidad de encharcamientos, ca\u00eddas de \u00e1rboles o postes, y afectaciones viales por las lluvias.<\/strong><\/p>\n\n\n\n<figure class=\"wp-block-image\" id=\"cnt_img_7110\"><img decoding=\"async\" src=\"https:\/\/www.informador.mx\/export\/sites\/elinformador\/img\/2025\/06\/17\/20250617matu.png_1761706598.png\" alt=\"X \/ @SGIRPC_CDMX\" title=\"X \/ @SGIRPC_CDMX\"\/><figcaption class=\"wp-element-caption\">X \/ @SGIRPC_CDMX&nbsp;<\/figcaption><\/figure>\n\n\n\n<p>El portal del clima AccuWeather indica que&nbsp;<mark><strong>las horas con mayor probabilidad de lluvia en la CDMX son las 14:00 (64%), las 16:00 (53%) y las 19:00 (51%).<\/strong><\/mark><\/p>\n\n\n\n<h2 class=\"wp-block-heading\">El clima para el Valle de M\u00e9xico<\/h2>\n\n\n\n<p>En su reporte para hoy martes, el Servicio Meteorol\u00f3gico Nacional\u00a0(SMN) indica que para el Valle de M\u00e9xico\u00a0<br><strong>tendr\u00e1 condiciones de cielo nublado la mayor parte del d\u00eda.<\/strong><\/p>\n\n\n\n<p>Durante la ma\u00f1ana, se prev\u00e9n lluvias aisladas y ambiente fresco, as\u00ed como bancos de niebla en zonas altas que rodean la regi\u00f3n. Por la tarde, ambiente templado y probabilidad de chubascos con lluvias puntuales fuertes en la Ciudad de M\u00e9xico, as\u00ed como&nbsp;<mark><strong>lluvias puntuales muy fuertes en el Estado de M\u00e9xico.<\/strong><\/mark><\/p>\n\n\n\n<p>Las lluvias, dice la dependencia de la Comisi\u00f3n Nacional del Agua&nbsp;(Conagua) podr\u00edan acompa\u00f1arse con descargas el\u00e9ctricas, y tambi\u00e9n podr\u00edan reducir la visibilidad en tramos carreteros, originar encharcamientos, deslaves, inundaciones y el incremento en los niveles de r\u00edos y arroyos.<\/p>\n\n\n\n<p>La temperatura m\u00ednima para Toluca, Estado de M\u00e9xico, ser\u00e1 de 9 a 11 \u00b0C y una m\u00e1xima de 17 a 19 \u00b0C.<\/p>\n","protected":false},"excerpt":{"rendered":"<p>Por Redacci\u00f3n QP Esto es lo que se estima para hoy en la capital del&#8230;<\/p>\n","protected":false},"author":2,"featured_media":116930,"comment_status":"open","ping_status":"open","sticky":false,"template":"","format":"standard","meta":{"_monsterinsights_skip_tracking":false,"_monsterinsights_sitenote_active":false,"_monsterinsights_sitenote_note":"","_monsterinsights_sitenote_category":0,"footnotes":""},"categories":[55],"tags":[],"class_list":["post-116929","post","type-post","status-publish","format-standard","has-post-thumbnail","hentry","category-cdmx"],"yoast_head":"<!-- This site is optimized with the Yoast SEO plugin v27.3 - https:\/\/yoast.com\/product\/yoast-seo-wordpress\/ -->\n<title>No dejes el paraguas habr\u00e1 lluvias en la CDMX -<\/title>\n<meta name=\"robots\" content=\"index, follow, max-snippet:-1, max-image-preview:large, max-video-preview:-1\" \/>\n<link rel=\"canonical\" href=\"https:\/\/quehacerpolitico.mx\/?p=116929\" \/>\n<meta property=\"og:locale\" content=\"es_MX\" \/>\n<meta property=\"og:type\" content=\"article\" \/>\n<meta property=\"og:title\" content=\"No dejes el paraguas habr\u00e1 lluvias en la CDMX -\" \/>\n<meta property=\"og:description\" content=\"Por Redacci\u00f3n QP Esto es lo que se estima para hoy en la capital del...\" \/>\n<meta property=\"og:url\" content=\"https:\/\/quehacerpolitico.mx\/?p=116929\" \/>\n<meta property=\"article:published_time\" content=\"2025-06-17T18:53:52+00:00\" \/>\n<meta property=\"article:modified_time\" content=\"2025-06-17T18:55:28+00:00\" \/>\n<meta property=\"og:image\" content=\"https:\/\/quehacerpolitico.mx\/wp-content\/uploads\/2025\/06\/IMG_0842.jpeg\" \/>\n\t<meta property=\"og:image:width\" content=\"640\" \/>\n\t<meta property=\"og:image:height\" content=\"480\" \/>\n\t<meta property=\"og:image:type\" content=\"image\/jpeg\" \/>\n<meta name=\"author\" content=\"Redacci\u00f3n QP\" \/>\n<meta name=\"twitter:card\" content=\"summary_large_image\" \/>\n<meta name=\"twitter:label1\" content=\"Escrito por\" \/>\n\t<meta name=\"twitter:data1\" content=\"Redacci\u00f3n QP\" \/>\n\t<meta name=\"twitter:label2\" content=\"Tiempo de lectura\" \/>\n\t<meta name=\"twitter:data2\" content=\"2 minutos\" \/>\n<script type=\"application\/ld+json\" class=\"yoast-schema-graph\">{\"@context\":\"https:\\\/\\\/schema.org\",\"@graph\":[{\"@type\":\"Article\",\"@id\":\"https:\\\/\\\/quehacerpolitico.mx\\\/?p=116929#article\",\"isPartOf\":{\"@id\":\"https:\\\/\\\/quehacerpolitico.mx\\\/?p=116929\"},\"author\":{\"name\":\"Redacci\u00f3n QP\",\"@id\":\"https:\\\/\\\/quehacerpolitico.mx\\\/#\\\/schema\\\/person\\\/496d8ad2d1d3f8036101dca7ee39e585\"},\"headline\":\"No dejes el paraguas habr\u00e1 lluvias en la CDMX\",\"datePublished\":\"2025-06-17T18:53:52+00:00\",\"dateModified\":\"2025-06-17T18:55:28+00:00\",\"mainEntityOfPage\":{\"@id\":\"https:\\\/\\\/quehacerpolitico.mx\\\/?p=116929\"},\"wordCount\":398,\"commentCount\":0,\"image\":{\"@id\":\"https:\\\/\\\/quehacerpolitico.mx\\\/?p=116929#primaryimage\"},\"thumbnailUrl\":\"https:\\\/\\\/quehacerpolitico.mx\\\/wp-content\\\/uploads\\\/2025\\\/06\\\/IMG_0842.jpeg\",\"articleSection\":[\"CDMX\"],\"inLanguage\":\"es\",\"potentialAction\":[{\"@type\":\"CommentAction\",\"name\":\"Comment\",\"target\":[\"https:\\\/\\\/quehacerpolitico.mx\\\/?p=116929#respond\"]}]},{\"@type\":\"WebPage\",\"@id\":\"https:\\\/\\\/quehacerpolitico.mx\\\/?p=116929\",\"url\":\"https:\\\/\\\/quehacerpolitico.mx\\\/?p=116929\",\"name\":\"No dejes el paraguas habr\u00e1 lluvias en la CDMX -\",\"isPartOf\":{\"@id\":\"https:\\\/\\\/quehacerpolitico.mx\\\/#website\"},\"primaryImageOfPage\":{\"@id\":\"https:\\\/\\\/quehacerpolitico.mx\\\/?p=116929#primaryimage\"},\"image\":{\"@id\":\"https:\\\/\\\/quehacerpolitico.mx\\\/?p=116929#primaryimage\"},\"thumbnailUrl\":\"https:\\\/\\\/quehacerpolitico.mx\\\/wp-content\\\/uploads\\\/2025\\\/06\\\/IMG_0842.jpeg\",\"datePublished\":\"2025-06-17T18:53:52+00:00\",\"dateModified\":\"2025-06-17T18:55:28+00:00\",\"author\":{\"@id\":\"https:\\\/\\\/quehacerpolitico.mx\\\/#\\\/schema\\\/person\\\/496d8ad2d1d3f8036101dca7ee39e585\"},\"breadcrumb\":{\"@id\":\"https:\\\/\\\/quehacerpolitico.mx\\\/?p=116929#breadcrumb\"},\"inLanguage\":\"es\",\"potentialAction\":[{\"@type\":\"ReadAction\",\"target\":[\"https:\\\/\\\/quehacerpolitico.mx\\\/?p=116929\"]}]},{\"@type\":\"ImageObject\",\"inLanguage\":\"es\",\"@id\":\"https:\\\/\\\/quehacerpolitico.mx\\\/?p=116929#primaryimage\",\"url\":\"https:\\\/\\\/quehacerpolitico.mx\\\/wp-content\\\/uploads\\\/2025\\\/06\\\/IMG_0842.jpeg\",\"contentUrl\":\"https:\\\/\\\/quehacerpolitico.mx\\\/wp-content\\\/uploads\\\/2025\\\/06\\\/IMG_0842.jpeg\",\"width\":640,\"height\":480},{\"@type\":\"BreadcrumbList\",\"@id\":\"https:\\\/\\\/quehacerpolitico.mx\\\/?p=116929#breadcrumb\",\"itemListElement\":[{\"@type\":\"ListItem\",\"position\":1,\"name\":\"Inicio\",\"item\":\"https:\\\/\\\/quehacerpolitico.mx\\\/\"},{\"@type\":\"ListItem\",\"position\":2,\"name\":\"No dejes el paraguas habr\u00e1 lluvias en la CDMX\"}]},{\"@type\":\"WebSite\",\"@id\":\"https:\\\/\\\/quehacerpolitico.mx\\\/#website\",\"url\":\"https:\\\/\\\/quehacerpolitico.mx\\\/\",\"name\":\"\",\"description\":\"\",\"potentialAction\":[{\"@type\":\"SearchAction\",\"target\":{\"@type\":\"EntryPoint\",\"urlTemplate\":\"https:\\\/\\\/quehacerpolitico.mx\\\/?s={search_term_string}\"},\"query-input\":{\"@type\":\"PropertyValueSpecification\",\"valueRequired\":true,\"valueName\":\"search_term_string\"}}],\"inLanguage\":\"es\"},{\"@type\":\"Person\",\"@id\":\"https:\\\/\\\/quehacerpolitico.mx\\\/#\\\/schema\\\/person\\\/496d8ad2d1d3f8036101dca7ee39e585\",\"name\":\"Redacci\u00f3n QP\",\"image\":{\"@type\":\"ImageObject\",\"inLanguage\":\"es\",\"@id\":\"https:\\\/\\\/secure.gravatar.com\\\/avatar\\\/c7164ed6fdec453195284ad24a5ae5b6e1eed2b848477fa2a4787ba9adf39a41?s=96&d=mm&r=g\",\"url\":\"https:\\\/\\\/secure.gravatar.com\\\/avatar\\\/c7164ed6fdec453195284ad24a5ae5b6e1eed2b848477fa2a4787ba9adf39a41?s=96&d=mm&r=g\",\"contentUrl\":\"https:\\\/\\\/secure.gravatar.com\\\/avatar\\\/c7164ed6fdec453195284ad24a5ae5b6e1eed2b848477fa2a4787ba9adf39a41?s=96&d=mm&r=g\",\"caption\":\"Redacci\u00f3n QP\"},\"url\":\"https:\\\/\\\/quehacerpolitico.mx\\\/?author=2\"}]}<\/script>\n<!-- \/ Yoast SEO plugin. -->","yoast_head_json":{"title":"No dejes el paraguas habr\u00e1 lluvias en la CDMX -","robots":{"index":"index","follow":"follow","max-snippet":"max-snippet:-1","max-image-preview":"max-image-preview:large","max-video-preview":"max-video-preview:-1"},"canonical":"https:\/\/quehacerpolitico.mx\/?p=116929","og_locale":"es_MX","og_type":"article","og_title":"No dejes el paraguas habr\u00e1 lluvias en la CDMX -","og_description":"Por Redacci\u00f3n QP Esto es lo que se estima para hoy en la capital del...","og_url":"https:\/\/quehacerpolitico.mx\/?p=116929","article_published_time":"2025-06-17T18:53:52+00:00","article_modified_time":"2025-06-17T18:55:28+00:00","og_image":[{"width":640,"height":480,"url":"https:\/\/quehacerpolitico.mx\/wp-content\/uploads\/2025\/06\/IMG_0842.jpeg","type":"image\/jpeg"}],"author":"Redacci\u00f3n QP","twitter_card":"summary_large_image","twitter_misc":{"Escrito por":"Redacci\u00f3n QP","Tiempo de lectura":"2 minutos"},"schema":{"@context":"https:\/\/schema.org","@graph":[{"@type":"Article","@id":"https:\/\/quehacerpolitico.mx\/?p=116929#article","isPartOf":{"@id":"https:\/\/quehacerpolitico.mx\/?p=116929"},"author":{"name":"Redacci\u00f3n QP","@id":"https:\/\/quehacerpolitico.mx\/#\/schema\/person\/496d8ad2d1d3f8036101dca7ee39e585"},"headline":"No dejes el paraguas habr\u00e1 lluvias en la CDMX","datePublished":"2025-06-17T18:53:52+00:00","dateModified":"2025-06-17T18:55:28+00:00","mainEntityOfPage":{"@id":"https:\/\/quehacerpolitico.mx\/?p=116929"},"wordCount":398,"commentCount":0,"image":{"@id":"https:\/\/quehacerpolitico.mx\/?p=116929#primaryimage"},"thumbnailUrl":"https:\/\/quehacerpolitico.mx\/wp-content\/uploads\/2025\/06\/IMG_0842.jpeg","articleSection":["CDMX"],"inLanguage":"es","potentialAction":[{"@type":"CommentAction","name":"Comment","target":["https:\/\/quehacerpolitico.mx\/?p=116929#respond"]}]},{"@type":"WebPage","@id":"https:\/\/quehacerpolitico.mx\/?p=116929","url":"https:\/\/quehacerpolitico.mx\/?p=116929","name":"No dejes el paraguas habr\u00e1 lluvias en la CDMX -","isPartOf":{"@id":"https:\/\/quehacerpolitico.mx\/#website"},"primaryImageOfPage":{"@id":"https:\/\/quehacerpolitico.mx\/?p=116929#primaryimage"},"image":{"@id":"https:\/\/quehacerpolitico.mx\/?p=116929#primaryimage"},"thumbnailUrl":"https:\/\/quehacerpolitico.mx\/wp-content\/uploads\/2025\/06\/IMG_0842.jpeg","datePublished":"2025-06-17T18:53:52+00:00","dateModified":"2025-06-17T18:55:28+00:00","author":{"@id":"https:\/\/quehacerpolitico.mx\/#\/schema\/person\/496d8ad2d1d3f8036101dca7ee39e585"},"breadcrumb":{"@id":"https:\/\/quehacerpolitico.mx\/?p=116929#breadcrumb"},"inLanguage":"es","potentialAction":[{"@type":"ReadAction","target":["https:\/\/quehacerpolitico.mx\/?p=116929"]}]},{"@type":"ImageObject","inLanguage":"es","@id":"https:\/\/quehacerpolitico.mx\/?p=116929#primaryimage","url":"https:\/\/quehacerpolitico.mx\/wp-content\/uploads\/2025\/06\/IMG_0842.jpeg","contentUrl":"https:\/\/quehacerpolitico.mx\/wp-content\/uploads\/2025\/06\/IMG_0842.jpeg","width":640,"height":480},{"@type":"BreadcrumbList","@id":"https:\/\/quehacerpolitico.mx\/?p=116929#breadcrumb","itemListElement":[{"@type":"ListItem","position":1,"name":"Inicio","item":"https:\/\/quehacerpolitico.mx\/"},{"@type":"ListItem","position":2,"name":"No dejes el paraguas habr\u00e1 lluvias en la CDMX"}]},{"@type":"WebSite","@id":"https:\/\/quehacerpolitico.mx\/#website","url":"https:\/\/quehacerpolitico.mx\/","name":"","description":"","potentialAction":[{"@type":"SearchAction","target":{"@type":"EntryPoint","urlTemplate":"https:\/\/quehacerpolitico.mx\/?s={search_term_string}"},"query-input":{"@type":"PropertyValueSpecification","valueRequired":true,"valueName":"search_term_string"}}],"inLanguage":"es"},{"@type":"Person","@id":"https:\/\/quehacerpolitico.mx\/#\/schema\/person\/496d8ad2d1d3f8036101dca7ee39e585","name":"Redacci\u00f3n QP","image":{"@type":"ImageObject","inLanguage":"es","@id":"https:\/\/secure.gravatar.com\/avatar\/c7164ed6fdec453195284ad24a5ae5b6e1eed2b848477fa2a4787ba9adf39a41?s=96&d=mm&r=g","url":"https:\/\/secure.gravatar.com\/avatar\/c7164ed6fdec453195284ad24a5ae5b6e1eed2b848477fa2a4787ba9adf39a41?s=96&d=mm&r=g","contentUrl":"https:\/\/secure.gravatar.com\/avatar\/c7164ed6fdec453195284ad24a5ae5b6e1eed2b848477fa2a4787ba9adf39a41?s=96&d=mm&r=g","caption":"Redacci\u00f3n QP"},"url":"https:\/\/quehacerpolitico.mx\/?author=2"}]}},"featured_image_urls":{"full":["https:\/\/quehacerpolitico.mx\/wp-content\/uploads\/2025\/06\/IMG_0842.jpeg",640,480,false],"thumbnail":["https:\/\/quehacerpolitico.mx\/wp-content\/uploads\/2025\/06\/IMG_0842-150x150.jpeg",150,150,true],"medium":["https:\/\/quehacerpolitico.mx\/wp-content\/uploads\/2025\/06\/IMG_0842-300x225.jpeg",300,225,true],"medium_large":["https:\/\/quehacerpolitico.mx\/wp-content\/uploads\/2025\/06\/IMG_0842.jpeg",640,480,false],"large":["https:\/\/quehacerpolitico.mx\/wp-content\/uploads\/2025\/06\/IMG_0842.jpeg",640,480,false],"1536x1536":["https:\/\/quehacerpolitico.mx\/wp-content\/uploads\/2025\/06\/IMG_0842.jpeg",640,480,false],"2048x2048":["https:\/\/quehacerpolitico.mx\/wp-content\/uploads\/2025\/06\/IMG_0842.jpeg",640,480,false],"covernews-featured":["https:\/\/quehacerpolitico.mx\/wp-content\/uploads\/2025\/06\/IMG_0842.jpeg",640,480,false],"covernews-medium":["https:\/\/quehacerpolitico.mx\/wp-content\/uploads\/2025\/06\/IMG_0842-540x340.jpeg",540,340,true]},"author_info":{"display_name":"Redacci\u00f3n QP","author_link":"https:\/\/quehacerpolitico.mx\/?author=2"},"category_info":"<a href=\"https:\/\/quehacerpolitico.mx\/?cat=55\" rel=\"category\">CDMX<\/a>","tag_info":"CDMX","comment_count":"0","_links":{"self":[{"href":"https:\/\/quehacerpolitico.mx\/index.php?rest_route=\/wp\/v2\/posts\/116929","targetHints":{"allow":["GET"]}}],"collection":[{"href":"https:\/\/quehacerpolitico.mx\/index.php?rest_route=\/wp\/v2\/posts"}],"about":[{"href":"https:\/\/quehacerpolitico.mx\/index.php?rest_route=\/wp\/v2\/types\/post"}],"author":[{"embeddable":true,"href":"https:\/\/quehacerpolitico.mx\/index.php?rest_route=\/wp\/v2\/users\/2"}],"replies":[{"embeddable":true,"href":"https:\/\/quehacerpolitico.mx\/index.php?rest_route=%2Fwp%2Fv2%2Fcomments&post=116929"}],"version-history":[{"count":2,"href":"https:\/\/quehacerpolitico.mx\/index.php?rest_route=\/wp\/v2\/posts\/116929\/revisions"}],"predecessor-version":[{"id":116932,"href":"https:\/\/quehacerpolitico.mx\/index.php?rest_route=\/wp\/v2\/posts\/116929\/revisions\/116932"}],"wp:featuredmedia":[{"embeddable":true,"href":"https:\/\/quehacerpolitico.mx\/index.php?rest_route=\/wp\/v2\/media\/116930"}],"wp:attachment":[{"href":"https:\/\/quehacerpolitico.mx\/index.php?rest_route=%2Fwp%2Fv2%2Fmedia&parent=116929"}],"wp:term":[{"taxonomy":"category","embeddable":true,"href":"https:\/\/quehacerpolitico.mx\/index.php?rest_route=%2Fwp%2Fv2%2Fcategories&post=116929"},{"taxonomy":"post_tag","embeddable":true,"href":"https:\/\/quehacerpolitico.mx\/index.php?rest_route=%2Fwp%2Fv2%2Ftags&post=116929"}],"curies":[{"name":"wp","href":"https:\/\/api.w.org\/{rel}","templated":true}]}}