{"id":116925,"date":"2025-06-17T12:34:01","date_gmt":"2025-06-17T18:34:01","guid":{"rendered":"https:\/\/quehacerpolitico.mx\/?p=116925"},"modified":"2025-06-17T12:34:03","modified_gmt":"2025-06-17T18:34:03","slug":"abre-el-concurso-nacional-de-creacion-artistica-y-contenidos-digitales-elige-ser-feliz-por-la-paz-y-contra-las-adicciones","status":"publish","type":"post","link":"https:\/\/quehacerpolitico.mx\/?p=116925","title":{"rendered":"ABRE EL CONCURSO NACIONAL DE CREACI\u00d3N ART\u00cdSTICA Y CONTENIDOS DIGITALES \u201cELIGE SER FELIZ. POR LA PAZ Y CONTRA LAS ADICCIONES\u201d"},"content":{"rendered":"\n<p>Por Redacci\u00f3n QP<\/p>\n\n\n\n<p>\u2022&nbsp;<strong>El certamen est\u00e1 dirigido a j\u00f3venes de entre 12 y 29 a\u00f1os de todo el pa\u00eds<\/strong><\/p>\n\n\n\n<p>\u2022&nbsp;<strong>Las obras seleccionadas formar\u00e1n parte de la campa\u00f1a nacional de prevenci\u00f3n de adicciones del Gobierno de M\u00e9xico<\/strong><\/p>\n\n\n\n<p>\u2022&nbsp;<strong>Se otorgar\u00e1n reconocimientos como acceso a estudios profesionales, cursos y clases maestras con profesionales<\/strong><\/p>\n\n\n\n<p>La Secretar\u00eda de Cultura del Gobierno de M\u00e9xico, a trav\u00e9s de la Direcci\u00f3n General de Vinculaci\u00f3n Cultural, convoca al concurso nacional de creaci\u00f3n art\u00edstica y contenidos digitales \u201cElige ser feliz. Por la paz y contra las adicciones\u201d<\/p>\n\n\n\n<figure class=\"wp-block-image size-large\"><img loading=\"lazy\" decoding=\"async\" width=\"819\" height=\"1024\" src=\"https:\/\/quehacerpolitico.mx\/wp-content\/uploads\/2025\/06\/image-2-819x1024.jpeg\" alt=\"\" class=\"wp-image-116926\" srcset=\"https:\/\/quehacerpolitico.mx\/wp-content\/uploads\/2025\/06\/image-2-819x1024.jpeg 819w, https:\/\/quehacerpolitico.mx\/wp-content\/uploads\/2025\/06\/image-2-240x300.jpeg 240w, https:\/\/quehacerpolitico.mx\/wp-content\/uploads\/2025\/06\/image-2-768x960.jpeg 768w, https:\/\/quehacerpolitico.mx\/wp-content\/uploads\/2025\/06\/image-2-1229x1536.jpeg 1229w, https:\/\/quehacerpolitico.mx\/wp-content\/uploads\/2025\/06\/image-2-1024x1280.jpeg 1024w, https:\/\/quehacerpolitico.mx\/wp-content\/uploads\/2025\/06\/image-2.jpeg 1280w\" sizes=\"auto, (max-width: 819px) 100vw, 819px\" \/><\/figure>\n\n\n\n<p>Como su nombre lo indica, y en l\u00ednea con la estrategia del Gobierno de M\u00e9xico \u201cPor la paz y contra las adicciones\u201d, el concurso invita a las y los j\u00f3venes de toda la Rep\u00fablica a expresar, mediante la creaci\u00f3n art\u00edstica, mensajes de reflexi\u00f3n sobre los efectos del consumo de drogas y la importancia de llevar una vida libre de adicciones. Las propuestas se podr\u00e1n registrar del 16 de junio al 16 de julio de 2025.<\/p>\n\n\n\n<p>Las y los participantes podr\u00e1n postular sus obras en las siguientes categor\u00edas:<\/p>\n\n\n\n<p>Contenido digital para redes: meme, caricatura y fotograf\u00eda (individual o carrusel); as\u00ed como video corto (Reels, Shorts, TikTok).<\/p>\n\n\n\n<p>Cortometraje&nbsp;<\/p>\n\n\n\n<p>Canci\u00f3n<\/p>\n\n\n\n<p>Para participar, se tienen que seguir las cuentas oficiales del Gobierno de M\u00e9xico y la Secretar\u00eda de Cultura en Facebook, Instagram, X y TikTok y, etiquetarlas; se deber\u00e1 publicar la creaci\u00f3n, en modo p\u00fablico con el uso de los hashtags #ElijoSerFeliz, #EligeSerFeliz, #PorLaPaz y #ContraLasAdicciones.<\/p>\n\n\n\n<p>Finalmente, hay que registrar la participaci\u00f3n en el formulario:&nbsp;<a href=\"https:\/\/forms.gle\/WTLJBc1zTy9gMeLD8\">forms.gle\/WTLJBc1zTy9gMeLD8,<\/a>&nbsp;en el que se proporcionar\u00e1 el nombre del creador o creadora, edad, identidad de g\u00e9nero, usuario de redes y enlace directo a la publicaci\u00f3n.<\/p>\n\n\n\n<p>Es importante mencionar que los videos cortos deber\u00e1n ser de 15 segundos a 3 minutos, grabados en formato vertical (1080&#215;1920 px); a su vez, las canciones y cortometrajes, deber\u00e1n tener una duraci\u00f3n m\u00e1xima de 6 minutos, a trav\u00e9s de enlace en YouTube.<\/p>\n\n\n\n<p>Para ser consideradas, las obras deber\u00e1n estar en espa\u00f1ol o en cualquiera de las 68 lenguas ind\u00edgenas (con traducci\u00f3n) y abordar al menos uno de los siguientes ejes tem\u00e1ticos: Prevenci\u00f3n del consumo de sustancias psicoactivas; Consecuencias personales o sociales del uso de drogas y Promoci\u00f3n de una vida libre de adicciones.<\/p>\n\n\n\n<p>Las publicaciones con mayor n\u00famero de reacciones al 3 de agosto de 2025 ser\u00e1n evaluadas por un jurado integrado por artistas, especialistas y servidores p\u00fablicos. Se elegir\u00e1n hasta cinco obras por categor\u00eda y los resultados se publicar\u00e1n el 8 de agosto de 2025 en culturacomunitaria.cultura.gob.mx<\/p>\n\n\n\n<p>Las obras ganadoras se integrar\u00e1n a la campa\u00f1a nacional y recibir\u00e1n en reconocimiento:<\/p>\n\n\n\n<p>\u2022&nbsp;Cortometraje: acceso a postproducci\u00f3n en Estudios Churubusco y vale para cursos en el CCC.<\/p>\n\n\n\n<p>\u2022&nbsp;Canci\u00f3n: grabaci\u00f3n profesional en Estudios Churubusco Azteca.<\/p>\n\n\n\n<p>\u2022&nbsp;Todas las categor\u00edas: acceso a cursos de especializaci\u00f3n y clases maestras (<em>masterclass)<\/em>&nbsp;con artistas reconocidos.<\/p>\n\n\n\n<p>Consulta las bases completas y especificaciones t\u00e9cnicas para cada material en culturacomunitaria.cultura.gob.mx y en las redes de la Direcci\u00f3n General de Vinculaci\u00f3n Cultural: Facebook y X: @VinculaCultura.<\/p>\n\n\n\n<p>Sigue las redes sociales de la Secretar\u00eda de Cultura en X (@cultura_mx), Facebook (\/SecretariaCulturaMX) e Instagram (@culturamx).<\/p>\n","protected":false},"excerpt":{"rendered":"<p>Por Redacci\u00f3n QP \u2022&nbsp;El certamen est\u00e1 dirigido a j\u00f3venes de entre 12 y 29 a\u00f1os&#8230;<\/p>\n","protected":false},"author":2,"featured_media":116927,"comment_status":"open","ping_status":"open","sticky":false,"template":"","format":"standard","meta":{"_monsterinsights_skip_tracking":false,"_monsterinsights_sitenote_active":false,"_monsterinsights_sitenote_note":"","_monsterinsights_sitenote_category":0,"footnotes":""},"categories":[58],"tags":[],"class_list":["post-116925","post","type-post","status-publish","format-standard","has-post-thumbnail","hentry","category-cultura"],"yoast_head":"<!-- This site is optimized with the Yoast SEO plugin v27.3 - https:\/\/yoast.com\/product\/yoast-seo-wordpress\/ -->\n<title>ABRE EL CONCURSO NACIONAL DE CREACI\u00d3N ART\u00cdSTICA Y CONTENIDOS DIGITALES \u201cELIGE SER FELIZ. POR LA PAZ Y CONTRA LAS ADICCIONES\u201d -<\/title>\n<meta name=\"robots\" content=\"index, follow, max-snippet:-1, max-image-preview:large, max-video-preview:-1\" \/>\n<link rel=\"canonical\" href=\"https:\/\/quehacerpolitico.mx\/?p=116925\" \/>\n<meta property=\"og:locale\" content=\"es_MX\" \/>\n<meta property=\"og:type\" content=\"article\" \/>\n<meta property=\"og:title\" content=\"ABRE EL CONCURSO NACIONAL DE CREACI\u00d3N ART\u00cdSTICA Y CONTENIDOS DIGITALES \u201cELIGE SER FELIZ. POR LA PAZ Y CONTRA LAS ADICCIONES\u201d -\" \/>\n<meta property=\"og:description\" content=\"Por Redacci\u00f3n QP \u2022&nbsp;El certamen est\u00e1 dirigido a j\u00f3venes de entre 12 y 29 a\u00f1os...\" \/>\n<meta property=\"og:url\" content=\"https:\/\/quehacerpolitico.mx\/?p=116925\" \/>\n<meta property=\"article:published_time\" content=\"2025-06-17T18:34:01+00:00\" \/>\n<meta property=\"article:modified_time\" content=\"2025-06-17T18:34:03+00:00\" \/>\n<meta property=\"og:image\" content=\"https:\/\/quehacerpolitico.mx\/wp-content\/uploads\/2025\/06\/IMG_0836.jpeg\" \/>\n\t<meta property=\"og:image:width\" content=\"1280\" \/>\n\t<meta property=\"og:image:height\" content=\"1102\" \/>\n\t<meta property=\"og:image:type\" content=\"image\/jpeg\" \/>\n<meta name=\"author\" content=\"Redacci\u00f3n QP\" \/>\n<meta name=\"twitter:card\" content=\"summary_large_image\" \/>\n<meta name=\"twitter:label1\" content=\"Escrito por\" \/>\n\t<meta name=\"twitter:data1\" content=\"Redacci\u00f3n QP\" \/>\n\t<meta name=\"twitter:label2\" content=\"Tiempo de lectura\" \/>\n\t<meta name=\"twitter:data2\" content=\"3 minutos\" \/>\n<script type=\"application\/ld+json\" class=\"yoast-schema-graph\">{\"@context\":\"https:\\\/\\\/schema.org\",\"@graph\":[{\"@type\":\"Article\",\"@id\":\"https:\\\/\\\/quehacerpolitico.mx\\\/?p=116925#article\",\"isPartOf\":{\"@id\":\"https:\\\/\\\/quehacerpolitico.mx\\\/?p=116925\"},\"author\":{\"name\":\"Redacci\u00f3n QP\",\"@id\":\"https:\\\/\\\/quehacerpolitico.mx\\\/#\\\/schema\\\/person\\\/496d8ad2d1d3f8036101dca7ee39e585\"},\"headline\":\"ABRE EL CONCURSO NACIONAL DE CREACI\u00d3N ART\u00cdSTICA Y CONTENIDOS DIGITALES \u201cELIGE SER FELIZ. POR LA PAZ Y CONTRA LAS ADICCIONES\u201d\",\"datePublished\":\"2025-06-17T18:34:01+00:00\",\"dateModified\":\"2025-06-17T18:34:03+00:00\",\"mainEntityOfPage\":{\"@id\":\"https:\\\/\\\/quehacerpolitico.mx\\\/?p=116925\"},\"wordCount\":599,\"commentCount\":0,\"image\":{\"@id\":\"https:\\\/\\\/quehacerpolitico.mx\\\/?p=116925#primaryimage\"},\"thumbnailUrl\":\"https:\\\/\\\/quehacerpolitico.mx\\\/wp-content\\\/uploads\\\/2025\\\/06\\\/IMG_0836.jpeg\",\"articleSection\":[\"Cultura y Entretenimiento\"],\"inLanguage\":\"es\",\"potentialAction\":[{\"@type\":\"CommentAction\",\"name\":\"Comment\",\"target\":[\"https:\\\/\\\/quehacerpolitico.mx\\\/?p=116925#respond\"]}]},{\"@type\":\"WebPage\",\"@id\":\"https:\\\/\\\/quehacerpolitico.mx\\\/?p=116925\",\"url\":\"https:\\\/\\\/quehacerpolitico.mx\\\/?p=116925\",\"name\":\"ABRE EL CONCURSO NACIONAL DE CREACI\u00d3N ART\u00cdSTICA Y CONTENIDOS DIGITALES \u201cELIGE SER FELIZ. POR LA PAZ Y CONTRA LAS ADICCIONES\u201d -\",\"isPartOf\":{\"@id\":\"https:\\\/\\\/quehacerpolitico.mx\\\/#website\"},\"primaryImageOfPage\":{\"@id\":\"https:\\\/\\\/quehacerpolitico.mx\\\/?p=116925#primaryimage\"},\"image\":{\"@id\":\"https:\\\/\\\/quehacerpolitico.mx\\\/?p=116925#primaryimage\"},\"thumbnailUrl\":\"https:\\\/\\\/quehacerpolitico.mx\\\/wp-content\\\/uploads\\\/2025\\\/06\\\/IMG_0836.jpeg\",\"datePublished\":\"2025-06-17T18:34:01+00:00\",\"dateModified\":\"2025-06-17T18:34:03+00:00\",\"author\":{\"@id\":\"https:\\\/\\\/quehacerpolitico.mx\\\/#\\\/schema\\\/person\\\/496d8ad2d1d3f8036101dca7ee39e585\"},\"breadcrumb\":{\"@id\":\"https:\\\/\\\/quehacerpolitico.mx\\\/?p=116925#breadcrumb\"},\"inLanguage\":\"es\",\"potentialAction\":[{\"@type\":\"ReadAction\",\"target\":[\"https:\\\/\\\/quehacerpolitico.mx\\\/?p=116925\"]}]},{\"@type\":\"ImageObject\",\"inLanguage\":\"es\",\"@id\":\"https:\\\/\\\/quehacerpolitico.mx\\\/?p=116925#primaryimage\",\"url\":\"https:\\\/\\\/quehacerpolitico.mx\\\/wp-content\\\/uploads\\\/2025\\\/06\\\/IMG_0836.jpeg\",\"contentUrl\":\"https:\\\/\\\/quehacerpolitico.mx\\\/wp-content\\\/uploads\\\/2025\\\/06\\\/IMG_0836.jpeg\",\"width\":1280,\"height\":1102},{\"@type\":\"BreadcrumbList\",\"@id\":\"https:\\\/\\\/quehacerpolitico.mx\\\/?p=116925#breadcrumb\",\"itemListElement\":[{\"@type\":\"ListItem\",\"position\":1,\"name\":\"Inicio\",\"item\":\"https:\\\/\\\/quehacerpolitico.mx\\\/\"},{\"@type\":\"ListItem\",\"position\":2,\"name\":\"ABRE EL CONCURSO NACIONAL DE CREACI\u00d3N ART\u00cdSTICA Y CONTENIDOS DIGITALES \u201cELIGE SER FELIZ. POR LA PAZ Y CONTRA LAS ADICCIONES\u201d\"}]},{\"@type\":\"WebSite\",\"@id\":\"https:\\\/\\\/quehacerpolitico.mx\\\/#website\",\"url\":\"https:\\\/\\\/quehacerpolitico.mx\\\/\",\"name\":\"\",\"description\":\"\",\"potentialAction\":[{\"@type\":\"SearchAction\",\"target\":{\"@type\":\"EntryPoint\",\"urlTemplate\":\"https:\\\/\\\/quehacerpolitico.mx\\\/?s={search_term_string}\"},\"query-input\":{\"@type\":\"PropertyValueSpecification\",\"valueRequired\":true,\"valueName\":\"search_term_string\"}}],\"inLanguage\":\"es\"},{\"@type\":\"Person\",\"@id\":\"https:\\\/\\\/quehacerpolitico.mx\\\/#\\\/schema\\\/person\\\/496d8ad2d1d3f8036101dca7ee39e585\",\"name\":\"Redacci\u00f3n QP\",\"image\":{\"@type\":\"ImageObject\",\"inLanguage\":\"es\",\"@id\":\"https:\\\/\\\/secure.gravatar.com\\\/avatar\\\/c7164ed6fdec453195284ad24a5ae5b6e1eed2b848477fa2a4787ba9adf39a41?s=96&d=mm&r=g\",\"url\":\"https:\\\/\\\/secure.gravatar.com\\\/avatar\\\/c7164ed6fdec453195284ad24a5ae5b6e1eed2b848477fa2a4787ba9adf39a41?s=96&d=mm&r=g\",\"contentUrl\":\"https:\\\/\\\/secure.gravatar.com\\\/avatar\\\/c7164ed6fdec453195284ad24a5ae5b6e1eed2b848477fa2a4787ba9adf39a41?s=96&d=mm&r=g\",\"caption\":\"Redacci\u00f3n QP\"},\"url\":\"https:\\\/\\\/quehacerpolitico.mx\\\/?author=2\"}]}<\/script>\n<!-- \/ Yoast SEO plugin. -->","yoast_head_json":{"title":"ABRE EL CONCURSO NACIONAL DE CREACI\u00d3N ART\u00cdSTICA Y CONTENIDOS DIGITALES \u201cELIGE SER FELIZ. POR LA PAZ Y CONTRA LAS ADICCIONES\u201d -","robots":{"index":"index","follow":"follow","max-snippet":"max-snippet:-1","max-image-preview":"max-image-preview:large","max-video-preview":"max-video-preview:-1"},"canonical":"https:\/\/quehacerpolitico.mx\/?p=116925","og_locale":"es_MX","og_type":"article","og_title":"ABRE EL CONCURSO NACIONAL DE CREACI\u00d3N ART\u00cdSTICA Y CONTENIDOS DIGITALES \u201cELIGE SER FELIZ. POR LA PAZ Y CONTRA LAS ADICCIONES\u201d -","og_description":"Por Redacci\u00f3n QP \u2022&nbsp;El certamen est\u00e1 dirigido a j\u00f3venes de entre 12 y 29 a\u00f1os...","og_url":"https:\/\/quehacerpolitico.mx\/?p=116925","article_published_time":"2025-06-17T18:34:01+00:00","article_modified_time":"2025-06-17T18:34:03+00:00","og_image":[{"width":1280,"height":1102,"url":"https:\/\/quehacerpolitico.mx\/wp-content\/uploads\/2025\/06\/IMG_0836.jpeg","type":"image\/jpeg"}],"author":"Redacci\u00f3n QP","twitter_card":"summary_large_image","twitter_misc":{"Escrito por":"Redacci\u00f3n QP","Tiempo de lectura":"3 minutos"},"schema":{"@context":"https:\/\/schema.org","@graph":[{"@type":"Article","@id":"https:\/\/quehacerpolitico.mx\/?p=116925#article","isPartOf":{"@id":"https:\/\/quehacerpolitico.mx\/?p=116925"},"author":{"name":"Redacci\u00f3n QP","@id":"https:\/\/quehacerpolitico.mx\/#\/schema\/person\/496d8ad2d1d3f8036101dca7ee39e585"},"headline":"ABRE EL CONCURSO NACIONAL DE CREACI\u00d3N ART\u00cdSTICA Y CONTENIDOS DIGITALES \u201cELIGE SER FELIZ. POR LA PAZ Y CONTRA LAS ADICCIONES\u201d","datePublished":"2025-06-17T18:34:01+00:00","dateModified":"2025-06-17T18:34:03+00:00","mainEntityOfPage":{"@id":"https:\/\/quehacerpolitico.mx\/?p=116925"},"wordCount":599,"commentCount":0,"image":{"@id":"https:\/\/quehacerpolitico.mx\/?p=116925#primaryimage"},"thumbnailUrl":"https:\/\/quehacerpolitico.mx\/wp-content\/uploads\/2025\/06\/IMG_0836.jpeg","articleSection":["Cultura y Entretenimiento"],"inLanguage":"es","potentialAction":[{"@type":"CommentAction","name":"Comment","target":["https:\/\/quehacerpolitico.mx\/?p=116925#respond"]}]},{"@type":"WebPage","@id":"https:\/\/quehacerpolitico.mx\/?p=116925","url":"https:\/\/quehacerpolitico.mx\/?p=116925","name":"ABRE EL CONCURSO NACIONAL DE CREACI\u00d3N ART\u00cdSTICA Y CONTENIDOS DIGITALES \u201cELIGE SER FELIZ. POR LA PAZ Y CONTRA LAS ADICCIONES\u201d -","isPartOf":{"@id":"https:\/\/quehacerpolitico.mx\/#website"},"primaryImageOfPage":{"@id":"https:\/\/quehacerpolitico.mx\/?p=116925#primaryimage"},"image":{"@id":"https:\/\/quehacerpolitico.mx\/?p=116925#primaryimage"},"thumbnailUrl":"https:\/\/quehacerpolitico.mx\/wp-content\/uploads\/2025\/06\/IMG_0836.jpeg","datePublished":"2025-06-17T18:34:01+00:00","dateModified":"2025-06-17T18:34:03+00:00","author":{"@id":"https:\/\/quehacerpolitico.mx\/#\/schema\/person\/496d8ad2d1d3f8036101dca7ee39e585"},"breadcrumb":{"@id":"https:\/\/quehacerpolitico.mx\/?p=116925#breadcrumb"},"inLanguage":"es","potentialAction":[{"@type":"ReadAction","target":["https:\/\/quehacerpolitico.mx\/?p=116925"]}]},{"@type":"ImageObject","inLanguage":"es","@id":"https:\/\/quehacerpolitico.mx\/?p=116925#primaryimage","url":"https:\/\/quehacerpolitico.mx\/wp-content\/uploads\/2025\/06\/IMG_0836.jpeg","contentUrl":"https:\/\/quehacerpolitico.mx\/wp-content\/uploads\/2025\/06\/IMG_0836.jpeg","width":1280,"height":1102},{"@type":"BreadcrumbList","@id":"https:\/\/quehacerpolitico.mx\/?p=116925#breadcrumb","itemListElement":[{"@type":"ListItem","position":1,"name":"Inicio","item":"https:\/\/quehacerpolitico.mx\/"},{"@type":"ListItem","position":2,"name":"ABRE EL CONCURSO NACIONAL DE CREACI\u00d3N ART\u00cdSTICA Y CONTENIDOS DIGITALES \u201cELIGE SER FELIZ. POR LA PAZ Y CONTRA LAS ADICCIONES\u201d"}]},{"@type":"WebSite","@id":"https:\/\/quehacerpolitico.mx\/#website","url":"https:\/\/quehacerpolitico.mx\/","name":"","description":"","potentialAction":[{"@type":"SearchAction","target":{"@type":"EntryPoint","urlTemplate":"https:\/\/quehacerpolitico.mx\/?s={search_term_string}"},"query-input":{"@type":"PropertyValueSpecification","valueRequired":true,"valueName":"search_term_string"}}],"inLanguage":"es"},{"@type":"Person","@id":"https:\/\/quehacerpolitico.mx\/#\/schema\/person\/496d8ad2d1d3f8036101dca7ee39e585","name":"Redacci\u00f3n QP","image":{"@type":"ImageObject","inLanguage":"es","@id":"https:\/\/secure.gravatar.com\/avatar\/c7164ed6fdec453195284ad24a5ae5b6e1eed2b848477fa2a4787ba9adf39a41?s=96&d=mm&r=g","url":"https:\/\/secure.gravatar.com\/avatar\/c7164ed6fdec453195284ad24a5ae5b6e1eed2b848477fa2a4787ba9adf39a41?s=96&d=mm&r=g","contentUrl":"https:\/\/secure.gravatar.com\/avatar\/c7164ed6fdec453195284ad24a5ae5b6e1eed2b848477fa2a4787ba9adf39a41?s=96&d=mm&r=g","caption":"Redacci\u00f3n QP"},"url":"https:\/\/quehacerpolitico.mx\/?author=2"}]}},"featured_image_urls":{"full":["https:\/\/quehacerpolitico.mx\/wp-content\/uploads\/2025\/06\/IMG_0836.jpeg",1280,1102,false],"thumbnail":["https:\/\/quehacerpolitico.mx\/wp-content\/uploads\/2025\/06\/IMG_0836-150x150.jpeg",150,150,true],"medium":["https:\/\/quehacerpolitico.mx\/wp-content\/uploads\/2025\/06\/IMG_0836-300x258.jpeg",300,258,true],"medium_large":["https:\/\/quehacerpolitico.mx\/wp-content\/uploads\/2025\/06\/IMG_0836-768x661.jpeg",640,551,true],"large":["https:\/\/quehacerpolitico.mx\/wp-content\/uploads\/2025\/06\/IMG_0836-1024x882.jpeg",640,551,true],"1536x1536":["https:\/\/quehacerpolitico.mx\/wp-content\/uploads\/2025\/06\/IMG_0836.jpeg",1280,1102,false],"2048x2048":["https:\/\/quehacerpolitico.mx\/wp-content\/uploads\/2025\/06\/IMG_0836.jpeg",1280,1102,false],"covernews-featured":["https:\/\/quehacerpolitico.mx\/wp-content\/uploads\/2025\/06\/IMG_0836-1024x882.jpeg",1024,882,true],"covernews-medium":["https:\/\/quehacerpolitico.mx\/wp-content\/uploads\/2025\/06\/IMG_0836-540x340.jpeg",540,340,true]},"author_info":{"display_name":"Redacci\u00f3n QP","author_link":"https:\/\/quehacerpolitico.mx\/?author=2"},"category_info":"<a href=\"https:\/\/quehacerpolitico.mx\/?cat=58\" rel=\"category\">Cultura y Entretenimiento<\/a>","tag_info":"Cultura y Entretenimiento","comment_count":"0","_links":{"self":[{"href":"https:\/\/quehacerpolitico.mx\/index.php?rest_route=\/wp\/v2\/posts\/116925","targetHints":{"allow":["GET"]}}],"collection":[{"href":"https:\/\/quehacerpolitico.mx\/index.php?rest_route=\/wp\/v2\/posts"}],"about":[{"href":"https:\/\/quehacerpolitico.mx\/index.php?rest_route=\/wp\/v2\/types\/post"}],"author":[{"embeddable":true,"href":"https:\/\/quehacerpolitico.mx\/index.php?rest_route=\/wp\/v2\/users\/2"}],"replies":[{"embeddable":true,"href":"https:\/\/quehacerpolitico.mx\/index.php?rest_route=%2Fwp%2Fv2%2Fcomments&post=116925"}],"version-history":[{"count":1,"href":"https:\/\/quehacerpolitico.mx\/index.php?rest_route=\/wp\/v2\/posts\/116925\/revisions"}],"predecessor-version":[{"id":116928,"href":"https:\/\/quehacerpolitico.mx\/index.php?rest_route=\/wp\/v2\/posts\/116925\/revisions\/116928"}],"wp:featuredmedia":[{"embeddable":true,"href":"https:\/\/quehacerpolitico.mx\/index.php?rest_route=\/wp\/v2\/media\/116927"}],"wp:attachment":[{"href":"https:\/\/quehacerpolitico.mx\/index.php?rest_route=%2Fwp%2Fv2%2Fmedia&parent=116925"}],"wp:term":[{"taxonomy":"category","embeddable":true,"href":"https:\/\/quehacerpolitico.mx\/index.php?rest_route=%2Fwp%2Fv2%2Fcategories&post=116925"},{"taxonomy":"post_tag","embeddable":true,"href":"https:\/\/quehacerpolitico.mx\/index.php?rest_route=%2Fwp%2Fv2%2Ftags&post=116925"}],"curies":[{"name":"wp","href":"https:\/\/api.w.org\/{rel}","templated":true}]}}