{"id":116888,"date":"2025-06-16T10:17:08","date_gmt":"2025-06-16T16:17:08","guid":{"rendered":"https:\/\/quehacerpolitico.mx\/?p=116888"},"modified":"2025-06-16T10:17:11","modified_gmt":"2025-06-16T16:17:11","slug":"hoy-no-circula-lunes-16-de-junio-2025-autos-que-descansan-en-cdmx-y-edomex","status":"publish","type":"post","link":"https:\/\/quehacerpolitico.mx\/?p=116888","title":{"rendered":"Hoy No Circula lunes 16 de junio 2025: Autos que descansan en CDMX y Edomex"},"content":{"rendered":"\n<p>Por Redacci\u00f3n QP<\/p>\n\n\n\n<p>Este programa busca reducir la contaminaci\u00f3n y proteger el medio ambiente<\/p>\n\n\n\n<p>El programa&nbsp;<mark><strong>Hoy No Circula del lunes 16 de junio aplica para veh\u00edculos con engomado AMARILLO, terminaci\u00f3n de placa 5 y 6, y hologramas 1 y 2, durante el horario de 5:00 a 22:00 horas.<\/strong><\/mark><\/p>\n\n\n\n<figure class=\"wp-block-embed is-type-rich is-provider-twitter wp-block-embed-twitter\"><div class=\"wp-block-embed__wrapper\">\n<blockquote class=\"twitter-tweet\" data-width=\"550\" data-dnt=\"true\"><p lang=\"es\" dir=\"ltr\">\ud83c\udf1e\u00a1Buen d\u00eda!<br>El <a href=\"https:\/\/twitter.com\/hashtag\/HoyNoCircula?src=hash&amp;ref_src=twsrc%5Etfw\">#HoyNoCircula<\/a> de este lunes 16 de junio en la <a href=\"https:\/\/twitter.com\/hashtag\/ZMVM?src=hash&amp;ref_src=twsrc%5Etfw\">#ZMVM<\/a> es para los veh\u00edculos con <a href=\"https:\/\/twitter.com\/hashtag\/EngomadoAmarillo?src=hash&amp;ref_src=twsrc%5Etfw\">#EngomadoAmarillo<\/a> \ud83d\udfe1y terminaci\u00f3n de placas 5 y 6, con holograma 1 y 2.<br>\ud83d\ude97\ud835\udc38\ud835\udc65\ud835\udc52\ud835\udc5b\ud835\udc61\ud835\udc5c\ud835\udc60  &#8211; \ud835\udc21\ud835\udc28\ud835\udc25\ud835\udc28\ud835\udc20\ud835\udc2b\ud835\udc1a\ud835\udc26\ud835\udc1a\ud835\udc2c \ud835\udfce\ud835\udfce \ud835\udc32 \ud835\udfce. <a href=\"https:\/\/t.co\/unzR6F6pkU\">pic.twitter.com\/unzR6F6pkU<\/a><\/p>&mdash; CAMegal\u00f3polis (@CAMegalopolis) <a href=\"https:\/\/twitter.com\/CAMegalopolis\/status\/1934566630387785845?ref_src=twsrc%5Etfw\">June 16, 2025<\/a><\/blockquote><script async src=\"https:\/\/platform.twitter.com\/widgets.js\" charset=\"utf-8\"><\/script>\n<\/div><\/figure>\n\n\n\n<p>Este programa, que busca reducir la contaminaci\u00f3n y proteger el medio ambiente, restringe la circulaci\u00f3n de autom\u00f3viles en la<strong> Ciudad de M\u00e9xico y en el Estado de M\u00e9xico<\/strong> todos los d\u00edas de la semana.<\/p>\n\n\n\n<h2 class=\"wp-block-heading\">\u00bfEn qu\u00e9 municipios del Estado de M\u00e9xico se aplica el Hoy No Circula?&nbsp;<\/h2>\n\n\n\n<p>El programa est\u00e1 en vigor en los siguientes municipios:<\/p>\n\n\n\n<ul class=\"wp-block-list\">\n<li>Atizap\u00e1n de Zaragoza\u00a0<\/li>\n\n\n\n<li>Coacalco de Berrioz\u00e1bal\u00a0<\/li>\n\n\n\n<li>Cuautitl\u00e1n\u00a0<\/li>\n\n\n\n<li>Cuautitl\u00e1n Izcalli\u00a0<\/li>\n\n\n\n<li>Chalco\u00a0<\/li>\n\n\n\n<li>Chicoloapan\u00a0<\/li>\n\n\n\n<li>Chimalhuac\u00e1n\u00a0<\/li>\n\n\n\n<li>Ecatepec de Morelos\u00a0<\/li>\n\n\n\n<li>Huixquilucan\u00a0<\/li>\n\n\n\n<li>Ixtapaluca\u00a0<\/li>\n\n\n\n<li>La Paz\u00a0<\/li>\n\n\n\n<li>Naucalpan de Ju\u00e1rez\u00a0<\/li>\n\n\n\n<li>Nezahualc\u00f3yotl\u00a0<\/li>\n\n\n\n<li>Nicol\u00e1s Romero\u00a0<\/li>\n\n\n\n<li>Tec\u00e1mac\u00a0<\/li>\n\n\n\n<li>Tlalnepantla de Baz\u00a0<\/li>\n\n\n\n<li>Tultitl\u00e1n\u00a0<\/li>\n\n\n\n<li>Valle de Chalco \u00a0<\/li>\n<\/ul>\n\n\n\n<figure class=\"wp-block-image\" id=\"img_4535\"><img decoding=\"async\" src=\"https:\/\/www.informador.mx\/export\/sites\/elinformador\/img\/2025\/06\/15\/hoy_no_circula_placas.jpg_674994427.jpg\" alt=\"GOBIERNO DE M\u00c9XICO\u00a0\" title=\"GOBIERNO DE M\u00c9XICO\u00a0\"\/><figcaption class=\"wp-element-caption\">GOBIERNO DE M\u00c9XICO&nbsp;&nbsp;<\/figcaption><\/figure>\n\n\n\n<h2 class=\"wp-block-heading\">\u00bfQu\u00e9 autos est\u00e1n exentos de cumplir con el Hoy No Circula?&nbsp;<\/h2>\n\n\n\n<p>El Hoy No Circula no aplica a todos los veh\u00edculos. Las excepciones son los autos que:<\/p>\n\n\n\n<ul class=\"wp-block-list\">\n<li>Tengan holograma doble cero o cero.\u00a0<\/li>\n\n\n\n<li>Sean el\u00e9ctricos o h\u00edbridos.\u00a0<\/li>\n\n\n\n<li>Tengan placas para personas con capacidades diferentes.\u00a0<\/li>\n\n\n\n<li>Sean veh\u00edculos de servicio de emergencia o funerarios.\u00a0<\/li>\n<\/ul>\n","protected":false},"excerpt":{"rendered":"<p>Por Redacci\u00f3n QP Este programa busca reducir la contaminaci\u00f3n y proteger el medio ambiente El&#8230;<\/p>\n","protected":false},"author":2,"featured_media":116889,"comment_status":"open","ping_status":"open","sticky":false,"template":"","format":"standard","meta":{"_monsterinsights_skip_tracking":false,"_monsterinsights_sitenote_active":false,"_monsterinsights_sitenote_note":"","_monsterinsights_sitenote_category":0,"footnotes":""},"categories":[55],"tags":[],"class_list":["post-116888","post","type-post","status-publish","format-standard","has-post-thumbnail","hentry","category-cdmx"],"yoast_head":"<!-- This site is optimized with the Yoast SEO plugin v27.3 - https:\/\/yoast.com\/product\/yoast-seo-wordpress\/ -->\n<title>Hoy No Circula lunes 16 de junio 2025: Autos que descansan en CDMX y Edomex -<\/title>\n<meta name=\"robots\" content=\"index, follow, max-snippet:-1, max-image-preview:large, max-video-preview:-1\" \/>\n<link rel=\"canonical\" href=\"https:\/\/quehacerpolitico.mx\/?p=116888\" \/>\n<meta property=\"og:locale\" content=\"es_MX\" \/>\n<meta property=\"og:type\" content=\"article\" \/>\n<meta property=\"og:title\" content=\"Hoy No Circula lunes 16 de junio 2025: Autos que descansan en CDMX y Edomex -\" \/>\n<meta property=\"og:description\" content=\"Por Redacci\u00f3n QP Este programa busca reducir la contaminaci\u00f3n y proteger el medio ambiente El...\" \/>\n<meta property=\"og:url\" content=\"https:\/\/quehacerpolitico.mx\/?p=116888\" \/>\n<meta property=\"article:published_time\" content=\"2025-06-16T16:17:08+00:00\" \/>\n<meta property=\"article:modified_time\" content=\"2025-06-16T16:17:11+00:00\" \/>\n<meta property=\"og:image\" content=\"https:\/\/quehacerpolitico.mx\/wp-content\/uploads\/2025\/06\/IMG_0805.jpeg\" \/>\n\t<meta property=\"og:image:width\" content=\"676\" \/>\n\t<meta property=\"og:image:height\" content=\"454\" \/>\n\t<meta property=\"og:image:type\" content=\"image\/jpeg\" \/>\n<meta name=\"author\" content=\"Redacci\u00f3n QP\" \/>\n<meta name=\"twitter:card\" content=\"summary_large_image\" \/>\n<meta name=\"twitter:label1\" content=\"Escrito por\" \/>\n\t<meta name=\"twitter:data1\" content=\"Redacci\u00f3n QP\" \/>\n\t<meta name=\"twitter:label2\" content=\"Tiempo de lectura\" \/>\n\t<meta name=\"twitter:data2\" content=\"1 minuto\" \/>\n<script type=\"application\/ld+json\" class=\"yoast-schema-graph\">{\"@context\":\"https:\\\/\\\/schema.org\",\"@graph\":[{\"@type\":\"Article\",\"@id\":\"https:\\\/\\\/quehacerpolitico.mx\\\/?p=116888#article\",\"isPartOf\":{\"@id\":\"https:\\\/\\\/quehacerpolitico.mx\\\/?p=116888\"},\"author\":{\"name\":\"Redacci\u00f3n QP\",\"@id\":\"https:\\\/\\\/quehacerpolitico.mx\\\/#\\\/schema\\\/person\\\/496d8ad2d1d3f8036101dca7ee39e585\"},\"headline\":\"Hoy No Circula lunes 16 de junio 2025: Autos que descansan en CDMX y Edomex\",\"datePublished\":\"2025-06-16T16:17:08+00:00\",\"dateModified\":\"2025-06-16T16:17:11+00:00\",\"mainEntityOfPage\":{\"@id\":\"https:\\\/\\\/quehacerpolitico.mx\\\/?p=116888\"},\"wordCount\":237,\"commentCount\":0,\"image\":{\"@id\":\"https:\\\/\\\/quehacerpolitico.mx\\\/?p=116888#primaryimage\"},\"thumbnailUrl\":\"https:\\\/\\\/quehacerpolitico.mx\\\/wp-content\\\/uploads\\\/2025\\\/06\\\/IMG_0805.jpeg\",\"articleSection\":[\"CDMX\"],\"inLanguage\":\"es\",\"potentialAction\":[{\"@type\":\"CommentAction\",\"name\":\"Comment\",\"target\":[\"https:\\\/\\\/quehacerpolitico.mx\\\/?p=116888#respond\"]}]},{\"@type\":\"WebPage\",\"@id\":\"https:\\\/\\\/quehacerpolitico.mx\\\/?p=116888\",\"url\":\"https:\\\/\\\/quehacerpolitico.mx\\\/?p=116888\",\"name\":\"Hoy No Circula lunes 16 de junio 2025: Autos que descansan en CDMX y Edomex -\",\"isPartOf\":{\"@id\":\"https:\\\/\\\/quehacerpolitico.mx\\\/#website\"},\"primaryImageOfPage\":{\"@id\":\"https:\\\/\\\/quehacerpolitico.mx\\\/?p=116888#primaryimage\"},\"image\":{\"@id\":\"https:\\\/\\\/quehacerpolitico.mx\\\/?p=116888#primaryimage\"},\"thumbnailUrl\":\"https:\\\/\\\/quehacerpolitico.mx\\\/wp-content\\\/uploads\\\/2025\\\/06\\\/IMG_0805.jpeg\",\"datePublished\":\"2025-06-16T16:17:08+00:00\",\"dateModified\":\"2025-06-16T16:17:11+00:00\",\"author\":{\"@id\":\"https:\\\/\\\/quehacerpolitico.mx\\\/#\\\/schema\\\/person\\\/496d8ad2d1d3f8036101dca7ee39e585\"},\"breadcrumb\":{\"@id\":\"https:\\\/\\\/quehacerpolitico.mx\\\/?p=116888#breadcrumb\"},\"inLanguage\":\"es\",\"potentialAction\":[{\"@type\":\"ReadAction\",\"target\":[\"https:\\\/\\\/quehacerpolitico.mx\\\/?p=116888\"]}]},{\"@type\":\"ImageObject\",\"inLanguage\":\"es\",\"@id\":\"https:\\\/\\\/quehacerpolitico.mx\\\/?p=116888#primaryimage\",\"url\":\"https:\\\/\\\/quehacerpolitico.mx\\\/wp-content\\\/uploads\\\/2025\\\/06\\\/IMG_0805.jpeg\",\"contentUrl\":\"https:\\\/\\\/quehacerpolitico.mx\\\/wp-content\\\/uploads\\\/2025\\\/06\\\/IMG_0805.jpeg\",\"width\":676,\"height\":454},{\"@type\":\"BreadcrumbList\",\"@id\":\"https:\\\/\\\/quehacerpolitico.mx\\\/?p=116888#breadcrumb\",\"itemListElement\":[{\"@type\":\"ListItem\",\"position\":1,\"name\":\"Inicio\",\"item\":\"https:\\\/\\\/quehacerpolitico.mx\\\/\"},{\"@type\":\"ListItem\",\"position\":2,\"name\":\"Hoy No Circula lunes 16 de junio 2025: Autos que descansan en CDMX y Edomex\"}]},{\"@type\":\"WebSite\",\"@id\":\"https:\\\/\\\/quehacerpolitico.mx\\\/#website\",\"url\":\"https:\\\/\\\/quehacerpolitico.mx\\\/\",\"name\":\"\",\"description\":\"\",\"potentialAction\":[{\"@type\":\"SearchAction\",\"target\":{\"@type\":\"EntryPoint\",\"urlTemplate\":\"https:\\\/\\\/quehacerpolitico.mx\\\/?s={search_term_string}\"},\"query-input\":{\"@type\":\"PropertyValueSpecification\",\"valueRequired\":true,\"valueName\":\"search_term_string\"}}],\"inLanguage\":\"es\"},{\"@type\":\"Person\",\"@id\":\"https:\\\/\\\/quehacerpolitico.mx\\\/#\\\/schema\\\/person\\\/496d8ad2d1d3f8036101dca7ee39e585\",\"name\":\"Redacci\u00f3n QP\",\"image\":{\"@type\":\"ImageObject\",\"inLanguage\":\"es\",\"@id\":\"https:\\\/\\\/secure.gravatar.com\\\/avatar\\\/c7164ed6fdec453195284ad24a5ae5b6e1eed2b848477fa2a4787ba9adf39a41?s=96&d=mm&r=g\",\"url\":\"https:\\\/\\\/secure.gravatar.com\\\/avatar\\\/c7164ed6fdec453195284ad24a5ae5b6e1eed2b848477fa2a4787ba9adf39a41?s=96&d=mm&r=g\",\"contentUrl\":\"https:\\\/\\\/secure.gravatar.com\\\/avatar\\\/c7164ed6fdec453195284ad24a5ae5b6e1eed2b848477fa2a4787ba9adf39a41?s=96&d=mm&r=g\",\"caption\":\"Redacci\u00f3n QP\"},\"url\":\"https:\\\/\\\/quehacerpolitico.mx\\\/?author=2\"}]}<\/script>\n<!-- \/ Yoast SEO plugin. -->","yoast_head_json":{"title":"Hoy No Circula lunes 16 de junio 2025: Autos que descansan en CDMX y Edomex -","robots":{"index":"index","follow":"follow","max-snippet":"max-snippet:-1","max-image-preview":"max-image-preview:large","max-video-preview":"max-video-preview:-1"},"canonical":"https:\/\/quehacerpolitico.mx\/?p=116888","og_locale":"es_MX","og_type":"article","og_title":"Hoy No Circula lunes 16 de junio 2025: Autos que descansan en CDMX y Edomex -","og_description":"Por Redacci\u00f3n QP Este programa busca reducir la contaminaci\u00f3n y proteger el medio ambiente El...","og_url":"https:\/\/quehacerpolitico.mx\/?p=116888","article_published_time":"2025-06-16T16:17:08+00:00","article_modified_time":"2025-06-16T16:17:11+00:00","og_image":[{"width":676,"height":454,"url":"https:\/\/quehacerpolitico.mx\/wp-content\/uploads\/2025\/06\/IMG_0805.jpeg","type":"image\/jpeg"}],"author":"Redacci\u00f3n QP","twitter_card":"summary_large_image","twitter_misc":{"Escrito por":"Redacci\u00f3n QP","Tiempo de lectura":"1 minuto"},"schema":{"@context":"https:\/\/schema.org","@graph":[{"@type":"Article","@id":"https:\/\/quehacerpolitico.mx\/?p=116888#article","isPartOf":{"@id":"https:\/\/quehacerpolitico.mx\/?p=116888"},"author":{"name":"Redacci\u00f3n QP","@id":"https:\/\/quehacerpolitico.mx\/#\/schema\/person\/496d8ad2d1d3f8036101dca7ee39e585"},"headline":"Hoy No Circula lunes 16 de junio 2025: Autos que descansan en CDMX y Edomex","datePublished":"2025-06-16T16:17:08+00:00","dateModified":"2025-06-16T16:17:11+00:00","mainEntityOfPage":{"@id":"https:\/\/quehacerpolitico.mx\/?p=116888"},"wordCount":237,"commentCount":0,"image":{"@id":"https:\/\/quehacerpolitico.mx\/?p=116888#primaryimage"},"thumbnailUrl":"https:\/\/quehacerpolitico.mx\/wp-content\/uploads\/2025\/06\/IMG_0805.jpeg","articleSection":["CDMX"],"inLanguage":"es","potentialAction":[{"@type":"CommentAction","name":"Comment","target":["https:\/\/quehacerpolitico.mx\/?p=116888#respond"]}]},{"@type":"WebPage","@id":"https:\/\/quehacerpolitico.mx\/?p=116888","url":"https:\/\/quehacerpolitico.mx\/?p=116888","name":"Hoy No Circula lunes 16 de junio 2025: Autos que descansan en CDMX y Edomex -","isPartOf":{"@id":"https:\/\/quehacerpolitico.mx\/#website"},"primaryImageOfPage":{"@id":"https:\/\/quehacerpolitico.mx\/?p=116888#primaryimage"},"image":{"@id":"https:\/\/quehacerpolitico.mx\/?p=116888#primaryimage"},"thumbnailUrl":"https:\/\/quehacerpolitico.mx\/wp-content\/uploads\/2025\/06\/IMG_0805.jpeg","datePublished":"2025-06-16T16:17:08+00:00","dateModified":"2025-06-16T16:17:11+00:00","author":{"@id":"https:\/\/quehacerpolitico.mx\/#\/schema\/person\/496d8ad2d1d3f8036101dca7ee39e585"},"breadcrumb":{"@id":"https:\/\/quehacerpolitico.mx\/?p=116888#breadcrumb"},"inLanguage":"es","potentialAction":[{"@type":"ReadAction","target":["https:\/\/quehacerpolitico.mx\/?p=116888"]}]},{"@type":"ImageObject","inLanguage":"es","@id":"https:\/\/quehacerpolitico.mx\/?p=116888#primaryimage","url":"https:\/\/quehacerpolitico.mx\/wp-content\/uploads\/2025\/06\/IMG_0805.jpeg","contentUrl":"https:\/\/quehacerpolitico.mx\/wp-content\/uploads\/2025\/06\/IMG_0805.jpeg","width":676,"height":454},{"@type":"BreadcrumbList","@id":"https:\/\/quehacerpolitico.mx\/?p=116888#breadcrumb","itemListElement":[{"@type":"ListItem","position":1,"name":"Inicio","item":"https:\/\/quehacerpolitico.mx\/"},{"@type":"ListItem","position":2,"name":"Hoy No Circula lunes 16 de junio 2025: Autos que descansan en CDMX y Edomex"}]},{"@type":"WebSite","@id":"https:\/\/quehacerpolitico.mx\/#website","url":"https:\/\/quehacerpolitico.mx\/","name":"","description":"","potentialAction":[{"@type":"SearchAction","target":{"@type":"EntryPoint","urlTemplate":"https:\/\/quehacerpolitico.mx\/?s={search_term_string}"},"query-input":{"@type":"PropertyValueSpecification","valueRequired":true,"valueName":"search_term_string"}}],"inLanguage":"es"},{"@type":"Person","@id":"https:\/\/quehacerpolitico.mx\/#\/schema\/person\/496d8ad2d1d3f8036101dca7ee39e585","name":"Redacci\u00f3n QP","image":{"@type":"ImageObject","inLanguage":"es","@id":"https:\/\/secure.gravatar.com\/avatar\/c7164ed6fdec453195284ad24a5ae5b6e1eed2b848477fa2a4787ba9adf39a41?s=96&d=mm&r=g","url":"https:\/\/secure.gravatar.com\/avatar\/c7164ed6fdec453195284ad24a5ae5b6e1eed2b848477fa2a4787ba9adf39a41?s=96&d=mm&r=g","contentUrl":"https:\/\/secure.gravatar.com\/avatar\/c7164ed6fdec453195284ad24a5ae5b6e1eed2b848477fa2a4787ba9adf39a41?s=96&d=mm&r=g","caption":"Redacci\u00f3n QP"},"url":"https:\/\/quehacerpolitico.mx\/?author=2"}]}},"featured_image_urls":{"full":["https:\/\/quehacerpolitico.mx\/wp-content\/uploads\/2025\/06\/IMG_0805.jpeg",676,454,false],"thumbnail":["https:\/\/quehacerpolitico.mx\/wp-content\/uploads\/2025\/06\/IMG_0805-150x150.jpeg",150,150,true],"medium":["https:\/\/quehacerpolitico.mx\/wp-content\/uploads\/2025\/06\/IMG_0805-300x201.jpeg",300,201,true],"medium_large":["https:\/\/quehacerpolitico.mx\/wp-content\/uploads\/2025\/06\/IMG_0805.jpeg",640,430,false],"large":["https:\/\/quehacerpolitico.mx\/wp-content\/uploads\/2025\/06\/IMG_0805.jpeg",640,430,false],"1536x1536":["https:\/\/quehacerpolitico.mx\/wp-content\/uploads\/2025\/06\/IMG_0805.jpeg",676,454,false],"2048x2048":["https:\/\/quehacerpolitico.mx\/wp-content\/uploads\/2025\/06\/IMG_0805.jpeg",676,454,false],"covernews-featured":["https:\/\/quehacerpolitico.mx\/wp-content\/uploads\/2025\/06\/IMG_0805.jpeg",676,454,false],"covernews-medium":["https:\/\/quehacerpolitico.mx\/wp-content\/uploads\/2025\/06\/IMG_0805-540x340.jpeg",540,340,true]},"author_info":{"display_name":"Redacci\u00f3n QP","author_link":"https:\/\/quehacerpolitico.mx\/?author=2"},"category_info":"<a href=\"https:\/\/quehacerpolitico.mx\/?cat=55\" rel=\"category\">CDMX<\/a>","tag_info":"CDMX","comment_count":"0","_links":{"self":[{"href":"https:\/\/quehacerpolitico.mx\/index.php?rest_route=\/wp\/v2\/posts\/116888","targetHints":{"allow":["GET"]}}],"collection":[{"href":"https:\/\/quehacerpolitico.mx\/index.php?rest_route=\/wp\/v2\/posts"}],"about":[{"href":"https:\/\/quehacerpolitico.mx\/index.php?rest_route=\/wp\/v2\/types\/post"}],"author":[{"embeddable":true,"href":"https:\/\/quehacerpolitico.mx\/index.php?rest_route=\/wp\/v2\/users\/2"}],"replies":[{"embeddable":true,"href":"https:\/\/quehacerpolitico.mx\/index.php?rest_route=%2Fwp%2Fv2%2Fcomments&post=116888"}],"version-history":[{"count":1,"href":"https:\/\/quehacerpolitico.mx\/index.php?rest_route=\/wp\/v2\/posts\/116888\/revisions"}],"predecessor-version":[{"id":116890,"href":"https:\/\/quehacerpolitico.mx\/index.php?rest_route=\/wp\/v2\/posts\/116888\/revisions\/116890"}],"wp:featuredmedia":[{"embeddable":true,"href":"https:\/\/quehacerpolitico.mx\/index.php?rest_route=\/wp\/v2\/media\/116889"}],"wp:attachment":[{"href":"https:\/\/quehacerpolitico.mx\/index.php?rest_route=%2Fwp%2Fv2%2Fmedia&parent=116888"}],"wp:term":[{"taxonomy":"category","embeddable":true,"href":"https:\/\/quehacerpolitico.mx\/index.php?rest_route=%2Fwp%2Fv2%2Fcategories&post=116888"},{"taxonomy":"post_tag","embeddable":true,"href":"https:\/\/quehacerpolitico.mx\/index.php?rest_route=%2Fwp%2Fv2%2Ftags&post=116888"}],"curies":[{"name":"wp","href":"https:\/\/api.w.org\/{rel}","templated":true}]}}