{"id":116869,"date":"2025-06-13T16:01:15","date_gmt":"2025-06-13T22:01:15","guid":{"rendered":"https:\/\/quehacerpolitico.mx\/?p=116869"},"modified":"2025-06-13T16:01:18","modified_gmt":"2025-06-13T22:01:18","slug":"este-domingo-15-de-junio-pasate-un-buen-dia-del-padre-con-actividades-gratis-en-la-cdmx","status":"publish","type":"post","link":"https:\/\/quehacerpolitico.mx\/?p=116869","title":{"rendered":"Este domingo 15 de junio p\u00e1sate un buen d\u00eda del padre con actividades gratis en la CDMX"},"content":{"rendered":"\n<p>Por Redacci\u00f3n QP<\/p>\n\n\n\n<p>Este domingo 15 de junio se celebra El D\u00eda del Padre en M\u00e9xico, fecha esperada por muchas y muchos<\/p>\n\n\n\n<p><mark><strong>El D\u00eda del Padre se acerca en M\u00e9xico: este 15 de junio,&nbsp;<\/strong><\/mark>muchas personas buscar\u00e1n consentir a sus pap\u00e1s y darles un regalo especial. Entre la gama de opciones para celebrar este d\u00eda, existen actividades que no requerir\u00e1n gastar dinero, pues se trata de&nbsp;<mark><strong>experiencias gratuitas<\/strong><\/mark><strong>&nbsp;en distintas zonas de&nbsp;<\/strong><mark><strong>Ciudad de M\u00e9xico, vigentes del 13 al 15 de junio,<\/strong><\/mark>&nbsp;con motivo del D\u00eda del Padre.<\/p>\n\n\n\n<h3 class=\"wp-block-heading\">Eventos gratuitos por el D\u00eda del Padre en CDMX<\/h3>\n\n\n\n<h3 class=\"wp-block-heading\">Mega baile sonidero en Iztapalapa<\/h3>\n\n\n\n<p><strong>Si a tu pap\u00e1 le gusta la fiesta,<\/strong>&nbsp;esta podr\u00eda ser una excelente opci\u00f3n. El domingo 15 de junio, el Barco Utop\u00eda de Iztapalapa ser\u00e1 sede de&nbsp;<mark><strong>un mega baile sonidero abierto a todo el p\u00fablico.<\/strong><\/mark>Contar\u00e1 con la participaci\u00f3n de reconocidos artistas como:<\/p>\n\n\n\n<ul class=\"wp-block-list\">\n<li>Sonido Maravillas<\/li>\n\n\n\n<li>Sonido Din\u00e1mico<\/li>\n\n\n\n<li>Dinast\u00eda Cali Rumba<\/li>\n<\/ul>\n\n\n\n<p>El evento, organizado por el gobierno de Iztapalapa,<strong>&nbsp;incluir\u00e1 actividades culturales y familiares,&nbsp;<\/strong>como exhibiciones de trompo, conciertos de Vinylos Band y tertulias tlatequinas.<\/p>\n\n\n\n<p><mark><strong>Se llevar\u00e1 a cabo en el Parque Lineal Perif\u00e9rico Oriente,<\/strong><\/mark>&nbsp;esquina con avenida Luis M\u00e9ndez.<\/p>\n\n\n\n<figure class=\"wp-block-image size-large\"><img loading=\"lazy\" decoding=\"async\" width=\"667\" height=\"1024\" src=\"https:\/\/quehacerpolitico.mx\/wp-content\/uploads\/2025\/06\/IMG_0720-667x1024.jpeg\" alt=\"\" class=\"wp-image-116872\" srcset=\"https:\/\/quehacerpolitico.mx\/wp-content\/uploads\/2025\/06\/IMG_0720-667x1024.jpeg 667w, https:\/\/quehacerpolitico.mx\/wp-content\/uploads\/2025\/06\/IMG_0720-196x300.jpeg 196w, https:\/\/quehacerpolitico.mx\/wp-content\/uploads\/2025\/06\/IMG_0720-768x1178.jpeg 768w, https:\/\/quehacerpolitico.mx\/wp-content\/uploads\/2025\/06\/IMG_0720-1001x1536.jpeg 1001w, https:\/\/quehacerpolitico.mx\/wp-content\/uploads\/2025\/06\/IMG_0720-1024x1571.jpeg 1024w, https:\/\/quehacerpolitico.mx\/wp-content\/uploads\/2025\/06\/IMG_0720.jpeg 1170w\" sizes=\"auto, (max-width: 667px) 100vw, 667px\" \/><figcaption class=\"wp-element-caption\">Screenshot<\/figcaption><\/figure>\n\n\n\n<h3 class=\"wp-block-heading\">Taco Fest 2025: gastronom\u00eda, m\u00fasica y lucha libre en Tlalpan<\/h3>\n\n\n\n<p>Sin duda,<strong>&nbsp;<\/strong><mark><strong>las luchas libres son una tradici\u00f3n en M\u00e9xico,&nbsp;<\/strong><\/mark><strong>y este fin de semana del D\u00eda del Padre, el ring estar\u00e1&nbsp;<\/strong><mark><strong>presente en el Taco Fest 2025,&nbsp;<\/strong><\/mark>que se llevar\u00e1 a cabo en la&nbsp;<strong>Plaza de la Constituci\u00f3n de Tlalpan.<\/strong><\/p>\n\n\n\n<p>Programa de actividades:<\/p>\n\n\n\n<ul class=\"wp-block-list\">\n<li>Viernes 13 de junio: Presentaci\u00f3n musical de Los Llayras.<\/li>\n\n\n\n<li>S\u00e1bado 14 de junio: Tributo a Grupo Niche y homenaje a la salsa.<\/li>\n\n\n\n<li>Domingo 15 de junio: Funci\u00f3n gratuita de lucha libre, seguida de baile sonidero.<\/li>\n<\/ul>\n\n\n\n<p>Adem\u00e1s, el festival&nbsp;<strong>contar\u00e1 con m\u00e1s de 10 taquer\u00edas locales&nbsp;<\/strong>que ofrecer\u00e1n variedad de tacos, opciones veganas, bebidas artesanales, aguas frescas y postres.<\/p>\n\n\n\n<figure class=\"wp-block-image size-large\"><img loading=\"lazy\" decoding=\"async\" width=\"601\" height=\"1024\" src=\"https:\/\/quehacerpolitico.mx\/wp-content\/uploads\/2025\/06\/IMG_0719-601x1024.jpeg\" alt=\"\" class=\"wp-image-116871\" srcset=\"https:\/\/quehacerpolitico.mx\/wp-content\/uploads\/2025\/06\/IMG_0719-601x1024.jpeg 601w, https:\/\/quehacerpolitico.mx\/wp-content\/uploads\/2025\/06\/IMG_0719-176x300.jpeg 176w, https:\/\/quehacerpolitico.mx\/wp-content\/uploads\/2025\/06\/IMG_0719-768x1309.jpeg 768w, https:\/\/quehacerpolitico.mx\/wp-content\/uploads\/2025\/06\/IMG_0719-901x1536.jpeg 901w, https:\/\/quehacerpolitico.mx\/wp-content\/uploads\/2025\/06\/IMG_0719-1024x1745.jpeg 1024w, https:\/\/quehacerpolitico.mx\/wp-content\/uploads\/2025\/06\/IMG_0719.jpeg 1170w\" sizes=\"auto, (max-width: 601px) 100vw, 601px\" \/><figcaption class=\"wp-element-caption\">Screenshot<\/figcaption><\/figure>\n\n\n\n<h3 class=\"wp-block-heading\">Caf\u00e9 y Chocolate Fest en el Centro Hist\u00f3rico<\/h3>\n\n\n\n<p>Si tu pap\u00e1 es amante del caf\u00e9, este evento ser\u00e1 ideal. El 14 y 15 de junio, el Palacio de la Autonom\u00eda (en el Centro Hist\u00f3rico) ser\u00e1 sede del<mark><strong>&nbsp;Caf\u00e9 y Chocolate Fest, donde podr\u00e1s disfrutar de:<\/strong><\/mark><\/p>\n\n\n\n<ul class=\"wp-block-list\">\n<li>Catas de caf\u00e9 y cacao<\/li>\n\n\n\n<li>Ceremonias del chocolate<\/li>\n\n\n\n<li>Talleres sensoriales<\/li>\n\n\n\n<li>M\u00e1s de 60 expositores nacionales e internacionales<\/li>\n<\/ul>\n\n\n\n<p>Las actividades estar\u00e1n disponibles&nbsp;<mark><strong>de 11:00 a 20:00 horas, con entrada libre.<\/strong><\/mark><\/p>\n\n\n\n<figure class=\"wp-block-image size-large\"><img loading=\"lazy\" decoding=\"async\" width=\"737\" height=\"1024\" src=\"https:\/\/quehacerpolitico.mx\/wp-content\/uploads\/2025\/06\/IMG_0718-737x1024.jpeg\" alt=\"\" class=\"wp-image-116870\" srcset=\"https:\/\/quehacerpolitico.mx\/wp-content\/uploads\/2025\/06\/IMG_0718-737x1024.jpeg 737w, https:\/\/quehacerpolitico.mx\/wp-content\/uploads\/2025\/06\/IMG_0718-216x300.jpeg 216w, https:\/\/quehacerpolitico.mx\/wp-content\/uploads\/2025\/06\/IMG_0718-768x1067.jpeg 768w, https:\/\/quehacerpolitico.mx\/wp-content\/uploads\/2025\/06\/IMG_0718-1105x1536.jpeg 1105w, https:\/\/quehacerpolitico.mx\/wp-content\/uploads\/2025\/06\/IMG_0718-1024x1423.jpeg 1024w, https:\/\/quehacerpolitico.mx\/wp-content\/uploads\/2025\/06\/IMG_0718.jpeg 1170w\" sizes=\"auto, (max-width: 737px) 100vw, 737px\" \/><figcaption class=\"wp-element-caption\">Screenshot<\/figcaption><\/figure>\n\n\n\n<p>Que la cartera no sea un impedimento: reg\u00e1lale a pap\u00e1 una experiencia inolvidable este<mark><strong>&nbsp;D\u00eda del Padre 2025.<\/strong><\/mark><\/p>\n","protected":false},"excerpt":{"rendered":"<p>Por Redacci\u00f3n QP Este domingo 15 de junio se celebra El D\u00eda del Padre en&#8230;<\/p>\n","protected":false},"author":2,"featured_media":116873,"comment_status":"open","ping_status":"open","sticky":false,"template":"","format":"standard","meta":{"_monsterinsights_skip_tracking":false,"_monsterinsights_sitenote_active":false,"_monsterinsights_sitenote_note":"","_monsterinsights_sitenote_category":0,"footnotes":""},"categories":[55,58],"tags":[],"class_list":["post-116869","post","type-post","status-publish","format-standard","has-post-thumbnail","hentry","category-cdmx","category-cultura"],"yoast_head":"<!-- This site is optimized with the Yoast SEO plugin v27.3 - https:\/\/yoast.com\/product\/yoast-seo-wordpress\/ -->\n<title>Este domingo 15 de junio p\u00e1sate un buen d\u00eda del padre con actividades gratis en la CDMX -<\/title>\n<meta name=\"robots\" content=\"index, follow, max-snippet:-1, max-image-preview:large, max-video-preview:-1\" \/>\n<link rel=\"canonical\" href=\"https:\/\/quehacerpolitico.mx\/?p=116869\" \/>\n<meta property=\"og:locale\" content=\"es_MX\" \/>\n<meta property=\"og:type\" content=\"article\" \/>\n<meta property=\"og:title\" content=\"Este domingo 15 de junio p\u00e1sate un buen d\u00eda del padre con actividades gratis en la CDMX -\" \/>\n<meta property=\"og:description\" content=\"Por Redacci\u00f3n QP Este domingo 15 de junio se celebra El D\u00eda del Padre en...\" \/>\n<meta property=\"og:url\" content=\"https:\/\/quehacerpolitico.mx\/?p=116869\" \/>\n<meta property=\"article:published_time\" content=\"2025-06-13T22:01:15+00:00\" \/>\n<meta property=\"article:modified_time\" content=\"2025-06-13T22:01:18+00:00\" \/>\n<meta property=\"og:image\" content=\"https:\/\/quehacerpolitico.mx\/wp-content\/uploads\/2025\/06\/IMG_0722.jpeg\" \/>\n\t<meta property=\"og:image:width\" content=\"600\" \/>\n\t<meta property=\"og:image:height\" content=\"400\" \/>\n\t<meta property=\"og:image:type\" content=\"image\/jpeg\" \/>\n<meta name=\"author\" content=\"Redacci\u00f3n QP\" \/>\n<meta name=\"twitter:card\" content=\"summary_large_image\" \/>\n<meta name=\"twitter:label1\" content=\"Escrito por\" \/>\n\t<meta name=\"twitter:data1\" content=\"Redacci\u00f3n QP\" \/>\n\t<meta name=\"twitter:label2\" content=\"Tiempo de lectura\" \/>\n\t<meta name=\"twitter:data2\" content=\"2 minutos\" \/>\n<script type=\"application\/ld+json\" class=\"yoast-schema-graph\">{\"@context\":\"https:\\\/\\\/schema.org\",\"@graph\":[{\"@type\":\"Article\",\"@id\":\"https:\\\/\\\/quehacerpolitico.mx\\\/?p=116869#article\",\"isPartOf\":{\"@id\":\"https:\\\/\\\/quehacerpolitico.mx\\\/?p=116869\"},\"author\":{\"name\":\"Redacci\u00f3n QP\",\"@id\":\"https:\\\/\\\/quehacerpolitico.mx\\\/#\\\/schema\\\/person\\\/496d8ad2d1d3f8036101dca7ee39e585\"},\"headline\":\"Este domingo 15 de junio p\u00e1sate un buen d\u00eda del padre con actividades gratis en la CDMX\",\"datePublished\":\"2025-06-13T22:01:15+00:00\",\"dateModified\":\"2025-06-13T22:01:18+00:00\",\"mainEntityOfPage\":{\"@id\":\"https:\\\/\\\/quehacerpolitico.mx\\\/?p=116869\"},\"wordCount\":462,\"commentCount\":0,\"image\":{\"@id\":\"https:\\\/\\\/quehacerpolitico.mx\\\/?p=116869#primaryimage\"},\"thumbnailUrl\":\"https:\\\/\\\/quehacerpolitico.mx\\\/wp-content\\\/uploads\\\/2025\\\/06\\\/IMG_0722.jpeg\",\"articleSection\":[\"CDMX\",\"Cultura y Entretenimiento\"],\"inLanguage\":\"es\",\"potentialAction\":[{\"@type\":\"CommentAction\",\"name\":\"Comment\",\"target\":[\"https:\\\/\\\/quehacerpolitico.mx\\\/?p=116869#respond\"]}]},{\"@type\":\"WebPage\",\"@id\":\"https:\\\/\\\/quehacerpolitico.mx\\\/?p=116869\",\"url\":\"https:\\\/\\\/quehacerpolitico.mx\\\/?p=116869\",\"name\":\"Este domingo 15 de junio p\u00e1sate un buen d\u00eda del padre con actividades gratis en la CDMX -\",\"isPartOf\":{\"@id\":\"https:\\\/\\\/quehacerpolitico.mx\\\/#website\"},\"primaryImageOfPage\":{\"@id\":\"https:\\\/\\\/quehacerpolitico.mx\\\/?p=116869#primaryimage\"},\"image\":{\"@id\":\"https:\\\/\\\/quehacerpolitico.mx\\\/?p=116869#primaryimage\"},\"thumbnailUrl\":\"https:\\\/\\\/quehacerpolitico.mx\\\/wp-content\\\/uploads\\\/2025\\\/06\\\/IMG_0722.jpeg\",\"datePublished\":\"2025-06-13T22:01:15+00:00\",\"dateModified\":\"2025-06-13T22:01:18+00:00\",\"author\":{\"@id\":\"https:\\\/\\\/quehacerpolitico.mx\\\/#\\\/schema\\\/person\\\/496d8ad2d1d3f8036101dca7ee39e585\"},\"breadcrumb\":{\"@id\":\"https:\\\/\\\/quehacerpolitico.mx\\\/?p=116869#breadcrumb\"},\"inLanguage\":\"es\",\"potentialAction\":[{\"@type\":\"ReadAction\",\"target\":[\"https:\\\/\\\/quehacerpolitico.mx\\\/?p=116869\"]}]},{\"@type\":\"ImageObject\",\"inLanguage\":\"es\",\"@id\":\"https:\\\/\\\/quehacerpolitico.mx\\\/?p=116869#primaryimage\",\"url\":\"https:\\\/\\\/quehacerpolitico.mx\\\/wp-content\\\/uploads\\\/2025\\\/06\\\/IMG_0722.jpeg\",\"contentUrl\":\"https:\\\/\\\/quehacerpolitico.mx\\\/wp-content\\\/uploads\\\/2025\\\/06\\\/IMG_0722.jpeg\",\"width\":600,\"height\":400},{\"@type\":\"BreadcrumbList\",\"@id\":\"https:\\\/\\\/quehacerpolitico.mx\\\/?p=116869#breadcrumb\",\"itemListElement\":[{\"@type\":\"ListItem\",\"position\":1,\"name\":\"Inicio\",\"item\":\"https:\\\/\\\/quehacerpolitico.mx\\\/\"},{\"@type\":\"ListItem\",\"position\":2,\"name\":\"Este domingo 15 de junio p\u00e1sate un buen d\u00eda del padre con actividades gratis en la CDMX\"}]},{\"@type\":\"WebSite\",\"@id\":\"https:\\\/\\\/quehacerpolitico.mx\\\/#website\",\"url\":\"https:\\\/\\\/quehacerpolitico.mx\\\/\",\"name\":\"\",\"description\":\"\",\"potentialAction\":[{\"@type\":\"SearchAction\",\"target\":{\"@type\":\"EntryPoint\",\"urlTemplate\":\"https:\\\/\\\/quehacerpolitico.mx\\\/?s={search_term_string}\"},\"query-input\":{\"@type\":\"PropertyValueSpecification\",\"valueRequired\":true,\"valueName\":\"search_term_string\"}}],\"inLanguage\":\"es\"},{\"@type\":\"Person\",\"@id\":\"https:\\\/\\\/quehacerpolitico.mx\\\/#\\\/schema\\\/person\\\/496d8ad2d1d3f8036101dca7ee39e585\",\"name\":\"Redacci\u00f3n QP\",\"image\":{\"@type\":\"ImageObject\",\"inLanguage\":\"es\",\"@id\":\"https:\\\/\\\/secure.gravatar.com\\\/avatar\\\/c7164ed6fdec453195284ad24a5ae5b6e1eed2b848477fa2a4787ba9adf39a41?s=96&d=mm&r=g\",\"url\":\"https:\\\/\\\/secure.gravatar.com\\\/avatar\\\/c7164ed6fdec453195284ad24a5ae5b6e1eed2b848477fa2a4787ba9adf39a41?s=96&d=mm&r=g\",\"contentUrl\":\"https:\\\/\\\/secure.gravatar.com\\\/avatar\\\/c7164ed6fdec453195284ad24a5ae5b6e1eed2b848477fa2a4787ba9adf39a41?s=96&d=mm&r=g\",\"caption\":\"Redacci\u00f3n QP\"},\"url\":\"https:\\\/\\\/quehacerpolitico.mx\\\/?author=2\"}]}<\/script>\n<!-- \/ Yoast SEO plugin. -->","yoast_head_json":{"title":"Este domingo 15 de junio p\u00e1sate un buen d\u00eda del padre con actividades gratis en la CDMX -","robots":{"index":"index","follow":"follow","max-snippet":"max-snippet:-1","max-image-preview":"max-image-preview:large","max-video-preview":"max-video-preview:-1"},"canonical":"https:\/\/quehacerpolitico.mx\/?p=116869","og_locale":"es_MX","og_type":"article","og_title":"Este domingo 15 de junio p\u00e1sate un buen d\u00eda del padre con actividades gratis en la CDMX -","og_description":"Por Redacci\u00f3n QP Este domingo 15 de junio se celebra El D\u00eda del Padre en...","og_url":"https:\/\/quehacerpolitico.mx\/?p=116869","article_published_time":"2025-06-13T22:01:15+00:00","article_modified_time":"2025-06-13T22:01:18+00:00","og_image":[{"width":600,"height":400,"url":"https:\/\/quehacerpolitico.mx\/wp-content\/uploads\/2025\/06\/IMG_0722.jpeg","type":"image\/jpeg"}],"author":"Redacci\u00f3n QP","twitter_card":"summary_large_image","twitter_misc":{"Escrito por":"Redacci\u00f3n QP","Tiempo de lectura":"2 minutos"},"schema":{"@context":"https:\/\/schema.org","@graph":[{"@type":"Article","@id":"https:\/\/quehacerpolitico.mx\/?p=116869#article","isPartOf":{"@id":"https:\/\/quehacerpolitico.mx\/?p=116869"},"author":{"name":"Redacci\u00f3n QP","@id":"https:\/\/quehacerpolitico.mx\/#\/schema\/person\/496d8ad2d1d3f8036101dca7ee39e585"},"headline":"Este domingo 15 de junio p\u00e1sate un buen d\u00eda del padre con actividades gratis en la CDMX","datePublished":"2025-06-13T22:01:15+00:00","dateModified":"2025-06-13T22:01:18+00:00","mainEntityOfPage":{"@id":"https:\/\/quehacerpolitico.mx\/?p=116869"},"wordCount":462,"commentCount":0,"image":{"@id":"https:\/\/quehacerpolitico.mx\/?p=116869#primaryimage"},"thumbnailUrl":"https:\/\/quehacerpolitico.mx\/wp-content\/uploads\/2025\/06\/IMG_0722.jpeg","articleSection":["CDMX","Cultura y Entretenimiento"],"inLanguage":"es","potentialAction":[{"@type":"CommentAction","name":"Comment","target":["https:\/\/quehacerpolitico.mx\/?p=116869#respond"]}]},{"@type":"WebPage","@id":"https:\/\/quehacerpolitico.mx\/?p=116869","url":"https:\/\/quehacerpolitico.mx\/?p=116869","name":"Este domingo 15 de junio p\u00e1sate un buen d\u00eda del padre con actividades gratis en la CDMX -","isPartOf":{"@id":"https:\/\/quehacerpolitico.mx\/#website"},"primaryImageOfPage":{"@id":"https:\/\/quehacerpolitico.mx\/?p=116869#primaryimage"},"image":{"@id":"https:\/\/quehacerpolitico.mx\/?p=116869#primaryimage"},"thumbnailUrl":"https:\/\/quehacerpolitico.mx\/wp-content\/uploads\/2025\/06\/IMG_0722.jpeg","datePublished":"2025-06-13T22:01:15+00:00","dateModified":"2025-06-13T22:01:18+00:00","author":{"@id":"https:\/\/quehacerpolitico.mx\/#\/schema\/person\/496d8ad2d1d3f8036101dca7ee39e585"},"breadcrumb":{"@id":"https:\/\/quehacerpolitico.mx\/?p=116869#breadcrumb"},"inLanguage":"es","potentialAction":[{"@type":"ReadAction","target":["https:\/\/quehacerpolitico.mx\/?p=116869"]}]},{"@type":"ImageObject","inLanguage":"es","@id":"https:\/\/quehacerpolitico.mx\/?p=116869#primaryimage","url":"https:\/\/quehacerpolitico.mx\/wp-content\/uploads\/2025\/06\/IMG_0722.jpeg","contentUrl":"https:\/\/quehacerpolitico.mx\/wp-content\/uploads\/2025\/06\/IMG_0722.jpeg","width":600,"height":400},{"@type":"BreadcrumbList","@id":"https:\/\/quehacerpolitico.mx\/?p=116869#breadcrumb","itemListElement":[{"@type":"ListItem","position":1,"name":"Inicio","item":"https:\/\/quehacerpolitico.mx\/"},{"@type":"ListItem","position":2,"name":"Este domingo 15 de junio p\u00e1sate un buen d\u00eda del padre con actividades gratis en la CDMX"}]},{"@type":"WebSite","@id":"https:\/\/quehacerpolitico.mx\/#website","url":"https:\/\/quehacerpolitico.mx\/","name":"","description":"","potentialAction":[{"@type":"SearchAction","target":{"@type":"EntryPoint","urlTemplate":"https:\/\/quehacerpolitico.mx\/?s={search_term_string}"},"query-input":{"@type":"PropertyValueSpecification","valueRequired":true,"valueName":"search_term_string"}}],"inLanguage":"es"},{"@type":"Person","@id":"https:\/\/quehacerpolitico.mx\/#\/schema\/person\/496d8ad2d1d3f8036101dca7ee39e585","name":"Redacci\u00f3n QP","image":{"@type":"ImageObject","inLanguage":"es","@id":"https:\/\/secure.gravatar.com\/avatar\/c7164ed6fdec453195284ad24a5ae5b6e1eed2b848477fa2a4787ba9adf39a41?s=96&d=mm&r=g","url":"https:\/\/secure.gravatar.com\/avatar\/c7164ed6fdec453195284ad24a5ae5b6e1eed2b848477fa2a4787ba9adf39a41?s=96&d=mm&r=g","contentUrl":"https:\/\/secure.gravatar.com\/avatar\/c7164ed6fdec453195284ad24a5ae5b6e1eed2b848477fa2a4787ba9adf39a41?s=96&d=mm&r=g","caption":"Redacci\u00f3n QP"},"url":"https:\/\/quehacerpolitico.mx\/?author=2"}]}},"featured_image_urls":{"full":["https:\/\/quehacerpolitico.mx\/wp-content\/uploads\/2025\/06\/IMG_0722.jpeg",600,400,false],"thumbnail":["https:\/\/quehacerpolitico.mx\/wp-content\/uploads\/2025\/06\/IMG_0722-150x150.jpeg",150,150,true],"medium":["https:\/\/quehacerpolitico.mx\/wp-content\/uploads\/2025\/06\/IMG_0722-300x200.jpeg",300,200,true],"medium_large":["https:\/\/quehacerpolitico.mx\/wp-content\/uploads\/2025\/06\/IMG_0722.jpeg",600,400,false],"large":["https:\/\/quehacerpolitico.mx\/wp-content\/uploads\/2025\/06\/IMG_0722.jpeg",600,400,false],"1536x1536":["https:\/\/quehacerpolitico.mx\/wp-content\/uploads\/2025\/06\/IMG_0722.jpeg",600,400,false],"2048x2048":["https:\/\/quehacerpolitico.mx\/wp-content\/uploads\/2025\/06\/IMG_0722.jpeg",600,400,false],"covernews-featured":["https:\/\/quehacerpolitico.mx\/wp-content\/uploads\/2025\/06\/IMG_0722.jpeg",600,400,false],"covernews-medium":["https:\/\/quehacerpolitico.mx\/wp-content\/uploads\/2025\/06\/IMG_0722-540x340.jpeg",540,340,true]},"author_info":{"display_name":"Redacci\u00f3n QP","author_link":"https:\/\/quehacerpolitico.mx\/?author=2"},"category_info":"<a href=\"https:\/\/quehacerpolitico.mx\/?cat=55\" rel=\"category\">CDMX<\/a> <a href=\"https:\/\/quehacerpolitico.mx\/?cat=58\" rel=\"category\">Cultura y Entretenimiento<\/a>","tag_info":"Cultura y Entretenimiento","comment_count":"0","_links":{"self":[{"href":"https:\/\/quehacerpolitico.mx\/index.php?rest_route=\/wp\/v2\/posts\/116869","targetHints":{"allow":["GET"]}}],"collection":[{"href":"https:\/\/quehacerpolitico.mx\/index.php?rest_route=\/wp\/v2\/posts"}],"about":[{"href":"https:\/\/quehacerpolitico.mx\/index.php?rest_route=\/wp\/v2\/types\/post"}],"author":[{"embeddable":true,"href":"https:\/\/quehacerpolitico.mx\/index.php?rest_route=\/wp\/v2\/users\/2"}],"replies":[{"embeddable":true,"href":"https:\/\/quehacerpolitico.mx\/index.php?rest_route=%2Fwp%2Fv2%2Fcomments&post=116869"}],"version-history":[{"count":1,"href":"https:\/\/quehacerpolitico.mx\/index.php?rest_route=\/wp\/v2\/posts\/116869\/revisions"}],"predecessor-version":[{"id":116874,"href":"https:\/\/quehacerpolitico.mx\/index.php?rest_route=\/wp\/v2\/posts\/116869\/revisions\/116874"}],"wp:featuredmedia":[{"embeddable":true,"href":"https:\/\/quehacerpolitico.mx\/index.php?rest_route=\/wp\/v2\/media\/116873"}],"wp:attachment":[{"href":"https:\/\/quehacerpolitico.mx\/index.php?rest_route=%2Fwp%2Fv2%2Fmedia&parent=116869"}],"wp:term":[{"taxonomy":"category","embeddable":true,"href":"https:\/\/quehacerpolitico.mx\/index.php?rest_route=%2Fwp%2Fv2%2Fcategories&post=116869"},{"taxonomy":"post_tag","embeddable":true,"href":"https:\/\/quehacerpolitico.mx\/index.php?rest_route=%2Fwp%2Fv2%2Ftags&post=116869"}],"curies":[{"name":"wp","href":"https:\/\/api.w.org\/{rel}","templated":true}]}}