{"id":116860,"date":"2025-06-13T14:25:17","date_gmt":"2025-06-13T20:25:17","guid":{"rendered":"https:\/\/quehacerpolitico.mx\/?p=116860"},"modified":"2025-06-13T14:25:21","modified_gmt":"2025-06-13T20:25:21","slug":"el-quehacer-politico-internacional-a-traves-de-la-opinion-carolina-alonso-romei-iran-ataca-con-misiles-a-israel","status":"publish","type":"post","link":"https:\/\/quehacerpolitico.mx\/?p=116860","title":{"rendered":"El Quehacer Pol\u00edtico Internacional a trav\u00e9s de la opini\u00f3n\/\/\/Carolina Alonso Romei\/\/\/Iran ataca con misiles a Israel"},"content":{"rendered":"\n<p>Por Carolina Alonso Romei<\/p>\n\n\n\n<p>Internacionalista <\/p>\n\n\n\n<p>Se escucharon explosiones y columnas de humo eran visibles en la zona de Sarona<\/p>\n\n\n\n<p>A las 21:15 horas de este viernes 13 de junio, sonaron las alarmas antia\u00e9reas en Tel Aviv,&nbsp;Israel. Despu\u00e9s de unos minutos,&nbsp;<strong>se escucharon explosiones y columnas de humo eran visibles<\/strong>&nbsp;en la zona de Sarona.&nbsp;<\/p>\n\n\n\n<p><mark><strong>Hasta el momento no est\u00e1 claro si se trata de misiles antia\u00e9reos o si se trata de un ataque exitoso por parte de Ir\u00e1n o Yemen.<\/strong><\/mark><\/p>\n\n\n\n<figure class=\"wp-block-embed is-type-rich is-provider-twitter wp-block-embed-twitter\"><div class=\"wp-block-embed__wrapper\">\n<blockquote class=\"twitter-tweet\" data-width=\"550\" data-dnt=\"true\"><p lang=\"es\" dir=\"ltr\">\ud83d\udea8 As\u00ed impact\u00f3 un misil en Tel Aviv<br><br>En medio del conflicto entre Ir\u00e1n e Israel, un grupo de reporteros capt\u00f3 el momento en que un misil iran\u00ed impact\u00f3 en Tel Aviv, Israel, muy cerca de donde ellos se encontraban. Autoridades israel\u00eds han informado que todo el pa\u00eds se encuentra\u2026 <a href=\"https:\/\/t.co\/ZeXRadKWLG\">pic.twitter.com\/ZeXRadKWLG<\/a><\/p>&mdash; Pol\u00edtico MX (@politicomx) <a href=\"https:\/\/twitter.com\/politicomx\/status\/1933597264343089510?ref_src=twsrc%5Etfw\">June 13, 2025<\/a><\/blockquote><script async src=\"https:\/\/platform.twitter.com\/widgets.js\" charset=\"utf-8\"><\/script>\n<\/div><\/figure>\n\n\n\n<p>Se reportan que fueron cerca de cinco misiles que no fueron interceptados por el domo de hierro israel\u00ed en la zona de Ramat Gan.<\/p>\n\n\n\n<h2 class=\"wp-block-heading\">Servicios de emergencias acuden a siete sitios de Tel Aviv<\/h2>\n\n\n\n<p>De acuerdo con las im\u00e1genes en vivo y los reportes de medios de Israel, al menos un proyectil impact\u00f3 en Tel Aviv, tras lo que&nbsp;<mark><strong>se levant\u00f3 una gruesa columna de humo en el cielo de la ciudad.<\/strong><\/mark>&nbsp;En este momento, los equipos de emergencia&nbsp;<strong>&#8220;est\u00e1n buscando en 7 sitios reportados en Gush Dan&#8221;<\/strong>, dice el Magen David Adom, servicio de emergencias israel\u00ed.<\/p>\n\n\n\n<p>Por su parte, el ej\u00e9rcito indic\u00f3 que &#8220;el ataque contin\u00faa&#8221; y &#8220;se lanzaron decenas de misiles adicionales hacia el Estado de Israel&#8221;.&nbsp;<\/p>\n\n\n\n<p>&#8220;Las explosiones que escuchan provienen de intercepciones o proyectiles ca\u00eddos&#8221;, dice la nota.<\/p>\n\n\n\n<p>&#8220;Las Fuerzas de Defensa de Israel reiteran encarecidamente que no se publiquen ni compartan las ubicaciones ni las im\u00e1genes de los impactos&#8221;, a\u00f1ade.<\/p>\n\n\n\n<p>Con informaci\u00f3n de EFE<\/p>\n","protected":false},"excerpt":{"rendered":"<p>Por Carolina Alonso Romei Internacionalista Se escucharon explosiones y columnas de humo eran visibles en&#8230;<\/p>\n","protected":false},"author":2,"featured_media":116861,"comment_status":"open","ping_status":"open","sticky":false,"template":"","format":"standard","meta":{"_monsterinsights_skip_tracking":false,"_monsterinsights_sitenote_active":false,"_monsterinsights_sitenote_note":"","_monsterinsights_sitenote_category":0,"footnotes":""},"categories":[1],"tags":[],"class_list":["post-116860","post","type-post","status-publish","format-standard","has-post-thumbnail","hentry","category-sin-categoria"],"yoast_head":"<!-- This site is optimized with the Yoast SEO plugin v27.3 - https:\/\/yoast.com\/product\/yoast-seo-wordpress\/ -->\n<title>El Quehacer Pol\u00edtico Internacional a trav\u00e9s de la opini\u00f3n\/\/\/Carolina Alonso Romei\/\/\/Iran ataca con misiles a Israel -<\/title>\n<meta name=\"robots\" content=\"index, follow, max-snippet:-1, max-image-preview:large, max-video-preview:-1\" \/>\n<link rel=\"canonical\" href=\"https:\/\/quehacerpolitico.mx\/?p=116860\" \/>\n<meta property=\"og:locale\" content=\"es_MX\" \/>\n<meta property=\"og:type\" content=\"article\" \/>\n<meta property=\"og:title\" content=\"El Quehacer Pol\u00edtico Internacional a trav\u00e9s de la opini\u00f3n\/\/\/Carolina Alonso Romei\/\/\/Iran ataca con misiles a Israel -\" \/>\n<meta property=\"og:description\" content=\"Por Carolina Alonso Romei Internacionalista Se escucharon explosiones y columnas de humo eran visibles en...\" \/>\n<meta property=\"og:url\" content=\"https:\/\/quehacerpolitico.mx\/?p=116860\" \/>\n<meta property=\"article:published_time\" content=\"2025-06-13T20:25:17+00:00\" \/>\n<meta property=\"article:modified_time\" content=\"2025-06-13T20:25:21+00:00\" \/>\n<meta property=\"og:image\" content=\"https:\/\/quehacerpolitico.mx\/wp-content\/uploads\/2025\/06\/A44FC31F-42DE-4DFB-8EEE-A88B8BDD2D1A.jpeg\" \/>\n\t<meta property=\"og:image:width\" content=\"1218\" \/>\n\t<meta property=\"og:image:height\" content=\"640\" \/>\n\t<meta property=\"og:image:type\" content=\"image\/jpeg\" \/>\n<meta name=\"author\" content=\"Redacci\u00f3n QP\" \/>\n<meta name=\"twitter:card\" content=\"summary_large_image\" \/>\n<meta name=\"twitter:label1\" content=\"Escrito por\" \/>\n\t<meta name=\"twitter:data1\" content=\"Redacci\u00f3n QP\" \/>\n\t<meta name=\"twitter:label2\" content=\"Tiempo de lectura\" \/>\n\t<meta name=\"twitter:data2\" content=\"1 minuto\" \/>\n<script type=\"application\/ld+json\" class=\"yoast-schema-graph\">{\"@context\":\"https:\\\/\\\/schema.org\",\"@graph\":[{\"@type\":\"Article\",\"@id\":\"https:\\\/\\\/quehacerpolitico.mx\\\/?p=116860#article\",\"isPartOf\":{\"@id\":\"https:\\\/\\\/quehacerpolitico.mx\\\/?p=116860\"},\"author\":{\"name\":\"Redacci\u00f3n QP\",\"@id\":\"https:\\\/\\\/quehacerpolitico.mx\\\/#\\\/schema\\\/person\\\/496d8ad2d1d3f8036101dca7ee39e585\"},\"headline\":\"El Quehacer Pol\u00edtico Internacional a trav\u00e9s de la opini\u00f3n\\\/\\\/\\\/Carolina Alonso Romei\\\/\\\/\\\/Iran ataca con misiles a Israel\",\"datePublished\":\"2025-06-13T20:25:17+00:00\",\"dateModified\":\"2025-06-13T20:25:21+00:00\",\"mainEntityOfPage\":{\"@id\":\"https:\\\/\\\/quehacerpolitico.mx\\\/?p=116860\"},\"wordCount\":284,\"commentCount\":0,\"image\":{\"@id\":\"https:\\\/\\\/quehacerpolitico.mx\\\/?p=116860#primaryimage\"},\"thumbnailUrl\":\"https:\\\/\\\/quehacerpolitico.mx\\\/wp-content\\\/uploads\\\/2025\\\/06\\\/A44FC31F-42DE-4DFB-8EEE-A88B8BDD2D1A.jpeg\",\"articleSection\":[\"Internacionales\"],\"inLanguage\":\"es\",\"potentialAction\":[{\"@type\":\"CommentAction\",\"name\":\"Comment\",\"target\":[\"https:\\\/\\\/quehacerpolitico.mx\\\/?p=116860#respond\"]}]},{\"@type\":\"WebPage\",\"@id\":\"https:\\\/\\\/quehacerpolitico.mx\\\/?p=116860\",\"url\":\"https:\\\/\\\/quehacerpolitico.mx\\\/?p=116860\",\"name\":\"El Quehacer Pol\u00edtico Internacional a trav\u00e9s de la opini\u00f3n\\\/\\\/\\\/Carolina Alonso Romei\\\/\\\/\\\/Iran ataca con misiles a Israel -\",\"isPartOf\":{\"@id\":\"https:\\\/\\\/quehacerpolitico.mx\\\/#website\"},\"primaryImageOfPage\":{\"@id\":\"https:\\\/\\\/quehacerpolitico.mx\\\/?p=116860#primaryimage\"},\"image\":{\"@id\":\"https:\\\/\\\/quehacerpolitico.mx\\\/?p=116860#primaryimage\"},\"thumbnailUrl\":\"https:\\\/\\\/quehacerpolitico.mx\\\/wp-content\\\/uploads\\\/2025\\\/06\\\/A44FC31F-42DE-4DFB-8EEE-A88B8BDD2D1A.jpeg\",\"datePublished\":\"2025-06-13T20:25:17+00:00\",\"dateModified\":\"2025-06-13T20:25:21+00:00\",\"author\":{\"@id\":\"https:\\\/\\\/quehacerpolitico.mx\\\/#\\\/schema\\\/person\\\/496d8ad2d1d3f8036101dca7ee39e585\"},\"breadcrumb\":{\"@id\":\"https:\\\/\\\/quehacerpolitico.mx\\\/?p=116860#breadcrumb\"},\"inLanguage\":\"es\",\"potentialAction\":[{\"@type\":\"ReadAction\",\"target\":[\"https:\\\/\\\/quehacerpolitico.mx\\\/?p=116860\"]}]},{\"@type\":\"ImageObject\",\"inLanguage\":\"es\",\"@id\":\"https:\\\/\\\/quehacerpolitico.mx\\\/?p=116860#primaryimage\",\"url\":\"https:\\\/\\\/quehacerpolitico.mx\\\/wp-content\\\/uploads\\\/2025\\\/06\\\/A44FC31F-42DE-4DFB-8EEE-A88B8BDD2D1A.jpeg\",\"contentUrl\":\"https:\\\/\\\/quehacerpolitico.mx\\\/wp-content\\\/uploads\\\/2025\\\/06\\\/A44FC31F-42DE-4DFB-8EEE-A88B8BDD2D1A.jpeg\",\"width\":1218,\"height\":640},{\"@type\":\"BreadcrumbList\",\"@id\":\"https:\\\/\\\/quehacerpolitico.mx\\\/?p=116860#breadcrumb\",\"itemListElement\":[{\"@type\":\"ListItem\",\"position\":1,\"name\":\"Inicio\",\"item\":\"https:\\\/\\\/quehacerpolitico.mx\\\/\"},{\"@type\":\"ListItem\",\"position\":2,\"name\":\"El Quehacer Pol\u00edtico Internacional a trav\u00e9s de la opini\u00f3n\\\/\\\/\\\/Carolina Alonso Romei\\\/\\\/\\\/Iran ataca con misiles a Israel\"}]},{\"@type\":\"WebSite\",\"@id\":\"https:\\\/\\\/quehacerpolitico.mx\\\/#website\",\"url\":\"https:\\\/\\\/quehacerpolitico.mx\\\/\",\"name\":\"\",\"description\":\"\",\"potentialAction\":[{\"@type\":\"SearchAction\",\"target\":{\"@type\":\"EntryPoint\",\"urlTemplate\":\"https:\\\/\\\/quehacerpolitico.mx\\\/?s={search_term_string}\"},\"query-input\":{\"@type\":\"PropertyValueSpecification\",\"valueRequired\":true,\"valueName\":\"search_term_string\"}}],\"inLanguage\":\"es\"},{\"@type\":\"Person\",\"@id\":\"https:\\\/\\\/quehacerpolitico.mx\\\/#\\\/schema\\\/person\\\/496d8ad2d1d3f8036101dca7ee39e585\",\"name\":\"Redacci\u00f3n QP\",\"image\":{\"@type\":\"ImageObject\",\"inLanguage\":\"es\",\"@id\":\"https:\\\/\\\/secure.gravatar.com\\\/avatar\\\/c7164ed6fdec453195284ad24a5ae5b6e1eed2b848477fa2a4787ba9adf39a41?s=96&d=mm&r=g\",\"url\":\"https:\\\/\\\/secure.gravatar.com\\\/avatar\\\/c7164ed6fdec453195284ad24a5ae5b6e1eed2b848477fa2a4787ba9adf39a41?s=96&d=mm&r=g\",\"contentUrl\":\"https:\\\/\\\/secure.gravatar.com\\\/avatar\\\/c7164ed6fdec453195284ad24a5ae5b6e1eed2b848477fa2a4787ba9adf39a41?s=96&d=mm&r=g\",\"caption\":\"Redacci\u00f3n QP\"},\"url\":\"https:\\\/\\\/quehacerpolitico.mx\\\/?author=2\"}]}<\/script>\n<!-- \/ Yoast SEO plugin. -->","yoast_head_json":{"title":"El Quehacer Pol\u00edtico Internacional a trav\u00e9s de la opini\u00f3n\/\/\/Carolina Alonso Romei\/\/\/Iran ataca con misiles a Israel -","robots":{"index":"index","follow":"follow","max-snippet":"max-snippet:-1","max-image-preview":"max-image-preview:large","max-video-preview":"max-video-preview:-1"},"canonical":"https:\/\/quehacerpolitico.mx\/?p=116860","og_locale":"es_MX","og_type":"article","og_title":"El Quehacer Pol\u00edtico Internacional a trav\u00e9s de la opini\u00f3n\/\/\/Carolina Alonso Romei\/\/\/Iran ataca con misiles a Israel -","og_description":"Por Carolina Alonso Romei Internacionalista Se escucharon explosiones y columnas de humo eran visibles en...","og_url":"https:\/\/quehacerpolitico.mx\/?p=116860","article_published_time":"2025-06-13T20:25:17+00:00","article_modified_time":"2025-06-13T20:25:21+00:00","og_image":[{"width":1218,"height":640,"url":"https:\/\/quehacerpolitico.mx\/wp-content\/uploads\/2025\/06\/A44FC31F-42DE-4DFB-8EEE-A88B8BDD2D1A.jpeg","type":"image\/jpeg"}],"author":"Redacci\u00f3n QP","twitter_card":"summary_large_image","twitter_misc":{"Escrito por":"Redacci\u00f3n QP","Tiempo de lectura":"1 minuto"},"schema":{"@context":"https:\/\/schema.org","@graph":[{"@type":"Article","@id":"https:\/\/quehacerpolitico.mx\/?p=116860#article","isPartOf":{"@id":"https:\/\/quehacerpolitico.mx\/?p=116860"},"author":{"name":"Redacci\u00f3n QP","@id":"https:\/\/quehacerpolitico.mx\/#\/schema\/person\/496d8ad2d1d3f8036101dca7ee39e585"},"headline":"El Quehacer Pol\u00edtico Internacional a trav\u00e9s de la opini\u00f3n\/\/\/Carolina Alonso Romei\/\/\/Iran ataca con misiles a Israel","datePublished":"2025-06-13T20:25:17+00:00","dateModified":"2025-06-13T20:25:21+00:00","mainEntityOfPage":{"@id":"https:\/\/quehacerpolitico.mx\/?p=116860"},"wordCount":284,"commentCount":0,"image":{"@id":"https:\/\/quehacerpolitico.mx\/?p=116860#primaryimage"},"thumbnailUrl":"https:\/\/quehacerpolitico.mx\/wp-content\/uploads\/2025\/06\/A44FC31F-42DE-4DFB-8EEE-A88B8BDD2D1A.jpeg","articleSection":["Internacionales"],"inLanguage":"es","potentialAction":[{"@type":"CommentAction","name":"Comment","target":["https:\/\/quehacerpolitico.mx\/?p=116860#respond"]}]},{"@type":"WebPage","@id":"https:\/\/quehacerpolitico.mx\/?p=116860","url":"https:\/\/quehacerpolitico.mx\/?p=116860","name":"El Quehacer Pol\u00edtico Internacional a trav\u00e9s de la opini\u00f3n\/\/\/Carolina Alonso Romei\/\/\/Iran ataca con misiles a Israel -","isPartOf":{"@id":"https:\/\/quehacerpolitico.mx\/#website"},"primaryImageOfPage":{"@id":"https:\/\/quehacerpolitico.mx\/?p=116860#primaryimage"},"image":{"@id":"https:\/\/quehacerpolitico.mx\/?p=116860#primaryimage"},"thumbnailUrl":"https:\/\/quehacerpolitico.mx\/wp-content\/uploads\/2025\/06\/A44FC31F-42DE-4DFB-8EEE-A88B8BDD2D1A.jpeg","datePublished":"2025-06-13T20:25:17+00:00","dateModified":"2025-06-13T20:25:21+00:00","author":{"@id":"https:\/\/quehacerpolitico.mx\/#\/schema\/person\/496d8ad2d1d3f8036101dca7ee39e585"},"breadcrumb":{"@id":"https:\/\/quehacerpolitico.mx\/?p=116860#breadcrumb"},"inLanguage":"es","potentialAction":[{"@type":"ReadAction","target":["https:\/\/quehacerpolitico.mx\/?p=116860"]}]},{"@type":"ImageObject","inLanguage":"es","@id":"https:\/\/quehacerpolitico.mx\/?p=116860#primaryimage","url":"https:\/\/quehacerpolitico.mx\/wp-content\/uploads\/2025\/06\/A44FC31F-42DE-4DFB-8EEE-A88B8BDD2D1A.jpeg","contentUrl":"https:\/\/quehacerpolitico.mx\/wp-content\/uploads\/2025\/06\/A44FC31F-42DE-4DFB-8EEE-A88B8BDD2D1A.jpeg","width":1218,"height":640},{"@type":"BreadcrumbList","@id":"https:\/\/quehacerpolitico.mx\/?p=116860#breadcrumb","itemListElement":[{"@type":"ListItem","position":1,"name":"Inicio","item":"https:\/\/quehacerpolitico.mx\/"},{"@type":"ListItem","position":2,"name":"El Quehacer Pol\u00edtico Internacional a trav\u00e9s de la opini\u00f3n\/\/\/Carolina Alonso Romei\/\/\/Iran ataca con misiles a Israel"}]},{"@type":"WebSite","@id":"https:\/\/quehacerpolitico.mx\/#website","url":"https:\/\/quehacerpolitico.mx\/","name":"","description":"","potentialAction":[{"@type":"SearchAction","target":{"@type":"EntryPoint","urlTemplate":"https:\/\/quehacerpolitico.mx\/?s={search_term_string}"},"query-input":{"@type":"PropertyValueSpecification","valueRequired":true,"valueName":"search_term_string"}}],"inLanguage":"es"},{"@type":"Person","@id":"https:\/\/quehacerpolitico.mx\/#\/schema\/person\/496d8ad2d1d3f8036101dca7ee39e585","name":"Redacci\u00f3n QP","image":{"@type":"ImageObject","inLanguage":"es","@id":"https:\/\/secure.gravatar.com\/avatar\/c7164ed6fdec453195284ad24a5ae5b6e1eed2b848477fa2a4787ba9adf39a41?s=96&d=mm&r=g","url":"https:\/\/secure.gravatar.com\/avatar\/c7164ed6fdec453195284ad24a5ae5b6e1eed2b848477fa2a4787ba9adf39a41?s=96&d=mm&r=g","contentUrl":"https:\/\/secure.gravatar.com\/avatar\/c7164ed6fdec453195284ad24a5ae5b6e1eed2b848477fa2a4787ba9adf39a41?s=96&d=mm&r=g","caption":"Redacci\u00f3n QP"},"url":"https:\/\/quehacerpolitico.mx\/?author=2"}]}},"featured_image_urls":{"full":["https:\/\/quehacerpolitico.mx\/wp-content\/uploads\/2025\/06\/A44FC31F-42DE-4DFB-8EEE-A88B8BDD2D1A.jpeg",1218,640,false],"thumbnail":["https:\/\/quehacerpolitico.mx\/wp-content\/uploads\/2025\/06\/A44FC31F-42DE-4DFB-8EEE-A88B8BDD2D1A-150x150.jpeg",150,150,true],"medium":["https:\/\/quehacerpolitico.mx\/wp-content\/uploads\/2025\/06\/A44FC31F-42DE-4DFB-8EEE-A88B8BDD2D1A-300x158.jpeg",300,158,true],"medium_large":["https:\/\/quehacerpolitico.mx\/wp-content\/uploads\/2025\/06\/A44FC31F-42DE-4DFB-8EEE-A88B8BDD2D1A-768x404.jpeg",640,337,true],"large":["https:\/\/quehacerpolitico.mx\/wp-content\/uploads\/2025\/06\/A44FC31F-42DE-4DFB-8EEE-A88B8BDD2D1A-1024x538.jpeg",640,336,true],"1536x1536":["https:\/\/quehacerpolitico.mx\/wp-content\/uploads\/2025\/06\/A44FC31F-42DE-4DFB-8EEE-A88B8BDD2D1A.jpeg",1218,640,false],"2048x2048":["https:\/\/quehacerpolitico.mx\/wp-content\/uploads\/2025\/06\/A44FC31F-42DE-4DFB-8EEE-A88B8BDD2D1A.jpeg",1218,640,false],"covernews-featured":["https:\/\/quehacerpolitico.mx\/wp-content\/uploads\/2025\/06\/A44FC31F-42DE-4DFB-8EEE-A88B8BDD2D1A-1024x538.jpeg",1024,538,true],"covernews-medium":["https:\/\/quehacerpolitico.mx\/wp-content\/uploads\/2025\/06\/A44FC31F-42DE-4DFB-8EEE-A88B8BDD2D1A-540x340.jpeg",540,340,true]},"author_info":{"display_name":"Redacci\u00f3n QP","author_link":"https:\/\/quehacerpolitico.mx\/?author=2"},"category_info":"<a href=\"https:\/\/quehacerpolitico.mx\/?cat=1\" rel=\"category\">Internacionales<\/a>","tag_info":"Internacionales","comment_count":"0","_links":{"self":[{"href":"https:\/\/quehacerpolitico.mx\/index.php?rest_route=\/wp\/v2\/posts\/116860","targetHints":{"allow":["GET"]}}],"collection":[{"href":"https:\/\/quehacerpolitico.mx\/index.php?rest_route=\/wp\/v2\/posts"}],"about":[{"href":"https:\/\/quehacerpolitico.mx\/index.php?rest_route=\/wp\/v2\/types\/post"}],"author":[{"embeddable":true,"href":"https:\/\/quehacerpolitico.mx\/index.php?rest_route=\/wp\/v2\/users\/2"}],"replies":[{"embeddable":true,"href":"https:\/\/quehacerpolitico.mx\/index.php?rest_route=%2Fwp%2Fv2%2Fcomments&post=116860"}],"version-history":[{"count":1,"href":"https:\/\/quehacerpolitico.mx\/index.php?rest_route=\/wp\/v2\/posts\/116860\/revisions"}],"predecessor-version":[{"id":116862,"href":"https:\/\/quehacerpolitico.mx\/index.php?rest_route=\/wp\/v2\/posts\/116860\/revisions\/116862"}],"wp:featuredmedia":[{"embeddable":true,"href":"https:\/\/quehacerpolitico.mx\/index.php?rest_route=\/wp\/v2\/media\/116861"}],"wp:attachment":[{"href":"https:\/\/quehacerpolitico.mx\/index.php?rest_route=%2Fwp%2Fv2%2Fmedia&parent=116860"}],"wp:term":[{"taxonomy":"category","embeddable":true,"href":"https:\/\/quehacerpolitico.mx\/index.php?rest_route=%2Fwp%2Fv2%2Fcategories&post=116860"},{"taxonomy":"post_tag","embeddable":true,"href":"https:\/\/quehacerpolitico.mx\/index.php?rest_route=%2Fwp%2Fv2%2Ftags&post=116860"}],"curies":[{"name":"wp","href":"https:\/\/api.w.org\/{rel}","templated":true}]}}