{"id":116857,"date":"2025-06-13T13:54:26","date_gmt":"2025-06-13T19:54:26","guid":{"rendered":"https:\/\/quehacerpolitico.mx\/?p=116857"},"modified":"2025-06-13T13:54:29","modified_gmt":"2025-06-13T19:54:29","slug":"que-pasa-si-el-sat-te-obliga-a-presentar-declaraciones-anuales","status":"publish","type":"post","link":"https:\/\/quehacerpolitico.mx\/?p=116857","title":{"rendered":"\u00bfQu\u00e9 pasa si el SAT te obliga a presentar declaraciones anuales?"},"content":{"rendered":"\n<p>Por Redacci\u00f3n QP<\/p>\n\n\n\n<p>El sistema del SAT cuenta con procesos automatizados que permiten detectar a personas f\u00edsicas y morales que no han cumplido con su Declaraci\u00f3n Anual en los \u00faltimos a\u00f1os<\/p>\n\n\n\n<p>En los \u00faltimos d\u00edas, numerosos usuarios han compartido en redes sociales que han recibido correos electr\u00f3nicos supuestamente enviados por el Servicio de Administraci\u00f3n Tributaria (SAT). En estos mensajes,&nbsp;<mark>se les solicita presentar declaraciones anuales correspondientes a ejercicios fiscales anteriores, lo que ha generado confusi\u00f3n y sospechas entre los contribuyentes.<\/mark><\/p>\n\n\n\n<p>Es importante se\u00f1alar que el SAT est\u00e1 legalmente autorizado para revisar declaraciones de\u00a0<strong>hasta cinco a\u00f1os atr\u00e1s,\u00a0<\/strong>por lo que no es inusual que pida\u00a0<mark>informaci\u00f3n de los ejercicios fiscales desde 2020 en adelante.<\/mark>Estas solicitudes pueden estar relacionadas con procesos de\u00a0<strong>control fiscal, auditor\u00edas diferidas o actualizaci\u00f3n de registros internos, seg\u00fan el marco normativo vigente.<\/strong><\/p>\n\n\n\n<p>El sistema del SAT cuenta con procesos automatizados que permiten detectar a&nbsp;<strong>personas f\u00edsicas y morales<\/strong>&nbsp;que no han cumplido con su Declaraci\u00f3n Anual en los \u00faltimos a\u00f1os. Cuando esto ocurre, el organismo puede&nbsp;<strong>emitir recordatorios o notificaciones formales<\/strong>&nbsp;para requerir el cumplimiento de esta obligaci\u00f3n.<\/p>\n\n\n\n<p>Ahora bien,\u00a0<mark>no todos los contribuyentes est\u00e1n obligados a presentar declaraci\u00f3n anual,<\/mark>\u00a0por lo que generalmente estos correos se dirigen a quienes se encuentran en alguna de las siguientes situaciones,\u00a0<strong>conforme al art\u00edculo 150 de la Ley del Impuesto sobre la Renta (ISR):<\/strong><\/p>\n\n\n\n<ul class=\"wp-block-list\">\n<li>Ingresos anuales superiores a 400 mil pesos.<\/li>\n\n\n\n<li>Haber trabajado con m\u00e1s de un empleador en el mismo a\u00f1o.<\/li>\n\n\n\n<li>Recibir ingresos por honorarios, arrendamiento o actividad empresarial.<\/li>\n<\/ul>\n\n\n\n<p>Ante la duda sobre la legitimidad de estos correos electr\u00f3nicos, se recomienda actuar con cautela y seguir algunas medidas b\u00e1sicas de protecci\u00f3n:<\/p>\n\n\n\n<ul class=\"wp-block-list\">\n<li>Evita hacer clic en enlaces desconocidos o sospechosos.<\/li>\n\n\n\n<li>No proporciones datos personales o bancarios. Si ya lo hiciste, cambia tus contrase\u00f1as de inmediato.<\/li>\n\n\n\n<li>Si descargaste alg\u00fan archivo o ejecutaste un enlace dudoso, analiza tu dispositivo para prevenir el robo de informaci\u00f3n.<\/li>\n\n\n\n<li>Elimina de inmediato cualquier mensaje sospechoso que no provenga de un canal oficial.<\/li>\n<\/ul>\n\n\n\n<p>Para verificar si un correo proviene realmente del SAT,\u00a0<mark>existe un sitio donde puedes introducir la direcci\u00f3n del remitente y confirmar si pertenece a un dominio oficial o si se trata de una posible estafa.<\/mark>\u00a0Esto ayuda a prevenir fraudes y proteger tu informaci\u00f3n fiscal.<\/p>\n\n\n\n<p>En resumen, aunque estos mensajes pueden parecer alarmantes,<mark>&nbsp;el SAT s\u00ed tiene la facultad legal de requerir declaraciones omitidas de a\u00f1os anteriores,<\/mark>&nbsp;y su sistema puede identificar a los contribuyentes incumplidos. No obstante, ante la posibilidad de fraude, siempre es recomendable verificar la fuente antes de proporcionar cualquier tipo de dato.<\/p>\n","protected":false},"excerpt":{"rendered":"<p>Por Redacci\u00f3n QP El sistema del SAT cuenta con procesos automatizados que permiten detectar a&#8230;<\/p>\n","protected":false},"author":2,"featured_media":116858,"comment_status":"open","ping_status":"open","sticky":false,"template":"","format":"standard","meta":{"_monsterinsights_skip_tracking":false,"_monsterinsights_sitenote_active":false,"_monsterinsights_sitenote_note":"","_monsterinsights_sitenote_category":0,"footnotes":""},"categories":[56],"tags":[],"class_list":["post-116857","post","type-post","status-publish","format-standard","has-post-thumbnail","hentry","category-economia"],"yoast_head":"<!-- This site is optimized with the Yoast SEO plugin v27.3 - https:\/\/yoast.com\/product\/yoast-seo-wordpress\/ -->\n<title>\u00bfQu\u00e9 pasa si el SAT te obliga a presentar declaraciones anuales? -<\/title>\n<meta name=\"robots\" content=\"index, follow, max-snippet:-1, max-image-preview:large, max-video-preview:-1\" \/>\n<link rel=\"canonical\" href=\"https:\/\/quehacerpolitico.mx\/?p=116857\" \/>\n<meta property=\"og:locale\" content=\"es_MX\" \/>\n<meta property=\"og:type\" content=\"article\" \/>\n<meta property=\"og:title\" content=\"\u00bfQu\u00e9 pasa si el SAT te obliga a presentar declaraciones anuales? -\" \/>\n<meta property=\"og:description\" content=\"Por Redacci\u00f3n QP El sistema del SAT cuenta con procesos automatizados que permiten detectar a...\" \/>\n<meta property=\"og:url\" content=\"https:\/\/quehacerpolitico.mx\/?p=116857\" \/>\n<meta property=\"article:published_time\" content=\"2025-06-13T19:54:26+00:00\" \/>\n<meta property=\"article:modified_time\" content=\"2025-06-13T19:54:29+00:00\" \/>\n<meta property=\"og:image\" content=\"https:\/\/quehacerpolitico.mx\/wp-content\/uploads\/2025\/06\/IMG_0709.jpeg\" \/>\n\t<meta property=\"og:image:width\" content=\"739\" \/>\n\t<meta property=\"og:image:height\" content=\"415\" \/>\n\t<meta property=\"og:image:type\" content=\"image\/jpeg\" \/>\n<meta name=\"author\" content=\"Redacci\u00f3n QP\" \/>\n<meta name=\"twitter:card\" content=\"summary_large_image\" \/>\n<meta name=\"twitter:label1\" content=\"Escrito por\" \/>\n\t<meta name=\"twitter:data1\" content=\"Redacci\u00f3n QP\" \/>\n\t<meta name=\"twitter:label2\" content=\"Tiempo de lectura\" \/>\n\t<meta name=\"twitter:data2\" content=\"2 minutos\" \/>\n<script type=\"application\/ld+json\" class=\"yoast-schema-graph\">{\"@context\":\"https:\\\/\\\/schema.org\",\"@graph\":[{\"@type\":\"Article\",\"@id\":\"https:\\\/\\\/quehacerpolitico.mx\\\/?p=116857#article\",\"isPartOf\":{\"@id\":\"https:\\\/\\\/quehacerpolitico.mx\\\/?p=116857\"},\"author\":{\"name\":\"Redacci\u00f3n QP\",\"@id\":\"https:\\\/\\\/quehacerpolitico.mx\\\/#\\\/schema\\\/person\\\/496d8ad2d1d3f8036101dca7ee39e585\"},\"headline\":\"\u00bfQu\u00e9 pasa si el SAT te obliga a presentar declaraciones anuales?\",\"datePublished\":\"2025-06-13T19:54:26+00:00\",\"dateModified\":\"2025-06-13T19:54:29+00:00\",\"mainEntityOfPage\":{\"@id\":\"https:\\\/\\\/quehacerpolitico.mx\\\/?p=116857\"},\"wordCount\":471,\"commentCount\":0,\"image\":{\"@id\":\"https:\\\/\\\/quehacerpolitico.mx\\\/?p=116857#primaryimage\"},\"thumbnailUrl\":\"https:\\\/\\\/quehacerpolitico.mx\\\/wp-content\\\/uploads\\\/2025\\\/06\\\/IMG_0709.jpeg\",\"articleSection\":[\"Econom\u00eda\"],\"inLanguage\":\"es\",\"potentialAction\":[{\"@type\":\"CommentAction\",\"name\":\"Comment\",\"target\":[\"https:\\\/\\\/quehacerpolitico.mx\\\/?p=116857#respond\"]}]},{\"@type\":\"WebPage\",\"@id\":\"https:\\\/\\\/quehacerpolitico.mx\\\/?p=116857\",\"url\":\"https:\\\/\\\/quehacerpolitico.mx\\\/?p=116857\",\"name\":\"\u00bfQu\u00e9 pasa si el SAT te obliga a presentar declaraciones anuales? -\",\"isPartOf\":{\"@id\":\"https:\\\/\\\/quehacerpolitico.mx\\\/#website\"},\"primaryImageOfPage\":{\"@id\":\"https:\\\/\\\/quehacerpolitico.mx\\\/?p=116857#primaryimage\"},\"image\":{\"@id\":\"https:\\\/\\\/quehacerpolitico.mx\\\/?p=116857#primaryimage\"},\"thumbnailUrl\":\"https:\\\/\\\/quehacerpolitico.mx\\\/wp-content\\\/uploads\\\/2025\\\/06\\\/IMG_0709.jpeg\",\"datePublished\":\"2025-06-13T19:54:26+00:00\",\"dateModified\":\"2025-06-13T19:54:29+00:00\",\"author\":{\"@id\":\"https:\\\/\\\/quehacerpolitico.mx\\\/#\\\/schema\\\/person\\\/496d8ad2d1d3f8036101dca7ee39e585\"},\"breadcrumb\":{\"@id\":\"https:\\\/\\\/quehacerpolitico.mx\\\/?p=116857#breadcrumb\"},\"inLanguage\":\"es\",\"potentialAction\":[{\"@type\":\"ReadAction\",\"target\":[\"https:\\\/\\\/quehacerpolitico.mx\\\/?p=116857\"]}]},{\"@type\":\"ImageObject\",\"inLanguage\":\"es\",\"@id\":\"https:\\\/\\\/quehacerpolitico.mx\\\/?p=116857#primaryimage\",\"url\":\"https:\\\/\\\/quehacerpolitico.mx\\\/wp-content\\\/uploads\\\/2025\\\/06\\\/IMG_0709.jpeg\",\"contentUrl\":\"https:\\\/\\\/quehacerpolitico.mx\\\/wp-content\\\/uploads\\\/2025\\\/06\\\/IMG_0709.jpeg\",\"width\":739,\"height\":415},{\"@type\":\"BreadcrumbList\",\"@id\":\"https:\\\/\\\/quehacerpolitico.mx\\\/?p=116857#breadcrumb\",\"itemListElement\":[{\"@type\":\"ListItem\",\"position\":1,\"name\":\"Inicio\",\"item\":\"https:\\\/\\\/quehacerpolitico.mx\\\/\"},{\"@type\":\"ListItem\",\"position\":2,\"name\":\"\u00bfQu\u00e9 pasa si el SAT te obliga a presentar declaraciones anuales?\"}]},{\"@type\":\"WebSite\",\"@id\":\"https:\\\/\\\/quehacerpolitico.mx\\\/#website\",\"url\":\"https:\\\/\\\/quehacerpolitico.mx\\\/\",\"name\":\"\",\"description\":\"\",\"potentialAction\":[{\"@type\":\"SearchAction\",\"target\":{\"@type\":\"EntryPoint\",\"urlTemplate\":\"https:\\\/\\\/quehacerpolitico.mx\\\/?s={search_term_string}\"},\"query-input\":{\"@type\":\"PropertyValueSpecification\",\"valueRequired\":true,\"valueName\":\"search_term_string\"}}],\"inLanguage\":\"es\"},{\"@type\":\"Person\",\"@id\":\"https:\\\/\\\/quehacerpolitico.mx\\\/#\\\/schema\\\/person\\\/496d8ad2d1d3f8036101dca7ee39e585\",\"name\":\"Redacci\u00f3n QP\",\"image\":{\"@type\":\"ImageObject\",\"inLanguage\":\"es\",\"@id\":\"https:\\\/\\\/secure.gravatar.com\\\/avatar\\\/c7164ed6fdec453195284ad24a5ae5b6e1eed2b848477fa2a4787ba9adf39a41?s=96&d=mm&r=g\",\"url\":\"https:\\\/\\\/secure.gravatar.com\\\/avatar\\\/c7164ed6fdec453195284ad24a5ae5b6e1eed2b848477fa2a4787ba9adf39a41?s=96&d=mm&r=g\",\"contentUrl\":\"https:\\\/\\\/secure.gravatar.com\\\/avatar\\\/c7164ed6fdec453195284ad24a5ae5b6e1eed2b848477fa2a4787ba9adf39a41?s=96&d=mm&r=g\",\"caption\":\"Redacci\u00f3n QP\"},\"url\":\"https:\\\/\\\/quehacerpolitico.mx\\\/?author=2\"}]}<\/script>\n<!-- \/ Yoast SEO plugin. -->","yoast_head_json":{"title":"\u00bfQu\u00e9 pasa si el SAT te obliga a presentar declaraciones anuales? -","robots":{"index":"index","follow":"follow","max-snippet":"max-snippet:-1","max-image-preview":"max-image-preview:large","max-video-preview":"max-video-preview:-1"},"canonical":"https:\/\/quehacerpolitico.mx\/?p=116857","og_locale":"es_MX","og_type":"article","og_title":"\u00bfQu\u00e9 pasa si el SAT te obliga a presentar declaraciones anuales? -","og_description":"Por Redacci\u00f3n QP El sistema del SAT cuenta con procesos automatizados que permiten detectar a...","og_url":"https:\/\/quehacerpolitico.mx\/?p=116857","article_published_time":"2025-06-13T19:54:26+00:00","article_modified_time":"2025-06-13T19:54:29+00:00","og_image":[{"width":739,"height":415,"url":"https:\/\/quehacerpolitico.mx\/wp-content\/uploads\/2025\/06\/IMG_0709.jpeg","type":"image\/jpeg"}],"author":"Redacci\u00f3n QP","twitter_card":"summary_large_image","twitter_misc":{"Escrito por":"Redacci\u00f3n QP","Tiempo de lectura":"2 minutos"},"schema":{"@context":"https:\/\/schema.org","@graph":[{"@type":"Article","@id":"https:\/\/quehacerpolitico.mx\/?p=116857#article","isPartOf":{"@id":"https:\/\/quehacerpolitico.mx\/?p=116857"},"author":{"name":"Redacci\u00f3n QP","@id":"https:\/\/quehacerpolitico.mx\/#\/schema\/person\/496d8ad2d1d3f8036101dca7ee39e585"},"headline":"\u00bfQu\u00e9 pasa si el SAT te obliga a presentar declaraciones anuales?","datePublished":"2025-06-13T19:54:26+00:00","dateModified":"2025-06-13T19:54:29+00:00","mainEntityOfPage":{"@id":"https:\/\/quehacerpolitico.mx\/?p=116857"},"wordCount":471,"commentCount":0,"image":{"@id":"https:\/\/quehacerpolitico.mx\/?p=116857#primaryimage"},"thumbnailUrl":"https:\/\/quehacerpolitico.mx\/wp-content\/uploads\/2025\/06\/IMG_0709.jpeg","articleSection":["Econom\u00eda"],"inLanguage":"es","potentialAction":[{"@type":"CommentAction","name":"Comment","target":["https:\/\/quehacerpolitico.mx\/?p=116857#respond"]}]},{"@type":"WebPage","@id":"https:\/\/quehacerpolitico.mx\/?p=116857","url":"https:\/\/quehacerpolitico.mx\/?p=116857","name":"\u00bfQu\u00e9 pasa si el SAT te obliga a presentar declaraciones anuales? -","isPartOf":{"@id":"https:\/\/quehacerpolitico.mx\/#website"},"primaryImageOfPage":{"@id":"https:\/\/quehacerpolitico.mx\/?p=116857#primaryimage"},"image":{"@id":"https:\/\/quehacerpolitico.mx\/?p=116857#primaryimage"},"thumbnailUrl":"https:\/\/quehacerpolitico.mx\/wp-content\/uploads\/2025\/06\/IMG_0709.jpeg","datePublished":"2025-06-13T19:54:26+00:00","dateModified":"2025-06-13T19:54:29+00:00","author":{"@id":"https:\/\/quehacerpolitico.mx\/#\/schema\/person\/496d8ad2d1d3f8036101dca7ee39e585"},"breadcrumb":{"@id":"https:\/\/quehacerpolitico.mx\/?p=116857#breadcrumb"},"inLanguage":"es","potentialAction":[{"@type":"ReadAction","target":["https:\/\/quehacerpolitico.mx\/?p=116857"]}]},{"@type":"ImageObject","inLanguage":"es","@id":"https:\/\/quehacerpolitico.mx\/?p=116857#primaryimage","url":"https:\/\/quehacerpolitico.mx\/wp-content\/uploads\/2025\/06\/IMG_0709.jpeg","contentUrl":"https:\/\/quehacerpolitico.mx\/wp-content\/uploads\/2025\/06\/IMG_0709.jpeg","width":739,"height":415},{"@type":"BreadcrumbList","@id":"https:\/\/quehacerpolitico.mx\/?p=116857#breadcrumb","itemListElement":[{"@type":"ListItem","position":1,"name":"Inicio","item":"https:\/\/quehacerpolitico.mx\/"},{"@type":"ListItem","position":2,"name":"\u00bfQu\u00e9 pasa si el SAT te obliga a presentar declaraciones anuales?"}]},{"@type":"WebSite","@id":"https:\/\/quehacerpolitico.mx\/#website","url":"https:\/\/quehacerpolitico.mx\/","name":"","description":"","potentialAction":[{"@type":"SearchAction","target":{"@type":"EntryPoint","urlTemplate":"https:\/\/quehacerpolitico.mx\/?s={search_term_string}"},"query-input":{"@type":"PropertyValueSpecification","valueRequired":true,"valueName":"search_term_string"}}],"inLanguage":"es"},{"@type":"Person","@id":"https:\/\/quehacerpolitico.mx\/#\/schema\/person\/496d8ad2d1d3f8036101dca7ee39e585","name":"Redacci\u00f3n QP","image":{"@type":"ImageObject","inLanguage":"es","@id":"https:\/\/secure.gravatar.com\/avatar\/c7164ed6fdec453195284ad24a5ae5b6e1eed2b848477fa2a4787ba9adf39a41?s=96&d=mm&r=g","url":"https:\/\/secure.gravatar.com\/avatar\/c7164ed6fdec453195284ad24a5ae5b6e1eed2b848477fa2a4787ba9adf39a41?s=96&d=mm&r=g","contentUrl":"https:\/\/secure.gravatar.com\/avatar\/c7164ed6fdec453195284ad24a5ae5b6e1eed2b848477fa2a4787ba9adf39a41?s=96&d=mm&r=g","caption":"Redacci\u00f3n QP"},"url":"https:\/\/quehacerpolitico.mx\/?author=2"}]}},"featured_image_urls":{"full":["https:\/\/quehacerpolitico.mx\/wp-content\/uploads\/2025\/06\/IMG_0709.jpeg",739,415,false],"thumbnail":["https:\/\/quehacerpolitico.mx\/wp-content\/uploads\/2025\/06\/IMG_0709-150x150.jpeg",150,150,true],"medium":["https:\/\/quehacerpolitico.mx\/wp-content\/uploads\/2025\/06\/IMG_0709-300x168.jpeg",300,168,true],"medium_large":["https:\/\/quehacerpolitico.mx\/wp-content\/uploads\/2025\/06\/IMG_0709.jpeg",640,359,false],"large":["https:\/\/quehacerpolitico.mx\/wp-content\/uploads\/2025\/06\/IMG_0709.jpeg",640,359,false],"1536x1536":["https:\/\/quehacerpolitico.mx\/wp-content\/uploads\/2025\/06\/IMG_0709.jpeg",739,415,false],"2048x2048":["https:\/\/quehacerpolitico.mx\/wp-content\/uploads\/2025\/06\/IMG_0709.jpeg",739,415,false],"covernews-featured":["https:\/\/quehacerpolitico.mx\/wp-content\/uploads\/2025\/06\/IMG_0709.jpeg",739,415,false],"covernews-medium":["https:\/\/quehacerpolitico.mx\/wp-content\/uploads\/2025\/06\/IMG_0709-540x340.jpeg",540,340,true]},"author_info":{"display_name":"Redacci\u00f3n QP","author_link":"https:\/\/quehacerpolitico.mx\/?author=2"},"category_info":"<a href=\"https:\/\/quehacerpolitico.mx\/?cat=56\" rel=\"category\">Econom\u00eda<\/a>","tag_info":"Econom\u00eda","comment_count":"0","_links":{"self":[{"href":"https:\/\/quehacerpolitico.mx\/index.php?rest_route=\/wp\/v2\/posts\/116857","targetHints":{"allow":["GET"]}}],"collection":[{"href":"https:\/\/quehacerpolitico.mx\/index.php?rest_route=\/wp\/v2\/posts"}],"about":[{"href":"https:\/\/quehacerpolitico.mx\/index.php?rest_route=\/wp\/v2\/types\/post"}],"author":[{"embeddable":true,"href":"https:\/\/quehacerpolitico.mx\/index.php?rest_route=\/wp\/v2\/users\/2"}],"replies":[{"embeddable":true,"href":"https:\/\/quehacerpolitico.mx\/index.php?rest_route=%2Fwp%2Fv2%2Fcomments&post=116857"}],"version-history":[{"count":1,"href":"https:\/\/quehacerpolitico.mx\/index.php?rest_route=\/wp\/v2\/posts\/116857\/revisions"}],"predecessor-version":[{"id":116859,"href":"https:\/\/quehacerpolitico.mx\/index.php?rest_route=\/wp\/v2\/posts\/116857\/revisions\/116859"}],"wp:featuredmedia":[{"embeddable":true,"href":"https:\/\/quehacerpolitico.mx\/index.php?rest_route=\/wp\/v2\/media\/116858"}],"wp:attachment":[{"href":"https:\/\/quehacerpolitico.mx\/index.php?rest_route=%2Fwp%2Fv2%2Fmedia&parent=116857"}],"wp:term":[{"taxonomy":"category","embeddable":true,"href":"https:\/\/quehacerpolitico.mx\/index.php?rest_route=%2Fwp%2Fv2%2Fcategories&post=116857"},{"taxonomy":"post_tag","embeddable":true,"href":"https:\/\/quehacerpolitico.mx\/index.php?rest_route=%2Fwp%2Fv2%2Ftags&post=116857"}],"curies":[{"name":"wp","href":"https:\/\/api.w.org\/{rel}","templated":true}]}}