{"id":116849,"date":"2025-06-13T13:15:01","date_gmt":"2025-06-13T19:15:01","guid":{"rendered":"https:\/\/quehacerpolitico.mx\/?p=116849"},"modified":"2025-06-13T13:25:12","modified_gmt":"2025-06-13T19:25:12","slug":"sheinbaum-hace-esta-peticion-tras-pleito-de-landau-con-morenista","status":"publish","type":"post","link":"https:\/\/quehacerpolitico.mx\/?p=116849","title":{"rendered":"Sheinbaum hace ESTA petici\u00f3n tras pleito de Landau con morenista"},"content":{"rendered":"\n<p>Por Redacci\u00f3n QP<\/p>\n\n\n\n<p>El d\u00eda de ayer, Christopher Landau orden\u00f3 cancelar la visa de Melissa Cornejo, consejera estatal de Morena en el estado de Jalisco<\/p>\n\n\n\n<p>Durante su conferencia matutina de este viernes, la Presidenta de M\u00e9xico, Claudia Sheinbaum Pardo, hizo referencia al conflicto en redes sociales donde estuvieron involucrados Melissa Cornejo, consejera estatal de Morena en el estado de Jalisco, y el subsecretario de Estado de EU, Christopher Landau, sin mencionar sus nombres.<\/p>\n\n\n\n<p>Por el suceso, la Mandataria llam\u00f3 a los militantes de&nbsp;<strong>Movimiento de Regeneraci\u00f3n Nacional<\/strong>&nbsp;(<strong>Morena<\/strong>), partido al que pertenece, a dejar de hacer pol\u00edtica en redes sociales:<\/p>\n\n\n\n<p><mark><strong>\u201cYo creo que hay que dejar de hacer pol\u00edtica en la red X. Est\u00e1 bien que se manifiesten las opiniones, pero hay que ir con la gente. Las redes sociales son una parte. Lo importante es el contacto con la gente, el trabajo en el territorio abierto\u201d<\/strong><\/mark>, dijo.<\/p>\n\n\n\n<figure class=\"wp-block-embed is-type-rich is-provider-twitter wp-block-embed-twitter\"><div class=\"wp-block-embed__wrapper\">\n<blockquote class=\"twitter-tweet\" data-width=\"550\" data-dnt=\"true\"><p lang=\"es\" dir=\"ltr\">\u201cHay que dejar de hacer pol\u00edtica en redes\u201d, pide <a href=\"https:\/\/twitter.com\/Claudiashein?ref_src=twsrc%5Etfw\">@Claudiashein<\/a> tras tuits de consejera de Morena, Melissa Cornejo contra gobierno del Trump (que luego borr\u00f3)<br><br>Jal\u00f3n de orejas a quienes viven de hacer grilla en X, empezando por Jes\u00fas Ram\u00edrez y sus granjas de bots. <a href=\"https:\/\/t.co\/eLTFTSE2XL\">pic.twitter.com\/eLTFTSE2XL<\/a><\/p>&mdash; Manuel Lopez San Martin (@MLopezSanMartin) <a href=\"https:\/\/twitter.com\/MLopezSanMartin\/status\/1933539560996118529?ref_src=twsrc%5Etfw\">June 13, 2025<\/a><\/blockquote><script async src=\"https:\/\/platform.twitter.com\/widgets.js\" charset=\"utf-8\"><\/script>\n<\/div><\/figure>\n\n\n\n<p>La petici\u00f3n de la Gobernante Mexicana se da luego de que se conociese que Landau orden\u00f3 cancelar la visa de Melissa Cornejo, consejera estatal de Morena en el estado de Jalisco, quien de forma soez expres\u00f3 su inconformidad por la decisi\u00f3n de Estados Unidos de cancelar visas a quienes difundieran en redes sociales contenido a favor de las protestas de migrantes que se han dado en los \u00faltimos d\u00edas en Los \u00c1ngeles, California.<\/p>\n\n\n\n<p><strong>&#8220;Van a quitar visas a quienes compart (&#8230;) Viva la raza y m\u00e9tanse mi visa por el c***&#8221;<\/strong>, apunt\u00f3 Cornejo en su mensaje que acompa\u00f1\u00f3 de una fotograf\u00eda viral en la que un hombre ondea la bandera mexicana frente a un coche en llamas.<\/p>\n\n\n\n<p>De manera sorpresiva, Landau respondi\u00f3 a la publicaci\u00f3n de Cornejo tambi\u00e9n en las redes sociales.<\/p>\n\n\n\n<p><mark><strong>&#8220;Yo ah\u00ed no puedo meter tu visa, pero s\u00ed te puedo informar que personalmente di orden de cancelarla despu\u00e9s de ver este vulgar posteo. Y no te ha de sorprender lo que me contestaron: que ni siquiera tienes visa v\u00e1lida para cancelar. Que f\u00e1cil hablar de tu desprecio hacia &#8216;mi visa&#8217; en redes sociales cuando no la tienes&#8221;<\/strong><\/mark>, a\u00f1adi\u00f3.<\/p>\n\n\n\n<p>&#8220;Los que glorifican la violencia y el desaf\u00edo a las leg\u00edtimas autoridades y al orden p\u00fablico (\u201cFU** ICE\u201d) de ninguna manera son bienvenidos en nuestro pa\u00eds&#8221;, agreg\u00f3 Landau.<\/p>\n\n\n\n<p>Al respecto, Sheinbaum se\u00f1al\u00f3 que su movimiento pol\u00edtico no puede \u201cnunca\u201d estar de acuerdo con acciones violentas y reiter\u00f3 su llamado a que quien se manifieste lo haga pac\u00edficamente.<\/p>\n\n\n\n<p>\u201cNo podemos estar de acuerdo. Nuestro movimiento siempre ha sido pac\u00edfico y hay que promover siempre la paz\u201d, se\u00f1al\u00f3.<\/p>\n\n\n\n<p>La tensi\u00f3n bilateral ha crecido en los \u00faltimos d\u00edas debido a los recientes se\u00f1alamientos de la secretaria de Seguridad Nacional estadounidense, Kristi Noem, quien acus\u00f3 a Sheinbaum de incitar las protestas en Los \u00c1ngeles, algo rechazado como &#8220;absolutamente&#8221; falso por la mandataria mexicana.<\/p>\n\n\n\n<p>Con informaci\u00f3n de EFE<\/p>\n","protected":false},"excerpt":{"rendered":"<p>Por Redacci\u00f3n QP El d\u00eda de ayer, Christopher Landau orden\u00f3 cancelar la visa de Melissa&#8230;<\/p>\n","protected":false},"author":2,"featured_media":116852,"comment_status":"open","ping_status":"open","sticky":false,"template":"","format":"standard","meta":{"_monsterinsights_skip_tracking":false,"_monsterinsights_sitenote_active":false,"_monsterinsights_sitenote_note":"","_monsterinsights_sitenote_category":0,"footnotes":""},"categories":[280,2],"tags":[],"class_list":["post-116849","post","type-post","status-publish","format-standard","has-post-thumbnail","hentry","category-nacionales","category-noticias"],"yoast_head":"<!-- This site is optimized with the Yoast SEO plugin v27.3 - https:\/\/yoast.com\/product\/yoast-seo-wordpress\/ -->\n<title>Sheinbaum hace ESTA petici\u00f3n tras pleito de Landau con morenista -<\/title>\n<meta name=\"robots\" content=\"index, follow, max-snippet:-1, max-image-preview:large, max-video-preview:-1\" \/>\n<link rel=\"canonical\" href=\"https:\/\/quehacerpolitico.mx\/?p=116849\" \/>\n<meta property=\"og:locale\" content=\"es_MX\" \/>\n<meta property=\"og:type\" content=\"article\" \/>\n<meta property=\"og:title\" content=\"Sheinbaum hace ESTA petici\u00f3n tras pleito de Landau con morenista -\" \/>\n<meta property=\"og:description\" content=\"Por Redacci\u00f3n QP El d\u00eda de ayer, Christopher Landau orden\u00f3 cancelar la visa de Melissa...\" \/>\n<meta property=\"og:url\" content=\"https:\/\/quehacerpolitico.mx\/?p=116849\" \/>\n<meta property=\"article:published_time\" content=\"2025-06-13T19:15:01+00:00\" \/>\n<meta property=\"article:modified_time\" content=\"2025-06-13T19:25:12+00:00\" \/>\n<meta property=\"og:image\" content=\"https:\/\/quehacerpolitico.mx\/wp-content\/uploads\/2025\/06\/IMG_0704-1.jpeg\" \/>\n\t<meta property=\"og:image:width\" content=\"1170\" \/>\n\t<meta property=\"og:image:height\" content=\"648\" \/>\n\t<meta property=\"og:image:type\" content=\"image\/jpeg\" \/>\n<meta name=\"author\" content=\"Redacci\u00f3n QP\" \/>\n<meta name=\"twitter:card\" content=\"summary_large_image\" \/>\n<meta name=\"twitter:label1\" content=\"Escrito por\" \/>\n\t<meta name=\"twitter:data1\" content=\"Redacci\u00f3n QP\" \/>\n\t<meta name=\"twitter:label2\" content=\"Tiempo de lectura\" \/>\n\t<meta name=\"twitter:data2\" content=\"2 minutos\" \/>\n<script type=\"application\/ld+json\" class=\"yoast-schema-graph\">{\"@context\":\"https:\\\/\\\/schema.org\",\"@graph\":[{\"@type\":\"Article\",\"@id\":\"https:\\\/\\\/quehacerpolitico.mx\\\/?p=116849#article\",\"isPartOf\":{\"@id\":\"https:\\\/\\\/quehacerpolitico.mx\\\/?p=116849\"},\"author\":{\"name\":\"Redacci\u00f3n QP\",\"@id\":\"https:\\\/\\\/quehacerpolitico.mx\\\/#\\\/schema\\\/person\\\/496d8ad2d1d3f8036101dca7ee39e585\"},\"headline\":\"Sheinbaum hace ESTA petici\u00f3n tras pleito de Landau con morenista\",\"datePublished\":\"2025-06-13T19:15:01+00:00\",\"dateModified\":\"2025-06-13T19:25:12+00:00\",\"mainEntityOfPage\":{\"@id\":\"https:\\\/\\\/quehacerpolitico.mx\\\/?p=116849\"},\"wordCount\":510,\"commentCount\":0,\"image\":{\"@id\":\"https:\\\/\\\/quehacerpolitico.mx\\\/?p=116849#primaryimage\"},\"thumbnailUrl\":\"https:\\\/\\\/quehacerpolitico.mx\\\/wp-content\\\/uploads\\\/2025\\\/06\\\/IMG_0704-1.jpeg\",\"articleSection\":[\"Nacionales\",\"Noticias\"],\"inLanguage\":\"es\",\"potentialAction\":[{\"@type\":\"CommentAction\",\"name\":\"Comment\",\"target\":[\"https:\\\/\\\/quehacerpolitico.mx\\\/?p=116849#respond\"]}]},{\"@type\":\"WebPage\",\"@id\":\"https:\\\/\\\/quehacerpolitico.mx\\\/?p=116849\",\"url\":\"https:\\\/\\\/quehacerpolitico.mx\\\/?p=116849\",\"name\":\"Sheinbaum hace ESTA petici\u00f3n tras pleito de Landau con morenista -\",\"isPartOf\":{\"@id\":\"https:\\\/\\\/quehacerpolitico.mx\\\/#website\"},\"primaryImageOfPage\":{\"@id\":\"https:\\\/\\\/quehacerpolitico.mx\\\/?p=116849#primaryimage\"},\"image\":{\"@id\":\"https:\\\/\\\/quehacerpolitico.mx\\\/?p=116849#primaryimage\"},\"thumbnailUrl\":\"https:\\\/\\\/quehacerpolitico.mx\\\/wp-content\\\/uploads\\\/2025\\\/06\\\/IMG_0704-1.jpeg\",\"datePublished\":\"2025-06-13T19:15:01+00:00\",\"dateModified\":\"2025-06-13T19:25:12+00:00\",\"author\":{\"@id\":\"https:\\\/\\\/quehacerpolitico.mx\\\/#\\\/schema\\\/person\\\/496d8ad2d1d3f8036101dca7ee39e585\"},\"breadcrumb\":{\"@id\":\"https:\\\/\\\/quehacerpolitico.mx\\\/?p=116849#breadcrumb\"},\"inLanguage\":\"es\",\"potentialAction\":[{\"@type\":\"ReadAction\",\"target\":[\"https:\\\/\\\/quehacerpolitico.mx\\\/?p=116849\"]}]},{\"@type\":\"ImageObject\",\"inLanguage\":\"es\",\"@id\":\"https:\\\/\\\/quehacerpolitico.mx\\\/?p=116849#primaryimage\",\"url\":\"https:\\\/\\\/quehacerpolitico.mx\\\/wp-content\\\/uploads\\\/2025\\\/06\\\/IMG_0704-1.jpeg\",\"contentUrl\":\"https:\\\/\\\/quehacerpolitico.mx\\\/wp-content\\\/uploads\\\/2025\\\/06\\\/IMG_0704-1.jpeg\",\"width\":1170,\"height\":648,\"caption\":\"Screenshot\"},{\"@type\":\"BreadcrumbList\",\"@id\":\"https:\\\/\\\/quehacerpolitico.mx\\\/?p=116849#breadcrumb\",\"itemListElement\":[{\"@type\":\"ListItem\",\"position\":1,\"name\":\"Inicio\",\"item\":\"https:\\\/\\\/quehacerpolitico.mx\\\/\"},{\"@type\":\"ListItem\",\"position\":2,\"name\":\"Sheinbaum hace ESTA petici\u00f3n tras pleito de Landau con morenista\"}]},{\"@type\":\"WebSite\",\"@id\":\"https:\\\/\\\/quehacerpolitico.mx\\\/#website\",\"url\":\"https:\\\/\\\/quehacerpolitico.mx\\\/\",\"name\":\"\",\"description\":\"\",\"potentialAction\":[{\"@type\":\"SearchAction\",\"target\":{\"@type\":\"EntryPoint\",\"urlTemplate\":\"https:\\\/\\\/quehacerpolitico.mx\\\/?s={search_term_string}\"},\"query-input\":{\"@type\":\"PropertyValueSpecification\",\"valueRequired\":true,\"valueName\":\"search_term_string\"}}],\"inLanguage\":\"es\"},{\"@type\":\"Person\",\"@id\":\"https:\\\/\\\/quehacerpolitico.mx\\\/#\\\/schema\\\/person\\\/496d8ad2d1d3f8036101dca7ee39e585\",\"name\":\"Redacci\u00f3n QP\",\"image\":{\"@type\":\"ImageObject\",\"inLanguage\":\"es\",\"@id\":\"https:\\\/\\\/secure.gravatar.com\\\/avatar\\\/c7164ed6fdec453195284ad24a5ae5b6e1eed2b848477fa2a4787ba9adf39a41?s=96&d=mm&r=g\",\"url\":\"https:\\\/\\\/secure.gravatar.com\\\/avatar\\\/c7164ed6fdec453195284ad24a5ae5b6e1eed2b848477fa2a4787ba9adf39a41?s=96&d=mm&r=g\",\"contentUrl\":\"https:\\\/\\\/secure.gravatar.com\\\/avatar\\\/c7164ed6fdec453195284ad24a5ae5b6e1eed2b848477fa2a4787ba9adf39a41?s=96&d=mm&r=g\",\"caption\":\"Redacci\u00f3n QP\"},\"url\":\"https:\\\/\\\/quehacerpolitico.mx\\\/?author=2\"}]}<\/script>\n<!-- \/ Yoast SEO plugin. -->","yoast_head_json":{"title":"Sheinbaum hace ESTA petici\u00f3n tras pleito de Landau con morenista -","robots":{"index":"index","follow":"follow","max-snippet":"max-snippet:-1","max-image-preview":"max-image-preview:large","max-video-preview":"max-video-preview:-1"},"canonical":"https:\/\/quehacerpolitico.mx\/?p=116849","og_locale":"es_MX","og_type":"article","og_title":"Sheinbaum hace ESTA petici\u00f3n tras pleito de Landau con morenista -","og_description":"Por Redacci\u00f3n QP El d\u00eda de ayer, Christopher Landau orden\u00f3 cancelar la visa de Melissa...","og_url":"https:\/\/quehacerpolitico.mx\/?p=116849","article_published_time":"2025-06-13T19:15:01+00:00","article_modified_time":"2025-06-13T19:25:12+00:00","og_image":[{"width":1170,"height":648,"url":"https:\/\/quehacerpolitico.mx\/wp-content\/uploads\/2025\/06\/IMG_0704-1.jpeg","type":"image\/jpeg"}],"author":"Redacci\u00f3n QP","twitter_card":"summary_large_image","twitter_misc":{"Escrito por":"Redacci\u00f3n QP","Tiempo de lectura":"2 minutos"},"schema":{"@context":"https:\/\/schema.org","@graph":[{"@type":"Article","@id":"https:\/\/quehacerpolitico.mx\/?p=116849#article","isPartOf":{"@id":"https:\/\/quehacerpolitico.mx\/?p=116849"},"author":{"name":"Redacci\u00f3n QP","@id":"https:\/\/quehacerpolitico.mx\/#\/schema\/person\/496d8ad2d1d3f8036101dca7ee39e585"},"headline":"Sheinbaum hace ESTA petici\u00f3n tras pleito de Landau con morenista","datePublished":"2025-06-13T19:15:01+00:00","dateModified":"2025-06-13T19:25:12+00:00","mainEntityOfPage":{"@id":"https:\/\/quehacerpolitico.mx\/?p=116849"},"wordCount":510,"commentCount":0,"image":{"@id":"https:\/\/quehacerpolitico.mx\/?p=116849#primaryimage"},"thumbnailUrl":"https:\/\/quehacerpolitico.mx\/wp-content\/uploads\/2025\/06\/IMG_0704-1.jpeg","articleSection":["Nacionales","Noticias"],"inLanguage":"es","potentialAction":[{"@type":"CommentAction","name":"Comment","target":["https:\/\/quehacerpolitico.mx\/?p=116849#respond"]}]},{"@type":"WebPage","@id":"https:\/\/quehacerpolitico.mx\/?p=116849","url":"https:\/\/quehacerpolitico.mx\/?p=116849","name":"Sheinbaum hace ESTA petici\u00f3n tras pleito de Landau con morenista -","isPartOf":{"@id":"https:\/\/quehacerpolitico.mx\/#website"},"primaryImageOfPage":{"@id":"https:\/\/quehacerpolitico.mx\/?p=116849#primaryimage"},"image":{"@id":"https:\/\/quehacerpolitico.mx\/?p=116849#primaryimage"},"thumbnailUrl":"https:\/\/quehacerpolitico.mx\/wp-content\/uploads\/2025\/06\/IMG_0704-1.jpeg","datePublished":"2025-06-13T19:15:01+00:00","dateModified":"2025-06-13T19:25:12+00:00","author":{"@id":"https:\/\/quehacerpolitico.mx\/#\/schema\/person\/496d8ad2d1d3f8036101dca7ee39e585"},"breadcrumb":{"@id":"https:\/\/quehacerpolitico.mx\/?p=116849#breadcrumb"},"inLanguage":"es","potentialAction":[{"@type":"ReadAction","target":["https:\/\/quehacerpolitico.mx\/?p=116849"]}]},{"@type":"ImageObject","inLanguage":"es","@id":"https:\/\/quehacerpolitico.mx\/?p=116849#primaryimage","url":"https:\/\/quehacerpolitico.mx\/wp-content\/uploads\/2025\/06\/IMG_0704-1.jpeg","contentUrl":"https:\/\/quehacerpolitico.mx\/wp-content\/uploads\/2025\/06\/IMG_0704-1.jpeg","width":1170,"height":648,"caption":"Screenshot"},{"@type":"BreadcrumbList","@id":"https:\/\/quehacerpolitico.mx\/?p=116849#breadcrumb","itemListElement":[{"@type":"ListItem","position":1,"name":"Inicio","item":"https:\/\/quehacerpolitico.mx\/"},{"@type":"ListItem","position":2,"name":"Sheinbaum hace ESTA petici\u00f3n tras pleito de Landau con morenista"}]},{"@type":"WebSite","@id":"https:\/\/quehacerpolitico.mx\/#website","url":"https:\/\/quehacerpolitico.mx\/","name":"","description":"","potentialAction":[{"@type":"SearchAction","target":{"@type":"EntryPoint","urlTemplate":"https:\/\/quehacerpolitico.mx\/?s={search_term_string}"},"query-input":{"@type":"PropertyValueSpecification","valueRequired":true,"valueName":"search_term_string"}}],"inLanguage":"es"},{"@type":"Person","@id":"https:\/\/quehacerpolitico.mx\/#\/schema\/person\/496d8ad2d1d3f8036101dca7ee39e585","name":"Redacci\u00f3n QP","image":{"@type":"ImageObject","inLanguage":"es","@id":"https:\/\/secure.gravatar.com\/avatar\/c7164ed6fdec453195284ad24a5ae5b6e1eed2b848477fa2a4787ba9adf39a41?s=96&d=mm&r=g","url":"https:\/\/secure.gravatar.com\/avatar\/c7164ed6fdec453195284ad24a5ae5b6e1eed2b848477fa2a4787ba9adf39a41?s=96&d=mm&r=g","contentUrl":"https:\/\/secure.gravatar.com\/avatar\/c7164ed6fdec453195284ad24a5ae5b6e1eed2b848477fa2a4787ba9adf39a41?s=96&d=mm&r=g","caption":"Redacci\u00f3n QP"},"url":"https:\/\/quehacerpolitico.mx\/?author=2"}]}},"featured_image_urls":{"full":["https:\/\/quehacerpolitico.mx\/wp-content\/uploads\/2025\/06\/IMG_0704-1.jpeg",1170,648,false],"thumbnail":["https:\/\/quehacerpolitico.mx\/wp-content\/uploads\/2025\/06\/IMG_0704-1-150x150.jpeg",150,150,true],"medium":["https:\/\/quehacerpolitico.mx\/wp-content\/uploads\/2025\/06\/IMG_0704-1-300x166.jpeg",300,166,true],"medium_large":["https:\/\/quehacerpolitico.mx\/wp-content\/uploads\/2025\/06\/IMG_0704-1-768x425.jpeg",640,354,true],"large":["https:\/\/quehacerpolitico.mx\/wp-content\/uploads\/2025\/06\/IMG_0704-1-1024x567.jpeg",640,354,true],"1536x1536":["https:\/\/quehacerpolitico.mx\/wp-content\/uploads\/2025\/06\/IMG_0704-1.jpeg",1170,648,false],"2048x2048":["https:\/\/quehacerpolitico.mx\/wp-content\/uploads\/2025\/06\/IMG_0704-1.jpeg",1170,648,false],"covernews-featured":["https:\/\/quehacerpolitico.mx\/wp-content\/uploads\/2025\/06\/IMG_0704-1-1024x567.jpeg",1024,567,true],"covernews-medium":["https:\/\/quehacerpolitico.mx\/wp-content\/uploads\/2025\/06\/IMG_0704-1-540x340.jpeg",540,340,true]},"author_info":{"display_name":"Redacci\u00f3n QP","author_link":"https:\/\/quehacerpolitico.mx\/?author=2"},"category_info":"<a href=\"https:\/\/quehacerpolitico.mx\/?cat=280\" rel=\"category\">Nacionales<\/a> <a href=\"https:\/\/quehacerpolitico.mx\/?cat=2\" rel=\"category\">Noticias<\/a>","tag_info":"Noticias","comment_count":"0","_links":{"self":[{"href":"https:\/\/quehacerpolitico.mx\/index.php?rest_route=\/wp\/v2\/posts\/116849","targetHints":{"allow":["GET"]}}],"collection":[{"href":"https:\/\/quehacerpolitico.mx\/index.php?rest_route=\/wp\/v2\/posts"}],"about":[{"href":"https:\/\/quehacerpolitico.mx\/index.php?rest_route=\/wp\/v2\/types\/post"}],"author":[{"embeddable":true,"href":"https:\/\/quehacerpolitico.mx\/index.php?rest_route=\/wp\/v2\/users\/2"}],"replies":[{"embeddable":true,"href":"https:\/\/quehacerpolitico.mx\/index.php?rest_route=%2Fwp%2Fv2%2Fcomments&post=116849"}],"version-history":[{"count":1,"href":"https:\/\/quehacerpolitico.mx\/index.php?rest_route=\/wp\/v2\/posts\/116849\/revisions"}],"predecessor-version":[{"id":116851,"href":"https:\/\/quehacerpolitico.mx\/index.php?rest_route=\/wp\/v2\/posts\/116849\/revisions\/116851"}],"wp:featuredmedia":[{"embeddable":true,"href":"https:\/\/quehacerpolitico.mx\/index.php?rest_route=\/wp\/v2\/media\/116852"}],"wp:attachment":[{"href":"https:\/\/quehacerpolitico.mx\/index.php?rest_route=%2Fwp%2Fv2%2Fmedia&parent=116849"}],"wp:term":[{"taxonomy":"category","embeddable":true,"href":"https:\/\/quehacerpolitico.mx\/index.php?rest_route=%2Fwp%2Fv2%2Fcategories&post=116849"},{"taxonomy":"post_tag","embeddable":true,"href":"https:\/\/quehacerpolitico.mx\/index.php?rest_route=%2Fwp%2Fv2%2Ftags&post=116849"}],"curies":[{"name":"wp","href":"https:\/\/api.w.org\/{rel}","templated":true}]}}