{"id":116701,"date":"2025-06-10T19:31:11","date_gmt":"2025-06-11T01:31:11","guid":{"rendered":"https:\/\/quehacerpolitico.mx\/?p=116701"},"modified":"2025-06-10T19:36:40","modified_gmt":"2025-06-11T01:36:40","slug":"general-moros-gm-anuncio-este-martes-que-trasladara-de-mexico-a-ee-uu-la-fabricacion-de-dos-modelos-chevrolet-blazer-y-chevrolet-equinox","status":"publish","type":"post","link":"https:\/\/quehacerpolitico.mx\/?p=116701","title":{"rendered":"General Motors (GM)\u00a0anunci\u00f3 este martes que trasladar\u00e1 de M\u00e9xico a EE.UU. la fabricaci\u00f3n de dos modelos Chevrolet Blazer y Chevrolet Equinox"},"content":{"rendered":"\n<p>Por Redacci\u00f3n QP<\/p>\n\n\n\n<p>GM anunci\u00f3 inversiones en plantas de Michigan, Kansas y Tennessee para aumentar su producci\u00f3n en EE. UU. a 2 millones de veh\u00edculos al a\u00f1o<\/p>\n\n\n\n<p><strong>General Motors (GM)<\/strong>\u00a0anunci\u00f3 este martes que trasladar\u00e1 de M\u00e9xico a EE.UU. la fabricaci\u00f3n de dos modelos y que durante los pr\u00f3ximos a\u00f1os invertir\u00e1 4 mil millones de d\u00f3lares en<strong>\u00a0tres plantas estadounidenses<\/strong>\u00a0para incrementar la producci\u00f3n en el pa\u00eds.<\/p>\n\n\n\n<p>El aumento de la producci\u00f3n va en detrimento de la producci\u00f3n en M\u00e9xico de los modelos&nbsp;<strong>Chevrolet Blazer y Chevrolet Equinox<\/strong>&nbsp;que en estos momentos se ensamblan en las plantas de<strong>&nbsp;Ramos Arizpe y San Luis Potos\u00ed.<\/strong><\/p>\n\n\n\n<p>GM se\u00f1al\u00f3 en un comunicado que las plantas de<strong>&nbsp;Orion (Michigan), Fairfax (Kansas) y Spring Hill (Tennessee)<\/strong>recibir\u00e1n las inversiones que permitir\u00e1n aumentar la producci\u00f3n de veh\u00edculos de la compa\u00f1\u00eda en EE.UU. a 2 millones al a\u00f1o.<\/p>\n\n\n\n<figure class=\"wp-block-embed is-type-rich is-provider-twitter wp-block-embed-twitter\"><div class=\"wp-block-embed__wrapper\">\n<blockquote class=\"twitter-tweet\" data-width=\"550\" data-dnt=\"true\"><p lang=\"es\" dir=\"ltr\">\ud83d\udea8 <a href=\"https:\/\/twitter.com\/hashtag\/%C3%9AltimaHora?src=hash&amp;ref_src=twsrc%5Etfw\">#\u00daltimaHora<\/a> | General Motors anuncia que trasladar\u00e1 de M\u00e9xico a EU la fabricaci\u00f3n de dos modelos, y que durante los pr\u00f3ximos a\u00f1os invertir\u00e1 4,000 mdd en tres plantas estadounidenses. <a href=\"https:\/\/t.co\/E3MemBZmvz\">pic.twitter.com\/E3MemBZmvz<\/a><\/p>&mdash; Forbes M\u00e9xico (@Forbes_Mexico) <a href=\"https:\/\/twitter.com\/Forbes_Mexico\/status\/1932571597161771392?ref_src=twsrc%5Etfw\">June 10, 2025<\/a><\/blockquote><script async src=\"https:\/\/platform.twitter.com\/widgets.js\" charset=\"utf-8\"><\/script>\n<\/div><\/figure>\n\n\n\n<p>En Orion, GM producir\u00e1 a partir de principios de 2027&nbsp;<strong>camionetas \u2018pick-up\u2019 de gasolina<\/strong>, tanto de gran tama\u00f1o como ligeras. La decisi\u00f3n supone que la&nbsp;<strong>Factor\u00eda ZERO que GM tiene en Detroit-Hamtramck<\/strong>&nbsp;ser\u00e1 la dedicada a la producci\u00f3n de las camionetas y los todoterreno el\u00e9ctrico<strong>s Chevrolet Silverado EV, GMC Sierra EV, Cadillac Escalade IQ y GMC Hummer EV.<\/strong><\/p>\n\n\n\n<p>La planta de&nbsp;<strong>Fairfax fabricar\u00e1 el Chevrolet Equinox<\/strong>&nbsp;de gasolina a partir de mediados de 2027, adem\u00e1s del&nbsp;<strong>Chevrolet Bolt EV.<\/strong><\/p>\n\n\n\n<p>Y<strong>&nbsp;Spring Hill<\/strong>&nbsp;a\u00f1adir\u00e1 la producci\u00f3n del&nbsp;<strong>Chevrolet Blazer<\/strong>en 2027 a la fabricaci\u00f3n del&nbsp;<strong>Cadillac Lyriq EV, Vistiq EV y Cadillac XT5.<\/strong><\/p>\n\n\n\n<p>La decisi\u00f3n de la transferencia de la producci\u00f3n del Blazer y Equinox a EE.UU. se produce despu\u00e9s de que el presidente Donald Trump impusiese aranceles del 2<strong>5% al sector del autom\u00f3vil de M\u00e9xico y Canad\u00e1.<\/strong><\/p>\n\n\n\n<p>La consejera delegada de GM,&nbsp;<strong>Mary Barra<\/strong>, declar\u00f3 que la decisi\u00f3n demuestra el compromiso de la compa\u00f1\u00eda \u201ccon la construcci\u00f3n de veh\u00edculos en EE.UU. y con el apoyo empleos estadounidenses\u201d.<\/p>\n\n\n\n<p>Por su parte, el presidente de la compa\u00f1\u00eda,&nbsp;<strong>Mark Reuss<\/strong>, declar\u00f3 tambi\u00e9n en tono patri\u00f3tico: \u201cLa noticia de hoy va m\u00e1s all\u00e1 de los n\u00fameros de la inversi\u00f3n. Lo importante es que esforzados estadounidenses est\u00e1n haciendo veh\u00edculos de los que est\u00e1n orgullosos y que los consumidores est\u00e1n orgullosos de poseer\u201d.<\/p>\n\n\n\n<p>Con informaci\u00f3n de EFE<\/p>\n","protected":false},"excerpt":{"rendered":"<p>Por Redacci\u00f3n QP GM anunci\u00f3 inversiones en plantas de Michigan, Kansas y Tennessee para aumentar&#8230;<\/p>\n","protected":false},"author":2,"featured_media":116702,"comment_status":"open","ping_status":"open","sticky":false,"template":"","format":"standard","meta":{"_monsterinsights_skip_tracking":false,"_monsterinsights_sitenote_active":false,"_monsterinsights_sitenote_note":"","_monsterinsights_sitenote_category":0,"footnotes":""},"categories":[56],"tags":[],"class_list":["post-116701","post","type-post","status-publish","format-standard","has-post-thumbnail","hentry","category-economia"],"yoast_head":"<!-- This site is optimized with the Yoast SEO plugin v27.3 - https:\/\/yoast.com\/product\/yoast-seo-wordpress\/ -->\n<title>General Motors (GM)\u00a0anunci\u00f3 este martes que trasladar\u00e1 de M\u00e9xico a EE.UU. la fabricaci\u00f3n de dos modelos Chevrolet Blazer y Chevrolet Equinox -<\/title>\n<meta name=\"robots\" content=\"index, follow, max-snippet:-1, max-image-preview:large, max-video-preview:-1\" \/>\n<link rel=\"canonical\" href=\"https:\/\/quehacerpolitico.mx\/?p=116701\" \/>\n<meta property=\"og:locale\" content=\"es_MX\" \/>\n<meta property=\"og:type\" content=\"article\" \/>\n<meta property=\"og:title\" content=\"General Motors (GM)\u00a0anunci\u00f3 este martes que trasladar\u00e1 de M\u00e9xico a EE.UU. la fabricaci\u00f3n de dos modelos Chevrolet Blazer y Chevrolet Equinox -\" \/>\n<meta property=\"og:description\" content=\"Por Redacci\u00f3n QP GM anunci\u00f3 inversiones en plantas de Michigan, Kansas y Tennessee para aumentar...\" \/>\n<meta property=\"og:url\" content=\"https:\/\/quehacerpolitico.mx\/?p=116701\" \/>\n<meta property=\"article:published_time\" content=\"2025-06-11T01:31:11+00:00\" \/>\n<meta property=\"article:modified_time\" content=\"2025-06-11T01:36:40+00:00\" \/>\n<meta property=\"og:image\" content=\"https:\/\/quehacerpolitico.mx\/wp-content\/uploads\/2025\/06\/IMG_0564.jpeg\" \/>\n\t<meta property=\"og:image:width\" content=\"739\" \/>\n\t<meta property=\"og:image:height\" content=\"415\" \/>\n\t<meta property=\"og:image:type\" content=\"image\/jpeg\" \/>\n<meta name=\"author\" content=\"Redacci\u00f3n QP\" \/>\n<meta name=\"twitter:card\" content=\"summary_large_image\" \/>\n<meta name=\"twitter:label1\" content=\"Escrito por\" \/>\n\t<meta name=\"twitter:data1\" content=\"Redacci\u00f3n QP\" \/>\n\t<meta name=\"twitter:label2\" content=\"Tiempo de lectura\" \/>\n\t<meta name=\"twitter:data2\" content=\"2 minutos\" \/>\n<script type=\"application\/ld+json\" class=\"yoast-schema-graph\">{\"@context\":\"https:\\\/\\\/schema.org\",\"@graph\":[{\"@type\":\"Article\",\"@id\":\"https:\\\/\\\/quehacerpolitico.mx\\\/?p=116701#article\",\"isPartOf\":{\"@id\":\"https:\\\/\\\/quehacerpolitico.mx\\\/?p=116701\"},\"author\":{\"name\":\"Redacci\u00f3n QP\",\"@id\":\"https:\\\/\\\/quehacerpolitico.mx\\\/#\\\/schema\\\/person\\\/496d8ad2d1d3f8036101dca7ee39e585\"},\"headline\":\"General Motors (GM)\u00a0anunci\u00f3 este martes que trasladar\u00e1 de M\u00e9xico a EE.UU. la fabricaci\u00f3n de dos modelos Chevrolet Blazer y Chevrolet Equinox\",\"datePublished\":\"2025-06-11T01:31:11+00:00\",\"dateModified\":\"2025-06-11T01:36:40+00:00\",\"mainEntityOfPage\":{\"@id\":\"https:\\\/\\\/quehacerpolitico.mx\\\/?p=116701\"},\"wordCount\":456,\"commentCount\":0,\"image\":{\"@id\":\"https:\\\/\\\/quehacerpolitico.mx\\\/?p=116701#primaryimage\"},\"thumbnailUrl\":\"https:\\\/\\\/quehacerpolitico.mx\\\/wp-content\\\/uploads\\\/2025\\\/06\\\/IMG_0564.jpeg\",\"articleSection\":[\"Econom\u00eda\"],\"inLanguage\":\"es\",\"potentialAction\":[{\"@type\":\"CommentAction\",\"name\":\"Comment\",\"target\":[\"https:\\\/\\\/quehacerpolitico.mx\\\/?p=116701#respond\"]}]},{\"@type\":\"WebPage\",\"@id\":\"https:\\\/\\\/quehacerpolitico.mx\\\/?p=116701\",\"url\":\"https:\\\/\\\/quehacerpolitico.mx\\\/?p=116701\",\"name\":\"General Motors (GM)\u00a0anunci\u00f3 este martes que trasladar\u00e1 de M\u00e9xico a EE.UU. la fabricaci\u00f3n de dos modelos Chevrolet Blazer y Chevrolet Equinox -\",\"isPartOf\":{\"@id\":\"https:\\\/\\\/quehacerpolitico.mx\\\/#website\"},\"primaryImageOfPage\":{\"@id\":\"https:\\\/\\\/quehacerpolitico.mx\\\/?p=116701#primaryimage\"},\"image\":{\"@id\":\"https:\\\/\\\/quehacerpolitico.mx\\\/?p=116701#primaryimage\"},\"thumbnailUrl\":\"https:\\\/\\\/quehacerpolitico.mx\\\/wp-content\\\/uploads\\\/2025\\\/06\\\/IMG_0564.jpeg\",\"datePublished\":\"2025-06-11T01:31:11+00:00\",\"dateModified\":\"2025-06-11T01:36:40+00:00\",\"author\":{\"@id\":\"https:\\\/\\\/quehacerpolitico.mx\\\/#\\\/schema\\\/person\\\/496d8ad2d1d3f8036101dca7ee39e585\"},\"breadcrumb\":{\"@id\":\"https:\\\/\\\/quehacerpolitico.mx\\\/?p=116701#breadcrumb\"},\"inLanguage\":\"es\",\"potentialAction\":[{\"@type\":\"ReadAction\",\"target\":[\"https:\\\/\\\/quehacerpolitico.mx\\\/?p=116701\"]}]},{\"@type\":\"ImageObject\",\"inLanguage\":\"es\",\"@id\":\"https:\\\/\\\/quehacerpolitico.mx\\\/?p=116701#primaryimage\",\"url\":\"https:\\\/\\\/quehacerpolitico.mx\\\/wp-content\\\/uploads\\\/2025\\\/06\\\/IMG_0564.jpeg\",\"contentUrl\":\"https:\\\/\\\/quehacerpolitico.mx\\\/wp-content\\\/uploads\\\/2025\\\/06\\\/IMG_0564.jpeg\",\"width\":739,\"height\":415},{\"@type\":\"BreadcrumbList\",\"@id\":\"https:\\\/\\\/quehacerpolitico.mx\\\/?p=116701#breadcrumb\",\"itemListElement\":[{\"@type\":\"ListItem\",\"position\":1,\"name\":\"Inicio\",\"item\":\"https:\\\/\\\/quehacerpolitico.mx\\\/\"},{\"@type\":\"ListItem\",\"position\":2,\"name\":\"General Motors (GM)\u00a0anunci\u00f3 este martes que trasladar\u00e1 de M\u00e9xico a EE.UU. la fabricaci\u00f3n de dos modelos Chevrolet Blazer y Chevrolet Equinox\"}]},{\"@type\":\"WebSite\",\"@id\":\"https:\\\/\\\/quehacerpolitico.mx\\\/#website\",\"url\":\"https:\\\/\\\/quehacerpolitico.mx\\\/\",\"name\":\"\",\"description\":\"\",\"potentialAction\":[{\"@type\":\"SearchAction\",\"target\":{\"@type\":\"EntryPoint\",\"urlTemplate\":\"https:\\\/\\\/quehacerpolitico.mx\\\/?s={search_term_string}\"},\"query-input\":{\"@type\":\"PropertyValueSpecification\",\"valueRequired\":true,\"valueName\":\"search_term_string\"}}],\"inLanguage\":\"es\"},{\"@type\":\"Person\",\"@id\":\"https:\\\/\\\/quehacerpolitico.mx\\\/#\\\/schema\\\/person\\\/496d8ad2d1d3f8036101dca7ee39e585\",\"name\":\"Redacci\u00f3n QP\",\"image\":{\"@type\":\"ImageObject\",\"inLanguage\":\"es\",\"@id\":\"https:\\\/\\\/secure.gravatar.com\\\/avatar\\\/c7164ed6fdec453195284ad24a5ae5b6e1eed2b848477fa2a4787ba9adf39a41?s=96&d=mm&r=g\",\"url\":\"https:\\\/\\\/secure.gravatar.com\\\/avatar\\\/c7164ed6fdec453195284ad24a5ae5b6e1eed2b848477fa2a4787ba9adf39a41?s=96&d=mm&r=g\",\"contentUrl\":\"https:\\\/\\\/secure.gravatar.com\\\/avatar\\\/c7164ed6fdec453195284ad24a5ae5b6e1eed2b848477fa2a4787ba9adf39a41?s=96&d=mm&r=g\",\"caption\":\"Redacci\u00f3n QP\"},\"url\":\"https:\\\/\\\/quehacerpolitico.mx\\\/?author=2\"}]}<\/script>\n<!-- \/ Yoast SEO plugin. -->","yoast_head_json":{"title":"General Motors (GM)\u00a0anunci\u00f3 este martes que trasladar\u00e1 de M\u00e9xico a EE.UU. la fabricaci\u00f3n de dos modelos Chevrolet Blazer y Chevrolet Equinox -","robots":{"index":"index","follow":"follow","max-snippet":"max-snippet:-1","max-image-preview":"max-image-preview:large","max-video-preview":"max-video-preview:-1"},"canonical":"https:\/\/quehacerpolitico.mx\/?p=116701","og_locale":"es_MX","og_type":"article","og_title":"General Motors (GM)\u00a0anunci\u00f3 este martes que trasladar\u00e1 de M\u00e9xico a EE.UU. la fabricaci\u00f3n de dos modelos Chevrolet Blazer y Chevrolet Equinox -","og_description":"Por Redacci\u00f3n QP GM anunci\u00f3 inversiones en plantas de Michigan, Kansas y Tennessee para aumentar...","og_url":"https:\/\/quehacerpolitico.mx\/?p=116701","article_published_time":"2025-06-11T01:31:11+00:00","article_modified_time":"2025-06-11T01:36:40+00:00","og_image":[{"width":739,"height":415,"url":"https:\/\/quehacerpolitico.mx\/wp-content\/uploads\/2025\/06\/IMG_0564.jpeg","type":"image\/jpeg"}],"author":"Redacci\u00f3n QP","twitter_card":"summary_large_image","twitter_misc":{"Escrito por":"Redacci\u00f3n QP","Tiempo de lectura":"2 minutos"},"schema":{"@context":"https:\/\/schema.org","@graph":[{"@type":"Article","@id":"https:\/\/quehacerpolitico.mx\/?p=116701#article","isPartOf":{"@id":"https:\/\/quehacerpolitico.mx\/?p=116701"},"author":{"name":"Redacci\u00f3n QP","@id":"https:\/\/quehacerpolitico.mx\/#\/schema\/person\/496d8ad2d1d3f8036101dca7ee39e585"},"headline":"General Motors (GM)\u00a0anunci\u00f3 este martes que trasladar\u00e1 de M\u00e9xico a EE.UU. la fabricaci\u00f3n de dos modelos Chevrolet Blazer y Chevrolet Equinox","datePublished":"2025-06-11T01:31:11+00:00","dateModified":"2025-06-11T01:36:40+00:00","mainEntityOfPage":{"@id":"https:\/\/quehacerpolitico.mx\/?p=116701"},"wordCount":456,"commentCount":0,"image":{"@id":"https:\/\/quehacerpolitico.mx\/?p=116701#primaryimage"},"thumbnailUrl":"https:\/\/quehacerpolitico.mx\/wp-content\/uploads\/2025\/06\/IMG_0564.jpeg","articleSection":["Econom\u00eda"],"inLanguage":"es","potentialAction":[{"@type":"CommentAction","name":"Comment","target":["https:\/\/quehacerpolitico.mx\/?p=116701#respond"]}]},{"@type":"WebPage","@id":"https:\/\/quehacerpolitico.mx\/?p=116701","url":"https:\/\/quehacerpolitico.mx\/?p=116701","name":"General Motors (GM)\u00a0anunci\u00f3 este martes que trasladar\u00e1 de M\u00e9xico a EE.UU. la fabricaci\u00f3n de dos modelos Chevrolet Blazer y Chevrolet Equinox -","isPartOf":{"@id":"https:\/\/quehacerpolitico.mx\/#website"},"primaryImageOfPage":{"@id":"https:\/\/quehacerpolitico.mx\/?p=116701#primaryimage"},"image":{"@id":"https:\/\/quehacerpolitico.mx\/?p=116701#primaryimage"},"thumbnailUrl":"https:\/\/quehacerpolitico.mx\/wp-content\/uploads\/2025\/06\/IMG_0564.jpeg","datePublished":"2025-06-11T01:31:11+00:00","dateModified":"2025-06-11T01:36:40+00:00","author":{"@id":"https:\/\/quehacerpolitico.mx\/#\/schema\/person\/496d8ad2d1d3f8036101dca7ee39e585"},"breadcrumb":{"@id":"https:\/\/quehacerpolitico.mx\/?p=116701#breadcrumb"},"inLanguage":"es","potentialAction":[{"@type":"ReadAction","target":["https:\/\/quehacerpolitico.mx\/?p=116701"]}]},{"@type":"ImageObject","inLanguage":"es","@id":"https:\/\/quehacerpolitico.mx\/?p=116701#primaryimage","url":"https:\/\/quehacerpolitico.mx\/wp-content\/uploads\/2025\/06\/IMG_0564.jpeg","contentUrl":"https:\/\/quehacerpolitico.mx\/wp-content\/uploads\/2025\/06\/IMG_0564.jpeg","width":739,"height":415},{"@type":"BreadcrumbList","@id":"https:\/\/quehacerpolitico.mx\/?p=116701#breadcrumb","itemListElement":[{"@type":"ListItem","position":1,"name":"Inicio","item":"https:\/\/quehacerpolitico.mx\/"},{"@type":"ListItem","position":2,"name":"General Motors (GM)\u00a0anunci\u00f3 este martes que trasladar\u00e1 de M\u00e9xico a EE.UU. la fabricaci\u00f3n de dos modelos Chevrolet Blazer y Chevrolet Equinox"}]},{"@type":"WebSite","@id":"https:\/\/quehacerpolitico.mx\/#website","url":"https:\/\/quehacerpolitico.mx\/","name":"","description":"","potentialAction":[{"@type":"SearchAction","target":{"@type":"EntryPoint","urlTemplate":"https:\/\/quehacerpolitico.mx\/?s={search_term_string}"},"query-input":{"@type":"PropertyValueSpecification","valueRequired":true,"valueName":"search_term_string"}}],"inLanguage":"es"},{"@type":"Person","@id":"https:\/\/quehacerpolitico.mx\/#\/schema\/person\/496d8ad2d1d3f8036101dca7ee39e585","name":"Redacci\u00f3n QP","image":{"@type":"ImageObject","inLanguage":"es","@id":"https:\/\/secure.gravatar.com\/avatar\/c7164ed6fdec453195284ad24a5ae5b6e1eed2b848477fa2a4787ba9adf39a41?s=96&d=mm&r=g","url":"https:\/\/secure.gravatar.com\/avatar\/c7164ed6fdec453195284ad24a5ae5b6e1eed2b848477fa2a4787ba9adf39a41?s=96&d=mm&r=g","contentUrl":"https:\/\/secure.gravatar.com\/avatar\/c7164ed6fdec453195284ad24a5ae5b6e1eed2b848477fa2a4787ba9adf39a41?s=96&d=mm&r=g","caption":"Redacci\u00f3n QP"},"url":"https:\/\/quehacerpolitico.mx\/?author=2"}]}},"featured_image_urls":{"full":["https:\/\/quehacerpolitico.mx\/wp-content\/uploads\/2025\/06\/IMG_0564.jpeg",739,415,false],"thumbnail":["https:\/\/quehacerpolitico.mx\/wp-content\/uploads\/2025\/06\/IMG_0564-150x150.jpeg",150,150,true],"medium":["https:\/\/quehacerpolitico.mx\/wp-content\/uploads\/2025\/06\/IMG_0564-300x168.jpeg",300,168,true],"medium_large":["https:\/\/quehacerpolitico.mx\/wp-content\/uploads\/2025\/06\/IMG_0564.jpeg",640,359,false],"large":["https:\/\/quehacerpolitico.mx\/wp-content\/uploads\/2025\/06\/IMG_0564.jpeg",640,359,false],"1536x1536":["https:\/\/quehacerpolitico.mx\/wp-content\/uploads\/2025\/06\/IMG_0564.jpeg",739,415,false],"2048x2048":["https:\/\/quehacerpolitico.mx\/wp-content\/uploads\/2025\/06\/IMG_0564.jpeg",739,415,false],"covernews-featured":["https:\/\/quehacerpolitico.mx\/wp-content\/uploads\/2025\/06\/IMG_0564.jpeg",739,415,false],"covernews-medium":["https:\/\/quehacerpolitico.mx\/wp-content\/uploads\/2025\/06\/IMG_0564-540x340.jpeg",540,340,true]},"author_info":{"display_name":"Redacci\u00f3n QP","author_link":"https:\/\/quehacerpolitico.mx\/?author=2"},"category_info":"<a href=\"https:\/\/quehacerpolitico.mx\/?cat=56\" rel=\"category\">Econom\u00eda<\/a>","tag_info":"Econom\u00eda","comment_count":"0","_links":{"self":[{"href":"https:\/\/quehacerpolitico.mx\/index.php?rest_route=\/wp\/v2\/posts\/116701","targetHints":{"allow":["GET"]}}],"collection":[{"href":"https:\/\/quehacerpolitico.mx\/index.php?rest_route=\/wp\/v2\/posts"}],"about":[{"href":"https:\/\/quehacerpolitico.mx\/index.php?rest_route=\/wp\/v2\/types\/post"}],"author":[{"embeddable":true,"href":"https:\/\/quehacerpolitico.mx\/index.php?rest_route=\/wp\/v2\/users\/2"}],"replies":[{"embeddable":true,"href":"https:\/\/quehacerpolitico.mx\/index.php?rest_route=%2Fwp%2Fv2%2Fcomments&post=116701"}],"version-history":[{"count":3,"href":"https:\/\/quehacerpolitico.mx\/index.php?rest_route=\/wp\/v2\/posts\/116701\/revisions"}],"predecessor-version":[{"id":116705,"href":"https:\/\/quehacerpolitico.mx\/index.php?rest_route=\/wp\/v2\/posts\/116701\/revisions\/116705"}],"wp:featuredmedia":[{"embeddable":true,"href":"https:\/\/quehacerpolitico.mx\/index.php?rest_route=\/wp\/v2\/media\/116702"}],"wp:attachment":[{"href":"https:\/\/quehacerpolitico.mx\/index.php?rest_route=%2Fwp%2Fv2%2Fmedia&parent=116701"}],"wp:term":[{"taxonomy":"category","embeddable":true,"href":"https:\/\/quehacerpolitico.mx\/index.php?rest_route=%2Fwp%2Fv2%2Fcategories&post=116701"},{"taxonomy":"post_tag","embeddable":true,"href":"https:\/\/quehacerpolitico.mx\/index.php?rest_route=%2Fwp%2Fv2%2Ftags&post=116701"}],"curies":[{"name":"wp","href":"https:\/\/api.w.org\/{rel}","templated":true}]}}