{"id":116696,"date":"2025-06-10T18:53:14","date_gmt":"2025-06-11T00:53:14","guid":{"rendered":"https:\/\/quehacerpolitico.mx\/?p=116696"},"modified":"2025-06-10T18:53:18","modified_gmt":"2025-06-11T00:53:18","slug":"el-cine-mexicano-se-sumerge-en-la-ciencia-ficcion-romantica-con-nuestros-tiempos-una-nueva-pelicula-protagonizada-por-lucero-y-benny-ibarra","status":"publish","type":"post","link":"https:\/\/quehacerpolitico.mx\/?p=116696","title":{"rendered":"El cine mexicano se sumerge en la ciencia ficci\u00f3n rom\u00e1ntica con\u00a0\u2018Nuestros tiempos\u2019, una nueva pel\u00edcula protagonizada por\u00a0Lucero y Benny Ibarra"},"content":{"rendered":"\n<p>Por Redacci\u00f3n QP<\/p>\n\n\n\n<p>Bajo la direcci\u00f3n de Chava Cartas, la cinta plantea un experimento narrativo que combina romance, comedia y reflexiones profundas sobre el paso del tiempo, la evoluci\u00f3n tecnol\u00f3gica y las transformaciones sociales<\/p>\n\n\n\n<p>El cine mexicano se sumerge en la ciencia ficci\u00f3n rom\u00e1ntica con<strong>&nbsp;\u2018Nuestros tiempos\u2019<\/strong>, una nueva pel\u00edcula protagonizada por&nbsp;<strong>Lucero y Benny Ibarra<\/strong>&nbsp;que se estrena este&nbsp;<strong>11 de junio en Netflix<\/strong>. Bajo la direcci\u00f3n de&nbsp;<strong>Chava Cartas<\/strong>, la cinta plantea un experimento narrativo que combina romance, comedia y reflexiones profundas sobre el paso del tiempo, la evoluci\u00f3n tecnol\u00f3gica y las transformaciones sociales.<\/p>\n\n\n\n<figure class=\"wp-block-image size-full\"><img loading=\"lazy\" decoding=\"async\" width=\"678\" height=\"452\" src=\"https:\/\/quehacerpolitico.mx\/wp-content\/uploads\/2025\/06\/IMG_0561.jpeg\" alt=\"\" class=\"wp-image-116697\" srcset=\"https:\/\/quehacerpolitico.mx\/wp-content\/uploads\/2025\/06\/IMG_0561.jpeg 678w, https:\/\/quehacerpolitico.mx\/wp-content\/uploads\/2025\/06\/IMG_0561-300x200.jpeg 300w\" sizes=\"auto, (max-width: 678px) 100vw, 678px\" \/><\/figure>\n\n\n\n<p>En la historia,&nbsp;<strong>Nora (Lucero) y H\u00e9ctor (Benny Ibarra)<\/strong>&nbsp;son dos&nbsp;<strong>f\u00edsicos brillantes de 1966<\/strong>&nbsp;que, tras un accidente durante una prueba cient\u00edfica, despiertan en el a\u00f1o 2025.&nbsp;<strong>Con el desconcierto de quien ha perdido las coordenadas de su tiempo, ambos deber\u00e1n enfrentarse a una realidad que ya no comprenden del todo, pero que los confronta con sus ideales y deseos m\u00e1s \u00edntimos.<\/strong><\/p>\n\n\n\n<p>Para Lucero, \u2018Nuestros tiempos\u2019 representa mucho m\u00e1s que un regreso al cine tras dos d\u00e9cadas de ausencia. \u201cYo ten\u00eda 20 a\u00f1os de no hacer cine porque no hab\u00eda encontrado una pel\u00edcula que me enamorara y que me atrapara. Esta me ilusion\u00f3 porque habla de una historia de amor, pero tambi\u00e9n de reflexiones, disyuntivas y retos\u201d, comparti\u00f3 la actriz y cantante durante una conversaci\u00f3n con medios nacionales.<\/p>\n\n\n\n<p>La trama de la pel\u00edcula, explic\u00f3, no se limita a un viaje temporal: \u201cCreo que esta pel\u00edcula es el cl\u00e1sico \u2018\u00bfyo qu\u00e9 har\u00eda si me tocara estar en ese caso?\u2019 Pensamos mucho tambi\u00e9n en el legado que vamos a dejar, en hacer proyectos importantes que en ning\u00fan momento nadie pueda avergonzarse. Para m\u00ed, es una pel\u00edcula que tiene much\u00edsimos elementos para ser parte del legado de mi carrera como actriz\u201d.<\/p>\n\n\n\n<figure class=\"wp-block-image\"><img decoding=\"async\" src=\"https:\/\/www.informador.mx\/export\/sites\/elinformador\/img\/2025\/06\/10\/es-la_nuestros_tiempos_main_vertical_27x40_rgb_pre_1.jpg_72586736.jpg\" alt=\"\" title=\"\"\/><\/figure>\n\n\n\n<p><strong>Benny&nbsp;Ibarra, por su parte, subray\u00f3 que acept\u00f3 el proyecto por el desaf\u00edo que implicaba.&nbsp;<\/strong>\u201cMis criterios son que me saque de mi zona de confort, que sea algo que al principio sienta que no voy a poder lograr, que me quede un crecimiento como artista\u201d.<\/p>\n\n\n\n<p>La qu\u00edmica entre ambos actores no es casual pues son amigos de toda la vida, pero esta es la primera vez que trabajan juntos en un largometraje. \u201cAmo trabajar con Benny. Es un compa\u00f1ero, un amigo entra\u00f1able. Encontrarnos de esta manera fue precioso\u201d, expres\u00f3 Lucero. Benny a\u00f1adi\u00f3: \u201cIr de cuates a amigos, a confidentes y ahora a parir juntos esta cinta\u2026 s\u00ed siento que hay algo que hemos compartido y que vamos a seguir compartiendo. Estamos orgullosos de este proyecto\u201d.<\/p>\n\n\n\n<p>En \u2018Nuestros tiempos\u2019 no hubo casting. Los papeles fueron pensados espec\u00edficamente para ellos. \u201cNosotros fuimos convocados por<strong>Chava Cartas y Draco Films<\/strong>&nbsp;para hacer esta pel\u00edcula. Ellos buscaban a estos dos actores que la gente ha acompa\u00f1ado durante muchos a\u00f1os\u201d, explic\u00f3 Lucero. Y aunque no audicionaron, el reto era otro&nbsp;<strong>\u201cEl truco est\u00e1 en desvanecer a Lucero y a&nbsp;Benny&nbsp;lo m\u00e1s pronto posible para que la gente empiece a identificarse con la aventura de H\u00e9ctor y&nbsp;Nora\u201d<\/strong>, puntualiz\u00f3 Benny.<\/p>\n\n\n\n<figure class=\"wp-block-embed is-type-video is-provider-youtube wp-block-embed-youtube wp-embed-aspect-16-9 wp-has-aspect-ratio\"><div class=\"wp-block-embed__wrapper\">\n<iframe loading=\"lazy\" title=\"Nuestros tiempos | Tr\u00e1iler oficial | Netflix\" width=\"640\" height=\"360\" src=\"https:\/\/www.youtube.com\/embed\/iFr_Zwf_908?feature=oembed\" frameborder=\"0\" allow=\"accelerometer; autoplay; clipboard-write; encrypted-media; gyroscope; picture-in-picture; web-share\" referrerpolicy=\"strict-origin-when-cross-origin\" allowfullscreen><\/iframe>\n<\/div><\/figure>\n\n\n\n<p>La pel\u00edcula fue escrita con un guion \u201cvivo\u201d, flexible, que permiti\u00f3 a los actores imprimir su personalidad a cada escena. \u201cNo era algo r\u00edgido, Chava siempre nos dio esa libertad. Eso es precioso, seguir creando a partir de un gran guion, pero ponerle nuestros toques\u201d, detall\u00f3 Lucero.<\/p>\n\n\n\n<p>El contraste entre el M\u00e9xico de los a\u00f1os 60 y el del 2025 sirve como punto de partida para preguntas m\u00e1s complejas:<strong>&nbsp;\u00bfQu\u00e9 valores se han transformado? \u00bfQu\u00e9 ideas se han vuelto obsoletas? \u00bfC\u00f3mo se adaptan las personas cuando pierden sus referentes?<\/strong><\/p>\n\n\n\n<p>\u201cHay enormes diferencias entre lo que suced\u00eda en el a\u00f1o 1966 y lo que sucede en 2025\u201d, reflexion\u00f3 Lucero. \u201cY creo que esas diferencias nos hacen entender a nuestros pap\u00e1s, a nuestros abuelos, a nuestros hijos. Es una pel\u00edcula totalmente familiar que puede invitar a ese di\u00e1logo intergeneracional\u201d.<\/p>\n\n\n\n<p>Adem\u00e1s del cambio tecnol\u00f3gico, la cinta aborda los roles de g\u00e9nero desde una perspectiva emocional. Nora, al llegar al futuro, descubre que su talento ahora puede prosperar sin las limitaciones que enfrentaba como mujer en los&nbsp;<strong>a\u00f1os 60<\/strong>. H\u00e9ctor, en cambio, se siente desubicado y lucha por entender una sociedad donde ya no tiene las certezas del pasado.<\/p>\n\n\n\n<p>\u201cNo es una pel\u00edcula educativa ni pretende dar lecciones. No se trata de decir que los hombres son malos o que las mujeres se portan mal. Es una historia de amor donde ambos personajes enfrentan paradojas muy fuertes\u201d, dijo Lucero. \u201c\u00bfDejar\u00edas tu carrera por el amor de tu vida o dejar\u00edas el amor por realizarte profesionalmente? Creo que esa es la gran paradoja que plantea esta historia tan linda\u201d.<\/p>\n\n\n\n<p>Benny retoma esa idea al hablar de la experiencia de sus personajes.&nbsp;<strong>\u201cEs un salto de fe lo que ellos hacen. Se creen capaces de controlar el tiempo mismo, pero cuando algo sale mal, se dan cuenta de que no pueden controlar todo. Eso los desarma y los obliga a cuestionarse muchas cosas\u201d<\/strong>.<\/p>\n\n\n\n<p>Uno de los escenarios principales de la pel\u00edcula es la Universidad Nacional Aut\u00f3noma de M\u00e9xico (UNAM), algo que Lucero destac\u00f3 con entusiasmo. \u201cEs uno de los grandes escenarios de esta pel\u00edcula. Muy agradecidos con la universidad. Estos doctores vienen de esta escuela que tambi\u00e9n es una escenograf\u00eda hermos\u00edsima\u201d.<\/p>\n\n\n\n<p>La actriz tambi\u00e9n aprovech\u00f3 para compartir una reflexi\u00f3n sobre lo que su personaje le dej\u00f3. \u201cCreo que la lecci\u00f3n es nunca dejar de perseguir lo que quieres. Nunca traicionar tus ideales. Nunca olvidar qu\u00e9 te lleva a lograr tus metas. Vivir hoy, disfrutar el presente, disfrutar a nuestros hijos, nuestras mascotas, nuestra naturaleza. Creo que eso nos lleva a un futuro m\u00e1s divertido, sin arrepentimientos\u201d.<\/p>\n\n\n\n<h2 class=\"wp-block-heading\">Sinopsis&nbsp;<\/h2>\n\n\n\n<p>Nuestros tiempos narra la historia de amor entre Nora y H\u00e9ctor, dos esposos y cient\u00edficos brillantes que viven en el M\u00e9xico de los 60, hasta que un viaje en el tiempo los arroja a la actualidad, donde la vida es muy diferente. Mientras Nora se adapta de maravilla y encuentra una sociedad que est\u00e1 lista para escucharla, H\u00e9ctor ans\u00eda regresar a 1966, donde los tiempos le parecen mejores. \u00bfPodr\u00e1 su amor sobrevivir nuestros tiempos , o quedar\u00e1 \u00fanicamente en el pasado?<\/p>\n","protected":false},"excerpt":{"rendered":"<p>Por Redacci\u00f3n QP Bajo la direcci\u00f3n de Chava Cartas, la cinta plantea un experimento narrativo&#8230;<\/p>\n","protected":false},"author":2,"featured_media":116698,"comment_status":"open","ping_status":"open","sticky":false,"template":"","format":"standard","meta":{"_monsterinsights_skip_tracking":false,"_monsterinsights_sitenote_active":false,"_monsterinsights_sitenote_note":"","_monsterinsights_sitenote_category":0,"footnotes":""},"categories":[58],"tags":[],"class_list":["post-116696","post","type-post","status-publish","format-standard","has-post-thumbnail","hentry","category-cultura"],"yoast_head":"<!-- This site is optimized with the Yoast SEO plugin v27.3 - https:\/\/yoast.com\/product\/yoast-seo-wordpress\/ -->\n<title>El cine mexicano se sumerge en la ciencia ficci\u00f3n rom\u00e1ntica con\u00a0\u2018Nuestros tiempos\u2019, una nueva pel\u00edcula protagonizada por\u00a0Lucero y Benny Ibarra -<\/title>\n<meta name=\"robots\" content=\"index, follow, max-snippet:-1, max-image-preview:large, max-video-preview:-1\" \/>\n<link rel=\"canonical\" href=\"https:\/\/quehacerpolitico.mx\/?p=116696\" \/>\n<meta property=\"og:locale\" content=\"es_MX\" \/>\n<meta property=\"og:type\" content=\"article\" \/>\n<meta property=\"og:title\" content=\"El cine mexicano se sumerge en la ciencia ficci\u00f3n rom\u00e1ntica con\u00a0\u2018Nuestros tiempos\u2019, una nueva pel\u00edcula protagonizada por\u00a0Lucero y Benny Ibarra -\" \/>\n<meta property=\"og:description\" content=\"Por Redacci\u00f3n QP Bajo la direcci\u00f3n de Chava Cartas, la cinta plantea un experimento narrativo...\" \/>\n<meta property=\"og:url\" content=\"https:\/\/quehacerpolitico.mx\/?p=116696\" \/>\n<meta property=\"article:published_time\" content=\"2025-06-11T00:53:14+00:00\" \/>\n<meta property=\"article:modified_time\" content=\"2025-06-11T00:53:18+00:00\" \/>\n<meta property=\"og:image\" content=\"https:\/\/quehacerpolitico.mx\/wp-content\/uploads\/2025\/06\/IMG_0560.jpeg\" \/>\n\t<meta property=\"og:image:width\" content=\"739\" \/>\n\t<meta property=\"og:image:height\" content=\"415\" \/>\n\t<meta property=\"og:image:type\" content=\"image\/jpeg\" \/>\n<meta name=\"author\" content=\"Redacci\u00f3n QP\" \/>\n<meta name=\"twitter:card\" content=\"summary_large_image\" \/>\n<meta name=\"twitter:label1\" content=\"Escrito por\" \/>\n\t<meta name=\"twitter:data1\" content=\"Redacci\u00f3n QP\" \/>\n\t<meta name=\"twitter:label2\" content=\"Tiempo de lectura\" \/>\n\t<meta name=\"twitter:data2\" content=\"6 minutos\" \/>\n<script type=\"application\/ld+json\" class=\"yoast-schema-graph\">{\"@context\":\"https:\\\/\\\/schema.org\",\"@graph\":[{\"@type\":\"Article\",\"@id\":\"https:\\\/\\\/quehacerpolitico.mx\\\/?p=116696#article\",\"isPartOf\":{\"@id\":\"https:\\\/\\\/quehacerpolitico.mx\\\/?p=116696\"},\"author\":{\"name\":\"Redacci\u00f3n QP\",\"@id\":\"https:\\\/\\\/quehacerpolitico.mx\\\/#\\\/schema\\\/person\\\/496d8ad2d1d3f8036101dca7ee39e585\"},\"headline\":\"El cine mexicano se sumerge en la ciencia ficci\u00f3n rom\u00e1ntica con\u00a0\u2018Nuestros tiempos\u2019, una nueva pel\u00edcula protagonizada por\u00a0Lucero y Benny Ibarra\",\"datePublished\":\"2025-06-11T00:53:14+00:00\",\"dateModified\":\"2025-06-11T00:53:18+00:00\",\"mainEntityOfPage\":{\"@id\":\"https:\\\/\\\/quehacerpolitico.mx\\\/?p=116696\"},\"wordCount\":1131,\"commentCount\":0,\"image\":{\"@id\":\"https:\\\/\\\/quehacerpolitico.mx\\\/?p=116696#primaryimage\"},\"thumbnailUrl\":\"https:\\\/\\\/quehacerpolitico.mx\\\/wp-content\\\/uploads\\\/2025\\\/06\\\/IMG_0560.jpeg\",\"articleSection\":[\"Cultura y Entretenimiento\"],\"inLanguage\":\"es\",\"potentialAction\":[{\"@type\":\"CommentAction\",\"name\":\"Comment\",\"target\":[\"https:\\\/\\\/quehacerpolitico.mx\\\/?p=116696#respond\"]}]},{\"@type\":\"WebPage\",\"@id\":\"https:\\\/\\\/quehacerpolitico.mx\\\/?p=116696\",\"url\":\"https:\\\/\\\/quehacerpolitico.mx\\\/?p=116696\",\"name\":\"El cine mexicano se sumerge en la ciencia ficci\u00f3n rom\u00e1ntica con\u00a0\u2018Nuestros tiempos\u2019, una nueva pel\u00edcula protagonizada por\u00a0Lucero y Benny Ibarra -\",\"isPartOf\":{\"@id\":\"https:\\\/\\\/quehacerpolitico.mx\\\/#website\"},\"primaryImageOfPage\":{\"@id\":\"https:\\\/\\\/quehacerpolitico.mx\\\/?p=116696#primaryimage\"},\"image\":{\"@id\":\"https:\\\/\\\/quehacerpolitico.mx\\\/?p=116696#primaryimage\"},\"thumbnailUrl\":\"https:\\\/\\\/quehacerpolitico.mx\\\/wp-content\\\/uploads\\\/2025\\\/06\\\/IMG_0560.jpeg\",\"datePublished\":\"2025-06-11T00:53:14+00:00\",\"dateModified\":\"2025-06-11T00:53:18+00:00\",\"author\":{\"@id\":\"https:\\\/\\\/quehacerpolitico.mx\\\/#\\\/schema\\\/person\\\/496d8ad2d1d3f8036101dca7ee39e585\"},\"breadcrumb\":{\"@id\":\"https:\\\/\\\/quehacerpolitico.mx\\\/?p=116696#breadcrumb\"},\"inLanguage\":\"es\",\"potentialAction\":[{\"@type\":\"ReadAction\",\"target\":[\"https:\\\/\\\/quehacerpolitico.mx\\\/?p=116696\"]}]},{\"@type\":\"ImageObject\",\"inLanguage\":\"es\",\"@id\":\"https:\\\/\\\/quehacerpolitico.mx\\\/?p=116696#primaryimage\",\"url\":\"https:\\\/\\\/quehacerpolitico.mx\\\/wp-content\\\/uploads\\\/2025\\\/06\\\/IMG_0560.jpeg\",\"contentUrl\":\"https:\\\/\\\/quehacerpolitico.mx\\\/wp-content\\\/uploads\\\/2025\\\/06\\\/IMG_0560.jpeg\",\"width\":739,\"height\":415},{\"@type\":\"BreadcrumbList\",\"@id\":\"https:\\\/\\\/quehacerpolitico.mx\\\/?p=116696#breadcrumb\",\"itemListElement\":[{\"@type\":\"ListItem\",\"position\":1,\"name\":\"Inicio\",\"item\":\"https:\\\/\\\/quehacerpolitico.mx\\\/\"},{\"@type\":\"ListItem\",\"position\":2,\"name\":\"El cine mexicano se sumerge en la ciencia ficci\u00f3n rom\u00e1ntica con\u00a0\u2018Nuestros tiempos\u2019, una nueva pel\u00edcula protagonizada por\u00a0Lucero y Benny Ibarra\"}]},{\"@type\":\"WebSite\",\"@id\":\"https:\\\/\\\/quehacerpolitico.mx\\\/#website\",\"url\":\"https:\\\/\\\/quehacerpolitico.mx\\\/\",\"name\":\"\",\"description\":\"\",\"potentialAction\":[{\"@type\":\"SearchAction\",\"target\":{\"@type\":\"EntryPoint\",\"urlTemplate\":\"https:\\\/\\\/quehacerpolitico.mx\\\/?s={search_term_string}\"},\"query-input\":{\"@type\":\"PropertyValueSpecification\",\"valueRequired\":true,\"valueName\":\"search_term_string\"}}],\"inLanguage\":\"es\"},{\"@type\":\"Person\",\"@id\":\"https:\\\/\\\/quehacerpolitico.mx\\\/#\\\/schema\\\/person\\\/496d8ad2d1d3f8036101dca7ee39e585\",\"name\":\"Redacci\u00f3n QP\",\"image\":{\"@type\":\"ImageObject\",\"inLanguage\":\"es\",\"@id\":\"https:\\\/\\\/secure.gravatar.com\\\/avatar\\\/c7164ed6fdec453195284ad24a5ae5b6e1eed2b848477fa2a4787ba9adf39a41?s=96&d=mm&r=g\",\"url\":\"https:\\\/\\\/secure.gravatar.com\\\/avatar\\\/c7164ed6fdec453195284ad24a5ae5b6e1eed2b848477fa2a4787ba9adf39a41?s=96&d=mm&r=g\",\"contentUrl\":\"https:\\\/\\\/secure.gravatar.com\\\/avatar\\\/c7164ed6fdec453195284ad24a5ae5b6e1eed2b848477fa2a4787ba9adf39a41?s=96&d=mm&r=g\",\"caption\":\"Redacci\u00f3n QP\"},\"url\":\"https:\\\/\\\/quehacerpolitico.mx\\\/?author=2\"}]}<\/script>\n<!-- \/ Yoast SEO plugin. -->","yoast_head_json":{"title":"El cine mexicano se sumerge en la ciencia ficci\u00f3n rom\u00e1ntica con\u00a0\u2018Nuestros tiempos\u2019, una nueva pel\u00edcula protagonizada por\u00a0Lucero y Benny Ibarra -","robots":{"index":"index","follow":"follow","max-snippet":"max-snippet:-1","max-image-preview":"max-image-preview:large","max-video-preview":"max-video-preview:-1"},"canonical":"https:\/\/quehacerpolitico.mx\/?p=116696","og_locale":"es_MX","og_type":"article","og_title":"El cine mexicano se sumerge en la ciencia ficci\u00f3n rom\u00e1ntica con\u00a0\u2018Nuestros tiempos\u2019, una nueva pel\u00edcula protagonizada por\u00a0Lucero y Benny Ibarra -","og_description":"Por Redacci\u00f3n QP Bajo la direcci\u00f3n de Chava Cartas, la cinta plantea un experimento narrativo...","og_url":"https:\/\/quehacerpolitico.mx\/?p=116696","article_published_time":"2025-06-11T00:53:14+00:00","article_modified_time":"2025-06-11T00:53:18+00:00","og_image":[{"width":739,"height":415,"url":"https:\/\/quehacerpolitico.mx\/wp-content\/uploads\/2025\/06\/IMG_0560.jpeg","type":"image\/jpeg"}],"author":"Redacci\u00f3n QP","twitter_card":"summary_large_image","twitter_misc":{"Escrito por":"Redacci\u00f3n QP","Tiempo de lectura":"6 minutos"},"schema":{"@context":"https:\/\/schema.org","@graph":[{"@type":"Article","@id":"https:\/\/quehacerpolitico.mx\/?p=116696#article","isPartOf":{"@id":"https:\/\/quehacerpolitico.mx\/?p=116696"},"author":{"name":"Redacci\u00f3n QP","@id":"https:\/\/quehacerpolitico.mx\/#\/schema\/person\/496d8ad2d1d3f8036101dca7ee39e585"},"headline":"El cine mexicano se sumerge en la ciencia ficci\u00f3n rom\u00e1ntica con\u00a0\u2018Nuestros tiempos\u2019, una nueva pel\u00edcula protagonizada por\u00a0Lucero y Benny Ibarra","datePublished":"2025-06-11T00:53:14+00:00","dateModified":"2025-06-11T00:53:18+00:00","mainEntityOfPage":{"@id":"https:\/\/quehacerpolitico.mx\/?p=116696"},"wordCount":1131,"commentCount":0,"image":{"@id":"https:\/\/quehacerpolitico.mx\/?p=116696#primaryimage"},"thumbnailUrl":"https:\/\/quehacerpolitico.mx\/wp-content\/uploads\/2025\/06\/IMG_0560.jpeg","articleSection":["Cultura y Entretenimiento"],"inLanguage":"es","potentialAction":[{"@type":"CommentAction","name":"Comment","target":["https:\/\/quehacerpolitico.mx\/?p=116696#respond"]}]},{"@type":"WebPage","@id":"https:\/\/quehacerpolitico.mx\/?p=116696","url":"https:\/\/quehacerpolitico.mx\/?p=116696","name":"El cine mexicano se sumerge en la ciencia ficci\u00f3n rom\u00e1ntica con\u00a0\u2018Nuestros tiempos\u2019, una nueva pel\u00edcula protagonizada por\u00a0Lucero y Benny Ibarra -","isPartOf":{"@id":"https:\/\/quehacerpolitico.mx\/#website"},"primaryImageOfPage":{"@id":"https:\/\/quehacerpolitico.mx\/?p=116696#primaryimage"},"image":{"@id":"https:\/\/quehacerpolitico.mx\/?p=116696#primaryimage"},"thumbnailUrl":"https:\/\/quehacerpolitico.mx\/wp-content\/uploads\/2025\/06\/IMG_0560.jpeg","datePublished":"2025-06-11T00:53:14+00:00","dateModified":"2025-06-11T00:53:18+00:00","author":{"@id":"https:\/\/quehacerpolitico.mx\/#\/schema\/person\/496d8ad2d1d3f8036101dca7ee39e585"},"breadcrumb":{"@id":"https:\/\/quehacerpolitico.mx\/?p=116696#breadcrumb"},"inLanguage":"es","potentialAction":[{"@type":"ReadAction","target":["https:\/\/quehacerpolitico.mx\/?p=116696"]}]},{"@type":"ImageObject","inLanguage":"es","@id":"https:\/\/quehacerpolitico.mx\/?p=116696#primaryimage","url":"https:\/\/quehacerpolitico.mx\/wp-content\/uploads\/2025\/06\/IMG_0560.jpeg","contentUrl":"https:\/\/quehacerpolitico.mx\/wp-content\/uploads\/2025\/06\/IMG_0560.jpeg","width":739,"height":415},{"@type":"BreadcrumbList","@id":"https:\/\/quehacerpolitico.mx\/?p=116696#breadcrumb","itemListElement":[{"@type":"ListItem","position":1,"name":"Inicio","item":"https:\/\/quehacerpolitico.mx\/"},{"@type":"ListItem","position":2,"name":"El cine mexicano se sumerge en la ciencia ficci\u00f3n rom\u00e1ntica con\u00a0\u2018Nuestros tiempos\u2019, una nueva pel\u00edcula protagonizada por\u00a0Lucero y Benny Ibarra"}]},{"@type":"WebSite","@id":"https:\/\/quehacerpolitico.mx\/#website","url":"https:\/\/quehacerpolitico.mx\/","name":"","description":"","potentialAction":[{"@type":"SearchAction","target":{"@type":"EntryPoint","urlTemplate":"https:\/\/quehacerpolitico.mx\/?s={search_term_string}"},"query-input":{"@type":"PropertyValueSpecification","valueRequired":true,"valueName":"search_term_string"}}],"inLanguage":"es"},{"@type":"Person","@id":"https:\/\/quehacerpolitico.mx\/#\/schema\/person\/496d8ad2d1d3f8036101dca7ee39e585","name":"Redacci\u00f3n QP","image":{"@type":"ImageObject","inLanguage":"es","@id":"https:\/\/secure.gravatar.com\/avatar\/c7164ed6fdec453195284ad24a5ae5b6e1eed2b848477fa2a4787ba9adf39a41?s=96&d=mm&r=g","url":"https:\/\/secure.gravatar.com\/avatar\/c7164ed6fdec453195284ad24a5ae5b6e1eed2b848477fa2a4787ba9adf39a41?s=96&d=mm&r=g","contentUrl":"https:\/\/secure.gravatar.com\/avatar\/c7164ed6fdec453195284ad24a5ae5b6e1eed2b848477fa2a4787ba9adf39a41?s=96&d=mm&r=g","caption":"Redacci\u00f3n QP"},"url":"https:\/\/quehacerpolitico.mx\/?author=2"}]}},"featured_image_urls":{"full":["https:\/\/quehacerpolitico.mx\/wp-content\/uploads\/2025\/06\/IMG_0560.jpeg",739,415,false],"thumbnail":["https:\/\/quehacerpolitico.mx\/wp-content\/uploads\/2025\/06\/IMG_0560-150x150.jpeg",150,150,true],"medium":["https:\/\/quehacerpolitico.mx\/wp-content\/uploads\/2025\/06\/IMG_0560-300x168.jpeg",300,168,true],"medium_large":["https:\/\/quehacerpolitico.mx\/wp-content\/uploads\/2025\/06\/IMG_0560.jpeg",640,359,false],"large":["https:\/\/quehacerpolitico.mx\/wp-content\/uploads\/2025\/06\/IMG_0560.jpeg",640,359,false],"1536x1536":["https:\/\/quehacerpolitico.mx\/wp-content\/uploads\/2025\/06\/IMG_0560.jpeg",739,415,false],"2048x2048":["https:\/\/quehacerpolitico.mx\/wp-content\/uploads\/2025\/06\/IMG_0560.jpeg",739,415,false],"covernews-featured":["https:\/\/quehacerpolitico.mx\/wp-content\/uploads\/2025\/06\/IMG_0560.jpeg",739,415,false],"covernews-medium":["https:\/\/quehacerpolitico.mx\/wp-content\/uploads\/2025\/06\/IMG_0560-540x340.jpeg",540,340,true]},"author_info":{"display_name":"Redacci\u00f3n QP","author_link":"https:\/\/quehacerpolitico.mx\/?author=2"},"category_info":"<a href=\"https:\/\/quehacerpolitico.mx\/?cat=58\" rel=\"category\">Cultura y Entretenimiento<\/a>","tag_info":"Cultura y Entretenimiento","comment_count":"0","_links":{"self":[{"href":"https:\/\/quehacerpolitico.mx\/index.php?rest_route=\/wp\/v2\/posts\/116696","targetHints":{"allow":["GET"]}}],"collection":[{"href":"https:\/\/quehacerpolitico.mx\/index.php?rest_route=\/wp\/v2\/posts"}],"about":[{"href":"https:\/\/quehacerpolitico.mx\/index.php?rest_route=\/wp\/v2\/types\/post"}],"author":[{"embeddable":true,"href":"https:\/\/quehacerpolitico.mx\/index.php?rest_route=\/wp\/v2\/users\/2"}],"replies":[{"embeddable":true,"href":"https:\/\/quehacerpolitico.mx\/index.php?rest_route=%2Fwp%2Fv2%2Fcomments&post=116696"}],"version-history":[{"count":1,"href":"https:\/\/quehacerpolitico.mx\/index.php?rest_route=\/wp\/v2\/posts\/116696\/revisions"}],"predecessor-version":[{"id":116699,"href":"https:\/\/quehacerpolitico.mx\/index.php?rest_route=\/wp\/v2\/posts\/116696\/revisions\/116699"}],"wp:featuredmedia":[{"embeddable":true,"href":"https:\/\/quehacerpolitico.mx\/index.php?rest_route=\/wp\/v2\/media\/116698"}],"wp:attachment":[{"href":"https:\/\/quehacerpolitico.mx\/index.php?rest_route=%2Fwp%2Fv2%2Fmedia&parent=116696"}],"wp:term":[{"taxonomy":"category","embeddable":true,"href":"https:\/\/quehacerpolitico.mx\/index.php?rest_route=%2Fwp%2Fv2%2Fcategories&post=116696"},{"taxonomy":"post_tag","embeddable":true,"href":"https:\/\/quehacerpolitico.mx\/index.php?rest_route=%2Fwp%2Fv2%2Ftags&post=116696"}],"curies":[{"name":"wp","href":"https:\/\/api.w.org\/{rel}","templated":true}]}}