{"id":116681,"date":"2025-06-10T15:55:58","date_gmt":"2025-06-10T21:55:58","guid":{"rendered":"https:\/\/quehacerpolitico.mx\/?p=116681"},"modified":"2025-06-10T16:22:36","modified_gmt":"2025-06-10T22:22:36","slug":"sheinbaum-responde-a-kristi-noem-y-niega-haber-alentado-las-protestas-en-los-angeles","status":"publish","type":"post","link":"https:\/\/quehacerpolitico.mx\/?p=116681","title":{"rendered":"Sheinbaum responde a Kristi Noem y niega haber alentado las protestas en Los \u00c1ngeles"},"content":{"rendered":"\n<p>Por Redacci\u00f3n QP<\/p>\n\n\n\n<p>La mandataria mexicana inst\u00f3 al di\u00e1logo y comparti\u00f3 un fragmento de conferencia matutina de este martes en el que habl\u00f3 sobre las movilizaciones<\/p>\n\n\n\n<p>La presidenta&nbsp;<strong>Claudia Sheinbaum&nbsp;<\/strong>respondi\u00f3 este martes a la secretaria de Seguridad Nacional de Estados Unidos,&nbsp;<strong>Kristi Noem,<\/strong>&nbsp;luego de que la acusara de alentar las protestas en Los \u00c1ngeles.<\/p>\n\n\n\n<figure class=\"wp-block-embed is-type-rich is-provider-twitter wp-block-embed-twitter\"><div class=\"wp-block-embed__wrapper\">\n<blockquote class=\"twitter-tweet\" data-width=\"550\" data-dnt=\"true\"><p lang=\"es\" dir=\"ltr\"><a href=\"https:\/\/twitter.com\/hashtag\/QPMX?src=hash&amp;ref_src=twsrc%5Etfw\">#QPMX<\/a> <a href=\"https:\/\/twitter.com\/hashtag\/QuehacerPolitico?src=hash&amp;ref_src=twsrc%5Etfw\">#QuehacerPolitico<\/a> <a href=\"https:\/\/twitter.com\/hashtag\/InquiriendoLaNoticia?src=hash&amp;ref_src=twsrc%5Etfw\">#InquiriendoLaNoticia<\/a> <br><br>Noem acaba de &quot;condenar&quot; a Sheinbaum desde la Oficina Oval: &quot;Sheinbaum sali\u00f3 y alent\u00f3 m\u00e1s protestas en Los \u00c1ngeles, y la condeno por eso. Ella no deber\u00eda de alentar las protestas violentas que est\u00e1n ocurriendo&quot;. <a href=\"https:\/\/t.co\/K0JqNZueso\">pic.twitter.com\/K0JqNZueso<\/a><\/p>&mdash; Quehacer Pol\u00edtico (@QueHacerPolitic) <a href=\"https:\/\/twitter.com\/QueHacerPolitic\/status\/1932494249414500778?ref_src=twsrc%5Etfw\">June 10, 2025<\/a><\/blockquote><script async src=\"https:\/\/platform.twitter.com\/widgets.js\" charset=\"utf-8\"><\/script>\n<\/div><\/figure>\n\n\n\n<p>Desde su cuenta de X, la mandataria mexicana inst\u00f3 al di\u00e1logo y asegur\u00f3 que lo mencionado por la funcionaria &#8220;es&nbsp;<strong>un malentendido&#8221;.<\/strong><\/p>\n\n\n\n<figure class=\"wp-block-image size-full\"><img loading=\"lazy\" decoding=\"async\" width=\"498\" height=\"319\" src=\"https:\/\/quehacerpolitico.mx\/wp-content\/uploads\/2025\/06\/IMG_0549.png\" alt=\"\" class=\"wp-image-116682\" srcset=\"https:\/\/quehacerpolitico.mx\/wp-content\/uploads\/2025\/06\/IMG_0549.png 498w, https:\/\/quehacerpolitico.mx\/wp-content\/uploads\/2025\/06\/IMG_0549-300x192.png 300w\" sizes=\"auto, (max-width: 498px) 100vw, 498px\" \/><\/figure>\n\n\n\n<figure class=\"wp-block-embed is-type-rich is-provider-twitter wp-block-embed-twitter\"><div class=\"wp-block-embed__wrapper\">\n<blockquote class=\"twitter-tweet\" data-width=\"550\" data-dnt=\"true\"><p lang=\"es\" dir=\"ltr\">Hace unos momentos, ante una pregunta de un medio, la secretaria de Seguridad Interior de los Estados Unidos, equivocadamente mencion\u00f3 que alent\u00e9 protestas violentas en Los \u00c1ngeles. Le informo que es absolutamente falso. Aqu\u00ed dejo mi declaraci\u00f3n del d\u00eda de ayer donde claramente\u2026 <a href=\"https:\/\/t.co\/LEiVxdmvJv\">pic.twitter.com\/LEiVxdmvJv<\/a><\/p>&mdash; Claudia Sheinbaum Pardo (@Claudiashein) <a href=\"https:\/\/twitter.com\/Claudiashein\/status\/1932505129548157307?ref_src=twsrc%5Etfw\">June 10, 2025<\/a><\/blockquote><script async src=\"https:\/\/platform.twitter.com\/widgets.js\" charset=\"utf-8\"><\/script>\n<\/div><\/figure>\n\n\n\n<p>&#8220;La secretaria de Seguridad Interior de los Estados Unidos&nbsp;equivocadamente mencion\u00f3 que alent\u00e9 protestas violentas en Los \u00c1ngeles. Le informo que&nbsp;<strong>es absolutamente falso<\/strong>&#8220;, escribi\u00f3.<\/p>\n\n\n\n<p>La publicaci\u00f3n de la mandataria fue&nbsp;acompa\u00f1ada de un fragmento de la conferencia matutina del lunes 9 de junio, en la que mencionaba no estar de acuerdo con las acciones violentas como forma de protesta.&nbsp;<\/p>\n\n\n\n<p>&#8220;Debe quedar claro, condenamos la violencia venga de donde venga, llamamos a la comunidad mexicana a actuar de manera pac\u00edfica y no caer en provocaciones&#8221;, dijo ayer.&nbsp;<\/p>\n\n\n\n<p>La mandataria afirm\u00f3 en la misma publicaci\u00f3n que a trav\u00e9s del\u00a0<strong>di\u00e1logo<\/strong>\u00a0y el\u00a0<strong>respeto<\/strong>\u00a0buscar\u00e1 que &#8220;este malentendido&#8221; se aclare entre las dos naciones.<\/p>\n\n\n\n<figure class=\"wp-block-embed is-type-rich is-provider-twitter wp-block-embed-twitter\"><div class=\"wp-block-embed__wrapper\">\n<blockquote class=\"twitter-tweet\" data-width=\"550\" data-dnt=\"true\"><p lang=\"es\" dir=\"ltr\">Quien llam\u00f3 a los <a href=\"https:\/\/twitter.com\/hashtag\/migrantes?src=hash&amp;ref_src=twsrc%5Etfw\">#migrantes<\/a> mexicanos en Estados Unidos a manifestarse fue Claudia <a href=\"https:\/\/twitter.com\/hashtag\/Sheinbaum?src=hash&amp;ref_src=twsrc%5Etfw\">#Sheinbaum<\/a>, hoy se est\u00e1 lavando las manos. \ud83e\udee0<br><br>Eres la culpable de lo sucedido en Los \u00c1ngeles, California. <a href=\"https:\/\/twitter.com\/Claudiashein?ref_src=twsrc%5Etfw\">@Claudiashein<\/a> <a href=\"https:\/\/twitter.com\/hashtag\/NarcoGobiernoMorena?src=hash&amp;ref_src=twsrc%5Etfw\">#NarcoGobiernoMorena<\/a> <a href=\"https:\/\/t.co\/3cmE8mZfbO\">pic.twitter.com\/3cmE8mZfbO<\/a><\/p>&mdash; Edgar Jim\u00e9nez (@citizenedgar) <a href=\"https:\/\/twitter.com\/citizenedgar\/status\/1932191706390143147?ref_src=twsrc%5Etfw\">June 9, 2025<\/a><\/blockquote><script async src=\"https:\/\/platform.twitter.com\/widgets.js\" charset=\"utf-8\"><\/script>\n<\/div><\/figure>\n\n\n\n<p>La ma\u00f1ana de este martes, Noem&nbsp;responsabiliz\u00f3&nbsp;a&nbsp;Sheinbaum, de instar a protestas en&nbsp;<strong>Los<\/strong>&nbsp;<strong>\u00c1ngeles<\/strong>, las cuales escalaron su tono y fueron escenario de quema de veh\u00edculos, as\u00ed como de enfrentamientos entre civiles y la Guardia Nacional.&nbsp;<\/p>\n\n\n\n<p>\u201cClaudia Sheinbaum sali\u00f3 y encarg\u00f3 m\u00e1s protestas en Los \u00c1ngeles y yo la condeno por eso\u201d, dijo la secretaria de Seguridad en el Despacho Oval.<\/p>\n","protected":false},"excerpt":{"rendered":"<p>Por Redacci\u00f3n QP La mandataria mexicana inst\u00f3 al di\u00e1logo y comparti\u00f3 un fragmento de conferencia&#8230;<\/p>\n","protected":false},"author":2,"featured_media":116683,"comment_status":"open","ping_status":"open","sticky":false,"template":"","format":"standard","meta":{"_monsterinsights_skip_tracking":false,"_monsterinsights_sitenote_active":false,"_monsterinsights_sitenote_note":"","_monsterinsights_sitenote_category":0,"footnotes":""},"categories":[280,2],"tags":[],"class_list":["post-116681","post","type-post","status-publish","format-standard","has-post-thumbnail","hentry","category-nacionales","category-noticias"],"yoast_head":"<!-- This site is optimized with the Yoast SEO plugin v27.3 - https:\/\/yoast.com\/product\/yoast-seo-wordpress\/ -->\n<title>Sheinbaum responde a Kristi Noem y niega haber alentado las protestas en Los \u00c1ngeles -<\/title>\n<meta name=\"robots\" content=\"index, follow, max-snippet:-1, max-image-preview:large, max-video-preview:-1\" \/>\n<link rel=\"canonical\" href=\"https:\/\/quehacerpolitico.mx\/?p=116681\" \/>\n<meta property=\"og:locale\" content=\"es_MX\" \/>\n<meta property=\"og:type\" content=\"article\" \/>\n<meta property=\"og:title\" content=\"Sheinbaum responde a Kristi Noem y niega haber alentado las protestas en Los \u00c1ngeles -\" \/>\n<meta property=\"og:description\" content=\"Por Redacci\u00f3n QP La mandataria mexicana inst\u00f3 al di\u00e1logo y comparti\u00f3 un fragmento de conferencia...\" \/>\n<meta property=\"og:url\" content=\"https:\/\/quehacerpolitico.mx\/?p=116681\" \/>\n<meta property=\"article:published_time\" content=\"2025-06-10T21:55:58+00:00\" \/>\n<meta property=\"article:modified_time\" content=\"2025-06-10T22:22:36+00:00\" \/>\n<meta property=\"og:image\" content=\"https:\/\/quehacerpolitico.mx\/wp-content\/uploads\/2025\/06\/IMG_0550.jpeg\" \/>\n\t<meta property=\"og:image:width\" content=\"640\" \/>\n\t<meta property=\"og:image:height\" content=\"480\" \/>\n\t<meta property=\"og:image:type\" content=\"image\/jpeg\" \/>\n<meta name=\"author\" content=\"Redacci\u00f3n QP\" \/>\n<meta name=\"twitter:card\" content=\"summary_large_image\" \/>\n<meta name=\"twitter:label1\" content=\"Escrito por\" \/>\n\t<meta name=\"twitter:data1\" content=\"Redacci\u00f3n QP\" \/>\n\t<meta name=\"twitter:label2\" content=\"Tiempo de lectura\" \/>\n\t<meta name=\"twitter:data2\" content=\"1 minuto\" \/>\n<script type=\"application\/ld+json\" class=\"yoast-schema-graph\">{\"@context\":\"https:\\\/\\\/schema.org\",\"@graph\":[{\"@type\":\"Article\",\"@id\":\"https:\\\/\\\/quehacerpolitico.mx\\\/?p=116681#article\",\"isPartOf\":{\"@id\":\"https:\\\/\\\/quehacerpolitico.mx\\\/?p=116681\"},\"author\":{\"name\":\"Redacci\u00f3n QP\",\"@id\":\"https:\\\/\\\/quehacerpolitico.mx\\\/#\\\/schema\\\/person\\\/496d8ad2d1d3f8036101dca7ee39e585\"},\"headline\":\"Sheinbaum responde a Kristi Noem y niega haber alentado las protestas en Los \u00c1ngeles\",\"datePublished\":\"2025-06-10T21:55:58+00:00\",\"dateModified\":\"2025-06-10T22:22:36+00:00\",\"mainEntityOfPage\":{\"@id\":\"https:\\\/\\\/quehacerpolitico.mx\\\/?p=116681\"},\"wordCount\":312,\"commentCount\":0,\"image\":{\"@id\":\"https:\\\/\\\/quehacerpolitico.mx\\\/?p=116681#primaryimage\"},\"thumbnailUrl\":\"https:\\\/\\\/quehacerpolitico.mx\\\/wp-content\\\/uploads\\\/2025\\\/06\\\/IMG_0550.jpeg\",\"articleSection\":[\"Nacionales\",\"Noticias\"],\"inLanguage\":\"es\",\"potentialAction\":[{\"@type\":\"CommentAction\",\"name\":\"Comment\",\"target\":[\"https:\\\/\\\/quehacerpolitico.mx\\\/?p=116681#respond\"]}]},{\"@type\":\"WebPage\",\"@id\":\"https:\\\/\\\/quehacerpolitico.mx\\\/?p=116681\",\"url\":\"https:\\\/\\\/quehacerpolitico.mx\\\/?p=116681\",\"name\":\"Sheinbaum responde a Kristi Noem y niega haber alentado las protestas en Los \u00c1ngeles -\",\"isPartOf\":{\"@id\":\"https:\\\/\\\/quehacerpolitico.mx\\\/#website\"},\"primaryImageOfPage\":{\"@id\":\"https:\\\/\\\/quehacerpolitico.mx\\\/?p=116681#primaryimage\"},\"image\":{\"@id\":\"https:\\\/\\\/quehacerpolitico.mx\\\/?p=116681#primaryimage\"},\"thumbnailUrl\":\"https:\\\/\\\/quehacerpolitico.mx\\\/wp-content\\\/uploads\\\/2025\\\/06\\\/IMG_0550.jpeg\",\"datePublished\":\"2025-06-10T21:55:58+00:00\",\"dateModified\":\"2025-06-10T22:22:36+00:00\",\"author\":{\"@id\":\"https:\\\/\\\/quehacerpolitico.mx\\\/#\\\/schema\\\/person\\\/496d8ad2d1d3f8036101dca7ee39e585\"},\"breadcrumb\":{\"@id\":\"https:\\\/\\\/quehacerpolitico.mx\\\/?p=116681#breadcrumb\"},\"inLanguage\":\"es\",\"potentialAction\":[{\"@type\":\"ReadAction\",\"target\":[\"https:\\\/\\\/quehacerpolitico.mx\\\/?p=116681\"]}]},{\"@type\":\"ImageObject\",\"inLanguage\":\"es\",\"@id\":\"https:\\\/\\\/quehacerpolitico.mx\\\/?p=116681#primaryimage\",\"url\":\"https:\\\/\\\/quehacerpolitico.mx\\\/wp-content\\\/uploads\\\/2025\\\/06\\\/IMG_0550.jpeg\",\"contentUrl\":\"https:\\\/\\\/quehacerpolitico.mx\\\/wp-content\\\/uploads\\\/2025\\\/06\\\/IMG_0550.jpeg\",\"width\":640,\"height\":480},{\"@type\":\"BreadcrumbList\",\"@id\":\"https:\\\/\\\/quehacerpolitico.mx\\\/?p=116681#breadcrumb\",\"itemListElement\":[{\"@type\":\"ListItem\",\"position\":1,\"name\":\"Inicio\",\"item\":\"https:\\\/\\\/quehacerpolitico.mx\\\/\"},{\"@type\":\"ListItem\",\"position\":2,\"name\":\"Sheinbaum responde a Kristi Noem y niega haber alentado las protestas en Los \u00c1ngeles\"}]},{\"@type\":\"WebSite\",\"@id\":\"https:\\\/\\\/quehacerpolitico.mx\\\/#website\",\"url\":\"https:\\\/\\\/quehacerpolitico.mx\\\/\",\"name\":\"\",\"description\":\"\",\"potentialAction\":[{\"@type\":\"SearchAction\",\"target\":{\"@type\":\"EntryPoint\",\"urlTemplate\":\"https:\\\/\\\/quehacerpolitico.mx\\\/?s={search_term_string}\"},\"query-input\":{\"@type\":\"PropertyValueSpecification\",\"valueRequired\":true,\"valueName\":\"search_term_string\"}}],\"inLanguage\":\"es\"},{\"@type\":\"Person\",\"@id\":\"https:\\\/\\\/quehacerpolitico.mx\\\/#\\\/schema\\\/person\\\/496d8ad2d1d3f8036101dca7ee39e585\",\"name\":\"Redacci\u00f3n QP\",\"image\":{\"@type\":\"ImageObject\",\"inLanguage\":\"es\",\"@id\":\"https:\\\/\\\/secure.gravatar.com\\\/avatar\\\/c7164ed6fdec453195284ad24a5ae5b6e1eed2b848477fa2a4787ba9adf39a41?s=96&d=mm&r=g\",\"url\":\"https:\\\/\\\/secure.gravatar.com\\\/avatar\\\/c7164ed6fdec453195284ad24a5ae5b6e1eed2b848477fa2a4787ba9adf39a41?s=96&d=mm&r=g\",\"contentUrl\":\"https:\\\/\\\/secure.gravatar.com\\\/avatar\\\/c7164ed6fdec453195284ad24a5ae5b6e1eed2b848477fa2a4787ba9adf39a41?s=96&d=mm&r=g\",\"caption\":\"Redacci\u00f3n QP\"},\"url\":\"https:\\\/\\\/quehacerpolitico.mx\\\/?author=2\"}]}<\/script>\n<!-- \/ Yoast SEO plugin. -->","yoast_head_json":{"title":"Sheinbaum responde a Kristi Noem y niega haber alentado las protestas en Los \u00c1ngeles -","robots":{"index":"index","follow":"follow","max-snippet":"max-snippet:-1","max-image-preview":"max-image-preview:large","max-video-preview":"max-video-preview:-1"},"canonical":"https:\/\/quehacerpolitico.mx\/?p=116681","og_locale":"es_MX","og_type":"article","og_title":"Sheinbaum responde a Kristi Noem y niega haber alentado las protestas en Los \u00c1ngeles -","og_description":"Por Redacci\u00f3n QP La mandataria mexicana inst\u00f3 al di\u00e1logo y comparti\u00f3 un fragmento de conferencia...","og_url":"https:\/\/quehacerpolitico.mx\/?p=116681","article_published_time":"2025-06-10T21:55:58+00:00","article_modified_time":"2025-06-10T22:22:36+00:00","og_image":[{"width":640,"height":480,"url":"https:\/\/quehacerpolitico.mx\/wp-content\/uploads\/2025\/06\/IMG_0550.jpeg","type":"image\/jpeg"}],"author":"Redacci\u00f3n QP","twitter_card":"summary_large_image","twitter_misc":{"Escrito por":"Redacci\u00f3n QP","Tiempo de lectura":"1 minuto"},"schema":{"@context":"https:\/\/schema.org","@graph":[{"@type":"Article","@id":"https:\/\/quehacerpolitico.mx\/?p=116681#article","isPartOf":{"@id":"https:\/\/quehacerpolitico.mx\/?p=116681"},"author":{"name":"Redacci\u00f3n QP","@id":"https:\/\/quehacerpolitico.mx\/#\/schema\/person\/496d8ad2d1d3f8036101dca7ee39e585"},"headline":"Sheinbaum responde a Kristi Noem y niega haber alentado las protestas en Los \u00c1ngeles","datePublished":"2025-06-10T21:55:58+00:00","dateModified":"2025-06-10T22:22:36+00:00","mainEntityOfPage":{"@id":"https:\/\/quehacerpolitico.mx\/?p=116681"},"wordCount":312,"commentCount":0,"image":{"@id":"https:\/\/quehacerpolitico.mx\/?p=116681#primaryimage"},"thumbnailUrl":"https:\/\/quehacerpolitico.mx\/wp-content\/uploads\/2025\/06\/IMG_0550.jpeg","articleSection":["Nacionales","Noticias"],"inLanguage":"es","potentialAction":[{"@type":"CommentAction","name":"Comment","target":["https:\/\/quehacerpolitico.mx\/?p=116681#respond"]}]},{"@type":"WebPage","@id":"https:\/\/quehacerpolitico.mx\/?p=116681","url":"https:\/\/quehacerpolitico.mx\/?p=116681","name":"Sheinbaum responde a Kristi Noem y niega haber alentado las protestas en Los \u00c1ngeles -","isPartOf":{"@id":"https:\/\/quehacerpolitico.mx\/#website"},"primaryImageOfPage":{"@id":"https:\/\/quehacerpolitico.mx\/?p=116681#primaryimage"},"image":{"@id":"https:\/\/quehacerpolitico.mx\/?p=116681#primaryimage"},"thumbnailUrl":"https:\/\/quehacerpolitico.mx\/wp-content\/uploads\/2025\/06\/IMG_0550.jpeg","datePublished":"2025-06-10T21:55:58+00:00","dateModified":"2025-06-10T22:22:36+00:00","author":{"@id":"https:\/\/quehacerpolitico.mx\/#\/schema\/person\/496d8ad2d1d3f8036101dca7ee39e585"},"breadcrumb":{"@id":"https:\/\/quehacerpolitico.mx\/?p=116681#breadcrumb"},"inLanguage":"es","potentialAction":[{"@type":"ReadAction","target":["https:\/\/quehacerpolitico.mx\/?p=116681"]}]},{"@type":"ImageObject","inLanguage":"es","@id":"https:\/\/quehacerpolitico.mx\/?p=116681#primaryimage","url":"https:\/\/quehacerpolitico.mx\/wp-content\/uploads\/2025\/06\/IMG_0550.jpeg","contentUrl":"https:\/\/quehacerpolitico.mx\/wp-content\/uploads\/2025\/06\/IMG_0550.jpeg","width":640,"height":480},{"@type":"BreadcrumbList","@id":"https:\/\/quehacerpolitico.mx\/?p=116681#breadcrumb","itemListElement":[{"@type":"ListItem","position":1,"name":"Inicio","item":"https:\/\/quehacerpolitico.mx\/"},{"@type":"ListItem","position":2,"name":"Sheinbaum responde a Kristi Noem y niega haber alentado las protestas en Los \u00c1ngeles"}]},{"@type":"WebSite","@id":"https:\/\/quehacerpolitico.mx\/#website","url":"https:\/\/quehacerpolitico.mx\/","name":"","description":"","potentialAction":[{"@type":"SearchAction","target":{"@type":"EntryPoint","urlTemplate":"https:\/\/quehacerpolitico.mx\/?s={search_term_string}"},"query-input":{"@type":"PropertyValueSpecification","valueRequired":true,"valueName":"search_term_string"}}],"inLanguage":"es"},{"@type":"Person","@id":"https:\/\/quehacerpolitico.mx\/#\/schema\/person\/496d8ad2d1d3f8036101dca7ee39e585","name":"Redacci\u00f3n QP","image":{"@type":"ImageObject","inLanguage":"es","@id":"https:\/\/secure.gravatar.com\/avatar\/c7164ed6fdec453195284ad24a5ae5b6e1eed2b848477fa2a4787ba9adf39a41?s=96&d=mm&r=g","url":"https:\/\/secure.gravatar.com\/avatar\/c7164ed6fdec453195284ad24a5ae5b6e1eed2b848477fa2a4787ba9adf39a41?s=96&d=mm&r=g","contentUrl":"https:\/\/secure.gravatar.com\/avatar\/c7164ed6fdec453195284ad24a5ae5b6e1eed2b848477fa2a4787ba9adf39a41?s=96&d=mm&r=g","caption":"Redacci\u00f3n QP"},"url":"https:\/\/quehacerpolitico.mx\/?author=2"}]}},"featured_image_urls":{"full":["https:\/\/quehacerpolitico.mx\/wp-content\/uploads\/2025\/06\/IMG_0550.jpeg",640,480,false],"thumbnail":["https:\/\/quehacerpolitico.mx\/wp-content\/uploads\/2025\/06\/IMG_0550-150x150.jpeg",150,150,true],"medium":["https:\/\/quehacerpolitico.mx\/wp-content\/uploads\/2025\/06\/IMG_0550-300x225.jpeg",300,225,true],"medium_large":["https:\/\/quehacerpolitico.mx\/wp-content\/uploads\/2025\/06\/IMG_0550.jpeg",640,480,false],"large":["https:\/\/quehacerpolitico.mx\/wp-content\/uploads\/2025\/06\/IMG_0550.jpeg",640,480,false],"1536x1536":["https:\/\/quehacerpolitico.mx\/wp-content\/uploads\/2025\/06\/IMG_0550.jpeg",640,480,false],"2048x2048":["https:\/\/quehacerpolitico.mx\/wp-content\/uploads\/2025\/06\/IMG_0550.jpeg",640,480,false],"covernews-featured":["https:\/\/quehacerpolitico.mx\/wp-content\/uploads\/2025\/06\/IMG_0550.jpeg",640,480,false],"covernews-medium":["https:\/\/quehacerpolitico.mx\/wp-content\/uploads\/2025\/06\/IMG_0550-540x340.jpeg",540,340,true]},"author_info":{"display_name":"Redacci\u00f3n QP","author_link":"https:\/\/quehacerpolitico.mx\/?author=2"},"category_info":"<a href=\"https:\/\/quehacerpolitico.mx\/?cat=280\" rel=\"category\">Nacionales<\/a> <a href=\"https:\/\/quehacerpolitico.mx\/?cat=2\" rel=\"category\">Noticias<\/a>","tag_info":"Noticias","comment_count":"0","_links":{"self":[{"href":"https:\/\/quehacerpolitico.mx\/index.php?rest_route=\/wp\/v2\/posts\/116681","targetHints":{"allow":["GET"]}}],"collection":[{"href":"https:\/\/quehacerpolitico.mx\/index.php?rest_route=\/wp\/v2\/posts"}],"about":[{"href":"https:\/\/quehacerpolitico.mx\/index.php?rest_route=\/wp\/v2\/types\/post"}],"author":[{"embeddable":true,"href":"https:\/\/quehacerpolitico.mx\/index.php?rest_route=\/wp\/v2\/users\/2"}],"replies":[{"embeddable":true,"href":"https:\/\/quehacerpolitico.mx\/index.php?rest_route=%2Fwp%2Fv2%2Fcomments&post=116681"}],"version-history":[{"count":2,"href":"https:\/\/quehacerpolitico.mx\/index.php?rest_route=\/wp\/v2\/posts\/116681\/revisions"}],"predecessor-version":[{"id":116685,"href":"https:\/\/quehacerpolitico.mx\/index.php?rest_route=\/wp\/v2\/posts\/116681\/revisions\/116685"}],"wp:featuredmedia":[{"embeddable":true,"href":"https:\/\/quehacerpolitico.mx\/index.php?rest_route=\/wp\/v2\/media\/116683"}],"wp:attachment":[{"href":"https:\/\/quehacerpolitico.mx\/index.php?rest_route=%2Fwp%2Fv2%2Fmedia&parent=116681"}],"wp:term":[{"taxonomy":"category","embeddable":true,"href":"https:\/\/quehacerpolitico.mx\/index.php?rest_route=%2Fwp%2Fv2%2Fcategories&post=116681"},{"taxonomy":"post_tag","embeddable":true,"href":"https:\/\/quehacerpolitico.mx\/index.php?rest_route=%2Fwp%2Fv2%2Ftags&post=116681"}],"curies":[{"name":"wp","href":"https:\/\/api.w.org\/{rel}","templated":true}]}}