{"id":116590,"date":"2025-05-29T12:32:02","date_gmt":"2025-05-29T18:32:02","guid":{"rendered":"https:\/\/quehacerpolitico.mx\/?p=116590"},"modified":"2025-05-29T12:32:04","modified_gmt":"2025-05-29T18:32:04","slug":"sheinbaum-confirma-que-gobierno-de-trump-impugnara-fallo-de-tribunal-de-comercio-que-frena-los-aranceles","status":"publish","type":"post","link":"https:\/\/quehacerpolitico.mx\/?p=116590","title":{"rendered":"Sheinbaum confirma que gobierno de Trump impugnar\u00e1 fallo de tribunal de comercio que frena los aranceles"},"content":{"rendered":"\n<p>Por Redacci\u00f3n QP<\/p>\n\n\n\n<p>La presidenta dijo que todav\u00eda deben analizarse los alcances de la resoluci\u00f3n anunciada este mi\u00e9rcoles que beneficiar\u00eda a M\u00e9xico, China y Canad\u00e1<\/p>\n\n\n\n<p>La presidenta&nbsp;<strong>Claudia Sheinbaum&nbsp;<\/strong>confirm\u00f3 este jueves que el gobierno de&nbsp;<strong>Donald Trump<\/strong>&nbsp;impugnar\u00e1 el fallo del Tribunal de Comercio Internacional&nbsp;que frena los aranceles impuestos a pa\u00edses como M\u00e9xico, China y Canad\u00e1.&nbsp;<\/p>\n\n\n\n<p>En su conferencia matutina, la mandataria no comparti\u00f3 su postura sobre esta decisi\u00f3n anunciada el mi\u00e9rcoles y se\u00f1al\u00f3 que todav\u00eda se deben esperar los efectos de la resoluci\u00f3n.&nbsp;<\/p>\n\n\n\n<p>Sheinbaum indic\u00f3 que su gobierno espera que la<strong>\u00a0Secretar\u00eda de Econom\u00eda,<\/strong> encabezada por Marcelo Ebrard, ofrezca un an\u00e1lisis de los detalles.<\/p>\n\n\n\n<p>\u201cVamos a ver hasta d\u00f3nde tiene alcance, ayer conocimos esta resoluci\u00f3n (&#8230;) sabemos que el gobierno de\u00a0<strong>Estados Unidos\u00a0va a poner una contrademanda,\u00a0<\/strong>entonces vamos a ver el alcance\u201d, respondi\u00f3 a la prensa.<\/p>\n\n\n\n<figure class=\"wp-block-embed is-type-rich is-provider-twitter wp-block-embed-twitter\"><div class=\"wp-block-embed__wrapper\">\n<blockquote class=\"twitter-tweet\" data-width=\"550\" data-dnt=\"true\"><p lang=\"es\" dir=\"ltr\">\ud83d\udd34\u201cVamos a ver hasta donde tiene alcance\u201d: la presidenta Claudia Sheinbaum dijo que analizar\u00e1n la resoluci\u00f3n de una Corte de Estados Unidos que bloque\u00f3 la imposici\u00f3n de aranceles por parte del presidente de ese pa\u00eds, Donald Trump.<br><br>\ud83d\udcf9Israel Aldave v\u00eda <a href=\"https:\/\/twitter.com\/Radio_Formula?ref_src=twsrc%5Etfw\">@Radio_Formula<\/a> <a href=\"https:\/\/t.co\/iQ5JLtMWwG\">pic.twitter.com\/iQ5JLtMWwG<\/a><\/p>&mdash; Azucena Uresti (@azucenau) <a href=\"https:\/\/twitter.com\/azucenau\/status\/1928097998732497364?ref_src=twsrc%5Etfw\">May 29, 2025<\/a><\/blockquote><script async src=\"https:\/\/platform.twitter.com\/widgets.js\" charset=\"utf-8\"><\/script>\n<\/div><\/figure>\n\n\n\n<p>Un tribunal federal de comercio le prohibi\u00f3 el mi\u00e9rcoles al presidente estadounidense Donald Trump<strong>&nbsp;imponer amplios aranceles generalizados&nbsp;<\/strong>al amparo de una ley de poderes de emergencia, poniendo r\u00e1pidamente en duda el conjunto de pol\u00edticas econ\u00f3micas emblem\u00e1ticas del mandatario que han sacudido los mercados financieros globales, frustrado a los socios comerciales y aumentado los temores m\u00e1s amplios sobre la intensificaci\u00f3n de la inflaci\u00f3n y la ca\u00edda de la econom\u00eda.<\/p>\n\n\n\n<p>El fallo de un panel de tres jueces en el&nbsp;<strong>Tribunal de Comercio Internacional con sede en Nueva York&nbsp;<\/strong>se produjo despu\u00e9s de que se interpusieron varias demandas en las que se argumenta que los aranceles del &#8220;D\u00eda de la Liberaci\u00f3n&#8221; de Trump han excedido su autoridad, dejando la pol\u00edtica comercial de Estados Unidos dependiente de sus caprichos.<\/p>\n\n\n\n<p>Trump&nbsp;<strong>a\u00fan podr\u00eda implementar durante 150 d\u00edas impuestos del 15%<\/strong>&nbsp;a las importaciones sobre naciones con las que Estados Unidos tiene un d\u00e9ficit comercial sustancial. El fallo se\u00f1ala que un presidente tiene esta autoridad al amparo de la Secci\u00f3n 122 de la Ley de Comercio de 1974.<\/p>\n\n\n\n<p><em>Con informaci\u00f3n de AP<\/em><\/p>\n","protected":false},"excerpt":{"rendered":"<p>Por Redacci\u00f3n QP La presidenta dijo que todav\u00eda deben analizarse los alcances de la resoluci\u00f3n&#8230;<\/p>\n","protected":false},"author":2,"featured_media":116591,"comment_status":"open","ping_status":"open","sticky":false,"template":"","format":"standard","meta":{"_monsterinsights_skip_tracking":false,"_monsterinsights_sitenote_active":false,"_monsterinsights_sitenote_note":"","_monsterinsights_sitenote_category":0,"footnotes":""},"categories":[280,2],"tags":[],"class_list":["post-116590","post","type-post","status-publish","format-standard","has-post-thumbnail","hentry","category-nacionales","category-noticias"],"yoast_head":"<!-- This site is optimized with the Yoast SEO plugin v27.3 - https:\/\/yoast.com\/product\/yoast-seo-wordpress\/ -->\n<title>Sheinbaum confirma que gobierno de Trump impugnar\u00e1 fallo de tribunal de comercio que frena los aranceles -<\/title>\n<meta name=\"robots\" content=\"index, follow, max-snippet:-1, max-image-preview:large, max-video-preview:-1\" \/>\n<link rel=\"canonical\" href=\"https:\/\/quehacerpolitico.mx\/?p=116590\" \/>\n<meta property=\"og:locale\" content=\"es_MX\" \/>\n<meta property=\"og:type\" content=\"article\" \/>\n<meta property=\"og:title\" content=\"Sheinbaum confirma que gobierno de Trump impugnar\u00e1 fallo de tribunal de comercio que frena los aranceles -\" \/>\n<meta property=\"og:description\" content=\"Por Redacci\u00f3n QP La presidenta dijo que todav\u00eda deben analizarse los alcances de la resoluci\u00f3n...\" \/>\n<meta property=\"og:url\" content=\"https:\/\/quehacerpolitico.mx\/?p=116590\" \/>\n<meta property=\"article:published_time\" content=\"2025-05-29T18:32:02+00:00\" \/>\n<meta property=\"article:modified_time\" content=\"2025-05-29T18:32:04+00:00\" \/>\n<meta property=\"og:image\" content=\"https:\/\/quehacerpolitico.mx\/wp-content\/uploads\/2025\/05\/IMG_0319.jpeg\" \/>\n\t<meta property=\"og:image:width\" content=\"1170\" \/>\n\t<meta property=\"og:image:height\" content=\"661\" \/>\n\t<meta property=\"og:image:type\" content=\"image\/jpeg\" \/>\n<meta name=\"author\" content=\"Redacci\u00f3n QP\" \/>\n<meta name=\"twitter:card\" content=\"summary_large_image\" \/>\n<meta name=\"twitter:label1\" content=\"Escrito por\" \/>\n\t<meta name=\"twitter:data1\" content=\"Redacci\u00f3n QP\" \/>\n\t<meta name=\"twitter:label2\" content=\"Tiempo de lectura\" \/>\n\t<meta name=\"twitter:data2\" content=\"2 minutos\" \/>\n<script type=\"application\/ld+json\" class=\"yoast-schema-graph\">{\"@context\":\"https:\\\/\\\/schema.org\",\"@graph\":[{\"@type\":\"Article\",\"@id\":\"https:\\\/\\\/quehacerpolitico.mx\\\/?p=116590#article\",\"isPartOf\":{\"@id\":\"https:\\\/\\\/quehacerpolitico.mx\\\/?p=116590\"},\"author\":{\"name\":\"Redacci\u00f3n QP\",\"@id\":\"https:\\\/\\\/quehacerpolitico.mx\\\/#\\\/schema\\\/person\\\/496d8ad2d1d3f8036101dca7ee39e585\"},\"headline\":\"Sheinbaum confirma que gobierno de Trump impugnar\u00e1 fallo de tribunal de comercio que frena los aranceles\",\"datePublished\":\"2025-05-29T18:32:02+00:00\",\"dateModified\":\"2025-05-29T18:32:04+00:00\",\"mainEntityOfPage\":{\"@id\":\"https:\\\/\\\/quehacerpolitico.mx\\\/?p=116590\"},\"wordCount\":388,\"commentCount\":0,\"image\":{\"@id\":\"https:\\\/\\\/quehacerpolitico.mx\\\/?p=116590#primaryimage\"},\"thumbnailUrl\":\"https:\\\/\\\/quehacerpolitico.mx\\\/wp-content\\\/uploads\\\/2025\\\/05\\\/IMG_0319.jpeg\",\"articleSection\":[\"Nacionales\",\"Noticias\"],\"inLanguage\":\"es\",\"potentialAction\":[{\"@type\":\"CommentAction\",\"name\":\"Comment\",\"target\":[\"https:\\\/\\\/quehacerpolitico.mx\\\/?p=116590#respond\"]}]},{\"@type\":\"WebPage\",\"@id\":\"https:\\\/\\\/quehacerpolitico.mx\\\/?p=116590\",\"url\":\"https:\\\/\\\/quehacerpolitico.mx\\\/?p=116590\",\"name\":\"Sheinbaum confirma que gobierno de Trump impugnar\u00e1 fallo de tribunal de comercio que frena los aranceles -\",\"isPartOf\":{\"@id\":\"https:\\\/\\\/quehacerpolitico.mx\\\/#website\"},\"primaryImageOfPage\":{\"@id\":\"https:\\\/\\\/quehacerpolitico.mx\\\/?p=116590#primaryimage\"},\"image\":{\"@id\":\"https:\\\/\\\/quehacerpolitico.mx\\\/?p=116590#primaryimage\"},\"thumbnailUrl\":\"https:\\\/\\\/quehacerpolitico.mx\\\/wp-content\\\/uploads\\\/2025\\\/05\\\/IMG_0319.jpeg\",\"datePublished\":\"2025-05-29T18:32:02+00:00\",\"dateModified\":\"2025-05-29T18:32:04+00:00\",\"author\":{\"@id\":\"https:\\\/\\\/quehacerpolitico.mx\\\/#\\\/schema\\\/person\\\/496d8ad2d1d3f8036101dca7ee39e585\"},\"breadcrumb\":{\"@id\":\"https:\\\/\\\/quehacerpolitico.mx\\\/?p=116590#breadcrumb\"},\"inLanguage\":\"es\",\"potentialAction\":[{\"@type\":\"ReadAction\",\"target\":[\"https:\\\/\\\/quehacerpolitico.mx\\\/?p=116590\"]}]},{\"@type\":\"ImageObject\",\"inLanguage\":\"es\",\"@id\":\"https:\\\/\\\/quehacerpolitico.mx\\\/?p=116590#primaryimage\",\"url\":\"https:\\\/\\\/quehacerpolitico.mx\\\/wp-content\\\/uploads\\\/2025\\\/05\\\/IMG_0319.jpeg\",\"contentUrl\":\"https:\\\/\\\/quehacerpolitico.mx\\\/wp-content\\\/uploads\\\/2025\\\/05\\\/IMG_0319.jpeg\",\"width\":1170,\"height\":661,\"caption\":\"Screenshot\"},{\"@type\":\"BreadcrumbList\",\"@id\":\"https:\\\/\\\/quehacerpolitico.mx\\\/?p=116590#breadcrumb\",\"itemListElement\":[{\"@type\":\"ListItem\",\"position\":1,\"name\":\"Inicio\",\"item\":\"https:\\\/\\\/quehacerpolitico.mx\\\/\"},{\"@type\":\"ListItem\",\"position\":2,\"name\":\"Sheinbaum confirma que gobierno de Trump impugnar\u00e1 fallo de tribunal de comercio que frena los aranceles\"}]},{\"@type\":\"WebSite\",\"@id\":\"https:\\\/\\\/quehacerpolitico.mx\\\/#website\",\"url\":\"https:\\\/\\\/quehacerpolitico.mx\\\/\",\"name\":\"\",\"description\":\"\",\"potentialAction\":[{\"@type\":\"SearchAction\",\"target\":{\"@type\":\"EntryPoint\",\"urlTemplate\":\"https:\\\/\\\/quehacerpolitico.mx\\\/?s={search_term_string}\"},\"query-input\":{\"@type\":\"PropertyValueSpecification\",\"valueRequired\":true,\"valueName\":\"search_term_string\"}}],\"inLanguage\":\"es\"},{\"@type\":\"Person\",\"@id\":\"https:\\\/\\\/quehacerpolitico.mx\\\/#\\\/schema\\\/person\\\/496d8ad2d1d3f8036101dca7ee39e585\",\"name\":\"Redacci\u00f3n QP\",\"image\":{\"@type\":\"ImageObject\",\"inLanguage\":\"es\",\"@id\":\"https:\\\/\\\/secure.gravatar.com\\\/avatar\\\/c7164ed6fdec453195284ad24a5ae5b6e1eed2b848477fa2a4787ba9adf39a41?s=96&d=mm&r=g\",\"url\":\"https:\\\/\\\/secure.gravatar.com\\\/avatar\\\/c7164ed6fdec453195284ad24a5ae5b6e1eed2b848477fa2a4787ba9adf39a41?s=96&d=mm&r=g\",\"contentUrl\":\"https:\\\/\\\/secure.gravatar.com\\\/avatar\\\/c7164ed6fdec453195284ad24a5ae5b6e1eed2b848477fa2a4787ba9adf39a41?s=96&d=mm&r=g\",\"caption\":\"Redacci\u00f3n QP\"},\"url\":\"https:\\\/\\\/quehacerpolitico.mx\\\/?author=2\"}]}<\/script>\n<!-- \/ Yoast SEO plugin. -->","yoast_head_json":{"title":"Sheinbaum confirma que gobierno de Trump impugnar\u00e1 fallo de tribunal de comercio que frena los aranceles -","robots":{"index":"index","follow":"follow","max-snippet":"max-snippet:-1","max-image-preview":"max-image-preview:large","max-video-preview":"max-video-preview:-1"},"canonical":"https:\/\/quehacerpolitico.mx\/?p=116590","og_locale":"es_MX","og_type":"article","og_title":"Sheinbaum confirma que gobierno de Trump impugnar\u00e1 fallo de tribunal de comercio que frena los aranceles -","og_description":"Por Redacci\u00f3n QP La presidenta dijo que todav\u00eda deben analizarse los alcances de la resoluci\u00f3n...","og_url":"https:\/\/quehacerpolitico.mx\/?p=116590","article_published_time":"2025-05-29T18:32:02+00:00","article_modified_time":"2025-05-29T18:32:04+00:00","og_image":[{"width":1170,"height":661,"url":"https:\/\/quehacerpolitico.mx\/wp-content\/uploads\/2025\/05\/IMG_0319.jpeg","type":"image\/jpeg"}],"author":"Redacci\u00f3n QP","twitter_card":"summary_large_image","twitter_misc":{"Escrito por":"Redacci\u00f3n QP","Tiempo de lectura":"2 minutos"},"schema":{"@context":"https:\/\/schema.org","@graph":[{"@type":"Article","@id":"https:\/\/quehacerpolitico.mx\/?p=116590#article","isPartOf":{"@id":"https:\/\/quehacerpolitico.mx\/?p=116590"},"author":{"name":"Redacci\u00f3n QP","@id":"https:\/\/quehacerpolitico.mx\/#\/schema\/person\/496d8ad2d1d3f8036101dca7ee39e585"},"headline":"Sheinbaum confirma que gobierno de Trump impugnar\u00e1 fallo de tribunal de comercio que frena los aranceles","datePublished":"2025-05-29T18:32:02+00:00","dateModified":"2025-05-29T18:32:04+00:00","mainEntityOfPage":{"@id":"https:\/\/quehacerpolitico.mx\/?p=116590"},"wordCount":388,"commentCount":0,"image":{"@id":"https:\/\/quehacerpolitico.mx\/?p=116590#primaryimage"},"thumbnailUrl":"https:\/\/quehacerpolitico.mx\/wp-content\/uploads\/2025\/05\/IMG_0319.jpeg","articleSection":["Nacionales","Noticias"],"inLanguage":"es","potentialAction":[{"@type":"CommentAction","name":"Comment","target":["https:\/\/quehacerpolitico.mx\/?p=116590#respond"]}]},{"@type":"WebPage","@id":"https:\/\/quehacerpolitico.mx\/?p=116590","url":"https:\/\/quehacerpolitico.mx\/?p=116590","name":"Sheinbaum confirma que gobierno de Trump impugnar\u00e1 fallo de tribunal de comercio que frena los aranceles -","isPartOf":{"@id":"https:\/\/quehacerpolitico.mx\/#website"},"primaryImageOfPage":{"@id":"https:\/\/quehacerpolitico.mx\/?p=116590#primaryimage"},"image":{"@id":"https:\/\/quehacerpolitico.mx\/?p=116590#primaryimage"},"thumbnailUrl":"https:\/\/quehacerpolitico.mx\/wp-content\/uploads\/2025\/05\/IMG_0319.jpeg","datePublished":"2025-05-29T18:32:02+00:00","dateModified":"2025-05-29T18:32:04+00:00","author":{"@id":"https:\/\/quehacerpolitico.mx\/#\/schema\/person\/496d8ad2d1d3f8036101dca7ee39e585"},"breadcrumb":{"@id":"https:\/\/quehacerpolitico.mx\/?p=116590#breadcrumb"},"inLanguage":"es","potentialAction":[{"@type":"ReadAction","target":["https:\/\/quehacerpolitico.mx\/?p=116590"]}]},{"@type":"ImageObject","inLanguage":"es","@id":"https:\/\/quehacerpolitico.mx\/?p=116590#primaryimage","url":"https:\/\/quehacerpolitico.mx\/wp-content\/uploads\/2025\/05\/IMG_0319.jpeg","contentUrl":"https:\/\/quehacerpolitico.mx\/wp-content\/uploads\/2025\/05\/IMG_0319.jpeg","width":1170,"height":661,"caption":"Screenshot"},{"@type":"BreadcrumbList","@id":"https:\/\/quehacerpolitico.mx\/?p=116590#breadcrumb","itemListElement":[{"@type":"ListItem","position":1,"name":"Inicio","item":"https:\/\/quehacerpolitico.mx\/"},{"@type":"ListItem","position":2,"name":"Sheinbaum confirma que gobierno de Trump impugnar\u00e1 fallo de tribunal de comercio que frena los aranceles"}]},{"@type":"WebSite","@id":"https:\/\/quehacerpolitico.mx\/#website","url":"https:\/\/quehacerpolitico.mx\/","name":"","description":"","potentialAction":[{"@type":"SearchAction","target":{"@type":"EntryPoint","urlTemplate":"https:\/\/quehacerpolitico.mx\/?s={search_term_string}"},"query-input":{"@type":"PropertyValueSpecification","valueRequired":true,"valueName":"search_term_string"}}],"inLanguage":"es"},{"@type":"Person","@id":"https:\/\/quehacerpolitico.mx\/#\/schema\/person\/496d8ad2d1d3f8036101dca7ee39e585","name":"Redacci\u00f3n QP","image":{"@type":"ImageObject","inLanguage":"es","@id":"https:\/\/secure.gravatar.com\/avatar\/c7164ed6fdec453195284ad24a5ae5b6e1eed2b848477fa2a4787ba9adf39a41?s=96&d=mm&r=g","url":"https:\/\/secure.gravatar.com\/avatar\/c7164ed6fdec453195284ad24a5ae5b6e1eed2b848477fa2a4787ba9adf39a41?s=96&d=mm&r=g","contentUrl":"https:\/\/secure.gravatar.com\/avatar\/c7164ed6fdec453195284ad24a5ae5b6e1eed2b848477fa2a4787ba9adf39a41?s=96&d=mm&r=g","caption":"Redacci\u00f3n QP"},"url":"https:\/\/quehacerpolitico.mx\/?author=2"}]}},"featured_image_urls":{"full":["https:\/\/quehacerpolitico.mx\/wp-content\/uploads\/2025\/05\/IMG_0319.jpeg",1170,661,false],"thumbnail":["https:\/\/quehacerpolitico.mx\/wp-content\/uploads\/2025\/05\/IMG_0319-150x150.jpeg",150,150,true],"medium":["https:\/\/quehacerpolitico.mx\/wp-content\/uploads\/2025\/05\/IMG_0319-300x169.jpeg",300,169,true],"medium_large":["https:\/\/quehacerpolitico.mx\/wp-content\/uploads\/2025\/05\/IMG_0319-768x434.jpeg",640,362,true],"large":["https:\/\/quehacerpolitico.mx\/wp-content\/uploads\/2025\/05\/IMG_0319-1024x579.jpeg",640,362,true],"1536x1536":["https:\/\/quehacerpolitico.mx\/wp-content\/uploads\/2025\/05\/IMG_0319.jpeg",1170,661,false],"2048x2048":["https:\/\/quehacerpolitico.mx\/wp-content\/uploads\/2025\/05\/IMG_0319.jpeg",1170,661,false],"covernews-featured":["https:\/\/quehacerpolitico.mx\/wp-content\/uploads\/2025\/05\/IMG_0319-1024x579.jpeg",1024,579,true],"covernews-medium":["https:\/\/quehacerpolitico.mx\/wp-content\/uploads\/2025\/05\/IMG_0319-540x340.jpeg",540,340,true]},"author_info":{"display_name":"Redacci\u00f3n QP","author_link":"https:\/\/quehacerpolitico.mx\/?author=2"},"category_info":"<a href=\"https:\/\/quehacerpolitico.mx\/?cat=280\" rel=\"category\">Nacionales<\/a> <a href=\"https:\/\/quehacerpolitico.mx\/?cat=2\" rel=\"category\">Noticias<\/a>","tag_info":"Noticias","comment_count":"0","_links":{"self":[{"href":"https:\/\/quehacerpolitico.mx\/index.php?rest_route=\/wp\/v2\/posts\/116590","targetHints":{"allow":["GET"]}}],"collection":[{"href":"https:\/\/quehacerpolitico.mx\/index.php?rest_route=\/wp\/v2\/posts"}],"about":[{"href":"https:\/\/quehacerpolitico.mx\/index.php?rest_route=\/wp\/v2\/types\/post"}],"author":[{"embeddable":true,"href":"https:\/\/quehacerpolitico.mx\/index.php?rest_route=\/wp\/v2\/users\/2"}],"replies":[{"embeddable":true,"href":"https:\/\/quehacerpolitico.mx\/index.php?rest_route=%2Fwp%2Fv2%2Fcomments&post=116590"}],"version-history":[{"count":1,"href":"https:\/\/quehacerpolitico.mx\/index.php?rest_route=\/wp\/v2\/posts\/116590\/revisions"}],"predecessor-version":[{"id":116592,"href":"https:\/\/quehacerpolitico.mx\/index.php?rest_route=\/wp\/v2\/posts\/116590\/revisions\/116592"}],"wp:featuredmedia":[{"embeddable":true,"href":"https:\/\/quehacerpolitico.mx\/index.php?rest_route=\/wp\/v2\/media\/116591"}],"wp:attachment":[{"href":"https:\/\/quehacerpolitico.mx\/index.php?rest_route=%2Fwp%2Fv2%2Fmedia&parent=116590"}],"wp:term":[{"taxonomy":"category","embeddable":true,"href":"https:\/\/quehacerpolitico.mx\/index.php?rest_route=%2Fwp%2Fv2%2Fcategories&post=116590"},{"taxonomy":"post_tag","embeddable":true,"href":"https:\/\/quehacerpolitico.mx\/index.php?rest_route=%2Fwp%2Fv2%2Ftags&post=116590"}],"curies":[{"name":"wp","href":"https:\/\/api.w.org\/{rel}","templated":true}]}}