{"id":11644,"date":"2018-12-14T05:14:28","date_gmt":"2018-12-14T05:14:28","guid":{"rendered":"http:\/\/quehacerpolitico.mx\/el-senado-quiere-la-belisario-para-julio-scherer-y-carlos-payan-la-familia-scherer-declina\/"},"modified":"2018-12-14T05:14:28","modified_gmt":"2018-12-14T05:14:28","slug":"el-senado-quiere-la-belisario-para-julio-scherer-y-carlos-payan-la-familia-scherer-declina","status":"publish","type":"post","link":"https:\/\/quehacerpolitico.mx\/?p=11644","title":{"rendered":"El Senado quiere la Belisario para Julio Scherer y Carlos Pay\u00e1n; la familia Scherer declina"},"content":{"rendered":"<h1>El Senado quiere la Belisario para Julio Scherer y Carlos Pay\u00e1n; la familia Scherer declina<\/h1>\n<p>Por Redacci\u00f3n QP<\/p>\n<p>El<strong> Senado de la Rep\u00fablica<\/strong>eligi\u00f3 a Julio Scherer Garc\u00eda y <strong>Carlos Pay\u00e1n Velver<\/strong>\u00a0como ganadores de la Medalla Belisario Dom\u00ednguez.<\/p>\n<p>La familia de <strong>Scherer Garc\u00eda<\/strong>, fundador de la revista <em>Proceso,<\/em> declin\u00f3 el <strong>reconocimiento postmortem<\/strong>, inform\u00f3 Sasil de Le\u00f3n Villard, presidenta de la Comisi\u00f3n de la<strong> Medalla Belisario Dom\u00ednguez<\/strong>.<\/p>\n<blockquote>\n<p>Padre de generaciones de periodistas mexicanos cr\u00edticos y alejados del poder, cronista de la vida pol\u00edtica nacional, Scherer marc\u00f3 la segunda mitad del Siglo XX como contrapeso permanente de gobiernos y presidentes.<\/p>\n<\/blockquote>\n<p>En enero del 2015, Julio Scherer muri\u00f3 de un choque s\u00e9ptico. Llevaba poco m\u00e1s de dos a\u00f1os enfermo, principalmente de problemas gastrointestinales.<\/p>\n<p>El 7 de diciembre, un mes antes de su muerte, Scherer public\u00f3 su \u00faltimo texto a prop\u00f3sito del fallecimiento de Vicente Le\u00f1ero.<\/p>\n<blockquote>\n<p>\u201cMi pap\u00e1 lleva a\u00f1os despidi\u00e9ndose. \u2018Cuando sea flor\u2026\u2019, nos previene. Por fortuna, he alcanzado la madurez a su lado. Justo ahora, cuando mi amor por \u00e9l alcanz\u00f3 su plenitud, es el momento: yo tambi\u00e9n quiero honrar a mi padre, que nunca ser\u00e1 flor. Ser\u00e1 \u00e1rbol\u201d, escribi\u00f3 su hija Maria Scherer Ibarra en una semblanza sobre su padre publicada en octubre de 2014 por la revista\u00a0<em>Letras Libres.<\/em><\/p>\n<\/blockquote>\n<p>Scherer Garc\u00eda escribi\u00f3 un total de 22 libros entre 1965 y 2013. El primero fue \u201cSiqueiros: La Piel y la entra\u00f1a\u201d (1965) (FCE 2003); 19 a\u00f1os despu\u00e9s public\u00f3 uno de los m\u00e1s emblem\u00e1ticos \u201cLos Presidentes\u201d (Grijalbo 1986).<\/p>\n<p>El director fundador de\u00a0<em>Proceso<\/em>\u00a0y hasta su muerte, presidente del Consejo de Administraci\u00f3n de CISA, compa\u00f1\u00eda que edita el semanario, ten\u00eda como tem\u00e1tica de sus libros los ex presidentes, la matanza de Tlatelolco en 1968, las c\u00e1rceles y sus m\u00e1s renombrados presos, problemas como el de los secuestros y la delincuencia de menores de edad, entre otros.<\/p>\n","protected":false},"excerpt":{"rendered":"<p>El Senado quiere la Belisario para Julio Scherer y Carlos Pay\u00e1n; la familia Scherer declina<br \/>\nPor Redacci\u00f3n QP<\/p>\n","protected":false},"author":2,"featured_media":11643,"comment_status":"open","ping_status":"open","sticky":false,"template":"","format":"standard","meta":{"_monsterinsights_skip_tracking":false,"_monsterinsights_sitenote_active":false,"_monsterinsights_sitenote_note":"","_monsterinsights_sitenote_category":0,"footnotes":""},"categories":[2],"tags":[],"class_list":["post-11644","post","type-post","status-publish","format-standard","has-post-thumbnail","hentry","category-noticias"],"yoast_head":"<!-- This site is optimized with the Yoast SEO plugin v27.3 - https:\/\/yoast.com\/product\/yoast-seo-wordpress\/ -->\n<title>El Senado quiere la Belisario para Julio Scherer y Carlos Pay\u00e1n; la familia Scherer declina -<\/title>\n<meta name=\"robots\" content=\"index, follow, max-snippet:-1, max-image-preview:large, max-video-preview:-1\" \/>\n<link rel=\"canonical\" href=\"https:\/\/quehacerpolitico.mx\/?p=11644\" \/>\n<meta property=\"og:locale\" content=\"es_MX\" \/>\n<meta property=\"og:type\" content=\"article\" \/>\n<meta property=\"og:title\" content=\"El Senado quiere la Belisario para Julio Scherer y Carlos Pay\u00e1n; la familia Scherer declina -\" \/>\n<meta property=\"og:description\" content=\"El Senado quiere la Belisario para Julio Scherer y Carlos Pay\u00e1n; la familia Scherer declina Por Redacci\u00f3n QP\" \/>\n<meta property=\"og:url\" content=\"https:\/\/quehacerpolitico.mx\/?p=11644\" \/>\n<meta property=\"article:published_time\" content=\"2018-12-14T05:14:28+00:00\" \/>\n<meta name=\"author\" content=\"Redacci\u00f3n QP\" \/>\n<meta name=\"twitter:card\" content=\"summary_large_image\" \/>\n<meta name=\"twitter:label1\" content=\"Escrito por\" \/>\n\t<meta name=\"twitter:data1\" content=\"Redacci\u00f3n QP\" \/>\n\t<meta name=\"twitter:label2\" content=\"Tiempo de lectura\" \/>\n\t<meta name=\"twitter:data2\" content=\"2 minutos\" \/>\n<script type=\"application\/ld+json\" class=\"yoast-schema-graph\">{\"@context\":\"https:\\\/\\\/schema.org\",\"@graph\":[{\"@type\":\"Article\",\"@id\":\"https:\\\/\\\/quehacerpolitico.mx\\\/?p=11644#article\",\"isPartOf\":{\"@id\":\"https:\\\/\\\/quehacerpolitico.mx\\\/?p=11644\"},\"author\":{\"name\":\"Redacci\u00f3n QP\",\"@id\":\"https:\\\/\\\/quehacerpolitico.mx\\\/#\\\/schema\\\/person\\\/496d8ad2d1d3f8036101dca7ee39e585\"},\"headline\":\"El Senado quiere la Belisario para Julio Scherer y Carlos Pay\u00e1n; la familia Scherer declina\",\"datePublished\":\"2018-12-14T05:14:28+00:00\",\"mainEntityOfPage\":{\"@id\":\"https:\\\/\\\/quehacerpolitico.mx\\\/?p=11644\"},\"wordCount\":341,\"commentCount\":0,\"image\":{\"@id\":\"https:\\\/\\\/quehacerpolitico.mx\\\/?p=11644#primaryimage\"},\"thumbnailUrl\":\"\",\"articleSection\":[\"Noticias\"],\"inLanguage\":\"es\",\"potentialAction\":[{\"@type\":\"CommentAction\",\"name\":\"Comment\",\"target\":[\"https:\\\/\\\/quehacerpolitico.mx\\\/?p=11644#respond\"]}]},{\"@type\":\"WebPage\",\"@id\":\"https:\\\/\\\/quehacerpolitico.mx\\\/?p=11644\",\"url\":\"https:\\\/\\\/quehacerpolitico.mx\\\/?p=11644\",\"name\":\"El Senado quiere la Belisario para Julio Scherer y Carlos Pay\u00e1n; la familia Scherer declina -\",\"isPartOf\":{\"@id\":\"https:\\\/\\\/quehacerpolitico.mx\\\/#website\"},\"primaryImageOfPage\":{\"@id\":\"https:\\\/\\\/quehacerpolitico.mx\\\/?p=11644#primaryimage\"},\"image\":{\"@id\":\"https:\\\/\\\/quehacerpolitico.mx\\\/?p=11644#primaryimage\"},\"thumbnailUrl\":\"\",\"datePublished\":\"2018-12-14T05:14:28+00:00\",\"author\":{\"@id\":\"https:\\\/\\\/quehacerpolitico.mx\\\/#\\\/schema\\\/person\\\/496d8ad2d1d3f8036101dca7ee39e585\"},\"breadcrumb\":{\"@id\":\"https:\\\/\\\/quehacerpolitico.mx\\\/?p=11644#breadcrumb\"},\"inLanguage\":\"es\",\"potentialAction\":[{\"@type\":\"ReadAction\",\"target\":[\"https:\\\/\\\/quehacerpolitico.mx\\\/?p=11644\"]}]},{\"@type\":\"ImageObject\",\"inLanguage\":\"es\",\"@id\":\"https:\\\/\\\/quehacerpolitico.mx\\\/?p=11644#primaryimage\",\"url\":\"\",\"contentUrl\":\"\"},{\"@type\":\"BreadcrumbList\",\"@id\":\"https:\\\/\\\/quehacerpolitico.mx\\\/?p=11644#breadcrumb\",\"itemListElement\":[{\"@type\":\"ListItem\",\"position\":1,\"name\":\"Inicio\",\"item\":\"https:\\\/\\\/quehacerpolitico.mx\\\/\"},{\"@type\":\"ListItem\",\"position\":2,\"name\":\"El Senado quiere la Belisario para Julio Scherer y Carlos Pay\u00e1n; la familia Scherer declina\"}]},{\"@type\":\"WebSite\",\"@id\":\"https:\\\/\\\/quehacerpolitico.mx\\\/#website\",\"url\":\"https:\\\/\\\/quehacerpolitico.mx\\\/\",\"name\":\"\",\"description\":\"\",\"potentialAction\":[{\"@type\":\"SearchAction\",\"target\":{\"@type\":\"EntryPoint\",\"urlTemplate\":\"https:\\\/\\\/quehacerpolitico.mx\\\/?s={search_term_string}\"},\"query-input\":{\"@type\":\"PropertyValueSpecification\",\"valueRequired\":true,\"valueName\":\"search_term_string\"}}],\"inLanguage\":\"es\"},{\"@type\":\"Person\",\"@id\":\"https:\\\/\\\/quehacerpolitico.mx\\\/#\\\/schema\\\/person\\\/496d8ad2d1d3f8036101dca7ee39e585\",\"name\":\"Redacci\u00f3n QP\",\"image\":{\"@type\":\"ImageObject\",\"inLanguage\":\"es\",\"@id\":\"https:\\\/\\\/secure.gravatar.com\\\/avatar\\\/c7164ed6fdec453195284ad24a5ae5b6e1eed2b848477fa2a4787ba9adf39a41?s=96&d=mm&r=g\",\"url\":\"https:\\\/\\\/secure.gravatar.com\\\/avatar\\\/c7164ed6fdec453195284ad24a5ae5b6e1eed2b848477fa2a4787ba9adf39a41?s=96&d=mm&r=g\",\"contentUrl\":\"https:\\\/\\\/secure.gravatar.com\\\/avatar\\\/c7164ed6fdec453195284ad24a5ae5b6e1eed2b848477fa2a4787ba9adf39a41?s=96&d=mm&r=g\",\"caption\":\"Redacci\u00f3n QP\"},\"url\":\"https:\\\/\\\/quehacerpolitico.mx\\\/?author=2\"}]}<\/script>\n<!-- \/ Yoast SEO plugin. -->","yoast_head_json":{"title":"El Senado quiere la Belisario para Julio Scherer y Carlos Pay\u00e1n; la familia Scherer declina -","robots":{"index":"index","follow":"follow","max-snippet":"max-snippet:-1","max-image-preview":"max-image-preview:large","max-video-preview":"max-video-preview:-1"},"canonical":"https:\/\/quehacerpolitico.mx\/?p=11644","og_locale":"es_MX","og_type":"article","og_title":"El Senado quiere la Belisario para Julio Scherer y Carlos Pay\u00e1n; la familia Scherer declina -","og_description":"El Senado quiere la Belisario para Julio Scherer y Carlos Pay\u00e1n; la familia Scherer declina Por Redacci\u00f3n QP","og_url":"https:\/\/quehacerpolitico.mx\/?p=11644","article_published_time":"2018-12-14T05:14:28+00:00","author":"Redacci\u00f3n QP","twitter_card":"summary_large_image","twitter_misc":{"Escrito por":"Redacci\u00f3n QP","Tiempo de lectura":"2 minutos"},"schema":{"@context":"https:\/\/schema.org","@graph":[{"@type":"Article","@id":"https:\/\/quehacerpolitico.mx\/?p=11644#article","isPartOf":{"@id":"https:\/\/quehacerpolitico.mx\/?p=11644"},"author":{"name":"Redacci\u00f3n QP","@id":"https:\/\/quehacerpolitico.mx\/#\/schema\/person\/496d8ad2d1d3f8036101dca7ee39e585"},"headline":"El Senado quiere la Belisario para Julio Scherer y Carlos Pay\u00e1n; la familia Scherer declina","datePublished":"2018-12-14T05:14:28+00:00","mainEntityOfPage":{"@id":"https:\/\/quehacerpolitico.mx\/?p=11644"},"wordCount":341,"commentCount":0,"image":{"@id":"https:\/\/quehacerpolitico.mx\/?p=11644#primaryimage"},"thumbnailUrl":"","articleSection":["Noticias"],"inLanguage":"es","potentialAction":[{"@type":"CommentAction","name":"Comment","target":["https:\/\/quehacerpolitico.mx\/?p=11644#respond"]}]},{"@type":"WebPage","@id":"https:\/\/quehacerpolitico.mx\/?p=11644","url":"https:\/\/quehacerpolitico.mx\/?p=11644","name":"El Senado quiere la Belisario para Julio Scherer y Carlos Pay\u00e1n; la familia Scherer declina -","isPartOf":{"@id":"https:\/\/quehacerpolitico.mx\/#website"},"primaryImageOfPage":{"@id":"https:\/\/quehacerpolitico.mx\/?p=11644#primaryimage"},"image":{"@id":"https:\/\/quehacerpolitico.mx\/?p=11644#primaryimage"},"thumbnailUrl":"","datePublished":"2018-12-14T05:14:28+00:00","author":{"@id":"https:\/\/quehacerpolitico.mx\/#\/schema\/person\/496d8ad2d1d3f8036101dca7ee39e585"},"breadcrumb":{"@id":"https:\/\/quehacerpolitico.mx\/?p=11644#breadcrumb"},"inLanguage":"es","potentialAction":[{"@type":"ReadAction","target":["https:\/\/quehacerpolitico.mx\/?p=11644"]}]},{"@type":"ImageObject","inLanguage":"es","@id":"https:\/\/quehacerpolitico.mx\/?p=11644#primaryimage","url":"","contentUrl":""},{"@type":"BreadcrumbList","@id":"https:\/\/quehacerpolitico.mx\/?p=11644#breadcrumb","itemListElement":[{"@type":"ListItem","position":1,"name":"Inicio","item":"https:\/\/quehacerpolitico.mx\/"},{"@type":"ListItem","position":2,"name":"El Senado quiere la Belisario para Julio Scherer y Carlos Pay\u00e1n; la familia Scherer declina"}]},{"@type":"WebSite","@id":"https:\/\/quehacerpolitico.mx\/#website","url":"https:\/\/quehacerpolitico.mx\/","name":"","description":"","potentialAction":[{"@type":"SearchAction","target":{"@type":"EntryPoint","urlTemplate":"https:\/\/quehacerpolitico.mx\/?s={search_term_string}"},"query-input":{"@type":"PropertyValueSpecification","valueRequired":true,"valueName":"search_term_string"}}],"inLanguage":"es"},{"@type":"Person","@id":"https:\/\/quehacerpolitico.mx\/#\/schema\/person\/496d8ad2d1d3f8036101dca7ee39e585","name":"Redacci\u00f3n QP","image":{"@type":"ImageObject","inLanguage":"es","@id":"https:\/\/secure.gravatar.com\/avatar\/c7164ed6fdec453195284ad24a5ae5b6e1eed2b848477fa2a4787ba9adf39a41?s=96&d=mm&r=g","url":"https:\/\/secure.gravatar.com\/avatar\/c7164ed6fdec453195284ad24a5ae5b6e1eed2b848477fa2a4787ba9adf39a41?s=96&d=mm&r=g","contentUrl":"https:\/\/secure.gravatar.com\/avatar\/c7164ed6fdec453195284ad24a5ae5b6e1eed2b848477fa2a4787ba9adf39a41?s=96&d=mm&r=g","caption":"Redacci\u00f3n QP"},"url":"https:\/\/quehacerpolitico.mx\/?author=2"}]}},"featured_image_urls":{"full":"","thumbnail":"","medium":"","medium_large":"","large":"","1536x1536":"","2048x2048":"","covernews-featured":"","covernews-medium":""},"author_info":{"display_name":"Redacci\u00f3n QP","author_link":"https:\/\/quehacerpolitico.mx\/?author=2"},"category_info":"<a href=\"https:\/\/quehacerpolitico.mx\/?cat=2\" rel=\"category\">Noticias<\/a>","tag_info":"Noticias","comment_count":"0","_links":{"self":[{"href":"https:\/\/quehacerpolitico.mx\/index.php?rest_route=\/wp\/v2\/posts\/11644","targetHints":{"allow":["GET"]}}],"collection":[{"href":"https:\/\/quehacerpolitico.mx\/index.php?rest_route=\/wp\/v2\/posts"}],"about":[{"href":"https:\/\/quehacerpolitico.mx\/index.php?rest_route=\/wp\/v2\/types\/post"}],"author":[{"embeddable":true,"href":"https:\/\/quehacerpolitico.mx\/index.php?rest_route=\/wp\/v2\/users\/2"}],"replies":[{"embeddable":true,"href":"https:\/\/quehacerpolitico.mx\/index.php?rest_route=%2Fwp%2Fv2%2Fcomments&post=11644"}],"version-history":[{"count":0,"href":"https:\/\/quehacerpolitico.mx\/index.php?rest_route=\/wp\/v2\/posts\/11644\/revisions"}],"wp:featuredmedia":[{"embeddable":true,"href":"https:\/\/quehacerpolitico.mx\/index.php?rest_route=\/"}],"wp:attachment":[{"href":"https:\/\/quehacerpolitico.mx\/index.php?rest_route=%2Fwp%2Fv2%2Fmedia&parent=11644"}],"wp:term":[{"taxonomy":"category","embeddable":true,"href":"https:\/\/quehacerpolitico.mx\/index.php?rest_route=%2Fwp%2Fv2%2Fcategories&post=11644"},{"taxonomy":"post_tag","embeddable":true,"href":"https:\/\/quehacerpolitico.mx\/index.php?rest_route=%2Fwp%2Fv2%2Ftags&post=11644"}],"curies":[{"name":"wp","href":"https:\/\/api.w.org\/{rel}","templated":true}]}}