{"id":116386,"date":"2025-05-23T11:58:48","date_gmt":"2025-05-23T17:58:48","guid":{"rendered":"https:\/\/quehacerpolitico.mx\/?p=116386"},"modified":"2025-05-23T11:58:51","modified_gmt":"2025-05-23T17:58:51","slug":"sheinbaum-no-se-reunira-con-la-cnte-hay-cosas-que-no-estan-bien","status":"publish","type":"post","link":"https:\/\/quehacerpolitico.mx\/?p=116386","title":{"rendered":"Sheinbaum no se reunir\u00e1 con la CNTE: &#8220;Hay cosas que no est\u00e1n bien&#8221;"},"content":{"rendered":"\n<p>Por Redacci\u00f3n QP<\/p>\n\n\n\n<p>La Presidenta asever\u00f3 que los maestros disidentes no tendr\u00edan que haber golpeado a comunicadores el pasado mi\u00e9rcoles<\/p>\n\n\n\n<p>La Presidenta Claudia Sheinbaum este viernes durante &#8220;La Ma\u00f1anera&#8221;&nbsp;<mark><strong>descart\u00f3 reunirse personalmente hoy en Palacio Nacional con la Coordinadora Nacional de Trabajadores de la Educaci\u00f3n (CNTE)<\/strong><\/mark>.<\/p>\n\n\n\n<p>La Mandataria se\u00f1al\u00f3 que, tanto la secretaria de Gobernaci\u00f3n (Segob),&nbsp;<mark>Rosa Icela Rodr\u00edguez<\/mark>; y el secretario de Educaci\u00f3n,&nbsp;<mark>Mario Delgado<\/mark>,&nbsp;<strong>mantienen abiertos la mesa y el di\u00e1logo con la Coordinadora<\/strong>.<\/p>\n\n\n\n<figure class=\"wp-block-embed is-type-rich is-provider-twitter wp-block-embed-twitter\"><div class=\"wp-block-embed__wrapper\">\n<blockquote class=\"twitter-tweet\" data-width=\"550\" data-dnt=\"true\"><p lang=\"es\" dir=\"ltr\">\u201cYo estoy a favor de la manifestaci\u00f3n pac\u00edfica\u201d, afirm\u00f3 <a href=\"https:\/\/twitter.com\/Claudiashein?ref_src=twsrc%5Etfw\">@Claudiashein<\/a> al descartar reunirse con la <a href=\"https:\/\/twitter.com\/hashtag\/CNTE?src=hash&amp;ref_src=twsrc%5Etfw\">#CNTE<\/a> tras el bloqueo y agresiones a reporteros en Palacio Nacional. Asegur\u00f3 que la mesa de di\u00e1logo sigue abierta con Segob y la SEP. <a href=\"https:\/\/t.co\/y7wvcyGKKf\">pic.twitter.com\/y7wvcyGKKf<\/a><\/p>&mdash; Manuel Lopez San Martin (@MLopezSanMartin) <a href=\"https:\/\/twitter.com\/MLopezSanMartin\/status\/1925944842892296486?ref_src=twsrc%5Etfw\">May 23, 2025<\/a><\/blockquote><script async src=\"https:\/\/platform.twitter.com\/widgets.js\" charset=\"utf-8\"><\/script>\n<\/div><\/figure>\n\n\n\n<p>Reporteros cuestionaron a la Presidenta si descarta la mesa de di\u00e1logo en Palacio Nacional, a lo que respondi\u00f3: &#8220;<strong>Conmigo, s\u00ed<\/strong>&#8220;.<\/p>\n\n\n\n<p>La Mandataria record\u00f3 que&nbsp;<mark><strong>la reuni\u00f3n entre ella y los maestros de la CNTE estaba acordada desde hace varios d\u00edas<\/strong><\/mark>&nbsp;y aprovech\u00f3 el momento para aseverar que&nbsp;<strong>los maestros disidentes no tendr\u00edan que haber golpeado a comunicadores<\/strong>&nbsp;el pasado mi\u00e9rcoles cuando bloquearon todos los accesos de Palacio Nacional.<\/p>\n\n\n\n<p>Tambi\u00e9n se\u00f1alo las afectaciones que han ocasionado a la poblaci\u00f3n de la Ciudad de M\u00e9xico con sus movilizaciones en la capital de la Rep\u00fablica.<\/p>\n\n\n\n<p>&#8220;Esta reuni\u00f3n estaba acordada desde hace d\u00edas. [&#8230;] no tendr\u00edan por qu\u00e9 haber golpeado a reporteros, afectando como afectaron a muchos ciudadanos de la Ciudad con actividades. Nosotros estamos de acuerdo con la libertad de expresi\u00f3n, pero \u00bfpara qu\u00e9 hacen todo eso para reunirse conmigo si ellos ya sab\u00edan que se iban a reunir conmigo el viernes?&nbsp;<strong>Hay cosas que no est\u00e1n bien<\/strong>.<\/p>\n\n\n\n<p>&#8220;<strong>El di\u00e1logo est\u00e1 abierto al nivel m\u00e1s alto porque es la secretaria de Gobernaci\u00f3n, el secretario de Educaci\u00f3n P\u00fablica que los van a recibir<\/strong>, pero en estas condiciones me parece que para qu\u00e9 se re\u00fanen conmigo. Yo conf\u00edo plenamente en los secretarios. Entonces yo estoy a favor de la manifestaci\u00f3n pac\u00edfica y el di\u00e1logo sigue con los secretarios&#8221;, dijo.<\/p>\n\n\n\n<p>Con informaci\u00f3n de SUN<\/p>\n","protected":false},"excerpt":{"rendered":"<p>Por Redacci\u00f3n QP La Presidenta asever\u00f3 que los maestros disidentes no tendr\u00edan que haber golpeado&#8230;<\/p>\n","protected":false},"author":2,"featured_media":116387,"comment_status":"open","ping_status":"open","sticky":false,"template":"","format":"standard","meta":{"_monsterinsights_skip_tracking":false,"_monsterinsights_sitenote_active":false,"_monsterinsights_sitenote_note":"","_monsterinsights_sitenote_category":0,"footnotes":""},"categories":[280,2],"tags":[],"class_list":["post-116386","post","type-post","status-publish","format-standard","has-post-thumbnail","hentry","category-nacionales","category-noticias"],"yoast_head":"<!-- This site is optimized with the Yoast SEO plugin v27.3 - https:\/\/yoast.com\/product\/yoast-seo-wordpress\/ -->\n<title>Sheinbaum no se reunir\u00e1 con la CNTE: &quot;Hay cosas que no est\u00e1n bien&quot; -<\/title>\n<meta name=\"robots\" content=\"index, follow, max-snippet:-1, max-image-preview:large, max-video-preview:-1\" \/>\n<link rel=\"canonical\" href=\"https:\/\/quehacerpolitico.mx\/?p=116386\" \/>\n<meta property=\"og:locale\" content=\"es_MX\" \/>\n<meta property=\"og:type\" content=\"article\" \/>\n<meta property=\"og:title\" content=\"Sheinbaum no se reunir\u00e1 con la CNTE: &quot;Hay cosas que no est\u00e1n bien&quot; -\" \/>\n<meta property=\"og:description\" content=\"Por Redacci\u00f3n QP La Presidenta asever\u00f3 que los maestros disidentes no tendr\u00edan que haber golpeado...\" \/>\n<meta property=\"og:url\" content=\"https:\/\/quehacerpolitico.mx\/?p=116386\" \/>\n<meta property=\"article:published_time\" content=\"2025-05-23T17:58:48+00:00\" \/>\n<meta property=\"article:modified_time\" content=\"2025-05-23T17:58:51+00:00\" \/>\n<meta property=\"og:image\" content=\"https:\/\/quehacerpolitico.mx\/wp-content\/uploads\/2025\/05\/IMG_0156.jpeg\" \/>\n\t<meta property=\"og:image:width\" content=\"1170\" \/>\n\t<meta property=\"og:image:height\" content=\"649\" \/>\n\t<meta property=\"og:image:type\" content=\"image\/jpeg\" \/>\n<meta name=\"author\" content=\"Redacci\u00f3n QP\" \/>\n<meta name=\"twitter:card\" content=\"summary_large_image\" \/>\n<meta name=\"twitter:label1\" content=\"Escrito por\" \/>\n\t<meta name=\"twitter:data1\" content=\"Redacci\u00f3n QP\" \/>\n\t<meta name=\"twitter:label2\" content=\"Tiempo de lectura\" \/>\n\t<meta name=\"twitter:data2\" content=\"2 minutos\" \/>\n<script type=\"application\/ld+json\" class=\"yoast-schema-graph\">{\"@context\":\"https:\\\/\\\/schema.org\",\"@graph\":[{\"@type\":\"Article\",\"@id\":\"https:\\\/\\\/quehacerpolitico.mx\\\/?p=116386#article\",\"isPartOf\":{\"@id\":\"https:\\\/\\\/quehacerpolitico.mx\\\/?p=116386\"},\"author\":{\"name\":\"Redacci\u00f3n QP\",\"@id\":\"https:\\\/\\\/quehacerpolitico.mx\\\/#\\\/schema\\\/person\\\/496d8ad2d1d3f8036101dca7ee39e585\"},\"headline\":\"Sheinbaum no se reunir\u00e1 con la CNTE: &#8220;Hay cosas que no est\u00e1n bien&#8221;\",\"datePublished\":\"2025-05-23T17:58:48+00:00\",\"dateModified\":\"2025-05-23T17:58:51+00:00\",\"mainEntityOfPage\":{\"@id\":\"https:\\\/\\\/quehacerpolitico.mx\\\/?p=116386\"},\"wordCount\":359,\"commentCount\":0,\"image\":{\"@id\":\"https:\\\/\\\/quehacerpolitico.mx\\\/?p=116386#primaryimage\"},\"thumbnailUrl\":\"https:\\\/\\\/quehacerpolitico.mx\\\/wp-content\\\/uploads\\\/2025\\\/05\\\/IMG_0156.jpeg\",\"articleSection\":[\"Nacionales\",\"Noticias\"],\"inLanguage\":\"es\",\"potentialAction\":[{\"@type\":\"CommentAction\",\"name\":\"Comment\",\"target\":[\"https:\\\/\\\/quehacerpolitico.mx\\\/?p=116386#respond\"]}]},{\"@type\":\"WebPage\",\"@id\":\"https:\\\/\\\/quehacerpolitico.mx\\\/?p=116386\",\"url\":\"https:\\\/\\\/quehacerpolitico.mx\\\/?p=116386\",\"name\":\"Sheinbaum no se reunir\u00e1 con la CNTE: \\\"Hay cosas que no est\u00e1n bien\\\" -\",\"isPartOf\":{\"@id\":\"https:\\\/\\\/quehacerpolitico.mx\\\/#website\"},\"primaryImageOfPage\":{\"@id\":\"https:\\\/\\\/quehacerpolitico.mx\\\/?p=116386#primaryimage\"},\"image\":{\"@id\":\"https:\\\/\\\/quehacerpolitico.mx\\\/?p=116386#primaryimage\"},\"thumbnailUrl\":\"https:\\\/\\\/quehacerpolitico.mx\\\/wp-content\\\/uploads\\\/2025\\\/05\\\/IMG_0156.jpeg\",\"datePublished\":\"2025-05-23T17:58:48+00:00\",\"dateModified\":\"2025-05-23T17:58:51+00:00\",\"author\":{\"@id\":\"https:\\\/\\\/quehacerpolitico.mx\\\/#\\\/schema\\\/person\\\/496d8ad2d1d3f8036101dca7ee39e585\"},\"breadcrumb\":{\"@id\":\"https:\\\/\\\/quehacerpolitico.mx\\\/?p=116386#breadcrumb\"},\"inLanguage\":\"es\",\"potentialAction\":[{\"@type\":\"ReadAction\",\"target\":[\"https:\\\/\\\/quehacerpolitico.mx\\\/?p=116386\"]}]},{\"@type\":\"ImageObject\",\"inLanguage\":\"es\",\"@id\":\"https:\\\/\\\/quehacerpolitico.mx\\\/?p=116386#primaryimage\",\"url\":\"https:\\\/\\\/quehacerpolitico.mx\\\/wp-content\\\/uploads\\\/2025\\\/05\\\/IMG_0156.jpeg\",\"contentUrl\":\"https:\\\/\\\/quehacerpolitico.mx\\\/wp-content\\\/uploads\\\/2025\\\/05\\\/IMG_0156.jpeg\",\"width\":1170,\"height\":649,\"caption\":\"Screenshot\"},{\"@type\":\"BreadcrumbList\",\"@id\":\"https:\\\/\\\/quehacerpolitico.mx\\\/?p=116386#breadcrumb\",\"itemListElement\":[{\"@type\":\"ListItem\",\"position\":1,\"name\":\"Inicio\",\"item\":\"https:\\\/\\\/quehacerpolitico.mx\\\/\"},{\"@type\":\"ListItem\",\"position\":2,\"name\":\"Sheinbaum no se reunir\u00e1 con la CNTE: &#8220;Hay cosas que no est\u00e1n bien&#8221;\"}]},{\"@type\":\"WebSite\",\"@id\":\"https:\\\/\\\/quehacerpolitico.mx\\\/#website\",\"url\":\"https:\\\/\\\/quehacerpolitico.mx\\\/\",\"name\":\"\",\"description\":\"\",\"potentialAction\":[{\"@type\":\"SearchAction\",\"target\":{\"@type\":\"EntryPoint\",\"urlTemplate\":\"https:\\\/\\\/quehacerpolitico.mx\\\/?s={search_term_string}\"},\"query-input\":{\"@type\":\"PropertyValueSpecification\",\"valueRequired\":true,\"valueName\":\"search_term_string\"}}],\"inLanguage\":\"es\"},{\"@type\":\"Person\",\"@id\":\"https:\\\/\\\/quehacerpolitico.mx\\\/#\\\/schema\\\/person\\\/496d8ad2d1d3f8036101dca7ee39e585\",\"name\":\"Redacci\u00f3n QP\",\"image\":{\"@type\":\"ImageObject\",\"inLanguage\":\"es\",\"@id\":\"https:\\\/\\\/secure.gravatar.com\\\/avatar\\\/c7164ed6fdec453195284ad24a5ae5b6e1eed2b848477fa2a4787ba9adf39a41?s=96&d=mm&r=g\",\"url\":\"https:\\\/\\\/secure.gravatar.com\\\/avatar\\\/c7164ed6fdec453195284ad24a5ae5b6e1eed2b848477fa2a4787ba9adf39a41?s=96&d=mm&r=g\",\"contentUrl\":\"https:\\\/\\\/secure.gravatar.com\\\/avatar\\\/c7164ed6fdec453195284ad24a5ae5b6e1eed2b848477fa2a4787ba9adf39a41?s=96&d=mm&r=g\",\"caption\":\"Redacci\u00f3n QP\"},\"url\":\"https:\\\/\\\/quehacerpolitico.mx\\\/?author=2\"}]}<\/script>\n<!-- \/ Yoast SEO plugin. -->","yoast_head_json":{"title":"Sheinbaum no se reunir\u00e1 con la CNTE: \"Hay cosas que no est\u00e1n bien\" -","robots":{"index":"index","follow":"follow","max-snippet":"max-snippet:-1","max-image-preview":"max-image-preview:large","max-video-preview":"max-video-preview:-1"},"canonical":"https:\/\/quehacerpolitico.mx\/?p=116386","og_locale":"es_MX","og_type":"article","og_title":"Sheinbaum no se reunir\u00e1 con la CNTE: \"Hay cosas que no est\u00e1n bien\" -","og_description":"Por Redacci\u00f3n QP La Presidenta asever\u00f3 que los maestros disidentes no tendr\u00edan que haber golpeado...","og_url":"https:\/\/quehacerpolitico.mx\/?p=116386","article_published_time":"2025-05-23T17:58:48+00:00","article_modified_time":"2025-05-23T17:58:51+00:00","og_image":[{"width":1170,"height":649,"url":"https:\/\/quehacerpolitico.mx\/wp-content\/uploads\/2025\/05\/IMG_0156.jpeg","type":"image\/jpeg"}],"author":"Redacci\u00f3n QP","twitter_card":"summary_large_image","twitter_misc":{"Escrito por":"Redacci\u00f3n QP","Tiempo de lectura":"2 minutos"},"schema":{"@context":"https:\/\/schema.org","@graph":[{"@type":"Article","@id":"https:\/\/quehacerpolitico.mx\/?p=116386#article","isPartOf":{"@id":"https:\/\/quehacerpolitico.mx\/?p=116386"},"author":{"name":"Redacci\u00f3n QP","@id":"https:\/\/quehacerpolitico.mx\/#\/schema\/person\/496d8ad2d1d3f8036101dca7ee39e585"},"headline":"Sheinbaum no se reunir\u00e1 con la CNTE: &#8220;Hay cosas que no est\u00e1n bien&#8221;","datePublished":"2025-05-23T17:58:48+00:00","dateModified":"2025-05-23T17:58:51+00:00","mainEntityOfPage":{"@id":"https:\/\/quehacerpolitico.mx\/?p=116386"},"wordCount":359,"commentCount":0,"image":{"@id":"https:\/\/quehacerpolitico.mx\/?p=116386#primaryimage"},"thumbnailUrl":"https:\/\/quehacerpolitico.mx\/wp-content\/uploads\/2025\/05\/IMG_0156.jpeg","articleSection":["Nacionales","Noticias"],"inLanguage":"es","potentialAction":[{"@type":"CommentAction","name":"Comment","target":["https:\/\/quehacerpolitico.mx\/?p=116386#respond"]}]},{"@type":"WebPage","@id":"https:\/\/quehacerpolitico.mx\/?p=116386","url":"https:\/\/quehacerpolitico.mx\/?p=116386","name":"Sheinbaum no se reunir\u00e1 con la CNTE: \"Hay cosas que no est\u00e1n bien\" -","isPartOf":{"@id":"https:\/\/quehacerpolitico.mx\/#website"},"primaryImageOfPage":{"@id":"https:\/\/quehacerpolitico.mx\/?p=116386#primaryimage"},"image":{"@id":"https:\/\/quehacerpolitico.mx\/?p=116386#primaryimage"},"thumbnailUrl":"https:\/\/quehacerpolitico.mx\/wp-content\/uploads\/2025\/05\/IMG_0156.jpeg","datePublished":"2025-05-23T17:58:48+00:00","dateModified":"2025-05-23T17:58:51+00:00","author":{"@id":"https:\/\/quehacerpolitico.mx\/#\/schema\/person\/496d8ad2d1d3f8036101dca7ee39e585"},"breadcrumb":{"@id":"https:\/\/quehacerpolitico.mx\/?p=116386#breadcrumb"},"inLanguage":"es","potentialAction":[{"@type":"ReadAction","target":["https:\/\/quehacerpolitico.mx\/?p=116386"]}]},{"@type":"ImageObject","inLanguage":"es","@id":"https:\/\/quehacerpolitico.mx\/?p=116386#primaryimage","url":"https:\/\/quehacerpolitico.mx\/wp-content\/uploads\/2025\/05\/IMG_0156.jpeg","contentUrl":"https:\/\/quehacerpolitico.mx\/wp-content\/uploads\/2025\/05\/IMG_0156.jpeg","width":1170,"height":649,"caption":"Screenshot"},{"@type":"BreadcrumbList","@id":"https:\/\/quehacerpolitico.mx\/?p=116386#breadcrumb","itemListElement":[{"@type":"ListItem","position":1,"name":"Inicio","item":"https:\/\/quehacerpolitico.mx\/"},{"@type":"ListItem","position":2,"name":"Sheinbaum no se reunir\u00e1 con la CNTE: &#8220;Hay cosas que no est\u00e1n bien&#8221;"}]},{"@type":"WebSite","@id":"https:\/\/quehacerpolitico.mx\/#website","url":"https:\/\/quehacerpolitico.mx\/","name":"","description":"","potentialAction":[{"@type":"SearchAction","target":{"@type":"EntryPoint","urlTemplate":"https:\/\/quehacerpolitico.mx\/?s={search_term_string}"},"query-input":{"@type":"PropertyValueSpecification","valueRequired":true,"valueName":"search_term_string"}}],"inLanguage":"es"},{"@type":"Person","@id":"https:\/\/quehacerpolitico.mx\/#\/schema\/person\/496d8ad2d1d3f8036101dca7ee39e585","name":"Redacci\u00f3n QP","image":{"@type":"ImageObject","inLanguage":"es","@id":"https:\/\/secure.gravatar.com\/avatar\/c7164ed6fdec453195284ad24a5ae5b6e1eed2b848477fa2a4787ba9adf39a41?s=96&d=mm&r=g","url":"https:\/\/secure.gravatar.com\/avatar\/c7164ed6fdec453195284ad24a5ae5b6e1eed2b848477fa2a4787ba9adf39a41?s=96&d=mm&r=g","contentUrl":"https:\/\/secure.gravatar.com\/avatar\/c7164ed6fdec453195284ad24a5ae5b6e1eed2b848477fa2a4787ba9adf39a41?s=96&d=mm&r=g","caption":"Redacci\u00f3n QP"},"url":"https:\/\/quehacerpolitico.mx\/?author=2"}]}},"featured_image_urls":{"full":["https:\/\/quehacerpolitico.mx\/wp-content\/uploads\/2025\/05\/IMG_0156.jpeg",1170,649,false],"thumbnail":["https:\/\/quehacerpolitico.mx\/wp-content\/uploads\/2025\/05\/IMG_0156-150x150.jpeg",150,150,true],"medium":["https:\/\/quehacerpolitico.mx\/wp-content\/uploads\/2025\/05\/IMG_0156-300x166.jpeg",300,166,true],"medium_large":["https:\/\/quehacerpolitico.mx\/wp-content\/uploads\/2025\/05\/IMG_0156-768x426.jpeg",640,355,true],"large":["https:\/\/quehacerpolitico.mx\/wp-content\/uploads\/2025\/05\/IMG_0156-1024x568.jpeg",640,355,true],"1536x1536":["https:\/\/quehacerpolitico.mx\/wp-content\/uploads\/2025\/05\/IMG_0156.jpeg",1170,649,false],"2048x2048":["https:\/\/quehacerpolitico.mx\/wp-content\/uploads\/2025\/05\/IMG_0156.jpeg",1170,649,false],"covernews-featured":["https:\/\/quehacerpolitico.mx\/wp-content\/uploads\/2025\/05\/IMG_0156-1024x568.jpeg",1024,568,true],"covernews-medium":["https:\/\/quehacerpolitico.mx\/wp-content\/uploads\/2025\/05\/IMG_0156-540x340.jpeg",540,340,true]},"author_info":{"display_name":"Redacci\u00f3n QP","author_link":"https:\/\/quehacerpolitico.mx\/?author=2"},"category_info":"<a href=\"https:\/\/quehacerpolitico.mx\/?cat=280\" rel=\"category\">Nacionales<\/a> <a href=\"https:\/\/quehacerpolitico.mx\/?cat=2\" rel=\"category\">Noticias<\/a>","tag_info":"Noticias","comment_count":"0","_links":{"self":[{"href":"https:\/\/quehacerpolitico.mx\/index.php?rest_route=\/wp\/v2\/posts\/116386","targetHints":{"allow":["GET"]}}],"collection":[{"href":"https:\/\/quehacerpolitico.mx\/index.php?rest_route=\/wp\/v2\/posts"}],"about":[{"href":"https:\/\/quehacerpolitico.mx\/index.php?rest_route=\/wp\/v2\/types\/post"}],"author":[{"embeddable":true,"href":"https:\/\/quehacerpolitico.mx\/index.php?rest_route=\/wp\/v2\/users\/2"}],"replies":[{"embeddable":true,"href":"https:\/\/quehacerpolitico.mx\/index.php?rest_route=%2Fwp%2Fv2%2Fcomments&post=116386"}],"version-history":[{"count":2,"href":"https:\/\/quehacerpolitico.mx\/index.php?rest_route=\/wp\/v2\/posts\/116386\/revisions"}],"predecessor-version":[{"id":116389,"href":"https:\/\/quehacerpolitico.mx\/index.php?rest_route=\/wp\/v2\/posts\/116386\/revisions\/116389"}],"wp:featuredmedia":[{"embeddable":true,"href":"https:\/\/quehacerpolitico.mx\/index.php?rest_route=\/wp\/v2\/media\/116387"}],"wp:attachment":[{"href":"https:\/\/quehacerpolitico.mx\/index.php?rest_route=%2Fwp%2Fv2%2Fmedia&parent=116386"}],"wp:term":[{"taxonomy":"category","embeddable":true,"href":"https:\/\/quehacerpolitico.mx\/index.php?rest_route=%2Fwp%2Fv2%2Fcategories&post=116386"},{"taxonomy":"post_tag","embeddable":true,"href":"https:\/\/quehacerpolitico.mx\/index.php?rest_route=%2Fwp%2Fv2%2Ftags&post=116386"}],"curies":[{"name":"wp","href":"https:\/\/api.w.org\/{rel}","templated":true}]}}